{"id":19882,"date":"2026-01-15T09:16:51","date_gmt":"2026-01-15T12:16:51","guid":{"rendered":"https:\/\/fmpatagoniamadryn.com.ar\/?p=19882"},"modified":"2026-01-15T09:16:51","modified_gmt":"2026-01-15T12:16:51","slug":"preocupacion-por-el-uso-de-pirotecnia-sonora-una-madre-relato-el-impacto-en-su-hija-con-epilepsia","status":"publish","type":"post","link":"https:\/\/fmpatagoniamadryn.com.ar\/?p=19882","title":{"rendered":"Preocupaci\u00f3n por el uso de pirotecnia sonora: una madre relat\u00f3 el impacto en su hija con epilepsia"},"content":{"rendered":"\n<p class=\"p1\"><\/p>\n\n\n\n<p class=\"p3\">Una vecina de la ciudad manifest\u00f3 su preocupaci\u00f3n y angustia tras un episodio de pirotecnia sonora registrado recientemente, que afect\u00f3 gravemente la salud de su hija de siete a\u00f1os, quien padece epilepsia e hipertensi\u00f3n endocraneal.<\/p>\n\n\n\n<p class=\"p3\">La mujer explic\u00f3 que la utilizaci\u00f3n de pirotecnia se dio de manera sorpresiva y sin aviso previo, en un horario en el que los ni\u00f1os se encontraban descansando, lo que gener\u00f3 una situaci\u00f3n cr\u00edtica que deriv\u00f3 en una crisis y la necesidad de recurrir a un centro de salud para su estabilizaci\u00f3n&nbsp; .<\/p>\n\n\n\n<p class=\"p3\">Se\u00f1al\u00f3 que, en fechas como Navidad o A\u00f1o Nuevo, las familias que conviven con este tipo de patolog\u00edas suelen anticiparse y prepararse con distintos elementos de protecci\u00f3n, como mantas de peso y supresores de sonido. Sin embargo, remarc\u00f3 que en esta ocasi\u00f3n no hubo ninguna comunicaci\u00f3n previa que permitiera evitar el episodio.<\/p>\n\n\n\n<p class=\"p3\">Seg\u00fan relat\u00f3, posteriormente se les inform\u00f3 que la pirotecnia habr\u00eda sido utilizada en el marco del aniversario de un club, lanz\u00e1ndose desde distintos puntos de la ciudad, lo que provoc\u00f3 que el ruido se percibiera de manera envolvente. En ese sentido, cuestion\u00f3 que las ordenanzas vigentes se encuentren desactualizadas y no regulen de manera adecuada la pirotecnia sonora.<\/p>\n\n\n\n<p class=\"p3\">Durante su testimonio, tambi\u00e9n advirti\u00f3 sobre otros ruidos que generan consecuencias negativas en personas con hipersensibilidad auditiva, como m\u00fasica a alto volumen en espacios p\u00fablicos, parlantes en la playa y escapes libres de motocicletas, y reclam\u00f3 mayores controles y fiscalizaci\u00f3n.<\/p>\n\n\n\n<p class=\"p3\">Finalmente, la vecina hizo un llamado a la empat\u00eda y a la responsabilidad social, remarcando que \u201cel festejo y el disfrute de algunas personas no puede ser el sufrimiento de otras\u201d, y subray\u00f3 el impacto f\u00edsico y emocional que estos episodios provocan en ni\u00f1os que luego tardan varios d\u00edas en recuperarse<\/p>\n","protected":false},"excerpt":{"rendered":"<p>Una vecina de la ciudad manifest\u00f3 su preocupaci\u00f3n y angustia tras un episodio de pirotecnia sonora registrado recientemente, que afect\u00f3 gravemente la salud de su hija de siete a\u00f1os, quien&hellip; <\/p>\n","protected":false},"author":2,"featured_media":19881,"comment_status":"closed","ping_status":"closed","sticky":false,"template":"","format":"standard","meta":{"footnotes":""},"categories":[15],"tags":[],"class_list":["post-19882","post","type-post","status-publish","format-standard","has-post-thumbnail","hentry","category-locales"],"yoast_head":"<!-- This site is optimized with the Yoast SEO plugin v27.4 - https:\/\/yoast.com\/product\/yoast-seo-wordpress\/ -->\n<title>Preocupaci\u00f3n por el uso de pirotecnia sonora: una madre relat\u00f3 el impacto en su hija con epilepsia - FM Patagonia Madryn<\/title>\n<meta name=\"robots\" content=\"index, follow, max-snippet:-1, max-image-preview:large, max-video-preview:-1\" \/>\n<link rel=\"canonical\" href=\"https:\/\/fmpatagoniamadryn.com.ar\/?p=19882\" \/>\n<meta property=\"og:locale\" content=\"es_ES\" \/>\n<meta property=\"og:type\" content=\"article\" \/>\n<meta property=\"og:title\" content=\"Preocupaci\u00f3n por el uso de pirotecnia sonora: una madre relat\u00f3 el impacto en su hija con epilepsia - FM Patagonia Madryn\" \/>\n<meta property=\"og:description\" content=\"Una vecina de la ciudad manifest\u00f3 su preocupaci\u00f3n y angustia tras un episodio de pirotecnia sonora registrado recientemente, que afect\u00f3 gravemente la salud de su hija de siete a\u00f1os, quien&hellip;\" \/>\n<meta property=\"og:url\" content=\"https:\/\/fmpatagoniamadryn.com.ar\/?p=19882\" \/>\n<meta property=\"og:site_name\" content=\"FM Patagonia Madryn\" \/>\n<meta property=\"article:published_time\" content=\"2026-01-15T12:16:51+00:00\" \/>\n<meta property=\"og:image\" content=\"https:\/\/fmpatagoniamadryn.com.ar\/wp-content\/uploads\/2026\/01\/img_7266.jpg\" \/>\n\t<meta property=\"og:image:width\" content=\"679\" \/>\n\t<meta property=\"og:image:height\" content=\"452\" \/>\n\t<meta property=\"og:image:type\" content=\"image\/jpeg\" \/>\n<meta name=\"author\" content=\"FM Patagonia\" \/>\n<meta name=\"twitter:card\" content=\"summary_large_image\" \/>\n<meta name=\"twitter:label1\" content=\"Escrito por\" \/>\n\t<meta name=\"twitter:data1\" content=\"FM Patagonia\" \/>\n\t<meta name=\"twitter:label2\" content=\"Tiempo de lectura\" \/>\n\t<meta name=\"twitter:data2\" content=\"2 minutos\" \/>\n<script type=\"application\/ld+json\" class=\"yoast-schema-graph\">{\"@context\":\"https:\\\/\\\/schema.org\",\"@graph\":[{\"@type\":\"Article\",\"@id\":\"https:\\\/\\\/fmpatagoniamadryn.com.ar\\\/?p=19882#article\",\"isPartOf\":{\"@id\":\"https:\\\/\\\/fmpatagoniamadryn.com.ar\\\/?p=19882\"},\"author\":{\"name\":\"FM Patagonia\",\"@id\":\"https:\\\/\\\/fmpatagoniamadryn.com.ar\\\/#\\\/schema\\\/person\\\/8a3de4ad7efceacab06c1641c50303b7\"},\"headline\":\"Preocupaci\u00f3n por el uso de pirotecnia sonora: una madre relat\u00f3 el impacto en su hija con epilepsia\",\"datePublished\":\"2026-01-15T12:16:51+00:00\",\"mainEntityOfPage\":{\"@id\":\"https:\\\/\\\/fmpatagoniamadryn.com.ar\\\/?p=19882\"},\"wordCount\":332,\"publisher\":{\"@id\":\"https:\\\/\\\/fmpatagoniamadryn.com.ar\\\/#organization\"},\"image\":{\"@id\":\"https:\\\/\\\/fmpatagoniamadryn.com.ar\\\/?p=19882#primaryimage\"},\"thumbnailUrl\":\"https:\\\/\\\/fmpatagoniamadryn.com.ar\\\/wp-content\\\/uploads\\\/2026\\\/01\\\/img_7266.jpg\",\"articleSection\":[\"Locales\"],\"inLanguage\":\"es\"},{\"@type\":\"WebPage\",\"@id\":\"https:\\\/\\\/fmpatagoniamadryn.com.ar\\\/?p=19882\",\"url\":\"https:\\\/\\\/fmpatagoniamadryn.com.ar\\\/?p=19882\",\"name\":\"Preocupaci\u00f3n por el uso de pirotecnia sonora: una madre relat\u00f3 el impacto en su hija con epilepsia - FM Patagonia Madryn\",\"isPartOf\":{\"@id\":\"https:\\\/\\\/fmpatagoniamadryn.com.ar\\\/#website\"},\"primaryImageOfPage\":{\"@id\":\"https:\\\/\\\/fmpatagoniamadryn.com.ar\\\/?p=19882#primaryimage\"},\"image\":{\"@id\":\"https:\\\/\\\/fmpatagoniamadryn.com.ar\\\/?p=19882#primaryimage\"},\"thumbnailUrl\":\"https:\\\/\\\/fmpatagoniamadryn.com.ar\\\/wp-content\\\/uploads\\\/2026\\\/01\\\/img_7266.jpg\",\"datePublished\":\"2026-01-15T12:16:51+00:00\",\"breadcrumb\":{\"@id\":\"https:\\\/\\\/fmpatagoniamadryn.com.ar\\\/?p=19882#breadcrumb\"},\"inLanguage\":\"es\",\"potentialAction\":[{\"@type\":\"ReadAction\",\"target\":[\"https:\\\/\\\/fmpatagoniamadryn.com.ar\\\/?p=19882\"]}]},{\"@type\":\"ImageObject\",\"inLanguage\":\"es\",\"@id\":\"https:\\\/\\\/fmpatagoniamadryn.com.ar\\\/?p=19882#primaryimage\",\"url\":\"https:\\\/\\\/fmpatagoniamadryn.com.ar\\\/wp-content\\\/uploads\\\/2026\\\/01\\\/img_7266.jpg\",\"contentUrl\":\"https:\\\/\\\/fmpatagoniamadryn.com.ar\\\/wp-content\\\/uploads\\\/2026\\\/01\\\/img_7266.jpg\",\"width\":679,\"height\":452},{\"@type\":\"BreadcrumbList\",\"@id\":\"https:\\\/\\\/fmpatagoniamadryn.com.ar\\\/?p=19882#breadcrumb\",\"itemListElement\":[{\"@type\":\"ListItem\",\"position\":1,\"name\":\"Portada\",\"item\":\"https:\\\/\\\/fmpatagoniamadryn.com.ar\\\/\"},{\"@type\":\"ListItem\",\"position\":2,\"name\":\"Preocupaci\u00f3n por el uso de pirotecnia sonora: una madre relat\u00f3 el impacto en su hija con epilepsia\"}]},{\"@type\":\"WebSite\",\"@id\":\"https:\\\/\\\/fmpatagoniamadryn.com.ar\\\/#website\",\"url\":\"https:\\\/\\\/fmpatagoniamadryn.com.ar\\\/\",\"name\":\"FM Patagonia Madryn\",\"description\":\"Radio Patagonia 105.5\",\"publisher\":{\"@id\":\"https:\\\/\\\/fmpatagoniamadryn.com.ar\\\/#organization\"},\"potentialAction\":[{\"@type\":\"SearchAction\",\"target\":{\"@type\":\"EntryPoint\",\"urlTemplate\":\"https:\\\/\\\/fmpatagoniamadryn.com.ar\\\/?s={search_term_string}\"},\"query-input\":{\"@type\":\"PropertyValueSpecification\",\"valueRequired\":true,\"valueName\":\"search_term_string\"}}],\"inLanguage\":\"es\"},{\"@type\":\"Organization\",\"@id\":\"https:\\\/\\\/fmpatagoniamadryn.com.ar\\\/#organization\",\"name\":\"FM Patagonia Madryn\",\"url\":\"https:\\\/\\\/fmpatagoniamadryn.com.ar\\\/\",\"logo\":{\"@type\":\"ImageObject\",\"inLanguage\":\"es\",\"@id\":\"https:\\\/\\\/fmpatagoniamadryn.com.ar\\\/#\\\/schema\\\/logo\\\/image\\\/\",\"url\":\"https:\\\/\\\/fmpatagoniamadryn.com.ar\\\/wp-content\\\/uploads\\\/2023\\\/01\\\/cropped-Diseno-sin-titulo.png\",\"contentUrl\":\"https:\\\/\\\/fmpatagoniamadryn.com.ar\\\/wp-content\\\/uploads\\\/2023\\\/01\\\/cropped-Diseno-sin-titulo.png\",\"width\":6911,\"height\":2657,\"caption\":\"FM Patagonia Madryn\"},\"image\":{\"@id\":\"https:\\\/\\\/fmpatagoniamadryn.com.ar\\\/#\\\/schema\\\/logo\\\/image\\\/\"}},{\"@type\":\"Person\",\"@id\":\"https:\\\/\\\/fmpatagoniamadryn.com.ar\\\/#\\\/schema\\\/person\\\/8a3de4ad7efceacab06c1641c50303b7\",\"name\":\"FM Patagonia\",\"url\":\"https:\\\/\\\/fmpatagoniamadryn.com.ar\\\/?author=2\"}]}<\/script>\n<!-- \/ Yoast SEO plugin. -->","yoast_head_json":{"title":"Preocupaci\u00f3n por el uso de pirotecnia sonora: una madre relat\u00f3 el impacto en su hija con epilepsia - FM Patagonia Madryn","robots":{"index":"index","follow":"follow","max-snippet":"max-snippet:-1","max-image-preview":"max-image-preview:large","max-video-preview":"max-video-preview:-1"},"canonical":"https:\/\/fmpatagoniamadryn.com.ar\/?p=19882","og_locale":"es_ES","og_type":"article","og_title":"Preocupaci\u00f3n por el uso de pirotecnia sonora: una madre relat\u00f3 el impacto en su hija con epilepsia - FM Patagonia Madryn","og_description":"Una vecina de la ciudad manifest\u00f3 su preocupaci\u00f3n y angustia tras un episodio de pirotecnia sonora registrado recientemente, que afect\u00f3 gravemente la salud de su hija de siete a\u00f1os, quien&hellip;","og_url":"https:\/\/fmpatagoniamadryn.com.ar\/?p=19882","og_site_name":"FM Patagonia Madryn","article_published_time":"2026-01-15T12:16:51+00:00","og_image":[{"width":679,"height":452,"url":"https:\/\/fmpatagoniamadryn.com.ar\/wp-content\/uploads\/2026\/01\/img_7266.jpg","type":"image\/jpeg"}],"author":"FM Patagonia","twitter_card":"summary_large_image","twitter_misc":{"Escrito por":"FM Patagonia","Tiempo de lectura":"2 minutos"},"schema":{"@context":"https:\/\/schema.org","@graph":[{"@type":"Article","@id":"https:\/\/fmpatagoniamadryn.com.ar\/?p=19882#article","isPartOf":{"@id":"https:\/\/fmpatagoniamadryn.com.ar\/?p=19882"},"author":{"name":"FM Patagonia","@id":"https:\/\/fmpatagoniamadryn.com.ar\/#\/schema\/person\/8a3de4ad7efceacab06c1641c50303b7"},"headline":"Preocupaci\u00f3n por el uso de pirotecnia sonora: una madre relat\u00f3 el impacto en su hija con epilepsia","datePublished":"2026-01-15T12:16:51+00:00","mainEntityOfPage":{"@id":"https:\/\/fmpatagoniamadryn.com.ar\/?p=19882"},"wordCount":332,"publisher":{"@id":"https:\/\/fmpatagoniamadryn.com.ar\/#organization"},"image":{"@id":"https:\/\/fmpatagoniamadryn.com.ar\/?p=19882#primaryimage"},"thumbnailUrl":"https:\/\/fmpatagoniamadryn.com.ar\/wp-content\/uploads\/2026\/01\/img_7266.jpg","articleSection":["Locales"],"inLanguage":"es"},{"@type":"WebPage","@id":"https:\/\/fmpatagoniamadryn.com.ar\/?p=19882","url":"https:\/\/fmpatagoniamadryn.com.ar\/?p=19882","name":"Preocupaci\u00f3n por el uso de pirotecnia sonora: una madre relat\u00f3 el impacto en su hija con epilepsia - FM Patagonia Madryn","isPartOf":{"@id":"https:\/\/fmpatagoniamadryn.com.ar\/#website"},"primaryImageOfPage":{"@id":"https:\/\/fmpatagoniamadryn.com.ar\/?p=19882#primaryimage"},"image":{"@id":"https:\/\/fmpatagoniamadryn.com.ar\/?p=19882#primaryimage"},"thumbnailUrl":"https:\/\/fmpatagoniamadryn.com.ar\/wp-content\/uploads\/2026\/01\/img_7266.jpg","datePublished":"2026-01-15T12:16:51+00:00","breadcrumb":{"@id":"https:\/\/fmpatagoniamadryn.com.ar\/?p=19882#breadcrumb"},"inLanguage":"es","potentialAction":[{"@type":"ReadAction","target":["https:\/\/fmpatagoniamadryn.com.ar\/?p=19882"]}]},{"@type":"ImageObject","inLanguage":"es","@id":"https:\/\/fmpatagoniamadryn.com.ar\/?p=19882#primaryimage","url":"https:\/\/fmpatagoniamadryn.com.ar\/wp-content\/uploads\/2026\/01\/img_7266.jpg","contentUrl":"https:\/\/fmpatagoniamadryn.com.ar\/wp-content\/uploads\/2026\/01\/img_7266.jpg","width":679,"height":452},{"@type":"BreadcrumbList","@id":"https:\/\/fmpatagoniamadryn.com.ar\/?p=19882#breadcrumb","itemListElement":[{"@type":"ListItem","position":1,"name":"Portada","item":"https:\/\/fmpatagoniamadryn.com.ar\/"},{"@type":"ListItem","position":2,"name":"Preocupaci\u00f3n por el uso de pirotecnia sonora: una madre relat\u00f3 el impacto en su hija con epilepsia"}]},{"@type":"WebSite","@id":"https:\/\/fmpatagoniamadryn.com.ar\/#website","url":"https:\/\/fmpatagoniamadryn.com.ar\/","name":"FM Patagonia Madryn","description":"Radio Patagonia 105.5","publisher":{"@id":"https:\/\/fmpatagoniamadryn.com.ar\/#organization"},"potentialAction":[{"@type":"SearchAction","target":{"@type":"EntryPoint","urlTemplate":"https:\/\/fmpatagoniamadryn.com.ar\/?s={search_term_string}"},"query-input":{"@type":"PropertyValueSpecification","valueRequired":true,"valueName":"search_term_string"}}],"inLanguage":"es"},{"@type":"Organization","@id":"https:\/\/fmpatagoniamadryn.com.ar\/#organization","name":"FM Patagonia Madryn","url":"https:\/\/fmpatagoniamadryn.com.ar\/","logo":{"@type":"ImageObject","inLanguage":"es","@id":"https:\/\/fmpatagoniamadryn.com.ar\/#\/schema\/logo\/image\/","url":"https:\/\/fmpatagoniamadryn.com.ar\/wp-content\/uploads\/2023\/01\/cropped-Diseno-sin-titulo.png","contentUrl":"https:\/\/fmpatagoniamadryn.com.ar\/wp-content\/uploads\/2023\/01\/cropped-Diseno-sin-titulo.png","width":6911,"height":2657,"caption":"FM Patagonia Madryn"},"image":{"@id":"https:\/\/fmpatagoniamadryn.com.ar\/#\/schema\/logo\/image\/"}},{"@type":"Person","@id":"https:\/\/fmpatagoniamadryn.com.ar\/#\/schema\/person\/8a3de4ad7efceacab06c1641c50303b7","name":"FM Patagonia","url":"https:\/\/fmpatagoniamadryn.com.ar\/?author=2"}]}},"jetpack_featured_media_url":"https:\/\/fmpatagoniamadryn.com.ar\/wp-content\/uploads\/2026\/01\/img_7266.jpg","_links":{"self":[{"href":"https:\/\/fmpatagoniamadryn.com.ar\/index.php?rest_route=\/wp\/v2\/posts\/19882","targetHints":{"allow":["GET"]}}],"collection":[{"href":"https:\/\/fmpatagoniamadryn.com.ar\/index.php?rest_route=\/wp\/v2\/posts"}],"about":[{"href":"https:\/\/fmpatagoniamadryn.com.ar\/index.php?rest_route=\/wp\/v2\/types\/post"}],"author":[{"embeddable":true,"href":"https:\/\/fmpatagoniamadryn.com.ar\/index.php?rest_route=\/wp\/v2\/users\/2"}],"replies":[{"embeddable":true,"href":"https:\/\/fmpatagoniamadryn.com.ar\/index.php?rest_route=%2Fwp%2Fv2%2Fcomments&post=19882"}],"version-history":[{"count":1,"href":"https:\/\/fmpatagoniamadryn.com.ar\/index.php?rest_route=\/wp\/v2\/posts\/19882\/revisions"}],"predecessor-version":[{"id":19883,"href":"https:\/\/fmpatagoniamadryn.com.ar\/index.php?rest_route=\/wp\/v2\/posts\/19882\/revisions\/19883"}],"wp:featuredmedia":[{"embeddable":true,"href":"https:\/\/fmpatagoniamadryn.com.ar\/index.php?rest_route=\/wp\/v2\/media\/19881"}],"wp:attachment":[{"href":"https:\/\/fmpatagoniamadryn.com.ar\/index.php?rest_route=%2Fwp%2Fv2%2Fmedia&parent=19882"}],"wp:term":[{"taxonomy":"category","embeddable":true,"href":"https:\/\/fmpatagoniamadryn.com.ar\/index.php?rest_route=%2Fwp%2Fv2%2Fcategories&post=19882"},{"taxonomy":"post_tag","embeddable":true,"href":"https:\/\/fmpatagoniamadryn.com.ar\/index.php?rest_route=%2Fwp%2Fv2%2Ftags&post=19882"}],"curies":[{"name":"wp","href":"https:\/\/api.w.org\/{rel}","templated":true}]}}