{"id":19888,"date":"2026-01-16T08:54:17","date_gmt":"2026-01-16T11:54:17","guid":{"rendered":"https:\/\/fmpatagoniamadryn.com.ar\/?p=19888"},"modified":"2026-01-16T08:54:17","modified_gmt":"2026-01-16T11:54:17","slug":"a-diez-anos-de-la-detencion-de-milagro-sala-reiteran-el-pedido-por-su-libertad","status":"publish","type":"post","link":"https:\/\/fmpatagoniamadryn.com.ar\/?p=19888","title":{"rendered":"A diez a\u00f1os de la detenci\u00f3n de Milagro Sala, reiteran el pedido por su libertad"},"content":{"rendered":"\n<p class=\"p1\"><\/p>\n\n\n\n<p class=\"p3\">Al cumplirse diez a\u00f1os de la detenci\u00f3n de <a href=\"chatgpt:\/\/generic-entity?number=0\">Milagro Sala<\/a>, integrantes del Comit\u00e9 por la Libertad de la dirigente social volvieron a manifestar su solidaridad y a denunciar lo que consideran una detenci\u00f3n arbitraria y una persecuci\u00f3n pol\u00edtica y judicial.<\/p>\n\n\n\n<p class=\"p3\">En di\u00e1logo con <a href=\"chatgpt:\/\/generic-entity?number=1\">Gustavo Huentelaf<\/a>, periodista de <a href=\"chatgpt:\/\/generic-entity?number=2\">FM Patagonia 105.5<\/a>, Neri Rapoport y Marcela Barrientos se refirieron al documento difundido en esta jornada, en el que se expone el caso de Sala como uno de los ejemplos m\u00e1s emblem\u00e1ticos de lawfare y violencia institucional en la Argentina.<\/p>\n\n\n\n<p class=\"p3\">Durante la entrevista, las referentes se\u00f1alaron que el pa\u00eds atraviesa un contexto pol\u00edtico complejo, en el que predomina un modelo de referencia de derecha, lo que \u2014seg\u00fan expresaron\u2014 profundiza las pol\u00edticas de persecuci\u00f3n, ajuste y disciplinamiento hacia dirigentes sociales, referentes populares y sectores vulnerables.<\/p>\n\n\n\n<p class=\"p3\">En ese marco, destacaron la trayectoria de Milagro Sala como fundadora y principal referente de la organizaci\u00f3n barrial Tupac Amaru, remarcando el impacto social de las obras desarrolladas a lo largo de los a\u00f1os, entre ellas la construcci\u00f3n de barrios, viviendas, escuelas, centros de salud y espacios recreativos que generaron trabajo y acceso a derechos.<\/p>\n\n\n\n<p class=\"p3\">Asimismo, hicieron hincapi\u00e9 en el delicado estado de salud de la dirigente social y cuestionaron la falta de sensibilidad del Poder Judicial, reiterando que se trata de una presa pol\u00edtica.<\/p>\n\n\n\n<p class=\"p3\">Finalmente, anunciaron que en el marco de este nuevo aniversario se llevar\u00e1n adelante actividades y acciones de visibilizaci\u00f3n previstas para la jornada de hoy, a partir de las 19 horas, en la Plaza San Mart\u00edn, frente a la Municipalidad.<\/p>\n","protected":false},"excerpt":{"rendered":"<p>Al cumplirse diez a\u00f1os de la detenci\u00f3n de Milagro Sala, integrantes del Comit\u00e9 por la Libertad de la dirigente social volvieron a manifestar su solidaridad y a denunciar lo que&hellip; <\/p>\n","protected":false},"author":2,"featured_media":19887,"comment_status":"closed","ping_status":"closed","sticky":false,"template":"","format":"standard","meta":{"footnotes":""},"categories":[13],"tags":[],"class_list":["post-19888","post","type-post","status-publish","format-standard","has-post-thumbnail","hentry","category-nacionales"],"yoast_head":"<!-- This site is optimized with the Yoast SEO plugin v27.4 - https:\/\/yoast.com\/product\/yoast-seo-wordpress\/ -->\n<title>A diez a\u00f1os de la detenci\u00f3n de Milagro Sala, reiteran el pedido por su libertad - FM Patagonia Madryn<\/title>\n<meta name=\"robots\" content=\"index, follow, max-snippet:-1, max-image-preview:large, max-video-preview:-1\" \/>\n<link rel=\"canonical\" href=\"https:\/\/fmpatagoniamadryn.com.ar\/?p=19888\" \/>\n<meta property=\"og:locale\" content=\"es_ES\" \/>\n<meta property=\"og:type\" content=\"article\" \/>\n<meta property=\"og:title\" content=\"A diez a\u00f1os de la detenci\u00f3n de Milagro Sala, reiteran el pedido por su libertad - FM Patagonia Madryn\" \/>\n<meta property=\"og:description\" content=\"Al cumplirse diez a\u00f1os de la detenci\u00f3n de Milagro Sala, integrantes del Comit\u00e9 por la Libertad de la dirigente social volvieron a manifestar su solidaridad y a denunciar lo que&hellip;\" \/>\n<meta property=\"og:url\" content=\"https:\/\/fmpatagoniamadryn.com.ar\/?p=19888\" \/>\n<meta property=\"og:site_name\" content=\"FM Patagonia Madryn\" \/>\n<meta property=\"article:published_time\" content=\"2026-01-16T11:54:17+00:00\" \/>\n<meta property=\"og:image\" content=\"https:\/\/fmpatagoniamadryn.com.ar\/wp-content\/uploads\/2026\/01\/img_7313.jpg\" \/>\n\t<meta property=\"og:image:width\" content=\"478\" \/>\n\t<meta property=\"og:image:height\" content=\"418\" \/>\n\t<meta property=\"og:image:type\" content=\"image\/jpeg\" \/>\n<meta name=\"author\" content=\"FM Patagonia\" \/>\n<meta name=\"twitter:card\" content=\"summary_large_image\" \/>\n<meta name=\"twitter:label1\" content=\"Escrito por\" \/>\n\t<meta name=\"twitter:data1\" content=\"FM Patagonia\" \/>\n\t<meta name=\"twitter:label2\" content=\"Tiempo de lectura\" \/>\n\t<meta name=\"twitter:data2\" content=\"1 minuto\" \/>\n<script type=\"application\/ld+json\" class=\"yoast-schema-graph\">{\"@context\":\"https:\\\/\\\/schema.org\",\"@graph\":[{\"@type\":\"Article\",\"@id\":\"https:\\\/\\\/fmpatagoniamadryn.com.ar\\\/?p=19888#article\",\"isPartOf\":{\"@id\":\"https:\\\/\\\/fmpatagoniamadryn.com.ar\\\/?p=19888\"},\"author\":{\"name\":\"FM Patagonia\",\"@id\":\"https:\\\/\\\/fmpatagoniamadryn.com.ar\\\/#\\\/schema\\\/person\\\/8a3de4ad7efceacab06c1641c50303b7\"},\"headline\":\"A diez a\u00f1os de la detenci\u00f3n de Milagro Sala, reiteran el pedido por su libertad\",\"datePublished\":\"2026-01-16T11:54:17+00:00\",\"mainEntityOfPage\":{\"@id\":\"https:\\\/\\\/fmpatagoniamadryn.com.ar\\\/?p=19888\"},\"wordCount\":291,\"publisher\":{\"@id\":\"https:\\\/\\\/fmpatagoniamadryn.com.ar\\\/#organization\"},\"image\":{\"@id\":\"https:\\\/\\\/fmpatagoniamadryn.com.ar\\\/?p=19888#primaryimage\"},\"thumbnailUrl\":\"https:\\\/\\\/fmpatagoniamadryn.com.ar\\\/wp-content\\\/uploads\\\/2026\\\/01\\\/img_7313.jpg\",\"articleSection\":[\"Nacionales\"],\"inLanguage\":\"es\"},{\"@type\":\"WebPage\",\"@id\":\"https:\\\/\\\/fmpatagoniamadryn.com.ar\\\/?p=19888\",\"url\":\"https:\\\/\\\/fmpatagoniamadryn.com.ar\\\/?p=19888\",\"name\":\"A diez a\u00f1os de la detenci\u00f3n de Milagro Sala, reiteran el pedido por su libertad - FM Patagonia Madryn\",\"isPartOf\":{\"@id\":\"https:\\\/\\\/fmpatagoniamadryn.com.ar\\\/#website\"},\"primaryImageOfPage\":{\"@id\":\"https:\\\/\\\/fmpatagoniamadryn.com.ar\\\/?p=19888#primaryimage\"},\"image\":{\"@id\":\"https:\\\/\\\/fmpatagoniamadryn.com.ar\\\/?p=19888#primaryimage\"},\"thumbnailUrl\":\"https:\\\/\\\/fmpatagoniamadryn.com.ar\\\/wp-content\\\/uploads\\\/2026\\\/01\\\/img_7313.jpg\",\"datePublished\":\"2026-01-16T11:54:17+00:00\",\"breadcrumb\":{\"@id\":\"https:\\\/\\\/fmpatagoniamadryn.com.ar\\\/?p=19888#breadcrumb\"},\"inLanguage\":\"es\",\"potentialAction\":[{\"@type\":\"ReadAction\",\"target\":[\"https:\\\/\\\/fmpatagoniamadryn.com.ar\\\/?p=19888\"]}]},{\"@type\":\"ImageObject\",\"inLanguage\":\"es\",\"@id\":\"https:\\\/\\\/fmpatagoniamadryn.com.ar\\\/?p=19888#primaryimage\",\"url\":\"https:\\\/\\\/fmpatagoniamadryn.com.ar\\\/wp-content\\\/uploads\\\/2026\\\/01\\\/img_7313.jpg\",\"contentUrl\":\"https:\\\/\\\/fmpatagoniamadryn.com.ar\\\/wp-content\\\/uploads\\\/2026\\\/01\\\/img_7313.jpg\",\"width\":478,\"height\":418},{\"@type\":\"BreadcrumbList\",\"@id\":\"https:\\\/\\\/fmpatagoniamadryn.com.ar\\\/?p=19888#breadcrumb\",\"itemListElement\":[{\"@type\":\"ListItem\",\"position\":1,\"name\":\"Portada\",\"item\":\"https:\\\/\\\/fmpatagoniamadryn.com.ar\\\/\"},{\"@type\":\"ListItem\",\"position\":2,\"name\":\"A diez a\u00f1os de la detenci\u00f3n de Milagro Sala, reiteran el pedido por su libertad\"}]},{\"@type\":\"WebSite\",\"@id\":\"https:\\\/\\\/fmpatagoniamadryn.com.ar\\\/#website\",\"url\":\"https:\\\/\\\/fmpatagoniamadryn.com.ar\\\/\",\"name\":\"FM Patagonia Madryn\",\"description\":\"Radio Patagonia 105.5\",\"publisher\":{\"@id\":\"https:\\\/\\\/fmpatagoniamadryn.com.ar\\\/#organization\"},\"potentialAction\":[{\"@type\":\"SearchAction\",\"target\":{\"@type\":\"EntryPoint\",\"urlTemplate\":\"https:\\\/\\\/fmpatagoniamadryn.com.ar\\\/?s={search_term_string}\"},\"query-input\":{\"@type\":\"PropertyValueSpecification\",\"valueRequired\":true,\"valueName\":\"search_term_string\"}}],\"inLanguage\":\"es\"},{\"@type\":\"Organization\",\"@id\":\"https:\\\/\\\/fmpatagoniamadryn.com.ar\\\/#organization\",\"name\":\"FM Patagonia Madryn\",\"url\":\"https:\\\/\\\/fmpatagoniamadryn.com.ar\\\/\",\"logo\":{\"@type\":\"ImageObject\",\"inLanguage\":\"es\",\"@id\":\"https:\\\/\\\/fmpatagoniamadryn.com.ar\\\/#\\\/schema\\\/logo\\\/image\\\/\",\"url\":\"https:\\\/\\\/fmpatagoniamadryn.com.ar\\\/wp-content\\\/uploads\\\/2023\\\/01\\\/cropped-Diseno-sin-titulo.png\",\"contentUrl\":\"https:\\\/\\\/fmpatagoniamadryn.com.ar\\\/wp-content\\\/uploads\\\/2023\\\/01\\\/cropped-Diseno-sin-titulo.png\",\"width\":6911,\"height\":2657,\"caption\":\"FM Patagonia Madryn\"},\"image\":{\"@id\":\"https:\\\/\\\/fmpatagoniamadryn.com.ar\\\/#\\\/schema\\\/logo\\\/image\\\/\"}},{\"@type\":\"Person\",\"@id\":\"https:\\\/\\\/fmpatagoniamadryn.com.ar\\\/#\\\/schema\\\/person\\\/8a3de4ad7efceacab06c1641c50303b7\",\"name\":\"FM Patagonia\",\"url\":\"https:\\\/\\\/fmpatagoniamadryn.com.ar\\\/?author=2\"}]}<\/script>\n<!-- \/ Yoast SEO plugin. -->","yoast_head_json":{"title":"A diez a\u00f1os de la detenci\u00f3n de Milagro Sala, reiteran el pedido por su libertad - FM Patagonia Madryn","robots":{"index":"index","follow":"follow","max-snippet":"max-snippet:-1","max-image-preview":"max-image-preview:large","max-video-preview":"max-video-preview:-1"},"canonical":"https:\/\/fmpatagoniamadryn.com.ar\/?p=19888","og_locale":"es_ES","og_type":"article","og_title":"A diez a\u00f1os de la detenci\u00f3n de Milagro Sala, reiteran el pedido por su libertad - FM Patagonia Madryn","og_description":"Al cumplirse diez a\u00f1os de la detenci\u00f3n de Milagro Sala, integrantes del Comit\u00e9 por la Libertad de la dirigente social volvieron a manifestar su solidaridad y a denunciar lo que&hellip;","og_url":"https:\/\/fmpatagoniamadryn.com.ar\/?p=19888","og_site_name":"FM Patagonia Madryn","article_published_time":"2026-01-16T11:54:17+00:00","og_image":[{"width":478,"height":418,"url":"https:\/\/fmpatagoniamadryn.com.ar\/wp-content\/uploads\/2026\/01\/img_7313.jpg","type":"image\/jpeg"}],"author":"FM Patagonia","twitter_card":"summary_large_image","twitter_misc":{"Escrito por":"FM Patagonia","Tiempo de lectura":"1 minuto"},"schema":{"@context":"https:\/\/schema.org","@graph":[{"@type":"Article","@id":"https:\/\/fmpatagoniamadryn.com.ar\/?p=19888#article","isPartOf":{"@id":"https:\/\/fmpatagoniamadryn.com.ar\/?p=19888"},"author":{"name":"FM Patagonia","@id":"https:\/\/fmpatagoniamadryn.com.ar\/#\/schema\/person\/8a3de4ad7efceacab06c1641c50303b7"},"headline":"A diez a\u00f1os de la detenci\u00f3n de Milagro Sala, reiteran el pedido por su libertad","datePublished":"2026-01-16T11:54:17+00:00","mainEntityOfPage":{"@id":"https:\/\/fmpatagoniamadryn.com.ar\/?p=19888"},"wordCount":291,"publisher":{"@id":"https:\/\/fmpatagoniamadryn.com.ar\/#organization"},"image":{"@id":"https:\/\/fmpatagoniamadryn.com.ar\/?p=19888#primaryimage"},"thumbnailUrl":"https:\/\/fmpatagoniamadryn.com.ar\/wp-content\/uploads\/2026\/01\/img_7313.jpg","articleSection":["Nacionales"],"inLanguage":"es"},{"@type":"WebPage","@id":"https:\/\/fmpatagoniamadryn.com.ar\/?p=19888","url":"https:\/\/fmpatagoniamadryn.com.ar\/?p=19888","name":"A diez a\u00f1os de la detenci\u00f3n de Milagro Sala, reiteran el pedido por su libertad - FM Patagonia Madryn","isPartOf":{"@id":"https:\/\/fmpatagoniamadryn.com.ar\/#website"},"primaryImageOfPage":{"@id":"https:\/\/fmpatagoniamadryn.com.ar\/?p=19888#primaryimage"},"image":{"@id":"https:\/\/fmpatagoniamadryn.com.ar\/?p=19888#primaryimage"},"thumbnailUrl":"https:\/\/fmpatagoniamadryn.com.ar\/wp-content\/uploads\/2026\/01\/img_7313.jpg","datePublished":"2026-01-16T11:54:17+00:00","breadcrumb":{"@id":"https:\/\/fmpatagoniamadryn.com.ar\/?p=19888#breadcrumb"},"inLanguage":"es","potentialAction":[{"@type":"ReadAction","target":["https:\/\/fmpatagoniamadryn.com.ar\/?p=19888"]}]},{"@type":"ImageObject","inLanguage":"es","@id":"https:\/\/fmpatagoniamadryn.com.ar\/?p=19888#primaryimage","url":"https:\/\/fmpatagoniamadryn.com.ar\/wp-content\/uploads\/2026\/01\/img_7313.jpg","contentUrl":"https:\/\/fmpatagoniamadryn.com.ar\/wp-content\/uploads\/2026\/01\/img_7313.jpg","width":478,"height":418},{"@type":"BreadcrumbList","@id":"https:\/\/fmpatagoniamadryn.com.ar\/?p=19888#breadcrumb","itemListElement":[{"@type":"ListItem","position":1,"name":"Portada","item":"https:\/\/fmpatagoniamadryn.com.ar\/"},{"@type":"ListItem","position":2,"name":"A diez a\u00f1os de la detenci\u00f3n de Milagro Sala, reiteran el pedido por su libertad"}]},{"@type":"WebSite","@id":"https:\/\/fmpatagoniamadryn.com.ar\/#website","url":"https:\/\/fmpatagoniamadryn.com.ar\/","name":"FM Patagonia Madryn","description":"Radio Patagonia 105.5","publisher":{"@id":"https:\/\/fmpatagoniamadryn.com.ar\/#organization"},"potentialAction":[{"@type":"SearchAction","target":{"@type":"EntryPoint","urlTemplate":"https:\/\/fmpatagoniamadryn.com.ar\/?s={search_term_string}"},"query-input":{"@type":"PropertyValueSpecification","valueRequired":true,"valueName":"search_term_string"}}],"inLanguage":"es"},{"@type":"Organization","@id":"https:\/\/fmpatagoniamadryn.com.ar\/#organization","name":"FM Patagonia Madryn","url":"https:\/\/fmpatagoniamadryn.com.ar\/","logo":{"@type":"ImageObject","inLanguage":"es","@id":"https:\/\/fmpatagoniamadryn.com.ar\/#\/schema\/logo\/image\/","url":"https:\/\/fmpatagoniamadryn.com.ar\/wp-content\/uploads\/2023\/01\/cropped-Diseno-sin-titulo.png","contentUrl":"https:\/\/fmpatagoniamadryn.com.ar\/wp-content\/uploads\/2023\/01\/cropped-Diseno-sin-titulo.png","width":6911,"height":2657,"caption":"FM Patagonia Madryn"},"image":{"@id":"https:\/\/fmpatagoniamadryn.com.ar\/#\/schema\/logo\/image\/"}},{"@type":"Person","@id":"https:\/\/fmpatagoniamadryn.com.ar\/#\/schema\/person\/8a3de4ad7efceacab06c1641c50303b7","name":"FM Patagonia","url":"https:\/\/fmpatagoniamadryn.com.ar\/?author=2"}]}},"jetpack_featured_media_url":"https:\/\/fmpatagoniamadryn.com.ar\/wp-content\/uploads\/2026\/01\/img_7313.jpg","_links":{"self":[{"href":"https:\/\/fmpatagoniamadryn.com.ar\/index.php?rest_route=\/wp\/v2\/posts\/19888","targetHints":{"allow":["GET"]}}],"collection":[{"href":"https:\/\/fmpatagoniamadryn.com.ar\/index.php?rest_route=\/wp\/v2\/posts"}],"about":[{"href":"https:\/\/fmpatagoniamadryn.com.ar\/index.php?rest_route=\/wp\/v2\/types\/post"}],"author":[{"embeddable":true,"href":"https:\/\/fmpatagoniamadryn.com.ar\/index.php?rest_route=\/wp\/v2\/users\/2"}],"replies":[{"embeddable":true,"href":"https:\/\/fmpatagoniamadryn.com.ar\/index.php?rest_route=%2Fwp%2Fv2%2Fcomments&post=19888"}],"version-history":[{"count":1,"href":"https:\/\/fmpatagoniamadryn.com.ar\/index.php?rest_route=\/wp\/v2\/posts\/19888\/revisions"}],"predecessor-version":[{"id":19889,"href":"https:\/\/fmpatagoniamadryn.com.ar\/index.php?rest_route=\/wp\/v2\/posts\/19888\/revisions\/19889"}],"wp:featuredmedia":[{"embeddable":true,"href":"https:\/\/fmpatagoniamadryn.com.ar\/index.php?rest_route=\/wp\/v2\/media\/19887"}],"wp:attachment":[{"href":"https:\/\/fmpatagoniamadryn.com.ar\/index.php?rest_route=%2Fwp%2Fv2%2Fmedia&parent=19888"}],"wp:term":[{"taxonomy":"category","embeddable":true,"href":"https:\/\/fmpatagoniamadryn.com.ar\/index.php?rest_route=%2Fwp%2Fv2%2Fcategories&post=19888"},{"taxonomy":"post_tag","embeddable":true,"href":"https:\/\/fmpatagoniamadryn.com.ar\/index.php?rest_route=%2Fwp%2Fv2%2Ftags&post=19888"}],"curies":[{"name":"wp","href":"https:\/\/api.w.org\/{rel}","templated":true}]}}