{"id":19909,"date":"2026-01-16T19:06:58","date_gmt":"2026-01-16T22:06:58","guid":{"rendered":"https:\/\/fmpatagoniamadryn.com.ar\/?p=19909"},"modified":"2026-01-16T19:06:58","modified_gmt":"2026-01-16T22:06:58","slug":"torres-impulsa-medidas-para-fortalecer-el-turismo-en-la-cordillera-ahora-que-el-incendio-esta-contenido-empieza-la-reconstruccion-de-nuestra-comarca","status":"publish","type":"post","link":"https:\/\/fmpatagoniamadryn.com.ar\/?p=19909","title":{"rendered":"Torres impulsa medidas para fortalecer el turismo en la Cordillera: \u201cAhora que el incendio est\u00e1 contenido, empieza la reconstrucci\u00f3n de nuestra Comarca\u201d"},"content":{"rendered":"\n<p class=\"MsoNormal\"><br><em>El titular del Ejecutivo mantuvo una reuni\u00f3n con prestadores tur\u00edsticos, de la cual tambi\u00e9n participaron funcionarios del Gabinete, autoridades del Banco del Chubut y representantes de las distintas c\u00e1maras vinculadas a la actividad. Tras anunciar una serie de medidas y beneficios para los vecinos damnificados por el incendio, Torres asegur\u00f3 que \u201ceste es el momento de redoblar los esfuerzos para acompa\u00f1ar a todo el sector, algo que hicimos desde el primer d\u00eda de gobierno, y ahora con el compromiso de potenciar uno de los principales motores econ\u00f3micos de nuestra provincia\u201d, en el marco de las distintas acciones que la Provincia articular\u00e1 con los prestadores para fortalecer el turismo en la regi\u00f3n.<\/em><br><br>El gobernador del Chubut, Ignacio \u201cNacho\u201d Torres, encabez\u00f3 una reuni\u00f3n con prestadores tur\u00edsticos de la Comarca Andina, en el marco de la reactivaci\u00f3n de la actividad tras la contenci\u00f3n del incendio de Puerto Patriada, que afect\u00f3 el ejido de varias localidades de la zona.<br><br>Durante el encuentro el mandatario anunci\u00f3 una serie de medidas de alivio fiscal y acompa\u00f1amiento a los afectados como extensi\u00f3n del plazo para el pago de Ingresos Brutos Provinciales y pr\u00f3rroga de los vencimientos para el pago del Impuesto de Sellos; adem\u00e1s de la puesta en marcha -a trav\u00e9s del Banco del Chubut- de pr\u00e9stamos de consumo y para capital de trabajo e inversi\u00f3n, en este \u00faltimo caso de hasta 50 millones de pesos, con amplios plazos y tasas blandas; as\u00ed como la suspensi\u00f3n temporal del cobro de las obligaciones con Instituto de Seguridad Social y Seguros de la provincia para los municipios de El Hoyo, Epuy\u00e9n y Lago Puelo.&nbsp;<br><br>La actividad tuvo lugar en la Subcentral de Brigadistas de Las Golondrinas, y participaron adem\u00e1s del mandatario el ministro de Turismo y \u00c1reas Protegidas, Diego Lapenna; el gerente general del Banco del Chubut, Fernando Finkelstein; el intendente de El Hoyo, C\u00e9sar Salam\u00edn; las directoras de Turismo de Epuy\u00e9n y El Mait\u00e9n, Roxana Lezcano y Melina Quinteros; y los secretarios de Turismo de Lago Puelo, Sebasti\u00e1n Oliva; de Cholila, Lelis Feu; y el secretario de Desarrollo Econ\u00f3mico de El Hoyo, Dar\u00edo Gonz\u00e1lez Maldonado.<br><br>Por parte del sector privado, formaron parte del encuentro la presidenta y el vicepresidente de la C\u00e1mara de Turismo del Chubut (CAT), Griselda Boyraz y Miguel Sosa; el presidente de Gestur, Walter Sep\u00falveda; la vicepresidenta, Doris Romera Laberinto, y la secretaria, Alumine Honik; la presidenta y el secretario de la C\u00e1mara de Turismo de Lago Puelo, Antonella Brozzoni y Diego Peratta; la presidenta de la C\u00e1mara de Turismo de El Hoyo, Victoria Villalba, y la secretaria, Frida G\u00f3mez; el presidente y el secretario de la C\u00e1mara de Turismo de Epuy\u00e9n, Walter Rodr\u00edguez y Javier \u00c1lvarez; y las representantes de la C\u00e1mara de Turismo de Cholila, Carolina Ruiz y Nora Jalil, junto al secretario de la entidad, Federico Oubone.<br><br>La reuni\u00f3n se enmarc\u00f3 en el constante acompa\u00f1amiento de la Provincia a los sectores afectados por el siniestro \u00edgneo, donde el Gobernador ratific\u00f3 el apoyo a los prestadores tur\u00edsticos, junto a las c\u00e1maras del sector y los referentes tur\u00edsticos de las localidades, para la reactivaci\u00f3n de la actividad.<br><br><strong>Potenciar la econom\u00eda regional<\/strong><br><br>Al respecto, Torres asegur\u00f3 que \u201cahora que el incendio est\u00e1 contenido, comienza la reconstrucci\u00f3n de nuestra Comarca\u201d y destac\u00f3 que, en este contexto, \u201cvamos a fortalecer el resto de la temporada de verano con una campa\u00f1a integral de comunicaci\u00f3n y promoci\u00f3n tur\u00edstica de todo el Corredor de los Andes, y tambi\u00e9n con una serie de beneficios para las familias damnificadas de la zona\u201d.<br><br>La iniciativa implicar\u00e1 la presencia de fam press de medios nacionales, influencers, spots en radios, medios gr\u00e1ficos y digitales, entre otras acciones.<br><br>\u201cEl comienzo de la temporada hab\u00eda sido muy bueno, con cifras r\u00e9cord en reservas, y este es el momento de redoblar los esfuerzos para acompa\u00f1ar a todo el sector, algo que hicimos desde el primer d\u00eda de gobierno, y ahora con el compromiso de potenciar uno de los principales motores econ\u00f3micos de nuestra provincia\u201d, concluy\u00f3 el titular del Ejecutivo.<br><br><strong>Beneficios<\/strong><br><br>En cuanto a los beneficios anunciados por Torres para los afectados por el incendio, para los municipios de la Comarca Andina, se suspender\u00e1 temporalmente el cobro de las contribuciones patronales con el Instituto de Seguridad Social y Seguros (ISSyS).<br><br>La medida alcanzar\u00e1, en principio, a las localidades de Epuy\u00e9n, Lago Puelo y El Hoyo.<br><br>Asimismo el Gobernador confirm\u00f3, a trav\u00e9s del Banco del Chubut, la puesta en marcha de pr\u00e9stamos de consumo hasta 15 millones de pesos con una tasa de 26% y un plazo de 36 meses, con el cobro de la primera cuota en el mes de mayo.&nbsp;<br><br>Tambi\u00e9n se otorgar\u00e1n pr\u00e9stamos comerciales para capital de trabajo hasta 25 millones de pesos con un plazo de 36 meses y una tasa del 33%; y para inversi\u00f3n de hasta 50 millones de pesos, con un plazo de 60 meses con 12 meses de gracia y una tasa semiplena del 30%.<br><br>Otra de las medidas que se implementar\u00e1n es la de generar alivios a los diferentes sectores otorgando una extensi\u00f3n de plazo para el pago de la declaraci\u00f3n jurada de Ingresos Brutos de Convenio Multilateral, Interjurisdiccional y Directos, aclar\u00e1ndose que para Ingresos Brutos locales se invitar\u00e1 a los municipios a llevar adelante una similar medida.&nbsp;<br><br>Asimismo se extienden los vencimientos para presentaci\u00f3n y pago de Impuesto de Sellos para actos celebrados por los contribuyentes alcanzados por la emergencia y por \u00faltimo, se extiende el plazo de pago para las Tasas que tengan fecha prevista.<\/p>\n\n\n\n<p class=\"MsoNormal\">&nbsp;<\/p>\n","protected":false},"excerpt":{"rendered":"<p>El titular del Ejecutivo mantuvo una reuni\u00f3n con prestadores tur\u00edsticos, de la cual tambi\u00e9n participaron funcionarios del Gabinete, autoridades del Banco del Chubut y representantes de las distintas c\u00e1maras vinculadas&hellip; <\/p>\n","protected":false},"author":2,"featured_media":19908,"comment_status":"closed","ping_status":"closed","sticky":false,"template":"","format":"standard","meta":{"footnotes":""},"categories":[15],"tags":[],"class_list":["post-19909","post","type-post","status-publish","format-standard","has-post-thumbnail","hentry","category-locales"],"yoast_head":"<!-- This site is optimized with the Yoast SEO plugin v27.4 - https:\/\/yoast.com\/product\/yoast-seo-wordpress\/ -->\n<title>Torres impulsa medidas para fortalecer el turismo en la Cordillera: \u201cAhora que el incendio est\u00e1 contenido, empieza la reconstrucci\u00f3n de nuestra Comarca\u201d - FM Patagonia Madryn<\/title>\n<meta name=\"robots\" content=\"index, follow, max-snippet:-1, max-image-preview:large, max-video-preview:-1\" \/>\n<link rel=\"canonical\" href=\"https:\/\/fmpatagoniamadryn.com.ar\/?p=19909\" \/>\n<meta property=\"og:locale\" content=\"es_ES\" \/>\n<meta property=\"og:type\" content=\"article\" \/>\n<meta property=\"og:title\" content=\"Torres impulsa medidas para fortalecer el turismo en la Cordillera: \u201cAhora que el incendio est\u00e1 contenido, empieza la reconstrucci\u00f3n de nuestra Comarca\u201d - FM Patagonia Madryn\" \/>\n<meta property=\"og:description\" content=\"El titular del Ejecutivo mantuvo una reuni\u00f3n con prestadores tur\u00edsticos, de la cual tambi\u00e9n participaron funcionarios del Gabinete, autoridades del Banco del Chubut y representantes de las distintas c\u00e1maras vinculadas&hellip;\" \/>\n<meta property=\"og:url\" content=\"https:\/\/fmpatagoniamadryn.com.ar\/?p=19909\" \/>\n<meta property=\"og:site_name\" content=\"FM Patagonia Madryn\" \/>\n<meta property=\"article:published_time\" content=\"2026-01-16T22:06:58+00:00\" \/>\n<meta property=\"og:image\" content=\"https:\/\/fmpatagoniamadryn.com.ar\/wp-content\/uploads\/2026\/01\/img_7347.jpg\" \/>\n\t<meta property=\"og:image:width\" content=\"1280\" \/>\n\t<meta property=\"og:image:height\" content=\"854\" \/>\n\t<meta property=\"og:image:type\" content=\"image\/jpeg\" \/>\n<meta name=\"author\" content=\"FM Patagonia\" \/>\n<meta name=\"twitter:card\" content=\"summary_large_image\" \/>\n<meta name=\"twitter:label1\" content=\"Escrito por\" \/>\n\t<meta name=\"twitter:data1\" content=\"FM Patagonia\" \/>\n\t<meta name=\"twitter:label2\" content=\"Tiempo de lectura\" \/>\n\t<meta name=\"twitter:data2\" content=\"5 minutos\" \/>\n<script type=\"application\/ld+json\" class=\"yoast-schema-graph\">{\"@context\":\"https:\\\/\\\/schema.org\",\"@graph\":[{\"@type\":\"Article\",\"@id\":\"https:\\\/\\\/fmpatagoniamadryn.com.ar\\\/?p=19909#article\",\"isPartOf\":{\"@id\":\"https:\\\/\\\/fmpatagoniamadryn.com.ar\\\/?p=19909\"},\"author\":{\"name\":\"FM Patagonia\",\"@id\":\"https:\\\/\\\/fmpatagoniamadryn.com.ar\\\/#\\\/schema\\\/person\\\/8a3de4ad7efceacab06c1641c50303b7\"},\"headline\":\"Torres impulsa medidas para fortalecer el turismo en la Cordillera: \u201cAhora que el incendio est\u00e1 contenido, empieza la reconstrucci\u00f3n de nuestra Comarca\u201d\",\"datePublished\":\"2026-01-16T22:06:58+00:00\",\"mainEntityOfPage\":{\"@id\":\"https:\\\/\\\/fmpatagoniamadryn.com.ar\\\/?p=19909\"},\"wordCount\":992,\"publisher\":{\"@id\":\"https:\\\/\\\/fmpatagoniamadryn.com.ar\\\/#organization\"},\"image\":{\"@id\":\"https:\\\/\\\/fmpatagoniamadryn.com.ar\\\/?p=19909#primaryimage\"},\"thumbnailUrl\":\"https:\\\/\\\/fmpatagoniamadryn.com.ar\\\/wp-content\\\/uploads\\\/2026\\\/01\\\/img_7347.jpg\",\"articleSection\":[\"Locales\"],\"inLanguage\":\"es\"},{\"@type\":\"WebPage\",\"@id\":\"https:\\\/\\\/fmpatagoniamadryn.com.ar\\\/?p=19909\",\"url\":\"https:\\\/\\\/fmpatagoniamadryn.com.ar\\\/?p=19909\",\"name\":\"Torres impulsa medidas para fortalecer el turismo en la Cordillera: \u201cAhora que el incendio est\u00e1 contenido, empieza la reconstrucci\u00f3n de nuestra Comarca\u201d - FM Patagonia Madryn\",\"isPartOf\":{\"@id\":\"https:\\\/\\\/fmpatagoniamadryn.com.ar\\\/#website\"},\"primaryImageOfPage\":{\"@id\":\"https:\\\/\\\/fmpatagoniamadryn.com.ar\\\/?p=19909#primaryimage\"},\"image\":{\"@id\":\"https:\\\/\\\/fmpatagoniamadryn.com.ar\\\/?p=19909#primaryimage\"},\"thumbnailUrl\":\"https:\\\/\\\/fmpatagoniamadryn.com.ar\\\/wp-content\\\/uploads\\\/2026\\\/01\\\/img_7347.jpg\",\"datePublished\":\"2026-01-16T22:06:58+00:00\",\"breadcrumb\":{\"@id\":\"https:\\\/\\\/fmpatagoniamadryn.com.ar\\\/?p=19909#breadcrumb\"},\"inLanguage\":\"es\",\"potentialAction\":[{\"@type\":\"ReadAction\",\"target\":[\"https:\\\/\\\/fmpatagoniamadryn.com.ar\\\/?p=19909\"]}]},{\"@type\":\"ImageObject\",\"inLanguage\":\"es\",\"@id\":\"https:\\\/\\\/fmpatagoniamadryn.com.ar\\\/?p=19909#primaryimage\",\"url\":\"https:\\\/\\\/fmpatagoniamadryn.com.ar\\\/wp-content\\\/uploads\\\/2026\\\/01\\\/img_7347.jpg\",\"contentUrl\":\"https:\\\/\\\/fmpatagoniamadryn.com.ar\\\/wp-content\\\/uploads\\\/2026\\\/01\\\/img_7347.jpg\",\"width\":1280,\"height\":854},{\"@type\":\"BreadcrumbList\",\"@id\":\"https:\\\/\\\/fmpatagoniamadryn.com.ar\\\/?p=19909#breadcrumb\",\"itemListElement\":[{\"@type\":\"ListItem\",\"position\":1,\"name\":\"Portada\",\"item\":\"https:\\\/\\\/fmpatagoniamadryn.com.ar\\\/\"},{\"@type\":\"ListItem\",\"position\":2,\"name\":\"Torres impulsa medidas para fortalecer el turismo en la Cordillera: \u201cAhora que el incendio est\u00e1 contenido, empieza la reconstrucci\u00f3n de nuestra Comarca\u201d\"}]},{\"@type\":\"WebSite\",\"@id\":\"https:\\\/\\\/fmpatagoniamadryn.com.ar\\\/#website\",\"url\":\"https:\\\/\\\/fmpatagoniamadryn.com.ar\\\/\",\"name\":\"FM Patagonia Madryn\",\"description\":\"Radio Patagonia 105.5\",\"publisher\":{\"@id\":\"https:\\\/\\\/fmpatagoniamadryn.com.ar\\\/#organization\"},\"potentialAction\":[{\"@type\":\"SearchAction\",\"target\":{\"@type\":\"EntryPoint\",\"urlTemplate\":\"https:\\\/\\\/fmpatagoniamadryn.com.ar\\\/?s={search_term_string}\"},\"query-input\":{\"@type\":\"PropertyValueSpecification\",\"valueRequired\":true,\"valueName\":\"search_term_string\"}}],\"inLanguage\":\"es\"},{\"@type\":\"Organization\",\"@id\":\"https:\\\/\\\/fmpatagoniamadryn.com.ar\\\/#organization\",\"name\":\"FM Patagonia Madryn\",\"url\":\"https:\\\/\\\/fmpatagoniamadryn.com.ar\\\/\",\"logo\":{\"@type\":\"ImageObject\",\"inLanguage\":\"es\",\"@id\":\"https:\\\/\\\/fmpatagoniamadryn.com.ar\\\/#\\\/schema\\\/logo\\\/image\\\/\",\"url\":\"https:\\\/\\\/fmpatagoniamadryn.com.ar\\\/wp-content\\\/uploads\\\/2023\\\/01\\\/cropped-Diseno-sin-titulo.png\",\"contentUrl\":\"https:\\\/\\\/fmpatagoniamadryn.com.ar\\\/wp-content\\\/uploads\\\/2023\\\/01\\\/cropped-Diseno-sin-titulo.png\",\"width\":6911,\"height\":2657,\"caption\":\"FM Patagonia Madryn\"},\"image\":{\"@id\":\"https:\\\/\\\/fmpatagoniamadryn.com.ar\\\/#\\\/schema\\\/logo\\\/image\\\/\"}},{\"@type\":\"Person\",\"@id\":\"https:\\\/\\\/fmpatagoniamadryn.com.ar\\\/#\\\/schema\\\/person\\\/8a3de4ad7efceacab06c1641c50303b7\",\"name\":\"FM Patagonia\",\"url\":\"https:\\\/\\\/fmpatagoniamadryn.com.ar\\\/?author=2\"}]}<\/script>\n<!-- \/ Yoast SEO plugin. -->","yoast_head_json":{"title":"Torres impulsa medidas para fortalecer el turismo en la Cordillera: \u201cAhora que el incendio est\u00e1 contenido, empieza la reconstrucci\u00f3n de nuestra Comarca\u201d - FM Patagonia Madryn","robots":{"index":"index","follow":"follow","max-snippet":"max-snippet:-1","max-image-preview":"max-image-preview:large","max-video-preview":"max-video-preview:-1"},"canonical":"https:\/\/fmpatagoniamadryn.com.ar\/?p=19909","og_locale":"es_ES","og_type":"article","og_title":"Torres impulsa medidas para fortalecer el turismo en la Cordillera: \u201cAhora que el incendio est\u00e1 contenido, empieza la reconstrucci\u00f3n de nuestra Comarca\u201d - FM Patagonia Madryn","og_description":"El titular del Ejecutivo mantuvo una reuni\u00f3n con prestadores tur\u00edsticos, de la cual tambi\u00e9n participaron funcionarios del Gabinete, autoridades del Banco del Chubut y representantes de las distintas c\u00e1maras vinculadas&hellip;","og_url":"https:\/\/fmpatagoniamadryn.com.ar\/?p=19909","og_site_name":"FM Patagonia Madryn","article_published_time":"2026-01-16T22:06:58+00:00","og_image":[{"width":1280,"height":854,"url":"https:\/\/fmpatagoniamadryn.com.ar\/wp-content\/uploads\/2026\/01\/img_7347.jpg","type":"image\/jpeg"}],"author":"FM Patagonia","twitter_card":"summary_large_image","twitter_misc":{"Escrito por":"FM Patagonia","Tiempo de lectura":"5 minutos"},"schema":{"@context":"https:\/\/schema.org","@graph":[{"@type":"Article","@id":"https:\/\/fmpatagoniamadryn.com.ar\/?p=19909#article","isPartOf":{"@id":"https:\/\/fmpatagoniamadryn.com.ar\/?p=19909"},"author":{"name":"FM Patagonia","@id":"https:\/\/fmpatagoniamadryn.com.ar\/#\/schema\/person\/8a3de4ad7efceacab06c1641c50303b7"},"headline":"Torres impulsa medidas para fortalecer el turismo en la Cordillera: \u201cAhora que el incendio est\u00e1 contenido, empieza la reconstrucci\u00f3n de nuestra Comarca\u201d","datePublished":"2026-01-16T22:06:58+00:00","mainEntityOfPage":{"@id":"https:\/\/fmpatagoniamadryn.com.ar\/?p=19909"},"wordCount":992,"publisher":{"@id":"https:\/\/fmpatagoniamadryn.com.ar\/#organization"},"image":{"@id":"https:\/\/fmpatagoniamadryn.com.ar\/?p=19909#primaryimage"},"thumbnailUrl":"https:\/\/fmpatagoniamadryn.com.ar\/wp-content\/uploads\/2026\/01\/img_7347.jpg","articleSection":["Locales"],"inLanguage":"es"},{"@type":"WebPage","@id":"https:\/\/fmpatagoniamadryn.com.ar\/?p=19909","url":"https:\/\/fmpatagoniamadryn.com.ar\/?p=19909","name":"Torres impulsa medidas para fortalecer el turismo en la Cordillera: \u201cAhora que el incendio est\u00e1 contenido, empieza la reconstrucci\u00f3n de nuestra Comarca\u201d - FM Patagonia Madryn","isPartOf":{"@id":"https:\/\/fmpatagoniamadryn.com.ar\/#website"},"primaryImageOfPage":{"@id":"https:\/\/fmpatagoniamadryn.com.ar\/?p=19909#primaryimage"},"image":{"@id":"https:\/\/fmpatagoniamadryn.com.ar\/?p=19909#primaryimage"},"thumbnailUrl":"https:\/\/fmpatagoniamadryn.com.ar\/wp-content\/uploads\/2026\/01\/img_7347.jpg","datePublished":"2026-01-16T22:06:58+00:00","breadcrumb":{"@id":"https:\/\/fmpatagoniamadryn.com.ar\/?p=19909#breadcrumb"},"inLanguage":"es","potentialAction":[{"@type":"ReadAction","target":["https:\/\/fmpatagoniamadryn.com.ar\/?p=19909"]}]},{"@type":"ImageObject","inLanguage":"es","@id":"https:\/\/fmpatagoniamadryn.com.ar\/?p=19909#primaryimage","url":"https:\/\/fmpatagoniamadryn.com.ar\/wp-content\/uploads\/2026\/01\/img_7347.jpg","contentUrl":"https:\/\/fmpatagoniamadryn.com.ar\/wp-content\/uploads\/2026\/01\/img_7347.jpg","width":1280,"height":854},{"@type":"BreadcrumbList","@id":"https:\/\/fmpatagoniamadryn.com.ar\/?p=19909#breadcrumb","itemListElement":[{"@type":"ListItem","position":1,"name":"Portada","item":"https:\/\/fmpatagoniamadryn.com.ar\/"},{"@type":"ListItem","position":2,"name":"Torres impulsa medidas para fortalecer el turismo en la Cordillera: \u201cAhora que el incendio est\u00e1 contenido, empieza la reconstrucci\u00f3n de nuestra Comarca\u201d"}]},{"@type":"WebSite","@id":"https:\/\/fmpatagoniamadryn.com.ar\/#website","url":"https:\/\/fmpatagoniamadryn.com.ar\/","name":"FM Patagonia Madryn","description":"Radio Patagonia 105.5","publisher":{"@id":"https:\/\/fmpatagoniamadryn.com.ar\/#organization"},"potentialAction":[{"@type":"SearchAction","target":{"@type":"EntryPoint","urlTemplate":"https:\/\/fmpatagoniamadryn.com.ar\/?s={search_term_string}"},"query-input":{"@type":"PropertyValueSpecification","valueRequired":true,"valueName":"search_term_string"}}],"inLanguage":"es"},{"@type":"Organization","@id":"https:\/\/fmpatagoniamadryn.com.ar\/#organization","name":"FM Patagonia Madryn","url":"https:\/\/fmpatagoniamadryn.com.ar\/","logo":{"@type":"ImageObject","inLanguage":"es","@id":"https:\/\/fmpatagoniamadryn.com.ar\/#\/schema\/logo\/image\/","url":"https:\/\/fmpatagoniamadryn.com.ar\/wp-content\/uploads\/2023\/01\/cropped-Diseno-sin-titulo.png","contentUrl":"https:\/\/fmpatagoniamadryn.com.ar\/wp-content\/uploads\/2023\/01\/cropped-Diseno-sin-titulo.png","width":6911,"height":2657,"caption":"FM Patagonia Madryn"},"image":{"@id":"https:\/\/fmpatagoniamadryn.com.ar\/#\/schema\/logo\/image\/"}},{"@type":"Person","@id":"https:\/\/fmpatagoniamadryn.com.ar\/#\/schema\/person\/8a3de4ad7efceacab06c1641c50303b7","name":"FM Patagonia","url":"https:\/\/fmpatagoniamadryn.com.ar\/?author=2"}]}},"jetpack_featured_media_url":"https:\/\/fmpatagoniamadryn.com.ar\/wp-content\/uploads\/2026\/01\/img_7347.jpg","_links":{"self":[{"href":"https:\/\/fmpatagoniamadryn.com.ar\/index.php?rest_route=\/wp\/v2\/posts\/19909","targetHints":{"allow":["GET"]}}],"collection":[{"href":"https:\/\/fmpatagoniamadryn.com.ar\/index.php?rest_route=\/wp\/v2\/posts"}],"about":[{"href":"https:\/\/fmpatagoniamadryn.com.ar\/index.php?rest_route=\/wp\/v2\/types\/post"}],"author":[{"embeddable":true,"href":"https:\/\/fmpatagoniamadryn.com.ar\/index.php?rest_route=\/wp\/v2\/users\/2"}],"replies":[{"embeddable":true,"href":"https:\/\/fmpatagoniamadryn.com.ar\/index.php?rest_route=%2Fwp%2Fv2%2Fcomments&post=19909"}],"version-history":[{"count":1,"href":"https:\/\/fmpatagoniamadryn.com.ar\/index.php?rest_route=\/wp\/v2\/posts\/19909\/revisions"}],"predecessor-version":[{"id":19910,"href":"https:\/\/fmpatagoniamadryn.com.ar\/index.php?rest_route=\/wp\/v2\/posts\/19909\/revisions\/19910"}],"wp:featuredmedia":[{"embeddable":true,"href":"https:\/\/fmpatagoniamadryn.com.ar\/index.php?rest_route=\/wp\/v2\/media\/19908"}],"wp:attachment":[{"href":"https:\/\/fmpatagoniamadryn.com.ar\/index.php?rest_route=%2Fwp%2Fv2%2Fmedia&parent=19909"}],"wp:term":[{"taxonomy":"category","embeddable":true,"href":"https:\/\/fmpatagoniamadryn.com.ar\/index.php?rest_route=%2Fwp%2Fv2%2Fcategories&post=19909"},{"taxonomy":"post_tag","embeddable":true,"href":"https:\/\/fmpatagoniamadryn.com.ar\/index.php?rest_route=%2Fwp%2Fv2%2Ftags&post=19909"}],"curies":[{"name":"wp","href":"https:\/\/api.w.org\/{rel}","templated":true}]}}