{"id":19925,"date":"2026-01-19T19:09:30","date_gmt":"2026-01-19T22:09:30","guid":{"rendered":"https:\/\/fmpatagoniamadryn.com.ar\/?p=19925"},"modified":"2026-01-19T19:09:30","modified_gmt":"2026-01-19T22:09:30","slug":"provincia-y-nacion-intensifican-el-operativo-para-combatir-el-incendio-forestal-en-el-parque-los-alerces","status":"publish","type":"post","link":"https:\/\/fmpatagoniamadryn.com.ar\/?p=19925","title":{"rendered":"Provincia y Naci\u00f3n intensifican el operativo para combatir el incendio forestal en el Parque Los Alerces\u00a0"},"content":{"rendered":"\n<p><br><em>El Gobierno del Chubut, la Administraci\u00f3n de Parques Nacionales y la Agencia Federal de Emergencias trabajan de manera articulada para controlar el siniestro detectado el pasado 9 de diciembre en el Lago Men\u00e9ndez. M\u00e1s de 260 personas y siete medios a\u00e9reos siguen abocadas a las tareas desplegadas en la zona.<\/em><\/p>\n\n\n\n<p>El Gobierno de la Provincia, de manera articulada con la Administraci\u00f3n de Parques y la Agencia Federal de Emergencias, dependiente del Ministerio de Seguridad de la Naci\u00f3n, intensifica el combate del incendio forestal detectado el pasado 9 de diciembre en el Lago Men\u00e9ndez. El amplio operativo desplegado en la zona involucra a m\u00e1s de 260 personas y siete medios a\u00e9reos, distribuidos en seis sectores de dif\u00edcil acceso.<\/p>\n\n\n\n<p>De acuerdo a lo informado por el Comando Unificado, durante la jornada de este lunes se fortalecer\u00e1n las tareas de intervenci\u00f3n conjunta para sofocar el incendio denominado \u201cPuerto Caf\u00e9\u201d dentro del Parque Nacional Los Alerces.<\/p>\n\n\n\n<p>Se precis\u00f3 asimismo que, ante los aumentos de temperatura previstos para hoy lunes, se continuar\u00e1 con las tareas de monitoreo en los sectores prioritarios y se reforzar\u00e1 el operativo con medios a\u00e9reos, drones y brigadistas. Adem\u00e1s, se helitransportar\u00e1 personal a la parte alta de la zona de Lago Rivadavia para trabajar dos focos secundarios que se originaron durante el domingo.<\/p>\n\n\n\n<p><em>Operativo<\/em><\/p>\n\n\n\n<p>Cabe mencionar que en la jornada de ayer domingo se continuaron con los trabajos mediante el uso de L\u00ednea de Agua. Seg\u00fan precisaron, en el sector Arrayanes \u2013 Mattos operaron dos helic\u00f3pteros realizando lanzamientos sobre el frente de avance.<\/p>\n\n\n\n<p>En tanto, el \u00e1rea Lago Rivadavia fue intervenida por dos grupos de trabajo, los cuales se organizaron en una cuadrilla helitransportada conformada por 11 combatientes abocados a tareas de contenci\u00f3n. Una segunda cuadrilla, integrada por 91 combatientes, se traslad\u00f3 a pie para trabajar sobre los focos que se encontraban a la altura del Cerro La Momia.<\/p>\n\n\n\n<p>Seg\u00fan lo indicado en el \u00faltimo parte, la guardia nocturna de anoche estuvo conformada por guardaparques y tres unidades de Bomberos Voluntarios con Kit forestal, para realizar recorridas y control sobre las poblaciones.<\/p>\n\n\n\n<p>El Servicio Provincial de Manejo del Fuego del Chubut, dependiente de la Secretar\u00eda de Bosques, colabora junto a instituciones como la Agencia Federal de Emergencias, el Ej\u00e9rcito Argentino, Polic\u00eda Federal, Gendarmer\u00eda Nacional, Administraci\u00f3n de Parques Nacionales, Bomberos Voluntarios, Vialidad Provincial y grupos de pobladores, prestadores y gu\u00edas, entre otros.<\/p>\n","protected":false},"excerpt":{"rendered":"<p>El Gobierno del Chubut, la Administraci\u00f3n de Parques Nacionales y la Agencia Federal de Emergencias trabajan de manera articulada para controlar el siniestro detectado el pasado 9 de diciembre en&hellip; <\/p>\n","protected":false},"author":2,"featured_media":19924,"comment_status":"closed","ping_status":"closed","sticky":false,"template":"","format":"standard","meta":{"footnotes":""},"categories":[15],"tags":[],"class_list":["post-19925","post","type-post","status-publish","format-standard","has-post-thumbnail","hentry","category-locales"],"yoast_head":"<!-- This site is optimized with the Yoast SEO plugin v27.4 - https:\/\/yoast.com\/product\/yoast-seo-wordpress\/ -->\n<title>Provincia y Naci\u00f3n intensifican el operativo para combatir el incendio forestal en el Parque Los Alerces\u00a0 - FM Patagonia Madryn<\/title>\n<meta name=\"robots\" content=\"index, follow, max-snippet:-1, max-image-preview:large, max-video-preview:-1\" \/>\n<link rel=\"canonical\" href=\"https:\/\/fmpatagoniamadryn.com.ar\/?p=19925\" \/>\n<meta property=\"og:locale\" content=\"es_ES\" \/>\n<meta property=\"og:type\" content=\"article\" \/>\n<meta property=\"og:title\" content=\"Provincia y Naci\u00f3n intensifican el operativo para combatir el incendio forestal en el Parque Los Alerces\u00a0 - FM Patagonia Madryn\" \/>\n<meta property=\"og:description\" content=\"El Gobierno del Chubut, la Administraci\u00f3n de Parques Nacionales y la Agencia Federal de Emergencias trabajan de manera articulada para controlar el siniestro detectado el pasado 9 de diciembre en&hellip;\" \/>\n<meta property=\"og:url\" content=\"https:\/\/fmpatagoniamadryn.com.ar\/?p=19925\" \/>\n<meta property=\"og:site_name\" content=\"FM Patagonia Madryn\" \/>\n<meta property=\"article:published_time\" content=\"2026-01-19T22:09:30+00:00\" \/>\n<meta property=\"og:image\" content=\"https:\/\/fmpatagoniamadryn.com.ar\/wp-content\/uploads\/2026\/01\/42a6af96-55f9-47a1-b874-3df81fdd7773.jpg\" \/>\n\t<meta property=\"og:image:width\" content=\"1280\" \/>\n\t<meta property=\"og:image:height\" content=\"960\" \/>\n\t<meta property=\"og:image:type\" content=\"image\/jpeg\" \/>\n<meta name=\"author\" content=\"FM Patagonia\" \/>\n<meta name=\"twitter:card\" content=\"summary_large_image\" \/>\n<meta name=\"twitter:label1\" content=\"Escrito por\" \/>\n\t<meta name=\"twitter:data1\" content=\"FM Patagonia\" \/>\n\t<meta name=\"twitter:label2\" content=\"Tiempo de lectura\" \/>\n\t<meta name=\"twitter:data2\" content=\"2 minutos\" \/>\n<script type=\"application\/ld+json\" class=\"yoast-schema-graph\">{\"@context\":\"https:\\\/\\\/schema.org\",\"@graph\":[{\"@type\":\"Article\",\"@id\":\"https:\\\/\\\/fmpatagoniamadryn.com.ar\\\/?p=19925#article\",\"isPartOf\":{\"@id\":\"https:\\\/\\\/fmpatagoniamadryn.com.ar\\\/?p=19925\"},\"author\":{\"name\":\"FM Patagonia\",\"@id\":\"https:\\\/\\\/fmpatagoniamadryn.com.ar\\\/#\\\/schema\\\/person\\\/8a3de4ad7efceacab06c1641c50303b7\"},\"headline\":\"Provincia y Naci\u00f3n intensifican el operativo para combatir el incendio forestal en el Parque Los Alerces\u00a0\",\"datePublished\":\"2026-01-19T22:09:30+00:00\",\"mainEntityOfPage\":{\"@id\":\"https:\\\/\\\/fmpatagoniamadryn.com.ar\\\/?p=19925\"},\"wordCount\":425,\"publisher\":{\"@id\":\"https:\\\/\\\/fmpatagoniamadryn.com.ar\\\/#organization\"},\"image\":{\"@id\":\"https:\\\/\\\/fmpatagoniamadryn.com.ar\\\/?p=19925#primaryimage\"},\"thumbnailUrl\":\"https:\\\/\\\/fmpatagoniamadryn.com.ar\\\/wp-content\\\/uploads\\\/2026\\\/01\\\/42a6af96-55f9-47a1-b874-3df81fdd7773.jpg\",\"articleSection\":[\"Locales\"],\"inLanguage\":\"es\"},{\"@type\":\"WebPage\",\"@id\":\"https:\\\/\\\/fmpatagoniamadryn.com.ar\\\/?p=19925\",\"url\":\"https:\\\/\\\/fmpatagoniamadryn.com.ar\\\/?p=19925\",\"name\":\"Provincia y Naci\u00f3n intensifican el operativo para combatir el incendio forestal en el Parque Los Alerces\u00a0 - FM Patagonia Madryn\",\"isPartOf\":{\"@id\":\"https:\\\/\\\/fmpatagoniamadryn.com.ar\\\/#website\"},\"primaryImageOfPage\":{\"@id\":\"https:\\\/\\\/fmpatagoniamadryn.com.ar\\\/?p=19925#primaryimage\"},\"image\":{\"@id\":\"https:\\\/\\\/fmpatagoniamadryn.com.ar\\\/?p=19925#primaryimage\"},\"thumbnailUrl\":\"https:\\\/\\\/fmpatagoniamadryn.com.ar\\\/wp-content\\\/uploads\\\/2026\\\/01\\\/42a6af96-55f9-47a1-b874-3df81fdd7773.jpg\",\"datePublished\":\"2026-01-19T22:09:30+00:00\",\"breadcrumb\":{\"@id\":\"https:\\\/\\\/fmpatagoniamadryn.com.ar\\\/?p=19925#breadcrumb\"},\"inLanguage\":\"es\",\"potentialAction\":[{\"@type\":\"ReadAction\",\"target\":[\"https:\\\/\\\/fmpatagoniamadryn.com.ar\\\/?p=19925\"]}]},{\"@type\":\"ImageObject\",\"inLanguage\":\"es\",\"@id\":\"https:\\\/\\\/fmpatagoniamadryn.com.ar\\\/?p=19925#primaryimage\",\"url\":\"https:\\\/\\\/fmpatagoniamadryn.com.ar\\\/wp-content\\\/uploads\\\/2026\\\/01\\\/42a6af96-55f9-47a1-b874-3df81fdd7773.jpg\",\"contentUrl\":\"https:\\\/\\\/fmpatagoniamadryn.com.ar\\\/wp-content\\\/uploads\\\/2026\\\/01\\\/42a6af96-55f9-47a1-b874-3df81fdd7773.jpg\",\"width\":1280,\"height\":960},{\"@type\":\"BreadcrumbList\",\"@id\":\"https:\\\/\\\/fmpatagoniamadryn.com.ar\\\/?p=19925#breadcrumb\",\"itemListElement\":[{\"@type\":\"ListItem\",\"position\":1,\"name\":\"Portada\",\"item\":\"https:\\\/\\\/fmpatagoniamadryn.com.ar\\\/\"},{\"@type\":\"ListItem\",\"position\":2,\"name\":\"Provincia y Naci\u00f3n intensifican el operativo para combatir el incendio forestal en el Parque Los Alerces\u00a0\"}]},{\"@type\":\"WebSite\",\"@id\":\"https:\\\/\\\/fmpatagoniamadryn.com.ar\\\/#website\",\"url\":\"https:\\\/\\\/fmpatagoniamadryn.com.ar\\\/\",\"name\":\"FM Patagonia Madryn\",\"description\":\"Radio Patagonia 105.5\",\"publisher\":{\"@id\":\"https:\\\/\\\/fmpatagoniamadryn.com.ar\\\/#organization\"},\"potentialAction\":[{\"@type\":\"SearchAction\",\"target\":{\"@type\":\"EntryPoint\",\"urlTemplate\":\"https:\\\/\\\/fmpatagoniamadryn.com.ar\\\/?s={search_term_string}\"},\"query-input\":{\"@type\":\"PropertyValueSpecification\",\"valueRequired\":true,\"valueName\":\"search_term_string\"}}],\"inLanguage\":\"es\"},{\"@type\":\"Organization\",\"@id\":\"https:\\\/\\\/fmpatagoniamadryn.com.ar\\\/#organization\",\"name\":\"FM Patagonia Madryn\",\"url\":\"https:\\\/\\\/fmpatagoniamadryn.com.ar\\\/\",\"logo\":{\"@type\":\"ImageObject\",\"inLanguage\":\"es\",\"@id\":\"https:\\\/\\\/fmpatagoniamadryn.com.ar\\\/#\\\/schema\\\/logo\\\/image\\\/\",\"url\":\"https:\\\/\\\/fmpatagoniamadryn.com.ar\\\/wp-content\\\/uploads\\\/2023\\\/01\\\/cropped-Diseno-sin-titulo.png\",\"contentUrl\":\"https:\\\/\\\/fmpatagoniamadryn.com.ar\\\/wp-content\\\/uploads\\\/2023\\\/01\\\/cropped-Diseno-sin-titulo.png\",\"width\":6911,\"height\":2657,\"caption\":\"FM Patagonia Madryn\"},\"image\":{\"@id\":\"https:\\\/\\\/fmpatagoniamadryn.com.ar\\\/#\\\/schema\\\/logo\\\/image\\\/\"}},{\"@type\":\"Person\",\"@id\":\"https:\\\/\\\/fmpatagoniamadryn.com.ar\\\/#\\\/schema\\\/person\\\/8a3de4ad7efceacab06c1641c50303b7\",\"name\":\"FM Patagonia\",\"url\":\"https:\\\/\\\/fmpatagoniamadryn.com.ar\\\/?author=2\"}]}<\/script>\n<!-- \/ Yoast SEO plugin. -->","yoast_head_json":{"title":"Provincia y Naci\u00f3n intensifican el operativo para combatir el incendio forestal en el Parque Los Alerces\u00a0 - FM Patagonia Madryn","robots":{"index":"index","follow":"follow","max-snippet":"max-snippet:-1","max-image-preview":"max-image-preview:large","max-video-preview":"max-video-preview:-1"},"canonical":"https:\/\/fmpatagoniamadryn.com.ar\/?p=19925","og_locale":"es_ES","og_type":"article","og_title":"Provincia y Naci\u00f3n intensifican el operativo para combatir el incendio forestal en el Parque Los Alerces\u00a0 - FM Patagonia Madryn","og_description":"El Gobierno del Chubut, la Administraci\u00f3n de Parques Nacionales y la Agencia Federal de Emergencias trabajan de manera articulada para controlar el siniestro detectado el pasado 9 de diciembre en&hellip;","og_url":"https:\/\/fmpatagoniamadryn.com.ar\/?p=19925","og_site_name":"FM Patagonia Madryn","article_published_time":"2026-01-19T22:09:30+00:00","og_image":[{"width":1280,"height":960,"url":"https:\/\/fmpatagoniamadryn.com.ar\/wp-content\/uploads\/2026\/01\/42a6af96-55f9-47a1-b874-3df81fdd7773.jpg","type":"image\/jpeg"}],"author":"FM Patagonia","twitter_card":"summary_large_image","twitter_misc":{"Escrito por":"FM Patagonia","Tiempo de lectura":"2 minutos"},"schema":{"@context":"https:\/\/schema.org","@graph":[{"@type":"Article","@id":"https:\/\/fmpatagoniamadryn.com.ar\/?p=19925#article","isPartOf":{"@id":"https:\/\/fmpatagoniamadryn.com.ar\/?p=19925"},"author":{"name":"FM Patagonia","@id":"https:\/\/fmpatagoniamadryn.com.ar\/#\/schema\/person\/8a3de4ad7efceacab06c1641c50303b7"},"headline":"Provincia y Naci\u00f3n intensifican el operativo para combatir el incendio forestal en el Parque Los Alerces\u00a0","datePublished":"2026-01-19T22:09:30+00:00","mainEntityOfPage":{"@id":"https:\/\/fmpatagoniamadryn.com.ar\/?p=19925"},"wordCount":425,"publisher":{"@id":"https:\/\/fmpatagoniamadryn.com.ar\/#organization"},"image":{"@id":"https:\/\/fmpatagoniamadryn.com.ar\/?p=19925#primaryimage"},"thumbnailUrl":"https:\/\/fmpatagoniamadryn.com.ar\/wp-content\/uploads\/2026\/01\/42a6af96-55f9-47a1-b874-3df81fdd7773.jpg","articleSection":["Locales"],"inLanguage":"es"},{"@type":"WebPage","@id":"https:\/\/fmpatagoniamadryn.com.ar\/?p=19925","url":"https:\/\/fmpatagoniamadryn.com.ar\/?p=19925","name":"Provincia y Naci\u00f3n intensifican el operativo para combatir el incendio forestal en el Parque Los Alerces\u00a0 - FM Patagonia Madryn","isPartOf":{"@id":"https:\/\/fmpatagoniamadryn.com.ar\/#website"},"primaryImageOfPage":{"@id":"https:\/\/fmpatagoniamadryn.com.ar\/?p=19925#primaryimage"},"image":{"@id":"https:\/\/fmpatagoniamadryn.com.ar\/?p=19925#primaryimage"},"thumbnailUrl":"https:\/\/fmpatagoniamadryn.com.ar\/wp-content\/uploads\/2026\/01\/42a6af96-55f9-47a1-b874-3df81fdd7773.jpg","datePublished":"2026-01-19T22:09:30+00:00","breadcrumb":{"@id":"https:\/\/fmpatagoniamadryn.com.ar\/?p=19925#breadcrumb"},"inLanguage":"es","potentialAction":[{"@type":"ReadAction","target":["https:\/\/fmpatagoniamadryn.com.ar\/?p=19925"]}]},{"@type":"ImageObject","inLanguage":"es","@id":"https:\/\/fmpatagoniamadryn.com.ar\/?p=19925#primaryimage","url":"https:\/\/fmpatagoniamadryn.com.ar\/wp-content\/uploads\/2026\/01\/42a6af96-55f9-47a1-b874-3df81fdd7773.jpg","contentUrl":"https:\/\/fmpatagoniamadryn.com.ar\/wp-content\/uploads\/2026\/01\/42a6af96-55f9-47a1-b874-3df81fdd7773.jpg","width":1280,"height":960},{"@type":"BreadcrumbList","@id":"https:\/\/fmpatagoniamadryn.com.ar\/?p=19925#breadcrumb","itemListElement":[{"@type":"ListItem","position":1,"name":"Portada","item":"https:\/\/fmpatagoniamadryn.com.ar\/"},{"@type":"ListItem","position":2,"name":"Provincia y Naci\u00f3n intensifican el operativo para combatir el incendio forestal en el Parque Los Alerces\u00a0"}]},{"@type":"WebSite","@id":"https:\/\/fmpatagoniamadryn.com.ar\/#website","url":"https:\/\/fmpatagoniamadryn.com.ar\/","name":"FM Patagonia Madryn","description":"Radio Patagonia 105.5","publisher":{"@id":"https:\/\/fmpatagoniamadryn.com.ar\/#organization"},"potentialAction":[{"@type":"SearchAction","target":{"@type":"EntryPoint","urlTemplate":"https:\/\/fmpatagoniamadryn.com.ar\/?s={search_term_string}"},"query-input":{"@type":"PropertyValueSpecification","valueRequired":true,"valueName":"search_term_string"}}],"inLanguage":"es"},{"@type":"Organization","@id":"https:\/\/fmpatagoniamadryn.com.ar\/#organization","name":"FM Patagonia Madryn","url":"https:\/\/fmpatagoniamadryn.com.ar\/","logo":{"@type":"ImageObject","inLanguage":"es","@id":"https:\/\/fmpatagoniamadryn.com.ar\/#\/schema\/logo\/image\/","url":"https:\/\/fmpatagoniamadryn.com.ar\/wp-content\/uploads\/2023\/01\/cropped-Diseno-sin-titulo.png","contentUrl":"https:\/\/fmpatagoniamadryn.com.ar\/wp-content\/uploads\/2023\/01\/cropped-Diseno-sin-titulo.png","width":6911,"height":2657,"caption":"FM Patagonia Madryn"},"image":{"@id":"https:\/\/fmpatagoniamadryn.com.ar\/#\/schema\/logo\/image\/"}},{"@type":"Person","@id":"https:\/\/fmpatagoniamadryn.com.ar\/#\/schema\/person\/8a3de4ad7efceacab06c1641c50303b7","name":"FM Patagonia","url":"https:\/\/fmpatagoniamadryn.com.ar\/?author=2"}]}},"jetpack_featured_media_url":"https:\/\/fmpatagoniamadryn.com.ar\/wp-content\/uploads\/2026\/01\/42a6af96-55f9-47a1-b874-3df81fdd7773.jpg","_links":{"self":[{"href":"https:\/\/fmpatagoniamadryn.com.ar\/index.php?rest_route=\/wp\/v2\/posts\/19925","targetHints":{"allow":["GET"]}}],"collection":[{"href":"https:\/\/fmpatagoniamadryn.com.ar\/index.php?rest_route=\/wp\/v2\/posts"}],"about":[{"href":"https:\/\/fmpatagoniamadryn.com.ar\/index.php?rest_route=\/wp\/v2\/types\/post"}],"author":[{"embeddable":true,"href":"https:\/\/fmpatagoniamadryn.com.ar\/index.php?rest_route=\/wp\/v2\/users\/2"}],"replies":[{"embeddable":true,"href":"https:\/\/fmpatagoniamadryn.com.ar\/index.php?rest_route=%2Fwp%2Fv2%2Fcomments&post=19925"}],"version-history":[{"count":1,"href":"https:\/\/fmpatagoniamadryn.com.ar\/index.php?rest_route=\/wp\/v2\/posts\/19925\/revisions"}],"predecessor-version":[{"id":19926,"href":"https:\/\/fmpatagoniamadryn.com.ar\/index.php?rest_route=\/wp\/v2\/posts\/19925\/revisions\/19926"}],"wp:featuredmedia":[{"embeddable":true,"href":"https:\/\/fmpatagoniamadryn.com.ar\/index.php?rest_route=\/wp\/v2\/media\/19924"}],"wp:attachment":[{"href":"https:\/\/fmpatagoniamadryn.com.ar\/index.php?rest_route=%2Fwp%2Fv2%2Fmedia&parent=19925"}],"wp:term":[{"taxonomy":"category","embeddable":true,"href":"https:\/\/fmpatagoniamadryn.com.ar\/index.php?rest_route=%2Fwp%2Fv2%2Fcategories&post=19925"},{"taxonomy":"post_tag","embeddable":true,"href":"https:\/\/fmpatagoniamadryn.com.ar\/index.php?rest_route=%2Fwp%2Fv2%2Ftags&post=19925"}],"curies":[{"name":"wp","href":"https:\/\/api.w.org\/{rel}","templated":true}]}}