{"id":19937,"date":"2026-01-20T08:51:12","date_gmt":"2026-01-20T11:51:12","guid":{"rendered":"https:\/\/fmpatagoniamadryn.com.ar\/?p=19937"},"modified":"2026-01-20T08:51:12","modified_gmt":"2026-01-20T11:51:12","slug":"victor-fratto-advirtio-sobre-el-impacto-turistico-del-cierre-de-miradores-en-peninsula-valdes","status":"publish","type":"post","link":"https:\/\/fmpatagoniamadryn.com.ar\/?p=19937","title":{"rendered":"V\u00edctor Fratto advirti\u00f3 sobre el impacto tur\u00edstico del cierre de miradores en Pen\u00ednsula Vald\u00e9s"},"content":{"rendered":"\n<p class=\"p1\"><\/p>\n\n\n\n<p class=\"p3\">En di\u00e1logo con <a href=\"chatgpt:\/\/generic-entity?number=0\">Gustavo Huentelaf<\/a>, periodista de <a href=\"chatgpt:\/\/generic-entity?number=1\">FM Patagonia 105.5<\/a>, el especialista en conservaci\u00f3n y fauna <a href=\"chatgpt:\/\/generic-entity?number=2\">V\u00edctor Fratto<\/a> expres\u00f3 su preocupaci\u00f3n por el cierre de miradores hist\u00f3ricos en Pen\u00ednsula Vald\u00e9s y el perjuicio que esta situaci\u00f3n genera para el turismo y la imagen del destino.<\/p>\n\n\n\n<p class=\"p3\">Fratto sostuvo que, si bien se trata de un espacio ubicado dentro de una propiedad privada, el cierre intempestivo de un mirador de uso p\u00fablico y con fuerte valor simb\u00f3lico representa un da\u00f1o significativo para la actividad tur\u00edstica. En ese sentido, explic\u00f3 que muchos visitantes recorren grandes distancias y, al encontrarse con el acceso cerrado, se llevan una mala experiencia que luego transmiten a otros potenciales turistas.<\/p>\n\n\n\n<p class=\"p3\">Consultado sobre los argumentos ambientales utilizados para justificar el cierre, especialmente los vinculados a una posible afectaci\u00f3n a los ping\u00fcinos por las pasarelas, el especialista fue categ\u00f3rico al se\u00f1alar que no existe sustento t\u00e9cnico para esa postura. Indic\u00f3 que est\u00e1 ampliamente comprobado que los ping\u00fcinos conviven desde hace d\u00e9cadas con estructuras humanas y que, incluso, en muchos casos presentan mayor \u00e9xito reproductivo al nidificar bajo pasarelas o edificaciones.<\/p>\n\n\n\n<p class=\"p3\">El entrevistado remarc\u00f3 que la situaci\u00f3n deber\u00eda resolverse a trav\u00e9s del di\u00e1logo, buscando un acuerdo que compatibilice los intereses de los propietarios con el inter\u00e9s p\u00fablico de mantener abiertos espacios tur\u00edsticos tradicionales. \u201cNo se puede cerrar un lugar emblem\u00e1tico sin medir el impacto que eso genera en el destino\u201d, afirm\u00f3.<\/p>\n\n\n\n<p class=\"p3\">Finalmente, Fratto se mostr\u00f3 optimista respecto a la posibilidad de alcanzar una soluci\u00f3n consensuada y destac\u00f3 que las autoridades del \u00e1rea de Turismo se encuentran trabajando para evitar que esta situaci\u00f3n contin\u00fae afectando negativamente a Pen\u00ednsula Vald\u00e9s en plena temporada.<\/p>\n","protected":false},"excerpt":{"rendered":"<p>En di\u00e1logo con Gustavo Huentelaf, periodista de FM Patagonia 105.5, el especialista en conservaci\u00f3n y fauna V\u00edctor Fratto expres\u00f3 su preocupaci\u00f3n por el cierre de miradores hist\u00f3ricos en Pen\u00ednsula Vald\u00e9s&hellip; <\/p>\n","protected":false},"author":2,"featured_media":19936,"comment_status":"closed","ping_status":"closed","sticky":false,"template":"","format":"standard","meta":{"footnotes":""},"categories":[14],"tags":[],"class_list":["post-19937","post","type-post","status-publish","format-standard","has-post-thumbnail","hentry","category-provinciales"],"yoast_head":"<!-- This site is optimized with the Yoast SEO plugin v27.4 - https:\/\/yoast.com\/product\/yoast-seo-wordpress\/ -->\n<title>V\u00edctor Fratto advirti\u00f3 sobre el impacto tur\u00edstico del cierre de miradores en Pen\u00ednsula Vald\u00e9s - FM Patagonia Madryn<\/title>\n<meta name=\"robots\" content=\"index, follow, max-snippet:-1, max-image-preview:large, max-video-preview:-1\" \/>\n<link rel=\"canonical\" href=\"https:\/\/fmpatagoniamadryn.com.ar\/?p=19937\" \/>\n<meta property=\"og:locale\" content=\"es_ES\" \/>\n<meta property=\"og:type\" content=\"article\" \/>\n<meta property=\"og:title\" content=\"V\u00edctor Fratto advirti\u00f3 sobre el impacto tur\u00edstico del cierre de miradores en Pen\u00ednsula Vald\u00e9s - FM Patagonia Madryn\" \/>\n<meta property=\"og:description\" content=\"En di\u00e1logo con Gustavo Huentelaf, periodista de FM Patagonia 105.5, el especialista en conservaci\u00f3n y fauna V\u00edctor Fratto expres\u00f3 su preocupaci\u00f3n por el cierre de miradores hist\u00f3ricos en Pen\u00ednsula Vald\u00e9s&hellip;\" \/>\n<meta property=\"og:url\" content=\"https:\/\/fmpatagoniamadryn.com.ar\/?p=19937\" \/>\n<meta property=\"og:site_name\" content=\"FM Patagonia Madryn\" \/>\n<meta property=\"article:published_time\" content=\"2026-01-20T11:51:12+00:00\" \/>\n<meta property=\"og:image\" content=\"https:\/\/fmpatagoniamadryn.com.ar\/wp-content\/uploads\/2026\/01\/img_7587.jpg\" \/>\n\t<meta property=\"og:image:width\" content=\"900\" \/>\n\t<meta property=\"og:image:height\" content=\"506\" \/>\n\t<meta property=\"og:image:type\" content=\"image\/jpeg\" \/>\n<meta name=\"author\" content=\"FM Patagonia\" \/>\n<meta name=\"twitter:card\" content=\"summary_large_image\" \/>\n<meta name=\"twitter:label1\" content=\"Escrito por\" \/>\n\t<meta name=\"twitter:data1\" content=\"FM Patagonia\" \/>\n\t<meta name=\"twitter:label2\" content=\"Tiempo de lectura\" \/>\n\t<meta name=\"twitter:data2\" content=\"2 minutos\" \/>\n<script type=\"application\/ld+json\" class=\"yoast-schema-graph\">{\"@context\":\"https:\\\/\\\/schema.org\",\"@graph\":[{\"@type\":\"Article\",\"@id\":\"https:\\\/\\\/fmpatagoniamadryn.com.ar\\\/?p=19937#article\",\"isPartOf\":{\"@id\":\"https:\\\/\\\/fmpatagoniamadryn.com.ar\\\/?p=19937\"},\"author\":{\"name\":\"FM Patagonia\",\"@id\":\"https:\\\/\\\/fmpatagoniamadryn.com.ar\\\/#\\\/schema\\\/person\\\/8a3de4ad7efceacab06c1641c50303b7\"},\"headline\":\"V\u00edctor Fratto advirti\u00f3 sobre el impacto tur\u00edstico del cierre de miradores en Pen\u00ednsula Vald\u00e9s\",\"datePublished\":\"2026-01-20T11:51:12+00:00\",\"mainEntityOfPage\":{\"@id\":\"https:\\\/\\\/fmpatagoniamadryn.com.ar\\\/?p=19937\"},\"wordCount\":319,\"publisher\":{\"@id\":\"https:\\\/\\\/fmpatagoniamadryn.com.ar\\\/#organization\"},\"image\":{\"@id\":\"https:\\\/\\\/fmpatagoniamadryn.com.ar\\\/?p=19937#primaryimage\"},\"thumbnailUrl\":\"https:\\\/\\\/fmpatagoniamadryn.com.ar\\\/wp-content\\\/uploads\\\/2026\\\/01\\\/img_7587.jpg\",\"articleSection\":[\"Provinciales\"],\"inLanguage\":\"es\"},{\"@type\":\"WebPage\",\"@id\":\"https:\\\/\\\/fmpatagoniamadryn.com.ar\\\/?p=19937\",\"url\":\"https:\\\/\\\/fmpatagoniamadryn.com.ar\\\/?p=19937\",\"name\":\"V\u00edctor Fratto advirti\u00f3 sobre el impacto tur\u00edstico del cierre de miradores en Pen\u00ednsula Vald\u00e9s - FM Patagonia Madryn\",\"isPartOf\":{\"@id\":\"https:\\\/\\\/fmpatagoniamadryn.com.ar\\\/#website\"},\"primaryImageOfPage\":{\"@id\":\"https:\\\/\\\/fmpatagoniamadryn.com.ar\\\/?p=19937#primaryimage\"},\"image\":{\"@id\":\"https:\\\/\\\/fmpatagoniamadryn.com.ar\\\/?p=19937#primaryimage\"},\"thumbnailUrl\":\"https:\\\/\\\/fmpatagoniamadryn.com.ar\\\/wp-content\\\/uploads\\\/2026\\\/01\\\/img_7587.jpg\",\"datePublished\":\"2026-01-20T11:51:12+00:00\",\"breadcrumb\":{\"@id\":\"https:\\\/\\\/fmpatagoniamadryn.com.ar\\\/?p=19937#breadcrumb\"},\"inLanguage\":\"es\",\"potentialAction\":[{\"@type\":\"ReadAction\",\"target\":[\"https:\\\/\\\/fmpatagoniamadryn.com.ar\\\/?p=19937\"]}]},{\"@type\":\"ImageObject\",\"inLanguage\":\"es\",\"@id\":\"https:\\\/\\\/fmpatagoniamadryn.com.ar\\\/?p=19937#primaryimage\",\"url\":\"https:\\\/\\\/fmpatagoniamadryn.com.ar\\\/wp-content\\\/uploads\\\/2026\\\/01\\\/img_7587.jpg\",\"contentUrl\":\"https:\\\/\\\/fmpatagoniamadryn.com.ar\\\/wp-content\\\/uploads\\\/2026\\\/01\\\/img_7587.jpg\",\"width\":900,\"height\":506},{\"@type\":\"BreadcrumbList\",\"@id\":\"https:\\\/\\\/fmpatagoniamadryn.com.ar\\\/?p=19937#breadcrumb\",\"itemListElement\":[{\"@type\":\"ListItem\",\"position\":1,\"name\":\"Portada\",\"item\":\"https:\\\/\\\/fmpatagoniamadryn.com.ar\\\/\"},{\"@type\":\"ListItem\",\"position\":2,\"name\":\"V\u00edctor Fratto advirti\u00f3 sobre el impacto tur\u00edstico del cierre de miradores en Pen\u00ednsula Vald\u00e9s\"}]},{\"@type\":\"WebSite\",\"@id\":\"https:\\\/\\\/fmpatagoniamadryn.com.ar\\\/#website\",\"url\":\"https:\\\/\\\/fmpatagoniamadryn.com.ar\\\/\",\"name\":\"FM Patagonia Madryn\",\"description\":\"Radio Patagonia 105.5\",\"publisher\":{\"@id\":\"https:\\\/\\\/fmpatagoniamadryn.com.ar\\\/#organization\"},\"potentialAction\":[{\"@type\":\"SearchAction\",\"target\":{\"@type\":\"EntryPoint\",\"urlTemplate\":\"https:\\\/\\\/fmpatagoniamadryn.com.ar\\\/?s={search_term_string}\"},\"query-input\":{\"@type\":\"PropertyValueSpecification\",\"valueRequired\":true,\"valueName\":\"search_term_string\"}}],\"inLanguage\":\"es\"},{\"@type\":\"Organization\",\"@id\":\"https:\\\/\\\/fmpatagoniamadryn.com.ar\\\/#organization\",\"name\":\"FM Patagonia Madryn\",\"url\":\"https:\\\/\\\/fmpatagoniamadryn.com.ar\\\/\",\"logo\":{\"@type\":\"ImageObject\",\"inLanguage\":\"es\",\"@id\":\"https:\\\/\\\/fmpatagoniamadryn.com.ar\\\/#\\\/schema\\\/logo\\\/image\\\/\",\"url\":\"https:\\\/\\\/fmpatagoniamadryn.com.ar\\\/wp-content\\\/uploads\\\/2023\\\/01\\\/cropped-Diseno-sin-titulo.png\",\"contentUrl\":\"https:\\\/\\\/fmpatagoniamadryn.com.ar\\\/wp-content\\\/uploads\\\/2023\\\/01\\\/cropped-Diseno-sin-titulo.png\",\"width\":6911,\"height\":2657,\"caption\":\"FM Patagonia Madryn\"},\"image\":{\"@id\":\"https:\\\/\\\/fmpatagoniamadryn.com.ar\\\/#\\\/schema\\\/logo\\\/image\\\/\"}},{\"@type\":\"Person\",\"@id\":\"https:\\\/\\\/fmpatagoniamadryn.com.ar\\\/#\\\/schema\\\/person\\\/8a3de4ad7efceacab06c1641c50303b7\",\"name\":\"FM Patagonia\",\"url\":\"https:\\\/\\\/fmpatagoniamadryn.com.ar\\\/?author=2\"}]}<\/script>\n<!-- \/ Yoast SEO plugin. -->","yoast_head_json":{"title":"V\u00edctor Fratto advirti\u00f3 sobre el impacto tur\u00edstico del cierre de miradores en Pen\u00ednsula Vald\u00e9s - FM Patagonia Madryn","robots":{"index":"index","follow":"follow","max-snippet":"max-snippet:-1","max-image-preview":"max-image-preview:large","max-video-preview":"max-video-preview:-1"},"canonical":"https:\/\/fmpatagoniamadryn.com.ar\/?p=19937","og_locale":"es_ES","og_type":"article","og_title":"V\u00edctor Fratto advirti\u00f3 sobre el impacto tur\u00edstico del cierre de miradores en Pen\u00ednsula Vald\u00e9s - FM Patagonia Madryn","og_description":"En di\u00e1logo con Gustavo Huentelaf, periodista de FM Patagonia 105.5, el especialista en conservaci\u00f3n y fauna V\u00edctor Fratto expres\u00f3 su preocupaci\u00f3n por el cierre de miradores hist\u00f3ricos en Pen\u00ednsula Vald\u00e9s&hellip;","og_url":"https:\/\/fmpatagoniamadryn.com.ar\/?p=19937","og_site_name":"FM Patagonia Madryn","article_published_time":"2026-01-20T11:51:12+00:00","og_image":[{"width":900,"height":506,"url":"https:\/\/fmpatagoniamadryn.com.ar\/wp-content\/uploads\/2026\/01\/img_7587.jpg","type":"image\/jpeg"}],"author":"FM Patagonia","twitter_card":"summary_large_image","twitter_misc":{"Escrito por":"FM Patagonia","Tiempo de lectura":"2 minutos"},"schema":{"@context":"https:\/\/schema.org","@graph":[{"@type":"Article","@id":"https:\/\/fmpatagoniamadryn.com.ar\/?p=19937#article","isPartOf":{"@id":"https:\/\/fmpatagoniamadryn.com.ar\/?p=19937"},"author":{"name":"FM Patagonia","@id":"https:\/\/fmpatagoniamadryn.com.ar\/#\/schema\/person\/8a3de4ad7efceacab06c1641c50303b7"},"headline":"V\u00edctor Fratto advirti\u00f3 sobre el impacto tur\u00edstico del cierre de miradores en Pen\u00ednsula Vald\u00e9s","datePublished":"2026-01-20T11:51:12+00:00","mainEntityOfPage":{"@id":"https:\/\/fmpatagoniamadryn.com.ar\/?p=19937"},"wordCount":319,"publisher":{"@id":"https:\/\/fmpatagoniamadryn.com.ar\/#organization"},"image":{"@id":"https:\/\/fmpatagoniamadryn.com.ar\/?p=19937#primaryimage"},"thumbnailUrl":"https:\/\/fmpatagoniamadryn.com.ar\/wp-content\/uploads\/2026\/01\/img_7587.jpg","articleSection":["Provinciales"],"inLanguage":"es"},{"@type":"WebPage","@id":"https:\/\/fmpatagoniamadryn.com.ar\/?p=19937","url":"https:\/\/fmpatagoniamadryn.com.ar\/?p=19937","name":"V\u00edctor Fratto advirti\u00f3 sobre el impacto tur\u00edstico del cierre de miradores en Pen\u00ednsula Vald\u00e9s - FM Patagonia Madryn","isPartOf":{"@id":"https:\/\/fmpatagoniamadryn.com.ar\/#website"},"primaryImageOfPage":{"@id":"https:\/\/fmpatagoniamadryn.com.ar\/?p=19937#primaryimage"},"image":{"@id":"https:\/\/fmpatagoniamadryn.com.ar\/?p=19937#primaryimage"},"thumbnailUrl":"https:\/\/fmpatagoniamadryn.com.ar\/wp-content\/uploads\/2026\/01\/img_7587.jpg","datePublished":"2026-01-20T11:51:12+00:00","breadcrumb":{"@id":"https:\/\/fmpatagoniamadryn.com.ar\/?p=19937#breadcrumb"},"inLanguage":"es","potentialAction":[{"@type":"ReadAction","target":["https:\/\/fmpatagoniamadryn.com.ar\/?p=19937"]}]},{"@type":"ImageObject","inLanguage":"es","@id":"https:\/\/fmpatagoniamadryn.com.ar\/?p=19937#primaryimage","url":"https:\/\/fmpatagoniamadryn.com.ar\/wp-content\/uploads\/2026\/01\/img_7587.jpg","contentUrl":"https:\/\/fmpatagoniamadryn.com.ar\/wp-content\/uploads\/2026\/01\/img_7587.jpg","width":900,"height":506},{"@type":"BreadcrumbList","@id":"https:\/\/fmpatagoniamadryn.com.ar\/?p=19937#breadcrumb","itemListElement":[{"@type":"ListItem","position":1,"name":"Portada","item":"https:\/\/fmpatagoniamadryn.com.ar\/"},{"@type":"ListItem","position":2,"name":"V\u00edctor Fratto advirti\u00f3 sobre el impacto tur\u00edstico del cierre de miradores en Pen\u00ednsula Vald\u00e9s"}]},{"@type":"WebSite","@id":"https:\/\/fmpatagoniamadryn.com.ar\/#website","url":"https:\/\/fmpatagoniamadryn.com.ar\/","name":"FM Patagonia Madryn","description":"Radio Patagonia 105.5","publisher":{"@id":"https:\/\/fmpatagoniamadryn.com.ar\/#organization"},"potentialAction":[{"@type":"SearchAction","target":{"@type":"EntryPoint","urlTemplate":"https:\/\/fmpatagoniamadryn.com.ar\/?s={search_term_string}"},"query-input":{"@type":"PropertyValueSpecification","valueRequired":true,"valueName":"search_term_string"}}],"inLanguage":"es"},{"@type":"Organization","@id":"https:\/\/fmpatagoniamadryn.com.ar\/#organization","name":"FM Patagonia Madryn","url":"https:\/\/fmpatagoniamadryn.com.ar\/","logo":{"@type":"ImageObject","inLanguage":"es","@id":"https:\/\/fmpatagoniamadryn.com.ar\/#\/schema\/logo\/image\/","url":"https:\/\/fmpatagoniamadryn.com.ar\/wp-content\/uploads\/2023\/01\/cropped-Diseno-sin-titulo.png","contentUrl":"https:\/\/fmpatagoniamadryn.com.ar\/wp-content\/uploads\/2023\/01\/cropped-Diseno-sin-titulo.png","width":6911,"height":2657,"caption":"FM Patagonia Madryn"},"image":{"@id":"https:\/\/fmpatagoniamadryn.com.ar\/#\/schema\/logo\/image\/"}},{"@type":"Person","@id":"https:\/\/fmpatagoniamadryn.com.ar\/#\/schema\/person\/8a3de4ad7efceacab06c1641c50303b7","name":"FM Patagonia","url":"https:\/\/fmpatagoniamadryn.com.ar\/?author=2"}]}},"jetpack_featured_media_url":"https:\/\/fmpatagoniamadryn.com.ar\/wp-content\/uploads\/2026\/01\/img_7587.jpg","_links":{"self":[{"href":"https:\/\/fmpatagoniamadryn.com.ar\/index.php?rest_route=\/wp\/v2\/posts\/19937","targetHints":{"allow":["GET"]}}],"collection":[{"href":"https:\/\/fmpatagoniamadryn.com.ar\/index.php?rest_route=\/wp\/v2\/posts"}],"about":[{"href":"https:\/\/fmpatagoniamadryn.com.ar\/index.php?rest_route=\/wp\/v2\/types\/post"}],"author":[{"embeddable":true,"href":"https:\/\/fmpatagoniamadryn.com.ar\/index.php?rest_route=\/wp\/v2\/users\/2"}],"replies":[{"embeddable":true,"href":"https:\/\/fmpatagoniamadryn.com.ar\/index.php?rest_route=%2Fwp%2Fv2%2Fcomments&post=19937"}],"version-history":[{"count":1,"href":"https:\/\/fmpatagoniamadryn.com.ar\/index.php?rest_route=\/wp\/v2\/posts\/19937\/revisions"}],"predecessor-version":[{"id":19938,"href":"https:\/\/fmpatagoniamadryn.com.ar\/index.php?rest_route=\/wp\/v2\/posts\/19937\/revisions\/19938"}],"wp:featuredmedia":[{"embeddable":true,"href":"https:\/\/fmpatagoniamadryn.com.ar\/index.php?rest_route=\/wp\/v2\/media\/19936"}],"wp:attachment":[{"href":"https:\/\/fmpatagoniamadryn.com.ar\/index.php?rest_route=%2Fwp%2Fv2%2Fmedia&parent=19937"}],"wp:term":[{"taxonomy":"category","embeddable":true,"href":"https:\/\/fmpatagoniamadryn.com.ar\/index.php?rest_route=%2Fwp%2Fv2%2Fcategories&post=19937"},{"taxonomy":"post_tag","embeddable":true,"href":"https:\/\/fmpatagoniamadryn.com.ar\/index.php?rest_route=%2Fwp%2Fv2%2Ftags&post=19937"}],"curies":[{"name":"wp","href":"https:\/\/api.w.org\/{rel}","templated":true}]}}