{"id":19943,"date":"2026-01-20T11:08:28","date_gmt":"2026-01-20T14:08:28","guid":{"rendered":"https:\/\/fmpatagoniamadryn.com.ar\/?p=19943"},"modified":"2026-01-20T11:08:28","modified_gmt":"2026-01-20T14:08:28","slug":"declararon-la-emergencia-geologica-y-urbanistica-en-comodoro-rivadavia-tras-un-deslizamiento-en-el-cerro-hermitte","status":"publish","type":"post","link":"https:\/\/fmpatagoniamadryn.com.ar\/?p=19943","title":{"rendered":"Declararon la Emergencia Geol\u00f3gica y Urban\u00edstica en Comodoro Rivadavia tras un deslizamiento en el cerro Hermitte"},"content":{"rendered":"\n<p class=\"p1\"><\/p>\n\n\n\n<p class=\"p3\">El Concejo Deliberante de <a href=\"chatgpt:\/\/generic-entity?number=0\">Comodoro Rivadavia<\/a> declar\u00f3 la Emergencia Geol\u00f3gica y Urban\u00edstica en el sector del cerro Hermitte, luego del colapso registrado en la ladera sur, que provoc\u00f3 importantes da\u00f1os materiales y oblig\u00f3 a evacuar a m\u00e1s de 90 familias de los barrios Sismogr\u00e1fica y El Marquesado.<\/p>\n\n\n\n<p class=\"p3\">El desplazamiento de grandes masas de tierra se produjo durante la madrugada del domingo y afect\u00f3 viviendas, instalaciones y servicios, extendi\u00e9ndose incluso hacia zonas bajas como el sector donde se encuentra la cancha de golf. Las tareas de asistencia y control se concentraron tambi\u00e9n en el barrio Los Tilos, uno de los m\u00e1s impactados por el fen\u00f3meno.<\/p>\n\n\n\n<p class=\"p3\">Seg\u00fan explic\u00f3 <a href=\"chatgpt:\/\/generic-entity?number=1\">Jos\u00e9 Paredes<\/a>, doctor en Geolog\u00eda y profesor titular de la <a href=\"chatgpt:\/\/generic-entity?number=2\">Universidad Nacional de la Patagonia San Juan Bosco<\/a>, el \u00e1rea afectada corresponde a un deslizamiento hist\u00f3rico, anterior al desarrollo urbano. El especialista indic\u00f3 que el evento actual representa una reactivaci\u00f3n de una inestabilidad preexistente, vinculada a la presencia de arcillas expansivas y formaciones rocosas deformadas, que incrementan la vulnerabilidad del terreno frente a lluvias o variaciones en la humedad.<\/p>\n\n\n\n<p class=\"p3\">Paredes detall\u00f3 que el desplazamiento alcanza una extensi\u00f3n aproximada de 1.500 metros y record\u00f3 que la ciudad cuenta con antecedentes de situaciones similares tanto en el cerro Hermitte como en sectores de Caballerizas y Saavedra. En ese sentido, mencion\u00f3 episodios registrados en 1995, 2017 y 2023, algunos de los cuales afectaron la Ruta Nacional N\u00ba 3.<\/p>\n\n\n\n<p class=\"p3\">El ge\u00f3logo advirti\u00f3 que se trata de un evento de gran escala y que el proceso a\u00fan contin\u00faa, por lo que no se descarta la posibilidad de nuevas reactivaciones, aunque de menor magnitud. Asimismo, remarc\u00f3 que la principal recomendaci\u00f3n t\u00e9cnica es no volver a habitar ni urbanizar el \u00e1rea afectada, debido al alto riesgo de futuros deslizamientos.<\/p>\n\n\n\n<p class=\"p3\">La emergencia tendr\u00e1 una vigencia de 90 d\u00edas y contempla un operativo integral que incluye evacuaci\u00f3n priorizada, restricci\u00f3n de accesos, monitoreo permanente del terreno y relevamientos estructurales vivienda por vivienda. En paralelo, el Municipio, junto a Defensa Civil, Bomberos Voluntarios y la Polic\u00eda, trabaja en la seguridad del sector y en el resguardo de los bienes, adem\u00e1s de facilitar reubicaciones temporales para las familias damnificadas.<\/p>\n\n\n\n<p class=\"p3\">Desde el Ejecutivo municipal, encabezado por el intendente <a href=\"chatgpt:\/\/generic-entity?number=3\">Othar Macharashvili<\/a>, se\u00f1alaron la necesidad de avanzar en evaluaciones individualizadas de cada caso, priorizando soluciones habitacionales y asistencia integral para los vecinos afectados.<\/p>\n","protected":false},"excerpt":{"rendered":"<p>El Concejo Deliberante de Comodoro Rivadavia declar\u00f3 la Emergencia Geol\u00f3gica y Urban\u00edstica en el sector del cerro Hermitte, luego del colapso registrado en la ladera sur, que provoc\u00f3 importantes da\u00f1os&hellip; <\/p>\n","protected":false},"author":2,"featured_media":19942,"comment_status":"closed","ping_status":"closed","sticky":false,"template":"","format":"standard","meta":{"footnotes":""},"categories":[14],"tags":[],"class_list":["post-19943","post","type-post","status-publish","format-standard","has-post-thumbnail","hentry","category-provinciales"],"yoast_head":"<!-- This site is optimized with the Yoast SEO plugin v27.4 - https:\/\/yoast.com\/product\/yoast-seo-wordpress\/ -->\n<title>Declararon la Emergencia Geol\u00f3gica y Urban\u00edstica en Comodoro Rivadavia tras un deslizamiento en el cerro Hermitte - FM Patagonia Madryn<\/title>\n<meta name=\"robots\" content=\"index, follow, max-snippet:-1, max-image-preview:large, max-video-preview:-1\" \/>\n<link rel=\"canonical\" href=\"https:\/\/fmpatagoniamadryn.com.ar\/?p=19943\" \/>\n<meta property=\"og:locale\" content=\"es_ES\" \/>\n<meta property=\"og:type\" content=\"article\" \/>\n<meta property=\"og:title\" content=\"Declararon la Emergencia Geol\u00f3gica y Urban\u00edstica en Comodoro Rivadavia tras un deslizamiento en el cerro Hermitte - FM Patagonia Madryn\" \/>\n<meta property=\"og:description\" content=\"El Concejo Deliberante de Comodoro Rivadavia declar\u00f3 la Emergencia Geol\u00f3gica y Urban\u00edstica en el sector del cerro Hermitte, luego del colapso registrado en la ladera sur, que provoc\u00f3 importantes da\u00f1os&hellip;\" \/>\n<meta property=\"og:url\" content=\"https:\/\/fmpatagoniamadryn.com.ar\/?p=19943\" \/>\n<meta property=\"og:site_name\" content=\"FM Patagonia Madryn\" \/>\n<meta property=\"article:published_time\" content=\"2026-01-20T14:08:28+00:00\" \/>\n<meta property=\"og:image\" content=\"https:\/\/fmpatagoniamadryn.com.ar\/wp-content\/uploads\/2026\/01\/img_7602.jpg\" \/>\n\t<meta property=\"og:image:width\" content=\"992\" \/>\n\t<meta property=\"og:image:height\" content=\"992\" \/>\n\t<meta property=\"og:image:type\" content=\"image\/jpeg\" \/>\n<meta name=\"author\" content=\"FM Patagonia\" \/>\n<meta name=\"twitter:card\" content=\"summary_large_image\" \/>\n<meta name=\"twitter:label1\" content=\"Escrito por\" \/>\n\t<meta name=\"twitter:data1\" content=\"FM Patagonia\" \/>\n\t<meta name=\"twitter:label2\" content=\"Tiempo de lectura\" \/>\n\t<meta name=\"twitter:data2\" content=\"2 minutos\" \/>\n<script type=\"application\/ld+json\" class=\"yoast-schema-graph\">{\"@context\":\"https:\\\/\\\/schema.org\",\"@graph\":[{\"@type\":\"Article\",\"@id\":\"https:\\\/\\\/fmpatagoniamadryn.com.ar\\\/?p=19943#article\",\"isPartOf\":{\"@id\":\"https:\\\/\\\/fmpatagoniamadryn.com.ar\\\/?p=19943\"},\"author\":{\"name\":\"FM Patagonia\",\"@id\":\"https:\\\/\\\/fmpatagoniamadryn.com.ar\\\/#\\\/schema\\\/person\\\/8a3de4ad7efceacab06c1641c50303b7\"},\"headline\":\"Declararon la Emergencia Geol\u00f3gica y Urban\u00edstica en Comodoro Rivadavia tras un deslizamiento en el cerro Hermitte\",\"datePublished\":\"2026-01-20T14:08:28+00:00\",\"mainEntityOfPage\":{\"@id\":\"https:\\\/\\\/fmpatagoniamadryn.com.ar\\\/?p=19943\"},\"wordCount\":420,\"publisher\":{\"@id\":\"https:\\\/\\\/fmpatagoniamadryn.com.ar\\\/#organization\"},\"image\":{\"@id\":\"https:\\\/\\\/fmpatagoniamadryn.com.ar\\\/?p=19943#primaryimage\"},\"thumbnailUrl\":\"https:\\\/\\\/fmpatagoniamadryn.com.ar\\\/wp-content\\\/uploads\\\/2026\\\/01\\\/img_7602.jpg\",\"articleSection\":[\"Provinciales\"],\"inLanguage\":\"es\"},{\"@type\":\"WebPage\",\"@id\":\"https:\\\/\\\/fmpatagoniamadryn.com.ar\\\/?p=19943\",\"url\":\"https:\\\/\\\/fmpatagoniamadryn.com.ar\\\/?p=19943\",\"name\":\"Declararon la Emergencia Geol\u00f3gica y Urban\u00edstica en Comodoro Rivadavia tras un deslizamiento en el cerro Hermitte - FM Patagonia Madryn\",\"isPartOf\":{\"@id\":\"https:\\\/\\\/fmpatagoniamadryn.com.ar\\\/#website\"},\"primaryImageOfPage\":{\"@id\":\"https:\\\/\\\/fmpatagoniamadryn.com.ar\\\/?p=19943#primaryimage\"},\"image\":{\"@id\":\"https:\\\/\\\/fmpatagoniamadryn.com.ar\\\/?p=19943#primaryimage\"},\"thumbnailUrl\":\"https:\\\/\\\/fmpatagoniamadryn.com.ar\\\/wp-content\\\/uploads\\\/2026\\\/01\\\/img_7602.jpg\",\"datePublished\":\"2026-01-20T14:08:28+00:00\",\"breadcrumb\":{\"@id\":\"https:\\\/\\\/fmpatagoniamadryn.com.ar\\\/?p=19943#breadcrumb\"},\"inLanguage\":\"es\",\"potentialAction\":[{\"@type\":\"ReadAction\",\"target\":[\"https:\\\/\\\/fmpatagoniamadryn.com.ar\\\/?p=19943\"]}]},{\"@type\":\"ImageObject\",\"inLanguage\":\"es\",\"@id\":\"https:\\\/\\\/fmpatagoniamadryn.com.ar\\\/?p=19943#primaryimage\",\"url\":\"https:\\\/\\\/fmpatagoniamadryn.com.ar\\\/wp-content\\\/uploads\\\/2026\\\/01\\\/img_7602.jpg\",\"contentUrl\":\"https:\\\/\\\/fmpatagoniamadryn.com.ar\\\/wp-content\\\/uploads\\\/2026\\\/01\\\/img_7602.jpg\",\"width\":992,\"height\":992},{\"@type\":\"BreadcrumbList\",\"@id\":\"https:\\\/\\\/fmpatagoniamadryn.com.ar\\\/?p=19943#breadcrumb\",\"itemListElement\":[{\"@type\":\"ListItem\",\"position\":1,\"name\":\"Portada\",\"item\":\"https:\\\/\\\/fmpatagoniamadryn.com.ar\\\/\"},{\"@type\":\"ListItem\",\"position\":2,\"name\":\"Declararon la Emergencia Geol\u00f3gica y Urban\u00edstica en Comodoro Rivadavia tras un deslizamiento en el cerro Hermitte\"}]},{\"@type\":\"WebSite\",\"@id\":\"https:\\\/\\\/fmpatagoniamadryn.com.ar\\\/#website\",\"url\":\"https:\\\/\\\/fmpatagoniamadryn.com.ar\\\/\",\"name\":\"FM Patagonia Madryn\",\"description\":\"Radio Patagonia 105.5\",\"publisher\":{\"@id\":\"https:\\\/\\\/fmpatagoniamadryn.com.ar\\\/#organization\"},\"potentialAction\":[{\"@type\":\"SearchAction\",\"target\":{\"@type\":\"EntryPoint\",\"urlTemplate\":\"https:\\\/\\\/fmpatagoniamadryn.com.ar\\\/?s={search_term_string}\"},\"query-input\":{\"@type\":\"PropertyValueSpecification\",\"valueRequired\":true,\"valueName\":\"search_term_string\"}}],\"inLanguage\":\"es\"},{\"@type\":\"Organization\",\"@id\":\"https:\\\/\\\/fmpatagoniamadryn.com.ar\\\/#organization\",\"name\":\"FM Patagonia Madryn\",\"url\":\"https:\\\/\\\/fmpatagoniamadryn.com.ar\\\/\",\"logo\":{\"@type\":\"ImageObject\",\"inLanguage\":\"es\",\"@id\":\"https:\\\/\\\/fmpatagoniamadryn.com.ar\\\/#\\\/schema\\\/logo\\\/image\\\/\",\"url\":\"https:\\\/\\\/fmpatagoniamadryn.com.ar\\\/wp-content\\\/uploads\\\/2023\\\/01\\\/cropped-Diseno-sin-titulo.png\",\"contentUrl\":\"https:\\\/\\\/fmpatagoniamadryn.com.ar\\\/wp-content\\\/uploads\\\/2023\\\/01\\\/cropped-Diseno-sin-titulo.png\",\"width\":6911,\"height\":2657,\"caption\":\"FM Patagonia Madryn\"},\"image\":{\"@id\":\"https:\\\/\\\/fmpatagoniamadryn.com.ar\\\/#\\\/schema\\\/logo\\\/image\\\/\"}},{\"@type\":\"Person\",\"@id\":\"https:\\\/\\\/fmpatagoniamadryn.com.ar\\\/#\\\/schema\\\/person\\\/8a3de4ad7efceacab06c1641c50303b7\",\"name\":\"FM Patagonia\",\"url\":\"https:\\\/\\\/fmpatagoniamadryn.com.ar\\\/?author=2\"}]}<\/script>\n<!-- \/ Yoast SEO plugin. -->","yoast_head_json":{"title":"Declararon la Emergencia Geol\u00f3gica y Urban\u00edstica en Comodoro Rivadavia tras un deslizamiento en el cerro Hermitte - FM Patagonia Madryn","robots":{"index":"index","follow":"follow","max-snippet":"max-snippet:-1","max-image-preview":"max-image-preview:large","max-video-preview":"max-video-preview:-1"},"canonical":"https:\/\/fmpatagoniamadryn.com.ar\/?p=19943","og_locale":"es_ES","og_type":"article","og_title":"Declararon la Emergencia Geol\u00f3gica y Urban\u00edstica en Comodoro Rivadavia tras un deslizamiento en el cerro Hermitte - FM Patagonia Madryn","og_description":"El Concejo Deliberante de Comodoro Rivadavia declar\u00f3 la Emergencia Geol\u00f3gica y Urban\u00edstica en el sector del cerro Hermitte, luego del colapso registrado en la ladera sur, que provoc\u00f3 importantes da\u00f1os&hellip;","og_url":"https:\/\/fmpatagoniamadryn.com.ar\/?p=19943","og_site_name":"FM Patagonia Madryn","article_published_time":"2026-01-20T14:08:28+00:00","og_image":[{"width":992,"height":992,"url":"https:\/\/fmpatagoniamadryn.com.ar\/wp-content\/uploads\/2026\/01\/img_7602.jpg","type":"image\/jpeg"}],"author":"FM Patagonia","twitter_card":"summary_large_image","twitter_misc":{"Escrito por":"FM Patagonia","Tiempo de lectura":"2 minutos"},"schema":{"@context":"https:\/\/schema.org","@graph":[{"@type":"Article","@id":"https:\/\/fmpatagoniamadryn.com.ar\/?p=19943#article","isPartOf":{"@id":"https:\/\/fmpatagoniamadryn.com.ar\/?p=19943"},"author":{"name":"FM Patagonia","@id":"https:\/\/fmpatagoniamadryn.com.ar\/#\/schema\/person\/8a3de4ad7efceacab06c1641c50303b7"},"headline":"Declararon la Emergencia Geol\u00f3gica y Urban\u00edstica en Comodoro Rivadavia tras un deslizamiento en el cerro Hermitte","datePublished":"2026-01-20T14:08:28+00:00","mainEntityOfPage":{"@id":"https:\/\/fmpatagoniamadryn.com.ar\/?p=19943"},"wordCount":420,"publisher":{"@id":"https:\/\/fmpatagoniamadryn.com.ar\/#organization"},"image":{"@id":"https:\/\/fmpatagoniamadryn.com.ar\/?p=19943#primaryimage"},"thumbnailUrl":"https:\/\/fmpatagoniamadryn.com.ar\/wp-content\/uploads\/2026\/01\/img_7602.jpg","articleSection":["Provinciales"],"inLanguage":"es"},{"@type":"WebPage","@id":"https:\/\/fmpatagoniamadryn.com.ar\/?p=19943","url":"https:\/\/fmpatagoniamadryn.com.ar\/?p=19943","name":"Declararon la Emergencia Geol\u00f3gica y Urban\u00edstica en Comodoro Rivadavia tras un deslizamiento en el cerro Hermitte - FM Patagonia Madryn","isPartOf":{"@id":"https:\/\/fmpatagoniamadryn.com.ar\/#website"},"primaryImageOfPage":{"@id":"https:\/\/fmpatagoniamadryn.com.ar\/?p=19943#primaryimage"},"image":{"@id":"https:\/\/fmpatagoniamadryn.com.ar\/?p=19943#primaryimage"},"thumbnailUrl":"https:\/\/fmpatagoniamadryn.com.ar\/wp-content\/uploads\/2026\/01\/img_7602.jpg","datePublished":"2026-01-20T14:08:28+00:00","breadcrumb":{"@id":"https:\/\/fmpatagoniamadryn.com.ar\/?p=19943#breadcrumb"},"inLanguage":"es","potentialAction":[{"@type":"ReadAction","target":["https:\/\/fmpatagoniamadryn.com.ar\/?p=19943"]}]},{"@type":"ImageObject","inLanguage":"es","@id":"https:\/\/fmpatagoniamadryn.com.ar\/?p=19943#primaryimage","url":"https:\/\/fmpatagoniamadryn.com.ar\/wp-content\/uploads\/2026\/01\/img_7602.jpg","contentUrl":"https:\/\/fmpatagoniamadryn.com.ar\/wp-content\/uploads\/2026\/01\/img_7602.jpg","width":992,"height":992},{"@type":"BreadcrumbList","@id":"https:\/\/fmpatagoniamadryn.com.ar\/?p=19943#breadcrumb","itemListElement":[{"@type":"ListItem","position":1,"name":"Portada","item":"https:\/\/fmpatagoniamadryn.com.ar\/"},{"@type":"ListItem","position":2,"name":"Declararon la Emergencia Geol\u00f3gica y Urban\u00edstica en Comodoro Rivadavia tras un deslizamiento en el cerro Hermitte"}]},{"@type":"WebSite","@id":"https:\/\/fmpatagoniamadryn.com.ar\/#website","url":"https:\/\/fmpatagoniamadryn.com.ar\/","name":"FM Patagonia Madryn","description":"Radio Patagonia 105.5","publisher":{"@id":"https:\/\/fmpatagoniamadryn.com.ar\/#organization"},"potentialAction":[{"@type":"SearchAction","target":{"@type":"EntryPoint","urlTemplate":"https:\/\/fmpatagoniamadryn.com.ar\/?s={search_term_string}"},"query-input":{"@type":"PropertyValueSpecification","valueRequired":true,"valueName":"search_term_string"}}],"inLanguage":"es"},{"@type":"Organization","@id":"https:\/\/fmpatagoniamadryn.com.ar\/#organization","name":"FM Patagonia Madryn","url":"https:\/\/fmpatagoniamadryn.com.ar\/","logo":{"@type":"ImageObject","inLanguage":"es","@id":"https:\/\/fmpatagoniamadryn.com.ar\/#\/schema\/logo\/image\/","url":"https:\/\/fmpatagoniamadryn.com.ar\/wp-content\/uploads\/2023\/01\/cropped-Diseno-sin-titulo.png","contentUrl":"https:\/\/fmpatagoniamadryn.com.ar\/wp-content\/uploads\/2023\/01\/cropped-Diseno-sin-titulo.png","width":6911,"height":2657,"caption":"FM Patagonia Madryn"},"image":{"@id":"https:\/\/fmpatagoniamadryn.com.ar\/#\/schema\/logo\/image\/"}},{"@type":"Person","@id":"https:\/\/fmpatagoniamadryn.com.ar\/#\/schema\/person\/8a3de4ad7efceacab06c1641c50303b7","name":"FM Patagonia","url":"https:\/\/fmpatagoniamadryn.com.ar\/?author=2"}]}},"jetpack_featured_media_url":"https:\/\/fmpatagoniamadryn.com.ar\/wp-content\/uploads\/2026\/01\/img_7602.jpg","_links":{"self":[{"href":"https:\/\/fmpatagoniamadryn.com.ar\/index.php?rest_route=\/wp\/v2\/posts\/19943","targetHints":{"allow":["GET"]}}],"collection":[{"href":"https:\/\/fmpatagoniamadryn.com.ar\/index.php?rest_route=\/wp\/v2\/posts"}],"about":[{"href":"https:\/\/fmpatagoniamadryn.com.ar\/index.php?rest_route=\/wp\/v2\/types\/post"}],"author":[{"embeddable":true,"href":"https:\/\/fmpatagoniamadryn.com.ar\/index.php?rest_route=\/wp\/v2\/users\/2"}],"replies":[{"embeddable":true,"href":"https:\/\/fmpatagoniamadryn.com.ar\/index.php?rest_route=%2Fwp%2Fv2%2Fcomments&post=19943"}],"version-history":[{"count":1,"href":"https:\/\/fmpatagoniamadryn.com.ar\/index.php?rest_route=\/wp\/v2\/posts\/19943\/revisions"}],"predecessor-version":[{"id":19944,"href":"https:\/\/fmpatagoniamadryn.com.ar\/index.php?rest_route=\/wp\/v2\/posts\/19943\/revisions\/19944"}],"wp:featuredmedia":[{"embeddable":true,"href":"https:\/\/fmpatagoniamadryn.com.ar\/index.php?rest_route=\/wp\/v2\/media\/19942"}],"wp:attachment":[{"href":"https:\/\/fmpatagoniamadryn.com.ar\/index.php?rest_route=%2Fwp%2Fv2%2Fmedia&parent=19943"}],"wp:term":[{"taxonomy":"category","embeddable":true,"href":"https:\/\/fmpatagoniamadryn.com.ar\/index.php?rest_route=%2Fwp%2Fv2%2Fcategories&post=19943"},{"taxonomy":"post_tag","embeddable":true,"href":"https:\/\/fmpatagoniamadryn.com.ar\/index.php?rest_route=%2Fwp%2Fv2%2Ftags&post=19943"}],"curies":[{"name":"wp","href":"https:\/\/api.w.org\/{rel}","templated":true}]}}