{"id":19949,"date":"2026-01-21T10:31:47","date_gmt":"2026-01-21T13:31:47","guid":{"rendered":"https:\/\/fmpatagoniamadryn.com.ar\/?p=19949"},"modified":"2026-01-21T10:31:47","modified_gmt":"2026-01-21T13:31:47","slug":"gustavo-sastre-delineo-los-ejes-de-gestion-y-obras-prioritarias-para-2026","status":"publish","type":"post","link":"https:\/\/fmpatagoniamadryn.com.ar\/?p=19949","title":{"rendered":"Gustavo Sastre deline\u00f3 los ejes de gesti\u00f3n y obras prioritarias para 2026"},"content":{"rendered":"\n<p class=\"p1\"><\/p>\n\n\n\n<p class=\"p3\">El intendente de <a href=\"chatgpt:\/\/generic-entity?number=1\">Puerto Madryn<\/a>, Gustavo Sastre, brind\u00f3 definiciones sobre el inicio del per\u00edodo de sesiones ordinarias 2026 y los principales lineamientos de gesti\u00f3n, con fuerte \u00e9nfasis en la obra p\u00fablica, la transparencia y la atenci\u00f3n de la demanda social.<\/p>\n\n\n\n<p class=\"p3\">Durante sus declaraciones, el jefe comunal se\u00f1al\u00f3 que el martes 3 se dar\u00e1 inicio formal a las sesiones en el Cine Teatro Auditorio, en un contexto marcado por cambios constantes y dificultades para planificar a largo plazo, principalmente por la incertidumbre respecto a las decisiones del gobierno nacional y el financiamiento de obras de gran envergadura.<\/p>\n\n\n\n<p class=\"p3\">Sastre destac\u00f3 que, pese a ese escenario, el municipio continuar\u00e1 avanzando con un modelo de obras mixtas, combinando recursos municipales y trabajo conjunto con los vecinos. En ese sentido, remarc\u00f3 que Puerto Madryn es actualmente una de las ciudades con mayor cantidad de obras en ejecuci\u00f3n, fruto de una planificaci\u00f3n participativa.<\/p>\n\n\n\n<p class=\"p3\">Entre los ejes centrales para este a\u00f1o, el intendente mencion\u00f3 la creaci\u00f3n de una unidad ejecutora para obras importantes, como una herramienta clave de transparencia y control. Adem\u00e1s, subray\u00f3 que 2026 ser\u00e1 un a\u00f1o de fuerte presencia social, ya que muchas de las necesidades de la comunidad se canalizan directamente a trav\u00e9s del municipio.<\/p>\n\n\n\n<p class=\"p3\">En materia econ\u00f3mica, se refiri\u00f3 a la recaudaci\u00f3n municipal, indic\u00f3 que los n\u00fameros son aceptables y expres\u00f3 expectativas de mejora. Tambi\u00e9n explic\u00f3 que, en el marco del consenso fiscal firmado con el gobierno provincial, se continuar\u00e1 analizando una reducci\u00f3n gradual de la carga impositiva, siempre sin poner en riesgo el funcionamiento del municipio y buscando beneficiar a comerciantes, empresarios e inversores.<\/p>\n\n\n\n<p class=\"p3\">Respecto a las relaciones institucionales, Sastre asegur\u00f3 que existe un buen di\u00e1logo y trabajo conjunto con el gobierno provincial, mientras que fue cr\u00edtico con el gobierno nacional, al se\u00f1alar la falta de v\u00ednculos y el freno a obras de infraestructura ya licitadas que eran fundamentales para el crecimiento de la ciudad.<\/p>\n\n\n\n<p class=\"p3\">Finalmente, detall\u00f3 las obras prioritarias para Puerto Madryn, entre las que se encuentran el conector cloacal oeste, la avenida de circunvalaci\u00f3n, y la ampliaci\u00f3n de redes de agua y cloacas en barrios perif\u00e9ricos, remarcando que el crecimiento constante de la ciudad obliga a una planificaci\u00f3n permanente y din\u00e1mica.<\/p>\n","protected":false},"excerpt":{"rendered":"<p>El intendente de Puerto Madryn, Gustavo Sastre, brind\u00f3 definiciones sobre el inicio del per\u00edodo de sesiones ordinarias 2026 y los principales lineamientos de gesti\u00f3n, con fuerte \u00e9nfasis en la obra&hellip; <\/p>\n","protected":false},"author":2,"featured_media":19948,"comment_status":"closed","ping_status":"closed","sticky":false,"template":"","format":"standard","meta":{"footnotes":""},"categories":[15],"tags":[],"class_list":["post-19949","post","type-post","status-publish","format-standard","has-post-thumbnail","hentry","category-locales"],"yoast_head":"<!-- This site is optimized with the Yoast SEO plugin v27.4 - https:\/\/yoast.com\/product\/yoast-seo-wordpress\/ -->\n<title>Gustavo Sastre deline\u00f3 los ejes de gesti\u00f3n y obras prioritarias para 2026 - FM Patagonia Madryn<\/title>\n<meta name=\"robots\" content=\"index, follow, max-snippet:-1, max-image-preview:large, max-video-preview:-1\" \/>\n<link rel=\"canonical\" href=\"https:\/\/fmpatagoniamadryn.com.ar\/?p=19949\" \/>\n<meta property=\"og:locale\" content=\"es_ES\" \/>\n<meta property=\"og:type\" content=\"article\" \/>\n<meta property=\"og:title\" content=\"Gustavo Sastre deline\u00f3 los ejes de gesti\u00f3n y obras prioritarias para 2026 - FM Patagonia Madryn\" \/>\n<meta property=\"og:description\" content=\"El intendente de Puerto Madryn, Gustavo Sastre, brind\u00f3 definiciones sobre el inicio del per\u00edodo de sesiones ordinarias 2026 y los principales lineamientos de gesti\u00f3n, con fuerte \u00e9nfasis en la obra&hellip;\" \/>\n<meta property=\"og:url\" content=\"https:\/\/fmpatagoniamadryn.com.ar\/?p=19949\" \/>\n<meta property=\"og:site_name\" content=\"FM Patagonia Madryn\" \/>\n<meta property=\"article:published_time\" content=\"2026-01-21T13:31:47+00:00\" \/>\n<meta property=\"og:image\" content=\"https:\/\/fmpatagoniamadryn.com.ar\/wp-content\/uploads\/2026\/01\/img_7657.jpg\" \/>\n\t<meta property=\"og:image:width\" content=\"678\" \/>\n\t<meta property=\"og:image:height\" content=\"452\" \/>\n\t<meta property=\"og:image:type\" content=\"image\/jpeg\" \/>\n<meta name=\"author\" content=\"FM Patagonia\" \/>\n<meta name=\"twitter:card\" content=\"summary_large_image\" \/>\n<meta name=\"twitter:label1\" content=\"Escrito por\" \/>\n\t<meta name=\"twitter:data1\" content=\"FM Patagonia\" \/>\n\t<meta name=\"twitter:label2\" content=\"Tiempo de lectura\" \/>\n\t<meta name=\"twitter:data2\" content=\"2 minutos\" \/>\n<script type=\"application\/ld+json\" class=\"yoast-schema-graph\">{\"@context\":\"https:\\\/\\\/schema.org\",\"@graph\":[{\"@type\":\"Article\",\"@id\":\"https:\\\/\\\/fmpatagoniamadryn.com.ar\\\/?p=19949#article\",\"isPartOf\":{\"@id\":\"https:\\\/\\\/fmpatagoniamadryn.com.ar\\\/?p=19949\"},\"author\":{\"name\":\"FM Patagonia\",\"@id\":\"https:\\\/\\\/fmpatagoniamadryn.com.ar\\\/#\\\/schema\\\/person\\\/8a3de4ad7efceacab06c1641c50303b7\"},\"headline\":\"Gustavo Sastre deline\u00f3 los ejes de gesti\u00f3n y obras prioritarias para 2026\",\"datePublished\":\"2026-01-21T13:31:47+00:00\",\"mainEntityOfPage\":{\"@id\":\"https:\\\/\\\/fmpatagoniamadryn.com.ar\\\/?p=19949\"},\"wordCount\":396,\"publisher\":{\"@id\":\"https:\\\/\\\/fmpatagoniamadryn.com.ar\\\/#organization\"},\"image\":{\"@id\":\"https:\\\/\\\/fmpatagoniamadryn.com.ar\\\/?p=19949#primaryimage\"},\"thumbnailUrl\":\"https:\\\/\\\/fmpatagoniamadryn.com.ar\\\/wp-content\\\/uploads\\\/2026\\\/01\\\/img_7657.jpg\",\"articleSection\":[\"Locales\"],\"inLanguage\":\"es\"},{\"@type\":\"WebPage\",\"@id\":\"https:\\\/\\\/fmpatagoniamadryn.com.ar\\\/?p=19949\",\"url\":\"https:\\\/\\\/fmpatagoniamadryn.com.ar\\\/?p=19949\",\"name\":\"Gustavo Sastre deline\u00f3 los ejes de gesti\u00f3n y obras prioritarias para 2026 - FM Patagonia Madryn\",\"isPartOf\":{\"@id\":\"https:\\\/\\\/fmpatagoniamadryn.com.ar\\\/#website\"},\"primaryImageOfPage\":{\"@id\":\"https:\\\/\\\/fmpatagoniamadryn.com.ar\\\/?p=19949#primaryimage\"},\"image\":{\"@id\":\"https:\\\/\\\/fmpatagoniamadryn.com.ar\\\/?p=19949#primaryimage\"},\"thumbnailUrl\":\"https:\\\/\\\/fmpatagoniamadryn.com.ar\\\/wp-content\\\/uploads\\\/2026\\\/01\\\/img_7657.jpg\",\"datePublished\":\"2026-01-21T13:31:47+00:00\",\"breadcrumb\":{\"@id\":\"https:\\\/\\\/fmpatagoniamadryn.com.ar\\\/?p=19949#breadcrumb\"},\"inLanguage\":\"es\",\"potentialAction\":[{\"@type\":\"ReadAction\",\"target\":[\"https:\\\/\\\/fmpatagoniamadryn.com.ar\\\/?p=19949\"]}]},{\"@type\":\"ImageObject\",\"inLanguage\":\"es\",\"@id\":\"https:\\\/\\\/fmpatagoniamadryn.com.ar\\\/?p=19949#primaryimage\",\"url\":\"https:\\\/\\\/fmpatagoniamadryn.com.ar\\\/wp-content\\\/uploads\\\/2026\\\/01\\\/img_7657.jpg\",\"contentUrl\":\"https:\\\/\\\/fmpatagoniamadryn.com.ar\\\/wp-content\\\/uploads\\\/2026\\\/01\\\/img_7657.jpg\",\"width\":678,\"height\":452},{\"@type\":\"BreadcrumbList\",\"@id\":\"https:\\\/\\\/fmpatagoniamadryn.com.ar\\\/?p=19949#breadcrumb\",\"itemListElement\":[{\"@type\":\"ListItem\",\"position\":1,\"name\":\"Portada\",\"item\":\"https:\\\/\\\/fmpatagoniamadryn.com.ar\\\/\"},{\"@type\":\"ListItem\",\"position\":2,\"name\":\"Gustavo Sastre deline\u00f3 los ejes de gesti\u00f3n y obras prioritarias para 2026\"}]},{\"@type\":\"WebSite\",\"@id\":\"https:\\\/\\\/fmpatagoniamadryn.com.ar\\\/#website\",\"url\":\"https:\\\/\\\/fmpatagoniamadryn.com.ar\\\/\",\"name\":\"FM Patagonia Madryn\",\"description\":\"Radio Patagonia 105.5\",\"publisher\":{\"@id\":\"https:\\\/\\\/fmpatagoniamadryn.com.ar\\\/#organization\"},\"potentialAction\":[{\"@type\":\"SearchAction\",\"target\":{\"@type\":\"EntryPoint\",\"urlTemplate\":\"https:\\\/\\\/fmpatagoniamadryn.com.ar\\\/?s={search_term_string}\"},\"query-input\":{\"@type\":\"PropertyValueSpecification\",\"valueRequired\":true,\"valueName\":\"search_term_string\"}}],\"inLanguage\":\"es\"},{\"@type\":\"Organization\",\"@id\":\"https:\\\/\\\/fmpatagoniamadryn.com.ar\\\/#organization\",\"name\":\"FM Patagonia Madryn\",\"url\":\"https:\\\/\\\/fmpatagoniamadryn.com.ar\\\/\",\"logo\":{\"@type\":\"ImageObject\",\"inLanguage\":\"es\",\"@id\":\"https:\\\/\\\/fmpatagoniamadryn.com.ar\\\/#\\\/schema\\\/logo\\\/image\\\/\",\"url\":\"https:\\\/\\\/fmpatagoniamadryn.com.ar\\\/wp-content\\\/uploads\\\/2023\\\/01\\\/cropped-Diseno-sin-titulo.png\",\"contentUrl\":\"https:\\\/\\\/fmpatagoniamadryn.com.ar\\\/wp-content\\\/uploads\\\/2023\\\/01\\\/cropped-Diseno-sin-titulo.png\",\"width\":6911,\"height\":2657,\"caption\":\"FM Patagonia Madryn\"},\"image\":{\"@id\":\"https:\\\/\\\/fmpatagoniamadryn.com.ar\\\/#\\\/schema\\\/logo\\\/image\\\/\"}},{\"@type\":\"Person\",\"@id\":\"https:\\\/\\\/fmpatagoniamadryn.com.ar\\\/#\\\/schema\\\/person\\\/8a3de4ad7efceacab06c1641c50303b7\",\"name\":\"FM Patagonia\",\"url\":\"https:\\\/\\\/fmpatagoniamadryn.com.ar\\\/?author=2\"}]}<\/script>\n<!-- \/ Yoast SEO plugin. -->","yoast_head_json":{"title":"Gustavo Sastre deline\u00f3 los ejes de gesti\u00f3n y obras prioritarias para 2026 - FM Patagonia Madryn","robots":{"index":"index","follow":"follow","max-snippet":"max-snippet:-1","max-image-preview":"max-image-preview:large","max-video-preview":"max-video-preview:-1"},"canonical":"https:\/\/fmpatagoniamadryn.com.ar\/?p=19949","og_locale":"es_ES","og_type":"article","og_title":"Gustavo Sastre deline\u00f3 los ejes de gesti\u00f3n y obras prioritarias para 2026 - FM Patagonia Madryn","og_description":"El intendente de Puerto Madryn, Gustavo Sastre, brind\u00f3 definiciones sobre el inicio del per\u00edodo de sesiones ordinarias 2026 y los principales lineamientos de gesti\u00f3n, con fuerte \u00e9nfasis en la obra&hellip;","og_url":"https:\/\/fmpatagoniamadryn.com.ar\/?p=19949","og_site_name":"FM Patagonia Madryn","article_published_time":"2026-01-21T13:31:47+00:00","og_image":[{"width":678,"height":452,"url":"https:\/\/fmpatagoniamadryn.com.ar\/wp-content\/uploads\/2026\/01\/img_7657.jpg","type":"image\/jpeg"}],"author":"FM Patagonia","twitter_card":"summary_large_image","twitter_misc":{"Escrito por":"FM Patagonia","Tiempo de lectura":"2 minutos"},"schema":{"@context":"https:\/\/schema.org","@graph":[{"@type":"Article","@id":"https:\/\/fmpatagoniamadryn.com.ar\/?p=19949#article","isPartOf":{"@id":"https:\/\/fmpatagoniamadryn.com.ar\/?p=19949"},"author":{"name":"FM Patagonia","@id":"https:\/\/fmpatagoniamadryn.com.ar\/#\/schema\/person\/8a3de4ad7efceacab06c1641c50303b7"},"headline":"Gustavo Sastre deline\u00f3 los ejes de gesti\u00f3n y obras prioritarias para 2026","datePublished":"2026-01-21T13:31:47+00:00","mainEntityOfPage":{"@id":"https:\/\/fmpatagoniamadryn.com.ar\/?p=19949"},"wordCount":396,"publisher":{"@id":"https:\/\/fmpatagoniamadryn.com.ar\/#organization"},"image":{"@id":"https:\/\/fmpatagoniamadryn.com.ar\/?p=19949#primaryimage"},"thumbnailUrl":"https:\/\/fmpatagoniamadryn.com.ar\/wp-content\/uploads\/2026\/01\/img_7657.jpg","articleSection":["Locales"],"inLanguage":"es"},{"@type":"WebPage","@id":"https:\/\/fmpatagoniamadryn.com.ar\/?p=19949","url":"https:\/\/fmpatagoniamadryn.com.ar\/?p=19949","name":"Gustavo Sastre deline\u00f3 los ejes de gesti\u00f3n y obras prioritarias para 2026 - FM Patagonia Madryn","isPartOf":{"@id":"https:\/\/fmpatagoniamadryn.com.ar\/#website"},"primaryImageOfPage":{"@id":"https:\/\/fmpatagoniamadryn.com.ar\/?p=19949#primaryimage"},"image":{"@id":"https:\/\/fmpatagoniamadryn.com.ar\/?p=19949#primaryimage"},"thumbnailUrl":"https:\/\/fmpatagoniamadryn.com.ar\/wp-content\/uploads\/2026\/01\/img_7657.jpg","datePublished":"2026-01-21T13:31:47+00:00","breadcrumb":{"@id":"https:\/\/fmpatagoniamadryn.com.ar\/?p=19949#breadcrumb"},"inLanguage":"es","potentialAction":[{"@type":"ReadAction","target":["https:\/\/fmpatagoniamadryn.com.ar\/?p=19949"]}]},{"@type":"ImageObject","inLanguage":"es","@id":"https:\/\/fmpatagoniamadryn.com.ar\/?p=19949#primaryimage","url":"https:\/\/fmpatagoniamadryn.com.ar\/wp-content\/uploads\/2026\/01\/img_7657.jpg","contentUrl":"https:\/\/fmpatagoniamadryn.com.ar\/wp-content\/uploads\/2026\/01\/img_7657.jpg","width":678,"height":452},{"@type":"BreadcrumbList","@id":"https:\/\/fmpatagoniamadryn.com.ar\/?p=19949#breadcrumb","itemListElement":[{"@type":"ListItem","position":1,"name":"Portada","item":"https:\/\/fmpatagoniamadryn.com.ar\/"},{"@type":"ListItem","position":2,"name":"Gustavo Sastre deline\u00f3 los ejes de gesti\u00f3n y obras prioritarias para 2026"}]},{"@type":"WebSite","@id":"https:\/\/fmpatagoniamadryn.com.ar\/#website","url":"https:\/\/fmpatagoniamadryn.com.ar\/","name":"FM Patagonia Madryn","description":"Radio Patagonia 105.5","publisher":{"@id":"https:\/\/fmpatagoniamadryn.com.ar\/#organization"},"potentialAction":[{"@type":"SearchAction","target":{"@type":"EntryPoint","urlTemplate":"https:\/\/fmpatagoniamadryn.com.ar\/?s={search_term_string}"},"query-input":{"@type":"PropertyValueSpecification","valueRequired":true,"valueName":"search_term_string"}}],"inLanguage":"es"},{"@type":"Organization","@id":"https:\/\/fmpatagoniamadryn.com.ar\/#organization","name":"FM Patagonia Madryn","url":"https:\/\/fmpatagoniamadryn.com.ar\/","logo":{"@type":"ImageObject","inLanguage":"es","@id":"https:\/\/fmpatagoniamadryn.com.ar\/#\/schema\/logo\/image\/","url":"https:\/\/fmpatagoniamadryn.com.ar\/wp-content\/uploads\/2023\/01\/cropped-Diseno-sin-titulo.png","contentUrl":"https:\/\/fmpatagoniamadryn.com.ar\/wp-content\/uploads\/2023\/01\/cropped-Diseno-sin-titulo.png","width":6911,"height":2657,"caption":"FM Patagonia Madryn"},"image":{"@id":"https:\/\/fmpatagoniamadryn.com.ar\/#\/schema\/logo\/image\/"}},{"@type":"Person","@id":"https:\/\/fmpatagoniamadryn.com.ar\/#\/schema\/person\/8a3de4ad7efceacab06c1641c50303b7","name":"FM Patagonia","url":"https:\/\/fmpatagoniamadryn.com.ar\/?author=2"}]}},"jetpack_featured_media_url":"https:\/\/fmpatagoniamadryn.com.ar\/wp-content\/uploads\/2026\/01\/img_7657.jpg","_links":{"self":[{"href":"https:\/\/fmpatagoniamadryn.com.ar\/index.php?rest_route=\/wp\/v2\/posts\/19949","targetHints":{"allow":["GET"]}}],"collection":[{"href":"https:\/\/fmpatagoniamadryn.com.ar\/index.php?rest_route=\/wp\/v2\/posts"}],"about":[{"href":"https:\/\/fmpatagoniamadryn.com.ar\/index.php?rest_route=\/wp\/v2\/types\/post"}],"author":[{"embeddable":true,"href":"https:\/\/fmpatagoniamadryn.com.ar\/index.php?rest_route=\/wp\/v2\/users\/2"}],"replies":[{"embeddable":true,"href":"https:\/\/fmpatagoniamadryn.com.ar\/index.php?rest_route=%2Fwp%2Fv2%2Fcomments&post=19949"}],"version-history":[{"count":1,"href":"https:\/\/fmpatagoniamadryn.com.ar\/index.php?rest_route=\/wp\/v2\/posts\/19949\/revisions"}],"predecessor-version":[{"id":19950,"href":"https:\/\/fmpatagoniamadryn.com.ar\/index.php?rest_route=\/wp\/v2\/posts\/19949\/revisions\/19950"}],"wp:featuredmedia":[{"embeddable":true,"href":"https:\/\/fmpatagoniamadryn.com.ar\/index.php?rest_route=\/wp\/v2\/media\/19948"}],"wp:attachment":[{"href":"https:\/\/fmpatagoniamadryn.com.ar\/index.php?rest_route=%2Fwp%2Fv2%2Fmedia&parent=19949"}],"wp:term":[{"taxonomy":"category","embeddable":true,"href":"https:\/\/fmpatagoniamadryn.com.ar\/index.php?rest_route=%2Fwp%2Fv2%2Fcategories&post=19949"},{"taxonomy":"post_tag","embeddable":true,"href":"https:\/\/fmpatagoniamadryn.com.ar\/index.php?rest_route=%2Fwp%2Fv2%2Ftags&post=19949"}],"curies":[{"name":"wp","href":"https:\/\/api.w.org\/{rel}","templated":true}]}}