{"id":19958,"date":"2026-01-22T20:22:17","date_gmt":"2026-01-22T23:22:17","guid":{"rendered":"https:\/\/fmpatagoniamadryn.com.ar\/?p=19958"},"modified":"2026-01-22T20:22:17","modified_gmt":"2026-01-22T23:22:17","slug":"puerto-madryn-sera-la-primera-ciudad-de-sudamerica-en-contar-con-un-parque-de-arrecife-artificial-subacuatico","status":"publish","type":"post","link":"https:\/\/fmpatagoniamadryn.com.ar\/?p=19958","title":{"rendered":"PUERTO MADRYN SER\u00c1 LA PRIMERA CIUDAD DE SUDAM\u00c9RICA EN CONTAR CON UN PARQUE DE ARRECIFE ARTIFICIAL SUBACU\u00c1TICO"},"content":{"rendered":"\n<p><em><br>El intendente Gustavo Sastre destac\u00f3 la iniciativa en la que se viene trabajando desde hace a\u00f1os y que permitir\u00e1 que nuestra ciudad se siga consolidando como la Capital Nacional del Buceo y de las Actividades Subacu\u00e1ticas<\/em><\/p>\n\n\n\n<p>El intendente de Puerto Madryn, Gustavo Sastre, recibi\u00f3 en el Municipio a Patricio Cartelli, quien es el creador de un proyecto para conformar un arrecife artificial subacu\u00e1tico frente a las costas de Playa Paran\u00e1. La iniciativa, sustentable y con fines recreativos, fue destacada por el Jefe Comunal y, seg\u00fan se detall\u00f3 en el encuentro, comenzar\u00eda a ejecutarse en abril del corriente a\u00f1o.<\/p>\n\n\n\n<p>Cabe destacar que se cre\u00f3 un parque federal de buceo sustentable, el cual cuenta con el apoyo del Municipio y tambi\u00e9n del Gobierno Provincial, a trav\u00e9s del Ministerio de Turismo y \u00c1reas Protegidas. Asimismo, se cuenta con el acompa\u00f1amiento de empresas para la fabricaci\u00f3n de los arrecifes, que son SALESFORCE y ANCLAFLEX, sumado al respaldo de la Secretar\u00eda de Ambiente y Control del Desarrollo Sustentable y Prefectura Naval Argentina.<\/p>\n\n\n\n<p>Los arrecifes artificiales consistir\u00e1n de estructuras o conjuntos de estructuras, que se sumergir\u00e1n a una determinada profundidad para fomentar y proteger los ecosistemas marinos, adem\u00e1s de combatir la degradaci\u00f3n. M\u00e1s de 40 pa\u00edses en todo el mundo utilizan esta tecnolog\u00eda, con fines de protecci\u00f3n y restauraci\u00f3n de los fondos submarinos.<br \/><strong><br \/>Capital Nacional<\/strong><\/p>\n\n\n\n<p>Al respecto, el Intendente dijo: \u00abDesde el primer d\u00eda de gesti\u00f3n nos propusimos que el turismo iba a ser una de nuestras principales industrias y entendemos que el buceo y las actividades subacu\u00e1ticas son un elemento fundamental para ello. Es por eso que nos pone muy contentos esta noticia, ya que se trata de un proyecto innovador y que ser\u00e1 implementado en el corto plazo\u00bb.<\/p>\n\n\n\n<p>\u00abHace a\u00f1os que Puerto Madryn es la Capital Nacional del Buceo y de las Actividades Subacu\u00e1ticas, por lo que contar con el primer arrecife artificial de Sudam\u00e9rica nos permite consolidarnos en este lugar. No nos vamos a conformar, sino que redoblaremos los esfuerzos para continuar creciendo\u00bb, agreg\u00f3 Sastre.<\/p>\n","protected":false},"excerpt":{"rendered":"<p>El intendente Gustavo Sastre destac\u00f3 la iniciativa en la que se viene trabajando desde hace a\u00f1os y que permitir\u00e1 que nuestra ciudad se siga consolidando como la Capital Nacional del&hellip; <\/p>\n","protected":false},"author":2,"featured_media":19957,"comment_status":"closed","ping_status":"closed","sticky":false,"template":"","format":"standard","meta":{"footnotes":""},"categories":[15],"tags":[],"class_list":["post-19958","post","type-post","status-publish","format-standard","has-post-thumbnail","hentry","category-locales"],"yoast_head":"<!-- This site is optimized with the Yoast SEO plugin v27.4 - https:\/\/yoast.com\/product\/yoast-seo-wordpress\/ -->\n<title>PUERTO MADRYN SER\u00c1 LA PRIMERA CIUDAD DE SUDAM\u00c9RICA EN CONTAR CON UN PARQUE DE ARRECIFE ARTIFICIAL SUBACU\u00c1TICO - FM Patagonia Madryn<\/title>\n<meta name=\"robots\" content=\"index, follow, max-snippet:-1, max-image-preview:large, max-video-preview:-1\" \/>\n<link rel=\"canonical\" href=\"https:\/\/fmpatagoniamadryn.com.ar\/?p=19958\" \/>\n<meta property=\"og:locale\" content=\"es_ES\" \/>\n<meta property=\"og:type\" content=\"article\" \/>\n<meta property=\"og:title\" content=\"PUERTO MADRYN SER\u00c1 LA PRIMERA CIUDAD DE SUDAM\u00c9RICA EN CONTAR CON UN PARQUE DE ARRECIFE ARTIFICIAL SUBACU\u00c1TICO - FM Patagonia Madryn\" \/>\n<meta property=\"og:description\" content=\"El intendente Gustavo Sastre destac\u00f3 la iniciativa en la que se viene trabajando desde hace a\u00f1os y que permitir\u00e1 que nuestra ciudad se siga consolidando como la Capital Nacional del&hellip;\" \/>\n<meta property=\"og:url\" content=\"https:\/\/fmpatagoniamadryn.com.ar\/?p=19958\" \/>\n<meta property=\"og:site_name\" content=\"FM Patagonia Madryn\" \/>\n<meta property=\"article:published_time\" content=\"2026-01-22T23:22:17+00:00\" \/>\n<meta property=\"og:image\" content=\"https:\/\/fmpatagoniamadryn.com.ar\/wp-content\/uploads\/2026\/01\/img_7754.jpg\" \/>\n\t<meta property=\"og:image:width\" content=\"1182\" \/>\n\t<meta property=\"og:image:height\" content=\"788\" \/>\n\t<meta property=\"og:image:type\" content=\"image\/jpeg\" \/>\n<meta name=\"author\" content=\"FM Patagonia\" \/>\n<meta name=\"twitter:card\" content=\"summary_large_image\" \/>\n<meta name=\"twitter:label1\" content=\"Escrito por\" \/>\n\t<meta name=\"twitter:data1\" content=\"FM Patagonia\" \/>\n\t<meta name=\"twitter:label2\" content=\"Tiempo de lectura\" \/>\n\t<meta name=\"twitter:data2\" content=\"2 minutos\" \/>\n<script type=\"application\/ld+json\" class=\"yoast-schema-graph\">{\"@context\":\"https:\\\/\\\/schema.org\",\"@graph\":[{\"@type\":\"Article\",\"@id\":\"https:\\\/\\\/fmpatagoniamadryn.com.ar\\\/?p=19958#article\",\"isPartOf\":{\"@id\":\"https:\\\/\\\/fmpatagoniamadryn.com.ar\\\/?p=19958\"},\"author\":{\"name\":\"FM Patagonia\",\"@id\":\"https:\\\/\\\/fmpatagoniamadryn.com.ar\\\/#\\\/schema\\\/person\\\/8a3de4ad7efceacab06c1641c50303b7\"},\"headline\":\"PUERTO MADRYN SER\u00c1 LA PRIMERA CIUDAD DE SUDAM\u00c9RICA EN CONTAR CON UN PARQUE DE ARRECIFE ARTIFICIAL SUBACU\u00c1TICO\",\"datePublished\":\"2026-01-22T23:22:17+00:00\",\"mainEntityOfPage\":{\"@id\":\"https:\\\/\\\/fmpatagoniamadryn.com.ar\\\/?p=19958\"},\"wordCount\":376,\"publisher\":{\"@id\":\"https:\\\/\\\/fmpatagoniamadryn.com.ar\\\/#organization\"},\"image\":{\"@id\":\"https:\\\/\\\/fmpatagoniamadryn.com.ar\\\/?p=19958#primaryimage\"},\"thumbnailUrl\":\"https:\\\/\\\/fmpatagoniamadryn.com.ar\\\/wp-content\\\/uploads\\\/2026\\\/01\\\/img_7754.jpg\",\"articleSection\":[\"Locales\"],\"inLanguage\":\"es\"},{\"@type\":\"WebPage\",\"@id\":\"https:\\\/\\\/fmpatagoniamadryn.com.ar\\\/?p=19958\",\"url\":\"https:\\\/\\\/fmpatagoniamadryn.com.ar\\\/?p=19958\",\"name\":\"PUERTO MADRYN SER\u00c1 LA PRIMERA CIUDAD DE SUDAM\u00c9RICA EN CONTAR CON UN PARQUE DE ARRECIFE ARTIFICIAL SUBACU\u00c1TICO - FM Patagonia Madryn\",\"isPartOf\":{\"@id\":\"https:\\\/\\\/fmpatagoniamadryn.com.ar\\\/#website\"},\"primaryImageOfPage\":{\"@id\":\"https:\\\/\\\/fmpatagoniamadryn.com.ar\\\/?p=19958#primaryimage\"},\"image\":{\"@id\":\"https:\\\/\\\/fmpatagoniamadryn.com.ar\\\/?p=19958#primaryimage\"},\"thumbnailUrl\":\"https:\\\/\\\/fmpatagoniamadryn.com.ar\\\/wp-content\\\/uploads\\\/2026\\\/01\\\/img_7754.jpg\",\"datePublished\":\"2026-01-22T23:22:17+00:00\",\"breadcrumb\":{\"@id\":\"https:\\\/\\\/fmpatagoniamadryn.com.ar\\\/?p=19958#breadcrumb\"},\"inLanguage\":\"es\",\"potentialAction\":[{\"@type\":\"ReadAction\",\"target\":[\"https:\\\/\\\/fmpatagoniamadryn.com.ar\\\/?p=19958\"]}]},{\"@type\":\"ImageObject\",\"inLanguage\":\"es\",\"@id\":\"https:\\\/\\\/fmpatagoniamadryn.com.ar\\\/?p=19958#primaryimage\",\"url\":\"https:\\\/\\\/fmpatagoniamadryn.com.ar\\\/wp-content\\\/uploads\\\/2026\\\/01\\\/img_7754.jpg\",\"contentUrl\":\"https:\\\/\\\/fmpatagoniamadryn.com.ar\\\/wp-content\\\/uploads\\\/2026\\\/01\\\/img_7754.jpg\",\"width\":1182,\"height\":788},{\"@type\":\"BreadcrumbList\",\"@id\":\"https:\\\/\\\/fmpatagoniamadryn.com.ar\\\/?p=19958#breadcrumb\",\"itemListElement\":[{\"@type\":\"ListItem\",\"position\":1,\"name\":\"Portada\",\"item\":\"https:\\\/\\\/fmpatagoniamadryn.com.ar\\\/\"},{\"@type\":\"ListItem\",\"position\":2,\"name\":\"PUERTO MADRYN SER\u00c1 LA PRIMERA CIUDAD DE SUDAM\u00c9RICA EN CONTAR CON UN PARQUE DE ARRECIFE ARTIFICIAL SUBACU\u00c1TICO\"}]},{\"@type\":\"WebSite\",\"@id\":\"https:\\\/\\\/fmpatagoniamadryn.com.ar\\\/#website\",\"url\":\"https:\\\/\\\/fmpatagoniamadryn.com.ar\\\/\",\"name\":\"FM Patagonia Madryn\",\"description\":\"Radio Patagonia 105.5\",\"publisher\":{\"@id\":\"https:\\\/\\\/fmpatagoniamadryn.com.ar\\\/#organization\"},\"potentialAction\":[{\"@type\":\"SearchAction\",\"target\":{\"@type\":\"EntryPoint\",\"urlTemplate\":\"https:\\\/\\\/fmpatagoniamadryn.com.ar\\\/?s={search_term_string}\"},\"query-input\":{\"@type\":\"PropertyValueSpecification\",\"valueRequired\":true,\"valueName\":\"search_term_string\"}}],\"inLanguage\":\"es\"},{\"@type\":\"Organization\",\"@id\":\"https:\\\/\\\/fmpatagoniamadryn.com.ar\\\/#organization\",\"name\":\"FM Patagonia Madryn\",\"url\":\"https:\\\/\\\/fmpatagoniamadryn.com.ar\\\/\",\"logo\":{\"@type\":\"ImageObject\",\"inLanguage\":\"es\",\"@id\":\"https:\\\/\\\/fmpatagoniamadryn.com.ar\\\/#\\\/schema\\\/logo\\\/image\\\/\",\"url\":\"https:\\\/\\\/fmpatagoniamadryn.com.ar\\\/wp-content\\\/uploads\\\/2023\\\/01\\\/cropped-Diseno-sin-titulo.png\",\"contentUrl\":\"https:\\\/\\\/fmpatagoniamadryn.com.ar\\\/wp-content\\\/uploads\\\/2023\\\/01\\\/cropped-Diseno-sin-titulo.png\",\"width\":6911,\"height\":2657,\"caption\":\"FM Patagonia Madryn\"},\"image\":{\"@id\":\"https:\\\/\\\/fmpatagoniamadryn.com.ar\\\/#\\\/schema\\\/logo\\\/image\\\/\"}},{\"@type\":\"Person\",\"@id\":\"https:\\\/\\\/fmpatagoniamadryn.com.ar\\\/#\\\/schema\\\/person\\\/8a3de4ad7efceacab06c1641c50303b7\",\"name\":\"FM Patagonia\",\"url\":\"https:\\\/\\\/fmpatagoniamadryn.com.ar\\\/?author=2\"}]}<\/script>\n<!-- \/ Yoast SEO plugin. -->","yoast_head_json":{"title":"PUERTO MADRYN SER\u00c1 LA PRIMERA CIUDAD DE SUDAM\u00c9RICA EN CONTAR CON UN PARQUE DE ARRECIFE ARTIFICIAL SUBACU\u00c1TICO - FM Patagonia Madryn","robots":{"index":"index","follow":"follow","max-snippet":"max-snippet:-1","max-image-preview":"max-image-preview:large","max-video-preview":"max-video-preview:-1"},"canonical":"https:\/\/fmpatagoniamadryn.com.ar\/?p=19958","og_locale":"es_ES","og_type":"article","og_title":"PUERTO MADRYN SER\u00c1 LA PRIMERA CIUDAD DE SUDAM\u00c9RICA EN CONTAR CON UN PARQUE DE ARRECIFE ARTIFICIAL SUBACU\u00c1TICO - FM Patagonia Madryn","og_description":"El intendente Gustavo Sastre destac\u00f3 la iniciativa en la que se viene trabajando desde hace a\u00f1os y que permitir\u00e1 que nuestra ciudad se siga consolidando como la Capital Nacional del&hellip;","og_url":"https:\/\/fmpatagoniamadryn.com.ar\/?p=19958","og_site_name":"FM Patagonia Madryn","article_published_time":"2026-01-22T23:22:17+00:00","og_image":[{"width":1182,"height":788,"url":"https:\/\/fmpatagoniamadryn.com.ar\/wp-content\/uploads\/2026\/01\/img_7754.jpg","type":"image\/jpeg"}],"author":"FM Patagonia","twitter_card":"summary_large_image","twitter_misc":{"Escrito por":"FM Patagonia","Tiempo de lectura":"2 minutos"},"schema":{"@context":"https:\/\/schema.org","@graph":[{"@type":"Article","@id":"https:\/\/fmpatagoniamadryn.com.ar\/?p=19958#article","isPartOf":{"@id":"https:\/\/fmpatagoniamadryn.com.ar\/?p=19958"},"author":{"name":"FM Patagonia","@id":"https:\/\/fmpatagoniamadryn.com.ar\/#\/schema\/person\/8a3de4ad7efceacab06c1641c50303b7"},"headline":"PUERTO MADRYN SER\u00c1 LA PRIMERA CIUDAD DE SUDAM\u00c9RICA EN CONTAR CON UN PARQUE DE ARRECIFE ARTIFICIAL SUBACU\u00c1TICO","datePublished":"2026-01-22T23:22:17+00:00","mainEntityOfPage":{"@id":"https:\/\/fmpatagoniamadryn.com.ar\/?p=19958"},"wordCount":376,"publisher":{"@id":"https:\/\/fmpatagoniamadryn.com.ar\/#organization"},"image":{"@id":"https:\/\/fmpatagoniamadryn.com.ar\/?p=19958#primaryimage"},"thumbnailUrl":"https:\/\/fmpatagoniamadryn.com.ar\/wp-content\/uploads\/2026\/01\/img_7754.jpg","articleSection":["Locales"],"inLanguage":"es"},{"@type":"WebPage","@id":"https:\/\/fmpatagoniamadryn.com.ar\/?p=19958","url":"https:\/\/fmpatagoniamadryn.com.ar\/?p=19958","name":"PUERTO MADRYN SER\u00c1 LA PRIMERA CIUDAD DE SUDAM\u00c9RICA EN CONTAR CON UN PARQUE DE ARRECIFE ARTIFICIAL SUBACU\u00c1TICO - FM Patagonia Madryn","isPartOf":{"@id":"https:\/\/fmpatagoniamadryn.com.ar\/#website"},"primaryImageOfPage":{"@id":"https:\/\/fmpatagoniamadryn.com.ar\/?p=19958#primaryimage"},"image":{"@id":"https:\/\/fmpatagoniamadryn.com.ar\/?p=19958#primaryimage"},"thumbnailUrl":"https:\/\/fmpatagoniamadryn.com.ar\/wp-content\/uploads\/2026\/01\/img_7754.jpg","datePublished":"2026-01-22T23:22:17+00:00","breadcrumb":{"@id":"https:\/\/fmpatagoniamadryn.com.ar\/?p=19958#breadcrumb"},"inLanguage":"es","potentialAction":[{"@type":"ReadAction","target":["https:\/\/fmpatagoniamadryn.com.ar\/?p=19958"]}]},{"@type":"ImageObject","inLanguage":"es","@id":"https:\/\/fmpatagoniamadryn.com.ar\/?p=19958#primaryimage","url":"https:\/\/fmpatagoniamadryn.com.ar\/wp-content\/uploads\/2026\/01\/img_7754.jpg","contentUrl":"https:\/\/fmpatagoniamadryn.com.ar\/wp-content\/uploads\/2026\/01\/img_7754.jpg","width":1182,"height":788},{"@type":"BreadcrumbList","@id":"https:\/\/fmpatagoniamadryn.com.ar\/?p=19958#breadcrumb","itemListElement":[{"@type":"ListItem","position":1,"name":"Portada","item":"https:\/\/fmpatagoniamadryn.com.ar\/"},{"@type":"ListItem","position":2,"name":"PUERTO MADRYN SER\u00c1 LA PRIMERA CIUDAD DE SUDAM\u00c9RICA EN CONTAR CON UN PARQUE DE ARRECIFE ARTIFICIAL SUBACU\u00c1TICO"}]},{"@type":"WebSite","@id":"https:\/\/fmpatagoniamadryn.com.ar\/#website","url":"https:\/\/fmpatagoniamadryn.com.ar\/","name":"FM Patagonia Madryn","description":"Radio Patagonia 105.5","publisher":{"@id":"https:\/\/fmpatagoniamadryn.com.ar\/#organization"},"potentialAction":[{"@type":"SearchAction","target":{"@type":"EntryPoint","urlTemplate":"https:\/\/fmpatagoniamadryn.com.ar\/?s={search_term_string}"},"query-input":{"@type":"PropertyValueSpecification","valueRequired":true,"valueName":"search_term_string"}}],"inLanguage":"es"},{"@type":"Organization","@id":"https:\/\/fmpatagoniamadryn.com.ar\/#organization","name":"FM Patagonia Madryn","url":"https:\/\/fmpatagoniamadryn.com.ar\/","logo":{"@type":"ImageObject","inLanguage":"es","@id":"https:\/\/fmpatagoniamadryn.com.ar\/#\/schema\/logo\/image\/","url":"https:\/\/fmpatagoniamadryn.com.ar\/wp-content\/uploads\/2023\/01\/cropped-Diseno-sin-titulo.png","contentUrl":"https:\/\/fmpatagoniamadryn.com.ar\/wp-content\/uploads\/2023\/01\/cropped-Diseno-sin-titulo.png","width":6911,"height":2657,"caption":"FM Patagonia Madryn"},"image":{"@id":"https:\/\/fmpatagoniamadryn.com.ar\/#\/schema\/logo\/image\/"}},{"@type":"Person","@id":"https:\/\/fmpatagoniamadryn.com.ar\/#\/schema\/person\/8a3de4ad7efceacab06c1641c50303b7","name":"FM Patagonia","url":"https:\/\/fmpatagoniamadryn.com.ar\/?author=2"}]}},"jetpack_featured_media_url":"https:\/\/fmpatagoniamadryn.com.ar\/wp-content\/uploads\/2026\/01\/img_7754.jpg","_links":{"self":[{"href":"https:\/\/fmpatagoniamadryn.com.ar\/index.php?rest_route=\/wp\/v2\/posts\/19958","targetHints":{"allow":["GET"]}}],"collection":[{"href":"https:\/\/fmpatagoniamadryn.com.ar\/index.php?rest_route=\/wp\/v2\/posts"}],"about":[{"href":"https:\/\/fmpatagoniamadryn.com.ar\/index.php?rest_route=\/wp\/v2\/types\/post"}],"author":[{"embeddable":true,"href":"https:\/\/fmpatagoniamadryn.com.ar\/index.php?rest_route=\/wp\/v2\/users\/2"}],"replies":[{"embeddable":true,"href":"https:\/\/fmpatagoniamadryn.com.ar\/index.php?rest_route=%2Fwp%2Fv2%2Fcomments&post=19958"}],"version-history":[{"count":1,"href":"https:\/\/fmpatagoniamadryn.com.ar\/index.php?rest_route=\/wp\/v2\/posts\/19958\/revisions"}],"predecessor-version":[{"id":19959,"href":"https:\/\/fmpatagoniamadryn.com.ar\/index.php?rest_route=\/wp\/v2\/posts\/19958\/revisions\/19959"}],"wp:featuredmedia":[{"embeddable":true,"href":"https:\/\/fmpatagoniamadryn.com.ar\/index.php?rest_route=\/wp\/v2\/media\/19957"}],"wp:attachment":[{"href":"https:\/\/fmpatagoniamadryn.com.ar\/index.php?rest_route=%2Fwp%2Fv2%2Fmedia&parent=19958"}],"wp:term":[{"taxonomy":"category","embeddable":true,"href":"https:\/\/fmpatagoniamadryn.com.ar\/index.php?rest_route=%2Fwp%2Fv2%2Fcategories&post=19958"},{"taxonomy":"post_tag","embeddable":true,"href":"https:\/\/fmpatagoniamadryn.com.ar\/index.php?rest_route=%2Fwp%2Fv2%2Ftags&post=19958"}],"curies":[{"name":"wp","href":"https:\/\/api.w.org\/{rel}","templated":true}]}}