{"id":19965,"date":"2026-01-23T10:27:10","date_gmt":"2026-01-23T13:27:10","guid":{"rendered":"https:\/\/fmpatagoniamadryn.com.ar\/?p=19965"},"modified":"2026-01-23T10:27:10","modified_gmt":"2026-01-23T13:27:10","slug":"se-presenta-la-muestra-de-artes-visuales-poeticas-ecologicas-tramas-de-un-territorio-en-escena","status":"publish","type":"post","link":"https:\/\/fmpatagoniamadryn.com.ar\/?p=19965","title":{"rendered":"SE PRESENTA LA\u00a0MUESTRA DE ARTES VISUALES \u00abPO\u00c9TICAS ECOL\u00d3GICAS TRAMAS DE UN TERRITORIO EN ESCENA\u201d\u00a0"},"content":{"rendered":"\n<p><br><\/p>\n\n\n\n<p><em>Se llevar\u00e1 a cabo&nbsp;del 22 de enero al 1 de febrero, en la Casa de la Cultura, en el marco del Quinto Festival Internacional MET \u2013 Madryn Escena Teatral<\/em><\/p>\n\n\n\n<p><br \/><br \/>En el marco del Quinto Festival Internacional MET \u2013 Madryn Escena Teatral, que se llevar\u00e1 a cabo&nbsp;del 22 de enero al 1 de febrero, se realizar\u00e1 en la Casa de la Cultura, la muestra de artes visuales \u00abPo\u00e9ticas Ecol\u00f3gicas, tramas de un territorio en escena\u201d. La presentaci\u00f3n tendr\u00e1 el eje tem\u00e1tico puesto en la naturaleza, su cuidado y la responsabilidad colectiva frente al entorno socioambiental.<\/p>\n\n\n\n<p><br \/>La intenci\u00f3n es que esta exposici\u00f3n dialogue con el territorio y con las problem\u00e1ticas que atraviesan a Puerto Madryn y a la regi\u00f3n. Por esto, se pensaron obras de arte que investigan o reutilizan desechos recuperados de las playas, el mar y la propia ciudad, visibilizando los impactos de la contaminaci\u00f3n y, al mismo tiempo, promoviendo pr\u00e1cticas art\u00edsticas que transforman residuos en materia expresiva.<br \/><br \/>En este sentido, surgieron propuestas vinculadas a obras realizadas con materiales reciclados o de recolecci\u00f3n local; instalaciones que invitan a reflexionar sobre el consumo, los desechos y el v\u00ednculo con los ecosistemas costeros; intervenciones que trabajan la memoria ambiental y la identidad mar\u00edtima de la ciudad; piezas que convocan a la comunidad a repensar su relaci\u00f3n con el paisaje patag\u00f3nico.<br \/><br \/>La muestra \u201cPo\u00e9ticas Ecol\u00f3gicas, tramas en un territorio en escena\u201d se inaugurar\u00e1 el jueves 22 a las 20:30 horas en la Sala Illid de la Casa de la Cultura (Roque S\u00e1enz Pe\u00f1a 86). Exponen los artistas Diana Barros, Patricia Di Benedetto y Jorge A. V\u00e1squez. La entrada es libre y gratuita.<\/p>\n\n\n\n<p>Para m\u00e1s informaci\u00f3n, las personas interesadas deben ingresar a&nbsp;<a class=\"outlook-break-word-in-links\" href=\"http:\/\/www.patagoniacultural.com.ar\/\">www.patagoniacultural.com.ar<\/a>, al Instagram @teatrodelinfinito o a la Fanpage Madryn Escena Teatral.<\/p>\n","protected":false},"excerpt":{"rendered":"<p>Se llevar\u00e1 a cabo&nbsp;del 22 de enero al 1 de febrero, en la Casa de la Cultura, en el marco del Quinto Festival Internacional MET \u2013 Madryn Escena Teatral En&hellip; <\/p>\n","protected":false},"author":2,"featured_media":19964,"comment_status":"closed","ping_status":"closed","sticky":false,"template":"","format":"standard","meta":{"footnotes":""},"categories":[15],"tags":[],"class_list":["post-19965","post","type-post","status-publish","format-standard","has-post-thumbnail","hentry","category-locales"],"yoast_head":"<!-- This site is optimized with the Yoast SEO plugin v27.4 - https:\/\/yoast.com\/product\/yoast-seo-wordpress\/ -->\n<title>SE PRESENTA LA\u00a0MUESTRA DE ARTES VISUALES &quot;PO\u00c9TICAS ECOL\u00d3GICAS TRAMAS DE UN TERRITORIO EN ESCENA\u201d\u00a0 - FM Patagonia Madryn<\/title>\n<meta name=\"robots\" content=\"index, follow, max-snippet:-1, max-image-preview:large, max-video-preview:-1\" \/>\n<link rel=\"canonical\" href=\"https:\/\/fmpatagoniamadryn.com.ar\/?p=19965\" \/>\n<meta property=\"og:locale\" content=\"es_ES\" \/>\n<meta property=\"og:type\" content=\"article\" \/>\n<meta property=\"og:title\" content=\"SE PRESENTA LA\u00a0MUESTRA DE ARTES VISUALES &quot;PO\u00c9TICAS ECOL\u00d3GICAS TRAMAS DE UN TERRITORIO EN ESCENA\u201d\u00a0 - FM Patagonia Madryn\" \/>\n<meta property=\"og:description\" content=\"Se llevar\u00e1 a cabo&nbsp;del 22 de enero al 1 de febrero, en la Casa de la Cultura, en el marco del Quinto Festival Internacional MET \u2013 Madryn Escena Teatral En&hellip;\" \/>\n<meta property=\"og:url\" content=\"https:\/\/fmpatagoniamadryn.com.ar\/?p=19965\" \/>\n<meta property=\"og:site_name\" content=\"FM Patagonia Madryn\" \/>\n<meta property=\"article:published_time\" content=\"2026-01-23T13:27:10+00:00\" \/>\n<meta property=\"og:image\" content=\"https:\/\/fmpatagoniamadryn.com.ar\/wp-content\/uploads\/2026\/01\/img_7783.jpg\" \/>\n\t<meta property=\"og:image:width\" content=\"1384\" \/>\n\t<meta property=\"og:image:height\" content=\"922\" \/>\n\t<meta property=\"og:image:type\" content=\"image\/jpeg\" \/>\n<meta name=\"author\" content=\"FM Patagonia\" \/>\n<meta name=\"twitter:card\" content=\"summary_large_image\" \/>\n<meta name=\"twitter:label1\" content=\"Escrito por\" \/>\n\t<meta name=\"twitter:data1\" content=\"FM Patagonia\" \/>\n\t<meta name=\"twitter:label2\" content=\"Tiempo de lectura\" \/>\n\t<meta name=\"twitter:data2\" content=\"2 minutos\" \/>\n<script type=\"application\/ld+json\" class=\"yoast-schema-graph\">{\"@context\":\"https:\\\/\\\/schema.org\",\"@graph\":[{\"@type\":\"Article\",\"@id\":\"https:\\\/\\\/fmpatagoniamadryn.com.ar\\\/?p=19965#article\",\"isPartOf\":{\"@id\":\"https:\\\/\\\/fmpatagoniamadryn.com.ar\\\/?p=19965\"},\"author\":{\"name\":\"FM Patagonia\",\"@id\":\"https:\\\/\\\/fmpatagoniamadryn.com.ar\\\/#\\\/schema\\\/person\\\/8a3de4ad7efceacab06c1641c50303b7\"},\"headline\":\"SE PRESENTA LA\u00a0MUESTRA DE ARTES VISUALES \u00abPO\u00c9TICAS ECOL\u00d3GICAS TRAMAS DE UN TERRITORIO EN ESCENA\u201d\u00a0\",\"datePublished\":\"2026-01-23T13:27:10+00:00\",\"mainEntityOfPage\":{\"@id\":\"https:\\\/\\\/fmpatagoniamadryn.com.ar\\\/?p=19965\"},\"wordCount\":328,\"publisher\":{\"@id\":\"https:\\\/\\\/fmpatagoniamadryn.com.ar\\\/#organization\"},\"image\":{\"@id\":\"https:\\\/\\\/fmpatagoniamadryn.com.ar\\\/?p=19965#primaryimage\"},\"thumbnailUrl\":\"https:\\\/\\\/fmpatagoniamadryn.com.ar\\\/wp-content\\\/uploads\\\/2026\\\/01\\\/img_7783.jpg\",\"articleSection\":[\"Locales\"],\"inLanguage\":\"es\"},{\"@type\":\"WebPage\",\"@id\":\"https:\\\/\\\/fmpatagoniamadryn.com.ar\\\/?p=19965\",\"url\":\"https:\\\/\\\/fmpatagoniamadryn.com.ar\\\/?p=19965\",\"name\":\"SE PRESENTA LA\u00a0MUESTRA DE ARTES VISUALES \\\"PO\u00c9TICAS ECOL\u00d3GICAS TRAMAS DE UN TERRITORIO EN ESCENA\u201d\u00a0 - FM Patagonia Madryn\",\"isPartOf\":{\"@id\":\"https:\\\/\\\/fmpatagoniamadryn.com.ar\\\/#website\"},\"primaryImageOfPage\":{\"@id\":\"https:\\\/\\\/fmpatagoniamadryn.com.ar\\\/?p=19965#primaryimage\"},\"image\":{\"@id\":\"https:\\\/\\\/fmpatagoniamadryn.com.ar\\\/?p=19965#primaryimage\"},\"thumbnailUrl\":\"https:\\\/\\\/fmpatagoniamadryn.com.ar\\\/wp-content\\\/uploads\\\/2026\\\/01\\\/img_7783.jpg\",\"datePublished\":\"2026-01-23T13:27:10+00:00\",\"breadcrumb\":{\"@id\":\"https:\\\/\\\/fmpatagoniamadryn.com.ar\\\/?p=19965#breadcrumb\"},\"inLanguage\":\"es\",\"potentialAction\":[{\"@type\":\"ReadAction\",\"target\":[\"https:\\\/\\\/fmpatagoniamadryn.com.ar\\\/?p=19965\"]}]},{\"@type\":\"ImageObject\",\"inLanguage\":\"es\",\"@id\":\"https:\\\/\\\/fmpatagoniamadryn.com.ar\\\/?p=19965#primaryimage\",\"url\":\"https:\\\/\\\/fmpatagoniamadryn.com.ar\\\/wp-content\\\/uploads\\\/2026\\\/01\\\/img_7783.jpg\",\"contentUrl\":\"https:\\\/\\\/fmpatagoniamadryn.com.ar\\\/wp-content\\\/uploads\\\/2026\\\/01\\\/img_7783.jpg\",\"width\":1384,\"height\":922},{\"@type\":\"BreadcrumbList\",\"@id\":\"https:\\\/\\\/fmpatagoniamadryn.com.ar\\\/?p=19965#breadcrumb\",\"itemListElement\":[{\"@type\":\"ListItem\",\"position\":1,\"name\":\"Portada\",\"item\":\"https:\\\/\\\/fmpatagoniamadryn.com.ar\\\/\"},{\"@type\":\"ListItem\",\"position\":2,\"name\":\"SE PRESENTA LA\u00a0MUESTRA DE ARTES VISUALES \u00abPO\u00c9TICAS ECOL\u00d3GICAS TRAMAS DE UN TERRITORIO EN ESCENA\u201d\u00a0\"}]},{\"@type\":\"WebSite\",\"@id\":\"https:\\\/\\\/fmpatagoniamadryn.com.ar\\\/#website\",\"url\":\"https:\\\/\\\/fmpatagoniamadryn.com.ar\\\/\",\"name\":\"FM Patagonia Madryn\",\"description\":\"Radio Patagonia 105.5\",\"publisher\":{\"@id\":\"https:\\\/\\\/fmpatagoniamadryn.com.ar\\\/#organization\"},\"potentialAction\":[{\"@type\":\"SearchAction\",\"target\":{\"@type\":\"EntryPoint\",\"urlTemplate\":\"https:\\\/\\\/fmpatagoniamadryn.com.ar\\\/?s={search_term_string}\"},\"query-input\":{\"@type\":\"PropertyValueSpecification\",\"valueRequired\":true,\"valueName\":\"search_term_string\"}}],\"inLanguage\":\"es\"},{\"@type\":\"Organization\",\"@id\":\"https:\\\/\\\/fmpatagoniamadryn.com.ar\\\/#organization\",\"name\":\"FM Patagonia Madryn\",\"url\":\"https:\\\/\\\/fmpatagoniamadryn.com.ar\\\/\",\"logo\":{\"@type\":\"ImageObject\",\"inLanguage\":\"es\",\"@id\":\"https:\\\/\\\/fmpatagoniamadryn.com.ar\\\/#\\\/schema\\\/logo\\\/image\\\/\",\"url\":\"https:\\\/\\\/fmpatagoniamadryn.com.ar\\\/wp-content\\\/uploads\\\/2023\\\/01\\\/cropped-Diseno-sin-titulo.png\",\"contentUrl\":\"https:\\\/\\\/fmpatagoniamadryn.com.ar\\\/wp-content\\\/uploads\\\/2023\\\/01\\\/cropped-Diseno-sin-titulo.png\",\"width\":6911,\"height\":2657,\"caption\":\"FM Patagonia Madryn\"},\"image\":{\"@id\":\"https:\\\/\\\/fmpatagoniamadryn.com.ar\\\/#\\\/schema\\\/logo\\\/image\\\/\"}},{\"@type\":\"Person\",\"@id\":\"https:\\\/\\\/fmpatagoniamadryn.com.ar\\\/#\\\/schema\\\/person\\\/8a3de4ad7efceacab06c1641c50303b7\",\"name\":\"FM Patagonia\",\"url\":\"https:\\\/\\\/fmpatagoniamadryn.com.ar\\\/?author=2\"}]}<\/script>\n<!-- \/ Yoast SEO plugin. -->","yoast_head_json":{"title":"SE PRESENTA LA\u00a0MUESTRA DE ARTES VISUALES \"PO\u00c9TICAS ECOL\u00d3GICAS TRAMAS DE UN TERRITORIO EN ESCENA\u201d\u00a0 - FM Patagonia Madryn","robots":{"index":"index","follow":"follow","max-snippet":"max-snippet:-1","max-image-preview":"max-image-preview:large","max-video-preview":"max-video-preview:-1"},"canonical":"https:\/\/fmpatagoniamadryn.com.ar\/?p=19965","og_locale":"es_ES","og_type":"article","og_title":"SE PRESENTA LA\u00a0MUESTRA DE ARTES VISUALES \"PO\u00c9TICAS ECOL\u00d3GICAS TRAMAS DE UN TERRITORIO EN ESCENA\u201d\u00a0 - FM Patagonia Madryn","og_description":"Se llevar\u00e1 a cabo&nbsp;del 22 de enero al 1 de febrero, en la Casa de la Cultura, en el marco del Quinto Festival Internacional MET \u2013 Madryn Escena Teatral En&hellip;","og_url":"https:\/\/fmpatagoniamadryn.com.ar\/?p=19965","og_site_name":"FM Patagonia Madryn","article_published_time":"2026-01-23T13:27:10+00:00","og_image":[{"width":1384,"height":922,"url":"https:\/\/fmpatagoniamadryn.com.ar\/wp-content\/uploads\/2026\/01\/img_7783.jpg","type":"image\/jpeg"}],"author":"FM Patagonia","twitter_card":"summary_large_image","twitter_misc":{"Escrito por":"FM Patagonia","Tiempo de lectura":"2 minutos"},"schema":{"@context":"https:\/\/schema.org","@graph":[{"@type":"Article","@id":"https:\/\/fmpatagoniamadryn.com.ar\/?p=19965#article","isPartOf":{"@id":"https:\/\/fmpatagoniamadryn.com.ar\/?p=19965"},"author":{"name":"FM Patagonia","@id":"https:\/\/fmpatagoniamadryn.com.ar\/#\/schema\/person\/8a3de4ad7efceacab06c1641c50303b7"},"headline":"SE PRESENTA LA\u00a0MUESTRA DE ARTES VISUALES \u00abPO\u00c9TICAS ECOL\u00d3GICAS TRAMAS DE UN TERRITORIO EN ESCENA\u201d\u00a0","datePublished":"2026-01-23T13:27:10+00:00","mainEntityOfPage":{"@id":"https:\/\/fmpatagoniamadryn.com.ar\/?p=19965"},"wordCount":328,"publisher":{"@id":"https:\/\/fmpatagoniamadryn.com.ar\/#organization"},"image":{"@id":"https:\/\/fmpatagoniamadryn.com.ar\/?p=19965#primaryimage"},"thumbnailUrl":"https:\/\/fmpatagoniamadryn.com.ar\/wp-content\/uploads\/2026\/01\/img_7783.jpg","articleSection":["Locales"],"inLanguage":"es"},{"@type":"WebPage","@id":"https:\/\/fmpatagoniamadryn.com.ar\/?p=19965","url":"https:\/\/fmpatagoniamadryn.com.ar\/?p=19965","name":"SE PRESENTA LA\u00a0MUESTRA DE ARTES VISUALES \"PO\u00c9TICAS ECOL\u00d3GICAS TRAMAS DE UN TERRITORIO EN ESCENA\u201d\u00a0 - FM Patagonia Madryn","isPartOf":{"@id":"https:\/\/fmpatagoniamadryn.com.ar\/#website"},"primaryImageOfPage":{"@id":"https:\/\/fmpatagoniamadryn.com.ar\/?p=19965#primaryimage"},"image":{"@id":"https:\/\/fmpatagoniamadryn.com.ar\/?p=19965#primaryimage"},"thumbnailUrl":"https:\/\/fmpatagoniamadryn.com.ar\/wp-content\/uploads\/2026\/01\/img_7783.jpg","datePublished":"2026-01-23T13:27:10+00:00","breadcrumb":{"@id":"https:\/\/fmpatagoniamadryn.com.ar\/?p=19965#breadcrumb"},"inLanguage":"es","potentialAction":[{"@type":"ReadAction","target":["https:\/\/fmpatagoniamadryn.com.ar\/?p=19965"]}]},{"@type":"ImageObject","inLanguage":"es","@id":"https:\/\/fmpatagoniamadryn.com.ar\/?p=19965#primaryimage","url":"https:\/\/fmpatagoniamadryn.com.ar\/wp-content\/uploads\/2026\/01\/img_7783.jpg","contentUrl":"https:\/\/fmpatagoniamadryn.com.ar\/wp-content\/uploads\/2026\/01\/img_7783.jpg","width":1384,"height":922},{"@type":"BreadcrumbList","@id":"https:\/\/fmpatagoniamadryn.com.ar\/?p=19965#breadcrumb","itemListElement":[{"@type":"ListItem","position":1,"name":"Portada","item":"https:\/\/fmpatagoniamadryn.com.ar\/"},{"@type":"ListItem","position":2,"name":"SE PRESENTA LA\u00a0MUESTRA DE ARTES VISUALES \u00abPO\u00c9TICAS ECOL\u00d3GICAS TRAMAS DE UN TERRITORIO EN ESCENA\u201d\u00a0"}]},{"@type":"WebSite","@id":"https:\/\/fmpatagoniamadryn.com.ar\/#website","url":"https:\/\/fmpatagoniamadryn.com.ar\/","name":"FM Patagonia Madryn","description":"Radio Patagonia 105.5","publisher":{"@id":"https:\/\/fmpatagoniamadryn.com.ar\/#organization"},"potentialAction":[{"@type":"SearchAction","target":{"@type":"EntryPoint","urlTemplate":"https:\/\/fmpatagoniamadryn.com.ar\/?s={search_term_string}"},"query-input":{"@type":"PropertyValueSpecification","valueRequired":true,"valueName":"search_term_string"}}],"inLanguage":"es"},{"@type":"Organization","@id":"https:\/\/fmpatagoniamadryn.com.ar\/#organization","name":"FM Patagonia Madryn","url":"https:\/\/fmpatagoniamadryn.com.ar\/","logo":{"@type":"ImageObject","inLanguage":"es","@id":"https:\/\/fmpatagoniamadryn.com.ar\/#\/schema\/logo\/image\/","url":"https:\/\/fmpatagoniamadryn.com.ar\/wp-content\/uploads\/2023\/01\/cropped-Diseno-sin-titulo.png","contentUrl":"https:\/\/fmpatagoniamadryn.com.ar\/wp-content\/uploads\/2023\/01\/cropped-Diseno-sin-titulo.png","width":6911,"height":2657,"caption":"FM Patagonia Madryn"},"image":{"@id":"https:\/\/fmpatagoniamadryn.com.ar\/#\/schema\/logo\/image\/"}},{"@type":"Person","@id":"https:\/\/fmpatagoniamadryn.com.ar\/#\/schema\/person\/8a3de4ad7efceacab06c1641c50303b7","name":"FM Patagonia","url":"https:\/\/fmpatagoniamadryn.com.ar\/?author=2"}]}},"jetpack_featured_media_url":"https:\/\/fmpatagoniamadryn.com.ar\/wp-content\/uploads\/2026\/01\/img_7783.jpg","_links":{"self":[{"href":"https:\/\/fmpatagoniamadryn.com.ar\/index.php?rest_route=\/wp\/v2\/posts\/19965","targetHints":{"allow":["GET"]}}],"collection":[{"href":"https:\/\/fmpatagoniamadryn.com.ar\/index.php?rest_route=\/wp\/v2\/posts"}],"about":[{"href":"https:\/\/fmpatagoniamadryn.com.ar\/index.php?rest_route=\/wp\/v2\/types\/post"}],"author":[{"embeddable":true,"href":"https:\/\/fmpatagoniamadryn.com.ar\/index.php?rest_route=\/wp\/v2\/users\/2"}],"replies":[{"embeddable":true,"href":"https:\/\/fmpatagoniamadryn.com.ar\/index.php?rest_route=%2Fwp%2Fv2%2Fcomments&post=19965"}],"version-history":[{"count":1,"href":"https:\/\/fmpatagoniamadryn.com.ar\/index.php?rest_route=\/wp\/v2\/posts\/19965\/revisions"}],"predecessor-version":[{"id":19966,"href":"https:\/\/fmpatagoniamadryn.com.ar\/index.php?rest_route=\/wp\/v2\/posts\/19965\/revisions\/19966"}],"wp:featuredmedia":[{"embeddable":true,"href":"https:\/\/fmpatagoniamadryn.com.ar\/index.php?rest_route=\/wp\/v2\/media\/19964"}],"wp:attachment":[{"href":"https:\/\/fmpatagoniamadryn.com.ar\/index.php?rest_route=%2Fwp%2Fv2%2Fmedia&parent=19965"}],"wp:term":[{"taxonomy":"category","embeddable":true,"href":"https:\/\/fmpatagoniamadryn.com.ar\/index.php?rest_route=%2Fwp%2Fv2%2Fcategories&post=19965"},{"taxonomy":"post_tag","embeddable":true,"href":"https:\/\/fmpatagoniamadryn.com.ar\/index.php?rest_route=%2Fwp%2Fv2%2Ftags&post=19965"}],"curies":[{"name":"wp","href":"https:\/\/api.w.org\/{rel}","templated":true}]}}