{"id":19974,"date":"2026-01-23T11:37:51","date_gmt":"2026-01-23T14:37:51","guid":{"rendered":"https:\/\/fmpatagoniamadryn.com.ar\/?p=19974"},"modified":"2026-01-23T11:37:51","modified_gmt":"2026-01-23T14:37:51","slug":"con-mas-brigadistas-y-recursos-provincia-refuerza-los-operativos-para-combatir-los-incendios-forestales-en-la-cordillera","status":"publish","type":"post","link":"https:\/\/fmpatagoniamadryn.com.ar\/?p=19974","title":{"rendered":"Con m\u00e1s brigadistas y recursos, Provincia refuerza los operativos para combatir los incendios forestales en la Cordillera"},"content":{"rendered":"\n<p><\/p>\n\n\n\n<p><em>El Gobierno del Chubut lleva adelante un amplio despliegue para controlar los distintos siniestros \u00edgneos registrados en diferentes sectores de la regi\u00f3n. En la zona de \u201cLos Alerces\u201d, se articulan tareas con la Administraci\u00f3n de Parques Nacionales y la Agencia Federal de Emergencia, intensificando el trabajo sobre los puntos calientes existentes en zonas aleda\u00f1as a las poblaciones. En cercan\u00edas a El Turbio el fuego est\u00e1 controlado en un 90%, mientras que el de Puerto Patriada est\u00e1 contenido en su totalidad.<\/em><\/p>\n\n\n\n<p>El Gobierno del Chubut contin\u00faa desplegando un amplio operativo para controlar el siniestro \u00edgneo registrado desde el pasado 9 de diciembre en el Parque Nacional Los Alerces. Alrededor de 240 personas y siete medios a\u00e9reos fueron distribuidos durante este mi\u00e9rcoles en seis sectores de dif\u00edcil acceso con el objeto de combatir el incendio forestal que afecta bosques nativos, plantaciones y pastizales en el brazo sur del Lago Men\u00e9ndez y en las zonas de Lago Verde y Lago Rivadavia.<\/p>\n\n\n\n<p>Los trabajos son llevados adelante de manera articulada entre la gesti\u00f3n que conduce Ignacio \u201cNacho\u201d Torres, la Administraci\u00f3n de Parques Nacionales y la Agencia Federal de Emergencia. Seg\u00fan lo informado en el \u00faltimo parte emitido desde el Comando Unificado, para este jueves las precipitaciones registradas durante la jornada \u201cpodr\u00edan afectar positivamente un acumulado de 8 a 10 mm\u201d.<\/p>\n\n\n\n<p><em>Situaci\u00f3n en Villa Lago Rivadavia<\/em><\/p>\n\n\n\n<p>Debido a los avances del fuego en el sector Lago Rivadavia- Villa Lago Rivadavia que sobrepasaron las l\u00edneas de defensa, el personal se reubic\u00f3 a realizar tareas de enfriamiento sobre el per\u00edmetro, debiendo reposicionar todo el equipo de bombeo para poder detener el avance sobre la zona del ca\u00f1ad\u00f3n.<\/p>\n\n\n\n<p>Se inform\u00f3 en ese marco que el personal se encuentra abocado a tareas de evacuaci\u00f3n debido a la convectividad desarrollada en \u00faltimas horas de la tarde de ayer, la cual representa una situaci\u00f3n de riesgo para la zona de la Villa.<\/p>\n\n\n\n<p><em>Disminuci\u00f3n de temperatura<\/em><\/p>\n\n\n\n<p>Desde un comienzo, el incendio iniciado en la zona del Lago Men\u00e9ndez presenta un comportamiento complejo tanto por las condiciones meteorol\u00f3gicas registradas en la regi\u00f3n como por la irregularidad del terreno. Para la jornada de hoy \u201clos valores de humedad relativa aumentar\u00e1n, disminuyendo la temperatura\u201d. El fin de semana \u201cse incrementar\u00edan nuevamente las condiciones cr\u00edticas\u201d.<\/p>\n\n\n\n<p>De acuerdo a lo precisado en dicho reporte, se realizar\u00e1n monitoreos con drones y, de ser posible, se realizar\u00e1 sobrevuelo con avi\u00f3n observador AEROTEC ARGENTINA, 360\u00b0. Se\u00f1alaron, asimismo, que \u201cse sostendr\u00e1n esfuerzos sobre los focos ya trabajados y se van a afianzar los puntos calientes existentes en zonas aleda\u00f1as a las poblaciones buscando la liquidaci\u00f3n de los mismos\u201d.<\/p>\n\n\n\n<p><em>Focos secundarios<\/em><\/p>\n\n\n\n<p>Seg\u00fan se inform\u00f3 desde el comando, durante la jornada de este mi\u00e9rcoles \u201cse mantuvieron estables los vientos y con una intensidad en aumento durante la tarde, la cual present\u00f3 una rotaci\u00f3n al sector Norte\u201d. Por la tarde, se comenz\u00f3 a percibir presencia de focos secundarios producto de material rodante, increment\u00e1ndose la actividad de la columna principal sobre Punta Mattos hacia el Zanj\u00f3n Hondo.<\/p>\n\n\n\n<p>En el sector Arrayanes-Mattos, se reforzaron las tareas de protecci\u00f3n y enfriamiento, y se estuvo trabajando con cuatro helic\u00f3pteros con helibalde sobre el sector del Arroyo Villegas y Zanj\u00f3n Hondo. Se sostuvieron trabajos de recorridas y ataque directo sobre los focos que se fueron descolgando hacia la ruta.<\/p>\n\n\n\n<p><em>Recursos<\/em><\/p>\n\n\n\n<p>El Servicio Provincial de Manejo del Fuego del Chubut, dependiente de la Secretar\u00eda de Bosques, colabora junto a instituciones como la Agencia Federal de Emergencias, el Ej\u00e9rcito Argentino, Polic\u00eda Federal, Gendarmer\u00eda Nacional, Administraci\u00f3n de Parques Nacionales, Bomberos Voluntarios, Vialidad Provincial y grupos de pobladores, prestadores y gu\u00edas, entre otros.<br \/>&nbsp;<br \/>Cabe se\u00f1alar que a partir de ma\u00f1ana viernes, ingresar\u00e1n 20 combatientes de la APN, sum\u00e1ndose al n\u00famero total 48 brigadistas m\u00e1s, pertenecientes a la Brigada Nacional (NEA y Centro).<\/p>\n\n\n\n<p><em>Situaci\u00f3n en El Turbio y Puerto Patriada<\/em><\/p>\n\n\n\n<p>Por otra parte, la Secretar\u00eda de Bosques provincial contin\u00faa al frente del operativo en la zona conocida como \u201cLoma de la Chancha\u201d, en cercan\u00edas de R\u00edo Turbio. De acuerdo al informe t\u00e9cnico y operativo dado a conocer en las \u00faltimas horas, el incendio forestal registrado por la ca\u00edda de un rayo el pasado 1 de diciembre afect\u00f3 una superficie estimada de 3.125 hect\u00e1reas y se encuentra controlado en un 90%.<\/p>\n\n\n\n<p>Durante la jornada de este mi\u00e9rcoles, el personal se dividi\u00f3 en dos grupos: uno en la zona m\u00e1s baja donde se observan focos calientes con mayor actividad, trabajando con agua y herramientas de corte, y otro revis\u00f3 fajas realizadas en d\u00edas anteriores y recorri\u00f3 el per\u00edmetro. Precisaron al respecto que \u201cla faja realizada fue efectiva y se mantiene h\u00fameda. No se detecta actividad en la zona m\u00e1s elevada\u201d.<\/p>\n\n\n\n<p>Por otra parte y en el sector conocido como \u201cPrimera Cantera\u201d en Puerto Patriada, el siniestro \u00edgneo detectado el pasado lunes 5 de enero se encuentra contenido en su totalidad. Desde el Servicio Provincial de Manejo del Fuego estiman que son 14.770 hect\u00e1reas las afectadas.<\/p>\n\n\n\n<p>En este sector, la mayor parte del personal se distribuy\u00f3 en la zona de El Coihue, Arroyo Las Minas y La Burrada, sobre el flanco izquierdo, contando con el apoyo de medios a\u00e9reos y una topadora.<\/p>\n\n\n\n<p>Asimismo, el jefe de incendio realiz\u00f3 un recorrido en cercan\u00edas de Ca\u00f1ad\u00f3n Arroyo Blanco a fin de determinar estrategias de combate por la fuerte reactivaci\u00f3n que tuvo el incendio en el ca\u00f1ad\u00f3n de El Truno.<\/p>\n","protected":false},"excerpt":{"rendered":"<p>El Gobierno del Chubut lleva adelante un amplio despliegue para controlar los distintos siniestros \u00edgneos registrados en diferentes sectores de la regi\u00f3n. En la zona de \u201cLos Alerces\u201d, se articulan&hellip; <\/p>\n","protected":false},"author":2,"featured_media":19973,"comment_status":"closed","ping_status":"closed","sticky":false,"template":"","format":"standard","meta":{"footnotes":""},"categories":[14],"tags":[],"class_list":["post-19974","post","type-post","status-publish","format-standard","has-post-thumbnail","hentry","category-provinciales"],"yoast_head":"<!-- This site is optimized with the Yoast SEO plugin v27.4 - https:\/\/yoast.com\/product\/yoast-seo-wordpress\/ -->\n<title>Con m\u00e1s brigadistas y recursos, Provincia refuerza los operativos para combatir los incendios forestales en la Cordillera - FM Patagonia Madryn<\/title>\n<meta name=\"robots\" content=\"index, follow, max-snippet:-1, max-image-preview:large, max-video-preview:-1\" \/>\n<link rel=\"canonical\" href=\"https:\/\/fmpatagoniamadryn.com.ar\/?p=19974\" \/>\n<meta property=\"og:locale\" content=\"es_ES\" \/>\n<meta property=\"og:type\" content=\"article\" \/>\n<meta property=\"og:title\" content=\"Con m\u00e1s brigadistas y recursos, Provincia refuerza los operativos para combatir los incendios forestales en la Cordillera - FM Patagonia Madryn\" \/>\n<meta property=\"og:description\" content=\"El Gobierno del Chubut lleva adelante un amplio despliegue para controlar los distintos siniestros \u00edgneos registrados en diferentes sectores de la regi\u00f3n. En la zona de \u201cLos Alerces\u201d, se articulan&hellip;\" \/>\n<meta property=\"og:url\" content=\"https:\/\/fmpatagoniamadryn.com.ar\/?p=19974\" \/>\n<meta property=\"og:site_name\" content=\"FM Patagonia Madryn\" \/>\n<meta property=\"article:published_time\" content=\"2026-01-23T14:37:51+00:00\" \/>\n<meta property=\"og:image\" content=\"https:\/\/fmpatagoniamadryn.com.ar\/wp-content\/uploads\/2026\/01\/8f4719cd-db4e-4337-ab20-cf4232ad65e7.jpg\" \/>\n\t<meta property=\"og:image:width\" content=\"2000\" \/>\n\t<meta property=\"og:image:height\" content=\"1333\" \/>\n\t<meta property=\"og:image:type\" content=\"image\/jpeg\" \/>\n<meta name=\"author\" content=\"FM Patagonia\" \/>\n<meta name=\"twitter:card\" content=\"summary_large_image\" \/>\n<meta name=\"twitter:label1\" content=\"Escrito por\" \/>\n\t<meta name=\"twitter:data1\" content=\"FM Patagonia\" \/>\n\t<meta name=\"twitter:label2\" content=\"Tiempo de lectura\" \/>\n\t<meta name=\"twitter:data2\" content=\"5 minutos\" \/>\n<script type=\"application\/ld+json\" class=\"yoast-schema-graph\">{\"@context\":\"https:\\\/\\\/schema.org\",\"@graph\":[{\"@type\":\"Article\",\"@id\":\"https:\\\/\\\/fmpatagoniamadryn.com.ar\\\/?p=19974#article\",\"isPartOf\":{\"@id\":\"https:\\\/\\\/fmpatagoniamadryn.com.ar\\\/?p=19974\"},\"author\":{\"name\":\"FM Patagonia\",\"@id\":\"https:\\\/\\\/fmpatagoniamadryn.com.ar\\\/#\\\/schema\\\/person\\\/8a3de4ad7efceacab06c1641c50303b7\"},\"headline\":\"Con m\u00e1s brigadistas y recursos, Provincia refuerza los operativos para combatir los incendios forestales en la Cordillera\",\"datePublished\":\"2026-01-23T14:37:51+00:00\",\"mainEntityOfPage\":{\"@id\":\"https:\\\/\\\/fmpatagoniamadryn.com.ar\\\/?p=19974\"},\"wordCount\":961,\"publisher\":{\"@id\":\"https:\\\/\\\/fmpatagoniamadryn.com.ar\\\/#organization\"},\"image\":{\"@id\":\"https:\\\/\\\/fmpatagoniamadryn.com.ar\\\/?p=19974#primaryimage\"},\"thumbnailUrl\":\"https:\\\/\\\/fmpatagoniamadryn.com.ar\\\/wp-content\\\/uploads\\\/2026\\\/01\\\/8f4719cd-db4e-4337-ab20-cf4232ad65e7.jpg\",\"articleSection\":[\"Provinciales\"],\"inLanguage\":\"es\"},{\"@type\":\"WebPage\",\"@id\":\"https:\\\/\\\/fmpatagoniamadryn.com.ar\\\/?p=19974\",\"url\":\"https:\\\/\\\/fmpatagoniamadryn.com.ar\\\/?p=19974\",\"name\":\"Con m\u00e1s brigadistas y recursos, Provincia refuerza los operativos para combatir los incendios forestales en la Cordillera - FM Patagonia Madryn\",\"isPartOf\":{\"@id\":\"https:\\\/\\\/fmpatagoniamadryn.com.ar\\\/#website\"},\"primaryImageOfPage\":{\"@id\":\"https:\\\/\\\/fmpatagoniamadryn.com.ar\\\/?p=19974#primaryimage\"},\"image\":{\"@id\":\"https:\\\/\\\/fmpatagoniamadryn.com.ar\\\/?p=19974#primaryimage\"},\"thumbnailUrl\":\"https:\\\/\\\/fmpatagoniamadryn.com.ar\\\/wp-content\\\/uploads\\\/2026\\\/01\\\/8f4719cd-db4e-4337-ab20-cf4232ad65e7.jpg\",\"datePublished\":\"2026-01-23T14:37:51+00:00\",\"breadcrumb\":{\"@id\":\"https:\\\/\\\/fmpatagoniamadryn.com.ar\\\/?p=19974#breadcrumb\"},\"inLanguage\":\"es\",\"potentialAction\":[{\"@type\":\"ReadAction\",\"target\":[\"https:\\\/\\\/fmpatagoniamadryn.com.ar\\\/?p=19974\"]}]},{\"@type\":\"ImageObject\",\"inLanguage\":\"es\",\"@id\":\"https:\\\/\\\/fmpatagoniamadryn.com.ar\\\/?p=19974#primaryimage\",\"url\":\"https:\\\/\\\/fmpatagoniamadryn.com.ar\\\/wp-content\\\/uploads\\\/2026\\\/01\\\/8f4719cd-db4e-4337-ab20-cf4232ad65e7.jpg\",\"contentUrl\":\"https:\\\/\\\/fmpatagoniamadryn.com.ar\\\/wp-content\\\/uploads\\\/2026\\\/01\\\/8f4719cd-db4e-4337-ab20-cf4232ad65e7.jpg\",\"width\":2000,\"height\":1333},{\"@type\":\"BreadcrumbList\",\"@id\":\"https:\\\/\\\/fmpatagoniamadryn.com.ar\\\/?p=19974#breadcrumb\",\"itemListElement\":[{\"@type\":\"ListItem\",\"position\":1,\"name\":\"Portada\",\"item\":\"https:\\\/\\\/fmpatagoniamadryn.com.ar\\\/\"},{\"@type\":\"ListItem\",\"position\":2,\"name\":\"Con m\u00e1s brigadistas y recursos, Provincia refuerza los operativos para combatir los incendios forestales en la Cordillera\"}]},{\"@type\":\"WebSite\",\"@id\":\"https:\\\/\\\/fmpatagoniamadryn.com.ar\\\/#website\",\"url\":\"https:\\\/\\\/fmpatagoniamadryn.com.ar\\\/\",\"name\":\"FM Patagonia Madryn\",\"description\":\"Radio Patagonia 105.5\",\"publisher\":{\"@id\":\"https:\\\/\\\/fmpatagoniamadryn.com.ar\\\/#organization\"},\"potentialAction\":[{\"@type\":\"SearchAction\",\"target\":{\"@type\":\"EntryPoint\",\"urlTemplate\":\"https:\\\/\\\/fmpatagoniamadryn.com.ar\\\/?s={search_term_string}\"},\"query-input\":{\"@type\":\"PropertyValueSpecification\",\"valueRequired\":true,\"valueName\":\"search_term_string\"}}],\"inLanguage\":\"es\"},{\"@type\":\"Organization\",\"@id\":\"https:\\\/\\\/fmpatagoniamadryn.com.ar\\\/#organization\",\"name\":\"FM Patagonia Madryn\",\"url\":\"https:\\\/\\\/fmpatagoniamadryn.com.ar\\\/\",\"logo\":{\"@type\":\"ImageObject\",\"inLanguage\":\"es\",\"@id\":\"https:\\\/\\\/fmpatagoniamadryn.com.ar\\\/#\\\/schema\\\/logo\\\/image\\\/\",\"url\":\"https:\\\/\\\/fmpatagoniamadryn.com.ar\\\/wp-content\\\/uploads\\\/2023\\\/01\\\/cropped-Diseno-sin-titulo.png\",\"contentUrl\":\"https:\\\/\\\/fmpatagoniamadryn.com.ar\\\/wp-content\\\/uploads\\\/2023\\\/01\\\/cropped-Diseno-sin-titulo.png\",\"width\":6911,\"height\":2657,\"caption\":\"FM Patagonia Madryn\"},\"image\":{\"@id\":\"https:\\\/\\\/fmpatagoniamadryn.com.ar\\\/#\\\/schema\\\/logo\\\/image\\\/\"}},{\"@type\":\"Person\",\"@id\":\"https:\\\/\\\/fmpatagoniamadryn.com.ar\\\/#\\\/schema\\\/person\\\/8a3de4ad7efceacab06c1641c50303b7\",\"name\":\"FM Patagonia\",\"url\":\"https:\\\/\\\/fmpatagoniamadryn.com.ar\\\/?author=2\"}]}<\/script>\n<!-- \/ Yoast SEO plugin. -->","yoast_head_json":{"title":"Con m\u00e1s brigadistas y recursos, Provincia refuerza los operativos para combatir los incendios forestales en la Cordillera - FM Patagonia Madryn","robots":{"index":"index","follow":"follow","max-snippet":"max-snippet:-1","max-image-preview":"max-image-preview:large","max-video-preview":"max-video-preview:-1"},"canonical":"https:\/\/fmpatagoniamadryn.com.ar\/?p=19974","og_locale":"es_ES","og_type":"article","og_title":"Con m\u00e1s brigadistas y recursos, Provincia refuerza los operativos para combatir los incendios forestales en la Cordillera - FM Patagonia Madryn","og_description":"El Gobierno del Chubut lleva adelante un amplio despliegue para controlar los distintos siniestros \u00edgneos registrados en diferentes sectores de la regi\u00f3n. En la zona de \u201cLos Alerces\u201d, se articulan&hellip;","og_url":"https:\/\/fmpatagoniamadryn.com.ar\/?p=19974","og_site_name":"FM Patagonia Madryn","article_published_time":"2026-01-23T14:37:51+00:00","og_image":[{"width":2000,"height":1333,"url":"https:\/\/fmpatagoniamadryn.com.ar\/wp-content\/uploads\/2026\/01\/8f4719cd-db4e-4337-ab20-cf4232ad65e7.jpg","type":"image\/jpeg"}],"author":"FM Patagonia","twitter_card":"summary_large_image","twitter_misc":{"Escrito por":"FM Patagonia","Tiempo de lectura":"5 minutos"},"schema":{"@context":"https:\/\/schema.org","@graph":[{"@type":"Article","@id":"https:\/\/fmpatagoniamadryn.com.ar\/?p=19974#article","isPartOf":{"@id":"https:\/\/fmpatagoniamadryn.com.ar\/?p=19974"},"author":{"name":"FM Patagonia","@id":"https:\/\/fmpatagoniamadryn.com.ar\/#\/schema\/person\/8a3de4ad7efceacab06c1641c50303b7"},"headline":"Con m\u00e1s brigadistas y recursos, Provincia refuerza los operativos para combatir los incendios forestales en la Cordillera","datePublished":"2026-01-23T14:37:51+00:00","mainEntityOfPage":{"@id":"https:\/\/fmpatagoniamadryn.com.ar\/?p=19974"},"wordCount":961,"publisher":{"@id":"https:\/\/fmpatagoniamadryn.com.ar\/#organization"},"image":{"@id":"https:\/\/fmpatagoniamadryn.com.ar\/?p=19974#primaryimage"},"thumbnailUrl":"https:\/\/fmpatagoniamadryn.com.ar\/wp-content\/uploads\/2026\/01\/8f4719cd-db4e-4337-ab20-cf4232ad65e7.jpg","articleSection":["Provinciales"],"inLanguage":"es"},{"@type":"WebPage","@id":"https:\/\/fmpatagoniamadryn.com.ar\/?p=19974","url":"https:\/\/fmpatagoniamadryn.com.ar\/?p=19974","name":"Con m\u00e1s brigadistas y recursos, Provincia refuerza los operativos para combatir los incendios forestales en la Cordillera - FM Patagonia Madryn","isPartOf":{"@id":"https:\/\/fmpatagoniamadryn.com.ar\/#website"},"primaryImageOfPage":{"@id":"https:\/\/fmpatagoniamadryn.com.ar\/?p=19974#primaryimage"},"image":{"@id":"https:\/\/fmpatagoniamadryn.com.ar\/?p=19974#primaryimage"},"thumbnailUrl":"https:\/\/fmpatagoniamadryn.com.ar\/wp-content\/uploads\/2026\/01\/8f4719cd-db4e-4337-ab20-cf4232ad65e7.jpg","datePublished":"2026-01-23T14:37:51+00:00","breadcrumb":{"@id":"https:\/\/fmpatagoniamadryn.com.ar\/?p=19974#breadcrumb"},"inLanguage":"es","potentialAction":[{"@type":"ReadAction","target":["https:\/\/fmpatagoniamadryn.com.ar\/?p=19974"]}]},{"@type":"ImageObject","inLanguage":"es","@id":"https:\/\/fmpatagoniamadryn.com.ar\/?p=19974#primaryimage","url":"https:\/\/fmpatagoniamadryn.com.ar\/wp-content\/uploads\/2026\/01\/8f4719cd-db4e-4337-ab20-cf4232ad65e7.jpg","contentUrl":"https:\/\/fmpatagoniamadryn.com.ar\/wp-content\/uploads\/2026\/01\/8f4719cd-db4e-4337-ab20-cf4232ad65e7.jpg","width":2000,"height":1333},{"@type":"BreadcrumbList","@id":"https:\/\/fmpatagoniamadryn.com.ar\/?p=19974#breadcrumb","itemListElement":[{"@type":"ListItem","position":1,"name":"Portada","item":"https:\/\/fmpatagoniamadryn.com.ar\/"},{"@type":"ListItem","position":2,"name":"Con m\u00e1s brigadistas y recursos, Provincia refuerza los operativos para combatir los incendios forestales en la Cordillera"}]},{"@type":"WebSite","@id":"https:\/\/fmpatagoniamadryn.com.ar\/#website","url":"https:\/\/fmpatagoniamadryn.com.ar\/","name":"FM Patagonia Madryn","description":"Radio Patagonia 105.5","publisher":{"@id":"https:\/\/fmpatagoniamadryn.com.ar\/#organization"},"potentialAction":[{"@type":"SearchAction","target":{"@type":"EntryPoint","urlTemplate":"https:\/\/fmpatagoniamadryn.com.ar\/?s={search_term_string}"},"query-input":{"@type":"PropertyValueSpecification","valueRequired":true,"valueName":"search_term_string"}}],"inLanguage":"es"},{"@type":"Organization","@id":"https:\/\/fmpatagoniamadryn.com.ar\/#organization","name":"FM Patagonia Madryn","url":"https:\/\/fmpatagoniamadryn.com.ar\/","logo":{"@type":"ImageObject","inLanguage":"es","@id":"https:\/\/fmpatagoniamadryn.com.ar\/#\/schema\/logo\/image\/","url":"https:\/\/fmpatagoniamadryn.com.ar\/wp-content\/uploads\/2023\/01\/cropped-Diseno-sin-titulo.png","contentUrl":"https:\/\/fmpatagoniamadryn.com.ar\/wp-content\/uploads\/2023\/01\/cropped-Diseno-sin-titulo.png","width":6911,"height":2657,"caption":"FM Patagonia Madryn"},"image":{"@id":"https:\/\/fmpatagoniamadryn.com.ar\/#\/schema\/logo\/image\/"}},{"@type":"Person","@id":"https:\/\/fmpatagoniamadryn.com.ar\/#\/schema\/person\/8a3de4ad7efceacab06c1641c50303b7","name":"FM Patagonia","url":"https:\/\/fmpatagoniamadryn.com.ar\/?author=2"}]}},"jetpack_featured_media_url":"https:\/\/fmpatagoniamadryn.com.ar\/wp-content\/uploads\/2026\/01\/8f4719cd-db4e-4337-ab20-cf4232ad65e7.jpg","_links":{"self":[{"href":"https:\/\/fmpatagoniamadryn.com.ar\/index.php?rest_route=\/wp\/v2\/posts\/19974","targetHints":{"allow":["GET"]}}],"collection":[{"href":"https:\/\/fmpatagoniamadryn.com.ar\/index.php?rest_route=\/wp\/v2\/posts"}],"about":[{"href":"https:\/\/fmpatagoniamadryn.com.ar\/index.php?rest_route=\/wp\/v2\/types\/post"}],"author":[{"embeddable":true,"href":"https:\/\/fmpatagoniamadryn.com.ar\/index.php?rest_route=\/wp\/v2\/users\/2"}],"replies":[{"embeddable":true,"href":"https:\/\/fmpatagoniamadryn.com.ar\/index.php?rest_route=%2Fwp%2Fv2%2Fcomments&post=19974"}],"version-history":[{"count":1,"href":"https:\/\/fmpatagoniamadryn.com.ar\/index.php?rest_route=\/wp\/v2\/posts\/19974\/revisions"}],"predecessor-version":[{"id":19975,"href":"https:\/\/fmpatagoniamadryn.com.ar\/index.php?rest_route=\/wp\/v2\/posts\/19974\/revisions\/19975"}],"wp:featuredmedia":[{"embeddable":true,"href":"https:\/\/fmpatagoniamadryn.com.ar\/index.php?rest_route=\/wp\/v2\/media\/19973"}],"wp:attachment":[{"href":"https:\/\/fmpatagoniamadryn.com.ar\/index.php?rest_route=%2Fwp%2Fv2%2Fmedia&parent=19974"}],"wp:term":[{"taxonomy":"category","embeddable":true,"href":"https:\/\/fmpatagoniamadryn.com.ar\/index.php?rest_route=%2Fwp%2Fv2%2Fcategories&post=19974"},{"taxonomy":"post_tag","embeddable":true,"href":"https:\/\/fmpatagoniamadryn.com.ar\/index.php?rest_route=%2Fwp%2Fv2%2Ftags&post=19974"}],"curies":[{"name":"wp","href":"https:\/\/api.w.org\/{rel}","templated":true}]}}