{"id":19977,"date":"2026-01-23T18:08:52","date_gmt":"2026-01-23T21:08:52","guid":{"rendered":"https:\/\/fmpatagoniamadryn.com.ar\/?p=19977"},"modified":"2026-01-23T18:08:52","modified_gmt":"2026-01-23T21:08:52","slug":"puerto-madryn-ya-disfruta-de-la-7a-edicion-del-festival-acuatico-antonio-torrejon","status":"publish","type":"post","link":"https:\/\/fmpatagoniamadryn.com.ar\/?p=19977","title":{"rendered":"PUERTO MADRYN YA DISFRUTA DE LA 7\u00aa EDICI\u00d3N DEL FESTIVAL ACU\u00c1TICO \u201cANTONIO TORREJ\u00d3N\u201d"},"content":{"rendered":"\n<p><br><em>Desde hoy y hasta el domingo se llevar\u00e1 a cabo una gran cantidad de competencias deportivas en el frente costero de nuestra ciudad, tal como se destac\u00f3 en el acto que encabez\u00f3 el viceintendente Mart\u00edn Ebene<\/em><\/p>\n\n\n\n<p>El viceintendente de Puerto Madryn, Mart\u00edn Ebene, encabez\u00f3 esta ma\u00f1ana el acto de apertura de la 7\u00aa edici\u00f3n del Festival Acu\u00e1tico \u201cAntonio Torrej\u00f3n\u201d, que ya comenz\u00f3 a desarrollarse en nuestra ciudad. El evento, que tiene como objetivo promover el deporte, la vida saludable, la inclusi\u00f3n y el disfrute responsable del entorno natural, se llevar\u00e1 a cabo hasta el domingo inclusive en el frente costero de la ciudad, con una amplia agenda de actividades acu\u00e1ticas.&nbsp;<\/p>\n\n\n\n<p>Durante las jornadas, el p\u00fablico podr\u00e1 disfrutar de competencias y exhibiciones de diversas disciplinas, entre ellas canotaje, nataci\u00f3n en aguas abiertas, stand up paddle, windsurf, waterpolo, kayak polo, wingfoil, buceo, kitesurf y vela ligera, adem\u00e1s de nataci\u00f3n en aguas abiertas adaptada, fortaleciendo el car\u00e1cter inclusivo del evento.<\/p>\n\n\n\n<p>El Festival Acu\u00e1tico \u201cAntonio Torrej\u00f3n\u201d se ha consolidado como un espacio de encuentro para deportistas, familias y visitantes, reafirmando a Puerto Madryn como un destino destacado para el desarrollo de actividades deportivas y recreativas vinculadas al mar.<\/p>\n\n\n\n<p><strong>Turismo y deporte<br \/><\/strong><br \/>Al respecto, el Viceintendente dijo: \u201cHoy encabezamos la apertura de la 7\u00aa edici\u00f3n del Festival Acu\u00e1tico \u2018Antonio Torrej\u00f3n\u2019, que se desarrollar\u00e1 durante el fin de semana en el frente costero de Puerto Madryn\u201d.&nbsp;<\/p>\n\n\n\n<p>\u201cSeguimos trabajando arduamente para hacer crecer este evento, que se convirti\u00f3 en un cl\u00e1sico de nuestra ciudad y que nos permite fortalecer la sinergia entre el turismo y el deporte\u201d, agreg\u00f3 Ebene.<\/p>\n\n\n\n<p><strong>Reconocimiento a Tommaso Curti<br><\/strong><br>Como se hace habitualmente todos los a\u00f1os, se hizo un reconocimiento especial a un vecino que marc\u00f3 un antes y un despu\u00e9s para Puerto Madryn: Tommaso Curti. En esta oportunidad, se entreg\u00f3 presentes a los herederos de la familia Curti \u2013 Manara, recordando que una de las playas principales de la ciudad lleva su nombre.<\/p>\n\n\n\n<p><\/p>\n","protected":false},"excerpt":{"rendered":"<p>Desde hoy y hasta el domingo se llevar\u00e1 a cabo una gran cantidad de competencias deportivas en el frente costero de nuestra ciudad, tal como se destac\u00f3 en el acto&hellip; <\/p>\n","protected":false},"author":2,"featured_media":19976,"comment_status":"closed","ping_status":"closed","sticky":false,"template":"","format":"standard","meta":{"footnotes":""},"categories":[15],"tags":[],"class_list":["post-19977","post","type-post","status-publish","format-standard","has-post-thumbnail","hentry","category-locales"],"yoast_head":"<!-- This site is optimized with the Yoast SEO plugin v27.4 - https:\/\/yoast.com\/product\/yoast-seo-wordpress\/ -->\n<title>PUERTO MADRYN YA DISFRUTA DE LA 7\u00aa EDICI\u00d3N DEL FESTIVAL ACU\u00c1TICO \u201cANTONIO TORREJ\u00d3N\u201d - FM Patagonia Madryn<\/title>\n<meta name=\"robots\" content=\"index, follow, max-snippet:-1, max-image-preview:large, max-video-preview:-1\" \/>\n<link rel=\"canonical\" href=\"https:\/\/fmpatagoniamadryn.com.ar\/?p=19977\" \/>\n<meta property=\"og:locale\" content=\"es_ES\" \/>\n<meta property=\"og:type\" content=\"article\" \/>\n<meta property=\"og:title\" content=\"PUERTO MADRYN YA DISFRUTA DE LA 7\u00aa EDICI\u00d3N DEL FESTIVAL ACU\u00c1TICO \u201cANTONIO TORREJ\u00d3N\u201d - FM Patagonia Madryn\" \/>\n<meta property=\"og:description\" content=\"Desde hoy y hasta el domingo se llevar\u00e1 a cabo una gran cantidad de competencias deportivas en el frente costero de nuestra ciudad, tal como se destac\u00f3 en el acto&hellip;\" \/>\n<meta property=\"og:url\" content=\"https:\/\/fmpatagoniamadryn.com.ar\/?p=19977\" \/>\n<meta property=\"og:site_name\" content=\"FM Patagonia Madryn\" \/>\n<meta property=\"article:published_time\" content=\"2026-01-23T21:08:52+00:00\" \/>\n<meta property=\"og:image\" content=\"https:\/\/fmpatagoniamadryn.com.ar\/wp-content\/uploads\/2026\/01\/img_7809.jpg\" \/>\n\t<meta property=\"og:image:width\" content=\"1098\" \/>\n\t<meta property=\"og:image:height\" content=\"686\" \/>\n\t<meta property=\"og:image:type\" content=\"image\/jpeg\" \/>\n<meta name=\"author\" content=\"FM Patagonia\" \/>\n<meta name=\"twitter:card\" content=\"summary_large_image\" \/>\n<meta name=\"twitter:label1\" content=\"Escrito por\" \/>\n\t<meta name=\"twitter:data1\" content=\"FM Patagonia\" \/>\n\t<meta name=\"twitter:label2\" content=\"Tiempo de lectura\" \/>\n\t<meta name=\"twitter:data2\" content=\"2 minutos\" \/>\n<script type=\"application\/ld+json\" class=\"yoast-schema-graph\">{\"@context\":\"https:\\\/\\\/schema.org\",\"@graph\":[{\"@type\":\"Article\",\"@id\":\"https:\\\/\\\/fmpatagoniamadryn.com.ar\\\/?p=19977#article\",\"isPartOf\":{\"@id\":\"https:\\\/\\\/fmpatagoniamadryn.com.ar\\\/?p=19977\"},\"author\":{\"name\":\"FM Patagonia\",\"@id\":\"https:\\\/\\\/fmpatagoniamadryn.com.ar\\\/#\\\/schema\\\/person\\\/8a3de4ad7efceacab06c1641c50303b7\"},\"headline\":\"PUERTO MADRYN YA DISFRUTA DE LA 7\u00aa EDICI\u00d3N DEL FESTIVAL ACU\u00c1TICO \u201cANTONIO TORREJ\u00d3N\u201d\",\"datePublished\":\"2026-01-23T21:08:52+00:00\",\"mainEntityOfPage\":{\"@id\":\"https:\\\/\\\/fmpatagoniamadryn.com.ar\\\/?p=19977\"},\"wordCount\":356,\"publisher\":{\"@id\":\"https:\\\/\\\/fmpatagoniamadryn.com.ar\\\/#organization\"},\"image\":{\"@id\":\"https:\\\/\\\/fmpatagoniamadryn.com.ar\\\/?p=19977#primaryimage\"},\"thumbnailUrl\":\"https:\\\/\\\/fmpatagoniamadryn.com.ar\\\/wp-content\\\/uploads\\\/2026\\\/01\\\/img_7809.jpg\",\"articleSection\":[\"Locales\"],\"inLanguage\":\"es\"},{\"@type\":\"WebPage\",\"@id\":\"https:\\\/\\\/fmpatagoniamadryn.com.ar\\\/?p=19977\",\"url\":\"https:\\\/\\\/fmpatagoniamadryn.com.ar\\\/?p=19977\",\"name\":\"PUERTO MADRYN YA DISFRUTA DE LA 7\u00aa EDICI\u00d3N DEL FESTIVAL ACU\u00c1TICO \u201cANTONIO TORREJ\u00d3N\u201d - FM Patagonia Madryn\",\"isPartOf\":{\"@id\":\"https:\\\/\\\/fmpatagoniamadryn.com.ar\\\/#website\"},\"primaryImageOfPage\":{\"@id\":\"https:\\\/\\\/fmpatagoniamadryn.com.ar\\\/?p=19977#primaryimage\"},\"image\":{\"@id\":\"https:\\\/\\\/fmpatagoniamadryn.com.ar\\\/?p=19977#primaryimage\"},\"thumbnailUrl\":\"https:\\\/\\\/fmpatagoniamadryn.com.ar\\\/wp-content\\\/uploads\\\/2026\\\/01\\\/img_7809.jpg\",\"datePublished\":\"2026-01-23T21:08:52+00:00\",\"breadcrumb\":{\"@id\":\"https:\\\/\\\/fmpatagoniamadryn.com.ar\\\/?p=19977#breadcrumb\"},\"inLanguage\":\"es\",\"potentialAction\":[{\"@type\":\"ReadAction\",\"target\":[\"https:\\\/\\\/fmpatagoniamadryn.com.ar\\\/?p=19977\"]}]},{\"@type\":\"ImageObject\",\"inLanguage\":\"es\",\"@id\":\"https:\\\/\\\/fmpatagoniamadryn.com.ar\\\/?p=19977#primaryimage\",\"url\":\"https:\\\/\\\/fmpatagoniamadryn.com.ar\\\/wp-content\\\/uploads\\\/2026\\\/01\\\/img_7809.jpg\",\"contentUrl\":\"https:\\\/\\\/fmpatagoniamadryn.com.ar\\\/wp-content\\\/uploads\\\/2026\\\/01\\\/img_7809.jpg\",\"width\":1098,\"height\":686},{\"@type\":\"BreadcrumbList\",\"@id\":\"https:\\\/\\\/fmpatagoniamadryn.com.ar\\\/?p=19977#breadcrumb\",\"itemListElement\":[{\"@type\":\"ListItem\",\"position\":1,\"name\":\"Portada\",\"item\":\"https:\\\/\\\/fmpatagoniamadryn.com.ar\\\/\"},{\"@type\":\"ListItem\",\"position\":2,\"name\":\"PUERTO MADRYN YA DISFRUTA DE LA 7\u00aa EDICI\u00d3N DEL FESTIVAL ACU\u00c1TICO \u201cANTONIO TORREJ\u00d3N\u201d\"}]},{\"@type\":\"WebSite\",\"@id\":\"https:\\\/\\\/fmpatagoniamadryn.com.ar\\\/#website\",\"url\":\"https:\\\/\\\/fmpatagoniamadryn.com.ar\\\/\",\"name\":\"FM Patagonia Madryn\",\"description\":\"Radio Patagonia 105.5\",\"publisher\":{\"@id\":\"https:\\\/\\\/fmpatagoniamadryn.com.ar\\\/#organization\"},\"potentialAction\":[{\"@type\":\"SearchAction\",\"target\":{\"@type\":\"EntryPoint\",\"urlTemplate\":\"https:\\\/\\\/fmpatagoniamadryn.com.ar\\\/?s={search_term_string}\"},\"query-input\":{\"@type\":\"PropertyValueSpecification\",\"valueRequired\":true,\"valueName\":\"search_term_string\"}}],\"inLanguage\":\"es\"},{\"@type\":\"Organization\",\"@id\":\"https:\\\/\\\/fmpatagoniamadryn.com.ar\\\/#organization\",\"name\":\"FM Patagonia Madryn\",\"url\":\"https:\\\/\\\/fmpatagoniamadryn.com.ar\\\/\",\"logo\":{\"@type\":\"ImageObject\",\"inLanguage\":\"es\",\"@id\":\"https:\\\/\\\/fmpatagoniamadryn.com.ar\\\/#\\\/schema\\\/logo\\\/image\\\/\",\"url\":\"https:\\\/\\\/fmpatagoniamadryn.com.ar\\\/wp-content\\\/uploads\\\/2023\\\/01\\\/cropped-Diseno-sin-titulo.png\",\"contentUrl\":\"https:\\\/\\\/fmpatagoniamadryn.com.ar\\\/wp-content\\\/uploads\\\/2023\\\/01\\\/cropped-Diseno-sin-titulo.png\",\"width\":6911,\"height\":2657,\"caption\":\"FM Patagonia Madryn\"},\"image\":{\"@id\":\"https:\\\/\\\/fmpatagoniamadryn.com.ar\\\/#\\\/schema\\\/logo\\\/image\\\/\"}},{\"@type\":\"Person\",\"@id\":\"https:\\\/\\\/fmpatagoniamadryn.com.ar\\\/#\\\/schema\\\/person\\\/8a3de4ad7efceacab06c1641c50303b7\",\"name\":\"FM Patagonia\",\"url\":\"https:\\\/\\\/fmpatagoniamadryn.com.ar\\\/?author=2\"}]}<\/script>\n<!-- \/ Yoast SEO plugin. -->","yoast_head_json":{"title":"PUERTO MADRYN YA DISFRUTA DE LA 7\u00aa EDICI\u00d3N DEL FESTIVAL ACU\u00c1TICO \u201cANTONIO TORREJ\u00d3N\u201d - FM Patagonia Madryn","robots":{"index":"index","follow":"follow","max-snippet":"max-snippet:-1","max-image-preview":"max-image-preview:large","max-video-preview":"max-video-preview:-1"},"canonical":"https:\/\/fmpatagoniamadryn.com.ar\/?p=19977","og_locale":"es_ES","og_type":"article","og_title":"PUERTO MADRYN YA DISFRUTA DE LA 7\u00aa EDICI\u00d3N DEL FESTIVAL ACU\u00c1TICO \u201cANTONIO TORREJ\u00d3N\u201d - FM Patagonia Madryn","og_description":"Desde hoy y hasta el domingo se llevar\u00e1 a cabo una gran cantidad de competencias deportivas en el frente costero de nuestra ciudad, tal como se destac\u00f3 en el acto&hellip;","og_url":"https:\/\/fmpatagoniamadryn.com.ar\/?p=19977","og_site_name":"FM Patagonia Madryn","article_published_time":"2026-01-23T21:08:52+00:00","og_image":[{"width":1098,"height":686,"url":"https:\/\/fmpatagoniamadryn.com.ar\/wp-content\/uploads\/2026\/01\/img_7809.jpg","type":"image\/jpeg"}],"author":"FM Patagonia","twitter_card":"summary_large_image","twitter_misc":{"Escrito por":"FM Patagonia","Tiempo de lectura":"2 minutos"},"schema":{"@context":"https:\/\/schema.org","@graph":[{"@type":"Article","@id":"https:\/\/fmpatagoniamadryn.com.ar\/?p=19977#article","isPartOf":{"@id":"https:\/\/fmpatagoniamadryn.com.ar\/?p=19977"},"author":{"name":"FM Patagonia","@id":"https:\/\/fmpatagoniamadryn.com.ar\/#\/schema\/person\/8a3de4ad7efceacab06c1641c50303b7"},"headline":"PUERTO MADRYN YA DISFRUTA DE LA 7\u00aa EDICI\u00d3N DEL FESTIVAL ACU\u00c1TICO \u201cANTONIO TORREJ\u00d3N\u201d","datePublished":"2026-01-23T21:08:52+00:00","mainEntityOfPage":{"@id":"https:\/\/fmpatagoniamadryn.com.ar\/?p=19977"},"wordCount":356,"publisher":{"@id":"https:\/\/fmpatagoniamadryn.com.ar\/#organization"},"image":{"@id":"https:\/\/fmpatagoniamadryn.com.ar\/?p=19977#primaryimage"},"thumbnailUrl":"https:\/\/fmpatagoniamadryn.com.ar\/wp-content\/uploads\/2026\/01\/img_7809.jpg","articleSection":["Locales"],"inLanguage":"es"},{"@type":"WebPage","@id":"https:\/\/fmpatagoniamadryn.com.ar\/?p=19977","url":"https:\/\/fmpatagoniamadryn.com.ar\/?p=19977","name":"PUERTO MADRYN YA DISFRUTA DE LA 7\u00aa EDICI\u00d3N DEL FESTIVAL ACU\u00c1TICO \u201cANTONIO TORREJ\u00d3N\u201d - FM Patagonia Madryn","isPartOf":{"@id":"https:\/\/fmpatagoniamadryn.com.ar\/#website"},"primaryImageOfPage":{"@id":"https:\/\/fmpatagoniamadryn.com.ar\/?p=19977#primaryimage"},"image":{"@id":"https:\/\/fmpatagoniamadryn.com.ar\/?p=19977#primaryimage"},"thumbnailUrl":"https:\/\/fmpatagoniamadryn.com.ar\/wp-content\/uploads\/2026\/01\/img_7809.jpg","datePublished":"2026-01-23T21:08:52+00:00","breadcrumb":{"@id":"https:\/\/fmpatagoniamadryn.com.ar\/?p=19977#breadcrumb"},"inLanguage":"es","potentialAction":[{"@type":"ReadAction","target":["https:\/\/fmpatagoniamadryn.com.ar\/?p=19977"]}]},{"@type":"ImageObject","inLanguage":"es","@id":"https:\/\/fmpatagoniamadryn.com.ar\/?p=19977#primaryimage","url":"https:\/\/fmpatagoniamadryn.com.ar\/wp-content\/uploads\/2026\/01\/img_7809.jpg","contentUrl":"https:\/\/fmpatagoniamadryn.com.ar\/wp-content\/uploads\/2026\/01\/img_7809.jpg","width":1098,"height":686},{"@type":"BreadcrumbList","@id":"https:\/\/fmpatagoniamadryn.com.ar\/?p=19977#breadcrumb","itemListElement":[{"@type":"ListItem","position":1,"name":"Portada","item":"https:\/\/fmpatagoniamadryn.com.ar\/"},{"@type":"ListItem","position":2,"name":"PUERTO MADRYN YA DISFRUTA DE LA 7\u00aa EDICI\u00d3N DEL FESTIVAL ACU\u00c1TICO \u201cANTONIO TORREJ\u00d3N\u201d"}]},{"@type":"WebSite","@id":"https:\/\/fmpatagoniamadryn.com.ar\/#website","url":"https:\/\/fmpatagoniamadryn.com.ar\/","name":"FM Patagonia Madryn","description":"Radio Patagonia 105.5","publisher":{"@id":"https:\/\/fmpatagoniamadryn.com.ar\/#organization"},"potentialAction":[{"@type":"SearchAction","target":{"@type":"EntryPoint","urlTemplate":"https:\/\/fmpatagoniamadryn.com.ar\/?s={search_term_string}"},"query-input":{"@type":"PropertyValueSpecification","valueRequired":true,"valueName":"search_term_string"}}],"inLanguage":"es"},{"@type":"Organization","@id":"https:\/\/fmpatagoniamadryn.com.ar\/#organization","name":"FM Patagonia Madryn","url":"https:\/\/fmpatagoniamadryn.com.ar\/","logo":{"@type":"ImageObject","inLanguage":"es","@id":"https:\/\/fmpatagoniamadryn.com.ar\/#\/schema\/logo\/image\/","url":"https:\/\/fmpatagoniamadryn.com.ar\/wp-content\/uploads\/2023\/01\/cropped-Diseno-sin-titulo.png","contentUrl":"https:\/\/fmpatagoniamadryn.com.ar\/wp-content\/uploads\/2023\/01\/cropped-Diseno-sin-titulo.png","width":6911,"height":2657,"caption":"FM Patagonia Madryn"},"image":{"@id":"https:\/\/fmpatagoniamadryn.com.ar\/#\/schema\/logo\/image\/"}},{"@type":"Person","@id":"https:\/\/fmpatagoniamadryn.com.ar\/#\/schema\/person\/8a3de4ad7efceacab06c1641c50303b7","name":"FM Patagonia","url":"https:\/\/fmpatagoniamadryn.com.ar\/?author=2"}]}},"jetpack_featured_media_url":"https:\/\/fmpatagoniamadryn.com.ar\/wp-content\/uploads\/2026\/01\/img_7809.jpg","_links":{"self":[{"href":"https:\/\/fmpatagoniamadryn.com.ar\/index.php?rest_route=\/wp\/v2\/posts\/19977","targetHints":{"allow":["GET"]}}],"collection":[{"href":"https:\/\/fmpatagoniamadryn.com.ar\/index.php?rest_route=\/wp\/v2\/posts"}],"about":[{"href":"https:\/\/fmpatagoniamadryn.com.ar\/index.php?rest_route=\/wp\/v2\/types\/post"}],"author":[{"embeddable":true,"href":"https:\/\/fmpatagoniamadryn.com.ar\/index.php?rest_route=\/wp\/v2\/users\/2"}],"replies":[{"embeddable":true,"href":"https:\/\/fmpatagoniamadryn.com.ar\/index.php?rest_route=%2Fwp%2Fv2%2Fcomments&post=19977"}],"version-history":[{"count":1,"href":"https:\/\/fmpatagoniamadryn.com.ar\/index.php?rest_route=\/wp\/v2\/posts\/19977\/revisions"}],"predecessor-version":[{"id":19978,"href":"https:\/\/fmpatagoniamadryn.com.ar\/index.php?rest_route=\/wp\/v2\/posts\/19977\/revisions\/19978"}],"wp:featuredmedia":[{"embeddable":true,"href":"https:\/\/fmpatagoniamadryn.com.ar\/index.php?rest_route=\/wp\/v2\/media\/19976"}],"wp:attachment":[{"href":"https:\/\/fmpatagoniamadryn.com.ar\/index.php?rest_route=%2Fwp%2Fv2%2Fmedia&parent=19977"}],"wp:term":[{"taxonomy":"category","embeddable":true,"href":"https:\/\/fmpatagoniamadryn.com.ar\/index.php?rest_route=%2Fwp%2Fv2%2Fcategories&post=19977"},{"taxonomy":"post_tag","embeddable":true,"href":"https:\/\/fmpatagoniamadryn.com.ar\/index.php?rest_route=%2Fwp%2Fv2%2Ftags&post=19977"}],"curies":[{"name":"wp","href":"https:\/\/api.w.org\/{rel}","templated":true}]}}