{"id":1999,"date":"2023-04-23T14:02:32","date_gmt":"2023-04-23T17:02:32","guid":{"rendered":"https:\/\/fmpatagoniamadryn.com.ar\/?p=1999"},"modified":"2023-04-23T14:03:22","modified_gmt":"2023-04-23T17:03:22","slug":"provincia-convoca-a-productores-vitivinicolas-a-la-6-edicion-de-la-feria-vinos-y-negocios","status":"publish","type":"post","link":"https:\/\/fmpatagoniamadryn.com.ar\/?p=1999","title":{"rendered":"Provincia convoca a productores vitivin\u00edcolas a la 6\u00b0 edici\u00f3n de la Feria Vinos y Negocios"},"content":{"rendered":"\n<p>Se realizar\u00e1 el 30 y 31 de mayo en CABA. Contar\u00e1 con una masterclass con productores referentes del Chubut<br><br>El Gobierno del Chubut convoca a productores vitivin\u00edcolas a participar de la 6ta edici\u00f3n de la Feria Vinos y Negocios organizada por la productora Wine Revolution, a realizarse en Buenos Aires.<br><br>La convocatoria se realiza a trav\u00e9s del Ministerio de Agricultura, Ganader\u00eda, Industria y Comercio, y este importante evento se llevar\u00e1 adelante el pr\u00f3ximo martes 30 y mi\u00e9rcoles 31 de mayo, de 14 a 21hs, en Usina del Arte, en la Ciudad de Buenos Aires, con entrada gratuita para los profesionales del sector.<br><br>Feria<br><br>La Feria fue creada en 2016, ha logrado instalarse en el calendario de la industria como el evento m\u00e1s importante para los profesionales del sector. Re\u00fane a productores de vinos y destilados con distribuidores, importadores y compradores profesionales de bebidas de todo el pa\u00eds, as\u00ed como con sommeliers referentes y periodistas especializados de los principales medios tanto nacionales como de las principales provincias del pa\u00eds.<br><br>Se esperan reunir aqu\u00ed a m\u00e1s de 1200 etiquetas de 150 productores de todas las escalas, las que podr\u00e1n degustar de forma presencial bajo el eficiente formato Walk around, como en las principales ferias de negocios del mundo.<br><br>Ser\u00e1 tambi\u00e9n un punto de encuentro entre compradores, vendedores y proveedores de equipamiento, productos y servicios para bodegas, vinotecas y otros retails de bebidas, que vendr\u00e1n al evento para cerrar acuerdos comerciales y grandes operaciones.<br><br>Contenidos a desarrollar<br><br>El encuentro ofrecer\u00e1 tres contenidos centrales: Feria de Vinos, Spirits, Equipamiento y Servicios, donde productores y bodegas de todos los tama\u00f1os podr\u00e1n encontrarse cara a cara con distribuidores y representantes que vienen a buscar nuevas marcas para comercializar, as\u00ed como con compradores del Trade, tanto de Argentina como del exterior, que viajar\u00e1n especialmente a la feria en busca de buenos negocios.<br><br>A lo largo de ambas jornadas se presentar\u00e1n lanzamientos, nuevas cosechas y ediciones limitadas de productores, mediante una nutrida agenda de degustaciones dirigidas por sus hacedores, quienes conseguir\u00e1n gracias a este formato un contacto m\u00e1s cercano y directo con compradores profesionales, periodistas especializados y sommeliers referentes de la Argentina y del exterior.<br><br>Como actividad destacada dentro del mismo y gracias al apoyo del Gobierno de la Provincia del Chubut, se llevar\u00e1 adelante una exclusiva Masterclass que contar\u00e1 con la presencia de productores referentes de esta emergente regi\u00f3n vitivin\u00edcola as\u00ed como la de sus mejores etiquetas, las que tambi\u00e9n se podr\u00e1n degustar durante la feria en el stand provincial que las agrupar\u00e1. <br><br>Tambi\u00e9n tendr\u00e1 lugar el 3er Congreso Argentino de Vinotecas presentado y organizado por CAVA, la C\u00e1mara Argentina de Vinotecas y Afines. <br><br>Para m\u00e1s informaci\u00f3n contactarse v\u00eda e-mail a inversiones.gisel@gmail.com.<\/p>\n","protected":false},"excerpt":{"rendered":"<p>Se realizar\u00e1 el 30 y 31 de mayo en CABA. Contar\u00e1 con una masterclass con productores referentes del Chubut El Gobierno del Chubut convoca a productores vitivin\u00edcolas a participar de&hellip; <\/p>\n","protected":false},"author":3,"featured_media":1998,"comment_status":"closed","ping_status":"closed","sticky":false,"template":"","format":"standard","meta":{"footnotes":""},"categories":[14],"tags":[],"class_list":["post-1999","post","type-post","status-publish","format-standard","has-post-thumbnail","hentry","category-provinciales"],"yoast_head":"<!-- This site is optimized with the Yoast SEO plugin v27.5 - https:\/\/yoast.com\/product\/yoast-seo-wordpress\/ -->\n<title>Provincia convoca a productores vitivin\u00edcolas a la 6\u00b0 edici\u00f3n de la Feria Vinos y Negocios - FM Patagonia Madryn<\/title>\n<meta name=\"robots\" content=\"index, follow, max-snippet:-1, max-image-preview:large, max-video-preview:-1\" \/>\n<link rel=\"canonical\" href=\"https:\/\/fmpatagoniamadryn.com.ar\/?p=1999\" \/>\n<meta property=\"og:locale\" content=\"es_ES\" \/>\n<meta property=\"og:type\" content=\"article\" \/>\n<meta property=\"og:title\" content=\"Provincia convoca a productores vitivin\u00edcolas a la 6\u00b0 edici\u00f3n de la Feria Vinos y Negocios - FM Patagonia Madryn\" \/>\n<meta property=\"og:description\" content=\"Se realizar\u00e1 el 30 y 31 de mayo en CABA. Contar\u00e1 con una masterclass con productores referentes del Chubut El Gobierno del Chubut convoca a productores vitivin\u00edcolas a participar de&hellip;\" \/>\n<meta property=\"og:url\" content=\"https:\/\/fmpatagoniamadryn.com.ar\/?p=1999\" \/>\n<meta property=\"og:site_name\" content=\"FM Patagonia Madryn\" \/>\n<meta property=\"article:published_time\" content=\"2023-04-23T17:02:32+00:00\" \/>\n<meta property=\"article:modified_time\" content=\"2023-04-23T17:03:22+00:00\" \/>\n<meta property=\"og:image\" content=\"https:\/\/fmpatagoniamadryn.com.ar\/wp-content\/uploads\/2023\/04\/Foto-1-Convocan-a-productores-vitivinicolas-Vinos-y-Negocios.jpeg\" \/>\n\t<meta property=\"og:image:width\" content=\"1600\" \/>\n\t<meta property=\"og:image:height\" content=\"1600\" \/>\n\t<meta property=\"og:image:type\" content=\"image\/jpeg\" \/>\n<meta name=\"author\" content=\"FM Patagonia\" \/>\n<meta name=\"twitter:card\" content=\"summary_large_image\" \/>\n<meta name=\"twitter:label1\" content=\"Escrito por\" \/>\n\t<meta name=\"twitter:data1\" content=\"FM Patagonia\" \/>\n\t<meta name=\"twitter:label2\" content=\"Tiempo de lectura\" \/>\n\t<meta name=\"twitter:data2\" content=\"2 minutos\" \/>\n<script type=\"application\/ld+json\" class=\"yoast-schema-graph\">{\"@context\":\"https:\\\/\\\/schema.org\",\"@graph\":[{\"@type\":\"Article\",\"@id\":\"https:\\\/\\\/fmpatagoniamadryn.com.ar\\\/?p=1999#article\",\"isPartOf\":{\"@id\":\"https:\\\/\\\/fmpatagoniamadryn.com.ar\\\/?p=1999\"},\"author\":{\"name\":\"FM Patagonia\",\"@id\":\"https:\\\/\\\/fmpatagoniamadryn.com.ar\\\/#\\\/schema\\\/person\\\/1d968ec613613768e14b4e6420a2b125\"},\"headline\":\"Provincia convoca a productores vitivin\u00edcolas a la 6\u00b0 edici\u00f3n de la Feria Vinos y Negocios\",\"datePublished\":\"2023-04-23T17:02:32+00:00\",\"dateModified\":\"2023-04-23T17:03:22+00:00\",\"mainEntityOfPage\":{\"@id\":\"https:\\\/\\\/fmpatagoniamadryn.com.ar\\\/?p=1999\"},\"wordCount\":485,\"publisher\":{\"@id\":\"https:\\\/\\\/fmpatagoniamadryn.com.ar\\\/#organization\"},\"image\":{\"@id\":\"https:\\\/\\\/fmpatagoniamadryn.com.ar\\\/?p=1999#primaryimage\"},\"thumbnailUrl\":\"https:\\\/\\\/fmpatagoniamadryn.com.ar\\\/wp-content\\\/uploads\\\/2023\\\/04\\\/Foto-1-Convocan-a-productores-vitivinicolas-Vinos-y-Negocios.jpeg\",\"articleSection\":[\"Provinciales\"],\"inLanguage\":\"es\"},{\"@type\":\"WebPage\",\"@id\":\"https:\\\/\\\/fmpatagoniamadryn.com.ar\\\/?p=1999\",\"url\":\"https:\\\/\\\/fmpatagoniamadryn.com.ar\\\/?p=1999\",\"name\":\"Provincia convoca a productores vitivin\u00edcolas a la 6\u00b0 edici\u00f3n de la Feria Vinos y Negocios - FM Patagonia Madryn\",\"isPartOf\":{\"@id\":\"https:\\\/\\\/fmpatagoniamadryn.com.ar\\\/#website\"},\"primaryImageOfPage\":{\"@id\":\"https:\\\/\\\/fmpatagoniamadryn.com.ar\\\/?p=1999#primaryimage\"},\"image\":{\"@id\":\"https:\\\/\\\/fmpatagoniamadryn.com.ar\\\/?p=1999#primaryimage\"},\"thumbnailUrl\":\"https:\\\/\\\/fmpatagoniamadryn.com.ar\\\/wp-content\\\/uploads\\\/2023\\\/04\\\/Foto-1-Convocan-a-productores-vitivinicolas-Vinos-y-Negocios.jpeg\",\"datePublished\":\"2023-04-23T17:02:32+00:00\",\"dateModified\":\"2023-04-23T17:03:22+00:00\",\"breadcrumb\":{\"@id\":\"https:\\\/\\\/fmpatagoniamadryn.com.ar\\\/?p=1999#breadcrumb\"},\"inLanguage\":\"es\",\"potentialAction\":[{\"@type\":\"ReadAction\",\"target\":[\"https:\\\/\\\/fmpatagoniamadryn.com.ar\\\/?p=1999\"]}]},{\"@type\":\"ImageObject\",\"inLanguage\":\"es\",\"@id\":\"https:\\\/\\\/fmpatagoniamadryn.com.ar\\\/?p=1999#primaryimage\",\"url\":\"https:\\\/\\\/fmpatagoniamadryn.com.ar\\\/wp-content\\\/uploads\\\/2023\\\/04\\\/Foto-1-Convocan-a-productores-vitivinicolas-Vinos-y-Negocios.jpeg\",\"contentUrl\":\"https:\\\/\\\/fmpatagoniamadryn.com.ar\\\/wp-content\\\/uploads\\\/2023\\\/04\\\/Foto-1-Convocan-a-productores-vitivinicolas-Vinos-y-Negocios.jpeg\",\"width\":1600,\"height\":1600},{\"@type\":\"BreadcrumbList\",\"@id\":\"https:\\\/\\\/fmpatagoniamadryn.com.ar\\\/?p=1999#breadcrumb\",\"itemListElement\":[{\"@type\":\"ListItem\",\"position\":1,\"name\":\"Portada\",\"item\":\"https:\\\/\\\/fmpatagoniamadryn.com.ar\\\/\"},{\"@type\":\"ListItem\",\"position\":2,\"name\":\"Provincia convoca a productores vitivin\u00edcolas a la 6\u00b0 edici\u00f3n de la Feria Vinos y Negocios\"}]},{\"@type\":\"WebSite\",\"@id\":\"https:\\\/\\\/fmpatagoniamadryn.com.ar\\\/#website\",\"url\":\"https:\\\/\\\/fmpatagoniamadryn.com.ar\\\/\",\"name\":\"FM Patagonia Madryn\",\"description\":\"Radio Patagonia 105.5\",\"publisher\":{\"@id\":\"https:\\\/\\\/fmpatagoniamadryn.com.ar\\\/#organization\"},\"potentialAction\":[{\"@type\":\"SearchAction\",\"target\":{\"@type\":\"EntryPoint\",\"urlTemplate\":\"https:\\\/\\\/fmpatagoniamadryn.com.ar\\\/?s={search_term_string}\"},\"query-input\":{\"@type\":\"PropertyValueSpecification\",\"valueRequired\":true,\"valueName\":\"search_term_string\"}}],\"inLanguage\":\"es\"},{\"@type\":\"Organization\",\"@id\":\"https:\\\/\\\/fmpatagoniamadryn.com.ar\\\/#organization\",\"name\":\"FM Patagonia Madryn\",\"url\":\"https:\\\/\\\/fmpatagoniamadryn.com.ar\\\/\",\"logo\":{\"@type\":\"ImageObject\",\"inLanguage\":\"es\",\"@id\":\"https:\\\/\\\/fmpatagoniamadryn.com.ar\\\/#\\\/schema\\\/logo\\\/image\\\/\",\"url\":\"https:\\\/\\\/fmpatagoniamadryn.com.ar\\\/wp-content\\\/uploads\\\/2023\\\/01\\\/cropped-Diseno-sin-titulo.png\",\"contentUrl\":\"https:\\\/\\\/fmpatagoniamadryn.com.ar\\\/wp-content\\\/uploads\\\/2023\\\/01\\\/cropped-Diseno-sin-titulo.png\",\"width\":6911,\"height\":2657,\"caption\":\"FM Patagonia Madryn\"},\"image\":{\"@id\":\"https:\\\/\\\/fmpatagoniamadryn.com.ar\\\/#\\\/schema\\\/logo\\\/image\\\/\"}},{\"@type\":\"Person\",\"@id\":\"https:\\\/\\\/fmpatagoniamadryn.com.ar\\\/#\\\/schema\\\/person\\\/1d968ec613613768e14b4e6420a2b125\",\"name\":\"FM Patagonia\",\"url\":\"https:\\\/\\\/fmpatagoniamadryn.com.ar\\\/?author=3\"}]}<\/script>\n<!-- \/ Yoast SEO plugin. -->","yoast_head_json":{"title":"Provincia convoca a productores vitivin\u00edcolas a la 6\u00b0 edici\u00f3n de la Feria Vinos y Negocios - FM Patagonia Madryn","robots":{"index":"index","follow":"follow","max-snippet":"max-snippet:-1","max-image-preview":"max-image-preview:large","max-video-preview":"max-video-preview:-1"},"canonical":"https:\/\/fmpatagoniamadryn.com.ar\/?p=1999","og_locale":"es_ES","og_type":"article","og_title":"Provincia convoca a productores vitivin\u00edcolas a la 6\u00b0 edici\u00f3n de la Feria Vinos y Negocios - FM Patagonia Madryn","og_description":"Se realizar\u00e1 el 30 y 31 de mayo en CABA. Contar\u00e1 con una masterclass con productores referentes del Chubut El Gobierno del Chubut convoca a productores vitivin\u00edcolas a participar de&hellip;","og_url":"https:\/\/fmpatagoniamadryn.com.ar\/?p=1999","og_site_name":"FM Patagonia Madryn","article_published_time":"2023-04-23T17:02:32+00:00","article_modified_time":"2023-04-23T17:03:22+00:00","og_image":[{"width":1600,"height":1600,"url":"https:\/\/fmpatagoniamadryn.com.ar\/wp-content\/uploads\/2023\/04\/Foto-1-Convocan-a-productores-vitivinicolas-Vinos-y-Negocios.jpeg","type":"image\/jpeg"}],"author":"FM Patagonia","twitter_card":"summary_large_image","twitter_misc":{"Escrito por":"FM Patagonia","Tiempo de lectura":"2 minutos"},"schema":{"@context":"https:\/\/schema.org","@graph":[{"@type":"Article","@id":"https:\/\/fmpatagoniamadryn.com.ar\/?p=1999#article","isPartOf":{"@id":"https:\/\/fmpatagoniamadryn.com.ar\/?p=1999"},"author":{"name":"FM Patagonia","@id":"https:\/\/fmpatagoniamadryn.com.ar\/#\/schema\/person\/1d968ec613613768e14b4e6420a2b125"},"headline":"Provincia convoca a productores vitivin\u00edcolas a la 6\u00b0 edici\u00f3n de la Feria Vinos y Negocios","datePublished":"2023-04-23T17:02:32+00:00","dateModified":"2023-04-23T17:03:22+00:00","mainEntityOfPage":{"@id":"https:\/\/fmpatagoniamadryn.com.ar\/?p=1999"},"wordCount":485,"publisher":{"@id":"https:\/\/fmpatagoniamadryn.com.ar\/#organization"},"image":{"@id":"https:\/\/fmpatagoniamadryn.com.ar\/?p=1999#primaryimage"},"thumbnailUrl":"https:\/\/fmpatagoniamadryn.com.ar\/wp-content\/uploads\/2023\/04\/Foto-1-Convocan-a-productores-vitivinicolas-Vinos-y-Negocios.jpeg","articleSection":["Provinciales"],"inLanguage":"es"},{"@type":"WebPage","@id":"https:\/\/fmpatagoniamadryn.com.ar\/?p=1999","url":"https:\/\/fmpatagoniamadryn.com.ar\/?p=1999","name":"Provincia convoca a productores vitivin\u00edcolas a la 6\u00b0 edici\u00f3n de la Feria Vinos y Negocios - FM Patagonia Madryn","isPartOf":{"@id":"https:\/\/fmpatagoniamadryn.com.ar\/#website"},"primaryImageOfPage":{"@id":"https:\/\/fmpatagoniamadryn.com.ar\/?p=1999#primaryimage"},"image":{"@id":"https:\/\/fmpatagoniamadryn.com.ar\/?p=1999#primaryimage"},"thumbnailUrl":"https:\/\/fmpatagoniamadryn.com.ar\/wp-content\/uploads\/2023\/04\/Foto-1-Convocan-a-productores-vitivinicolas-Vinos-y-Negocios.jpeg","datePublished":"2023-04-23T17:02:32+00:00","dateModified":"2023-04-23T17:03:22+00:00","breadcrumb":{"@id":"https:\/\/fmpatagoniamadryn.com.ar\/?p=1999#breadcrumb"},"inLanguage":"es","potentialAction":[{"@type":"ReadAction","target":["https:\/\/fmpatagoniamadryn.com.ar\/?p=1999"]}]},{"@type":"ImageObject","inLanguage":"es","@id":"https:\/\/fmpatagoniamadryn.com.ar\/?p=1999#primaryimage","url":"https:\/\/fmpatagoniamadryn.com.ar\/wp-content\/uploads\/2023\/04\/Foto-1-Convocan-a-productores-vitivinicolas-Vinos-y-Negocios.jpeg","contentUrl":"https:\/\/fmpatagoniamadryn.com.ar\/wp-content\/uploads\/2023\/04\/Foto-1-Convocan-a-productores-vitivinicolas-Vinos-y-Negocios.jpeg","width":1600,"height":1600},{"@type":"BreadcrumbList","@id":"https:\/\/fmpatagoniamadryn.com.ar\/?p=1999#breadcrumb","itemListElement":[{"@type":"ListItem","position":1,"name":"Portada","item":"https:\/\/fmpatagoniamadryn.com.ar\/"},{"@type":"ListItem","position":2,"name":"Provincia convoca a productores vitivin\u00edcolas a la 6\u00b0 edici\u00f3n de la Feria Vinos y Negocios"}]},{"@type":"WebSite","@id":"https:\/\/fmpatagoniamadryn.com.ar\/#website","url":"https:\/\/fmpatagoniamadryn.com.ar\/","name":"FM Patagonia Madryn","description":"Radio Patagonia 105.5","publisher":{"@id":"https:\/\/fmpatagoniamadryn.com.ar\/#organization"},"potentialAction":[{"@type":"SearchAction","target":{"@type":"EntryPoint","urlTemplate":"https:\/\/fmpatagoniamadryn.com.ar\/?s={search_term_string}"},"query-input":{"@type":"PropertyValueSpecification","valueRequired":true,"valueName":"search_term_string"}}],"inLanguage":"es"},{"@type":"Organization","@id":"https:\/\/fmpatagoniamadryn.com.ar\/#organization","name":"FM Patagonia Madryn","url":"https:\/\/fmpatagoniamadryn.com.ar\/","logo":{"@type":"ImageObject","inLanguage":"es","@id":"https:\/\/fmpatagoniamadryn.com.ar\/#\/schema\/logo\/image\/","url":"https:\/\/fmpatagoniamadryn.com.ar\/wp-content\/uploads\/2023\/01\/cropped-Diseno-sin-titulo.png","contentUrl":"https:\/\/fmpatagoniamadryn.com.ar\/wp-content\/uploads\/2023\/01\/cropped-Diseno-sin-titulo.png","width":6911,"height":2657,"caption":"FM Patagonia Madryn"},"image":{"@id":"https:\/\/fmpatagoniamadryn.com.ar\/#\/schema\/logo\/image\/"}},{"@type":"Person","@id":"https:\/\/fmpatagoniamadryn.com.ar\/#\/schema\/person\/1d968ec613613768e14b4e6420a2b125","name":"FM Patagonia","url":"https:\/\/fmpatagoniamadryn.com.ar\/?author=3"}]}},"jetpack_featured_media_url":"https:\/\/fmpatagoniamadryn.com.ar\/wp-content\/uploads\/2023\/04\/Foto-1-Convocan-a-productores-vitivinicolas-Vinos-y-Negocios.jpeg","_links":{"self":[{"href":"https:\/\/fmpatagoniamadryn.com.ar\/index.php?rest_route=\/wp\/v2\/posts\/1999","targetHints":{"allow":["GET"]}}],"collection":[{"href":"https:\/\/fmpatagoniamadryn.com.ar\/index.php?rest_route=\/wp\/v2\/posts"}],"about":[{"href":"https:\/\/fmpatagoniamadryn.com.ar\/index.php?rest_route=\/wp\/v2\/types\/post"}],"author":[{"embeddable":true,"href":"https:\/\/fmpatagoniamadryn.com.ar\/index.php?rest_route=\/wp\/v2\/users\/3"}],"replies":[{"embeddable":true,"href":"https:\/\/fmpatagoniamadryn.com.ar\/index.php?rest_route=%2Fwp%2Fv2%2Fcomments&post=1999"}],"version-history":[{"count":1,"href":"https:\/\/fmpatagoniamadryn.com.ar\/index.php?rest_route=\/wp\/v2\/posts\/1999\/revisions"}],"predecessor-version":[{"id":2000,"href":"https:\/\/fmpatagoniamadryn.com.ar\/index.php?rest_route=\/wp\/v2\/posts\/1999\/revisions\/2000"}],"wp:featuredmedia":[{"embeddable":true,"href":"https:\/\/fmpatagoniamadryn.com.ar\/index.php?rest_route=\/wp\/v2\/media\/1998"}],"wp:attachment":[{"href":"https:\/\/fmpatagoniamadryn.com.ar\/index.php?rest_route=%2Fwp%2Fv2%2Fmedia&parent=1999"}],"wp:term":[{"taxonomy":"category","embeddable":true,"href":"https:\/\/fmpatagoniamadryn.com.ar\/index.php?rest_route=%2Fwp%2Fv2%2Fcategories&post=1999"},{"taxonomy":"post_tag","embeddable":true,"href":"https:\/\/fmpatagoniamadryn.com.ar\/index.php?rest_route=%2Fwp%2Fv2%2Ftags&post=1999"}],"curies":[{"name":"wp","href":"https:\/\/api.w.org\/{rel}","templated":true}]}}