{"id":19998,"date":"2026-01-26T13:03:16","date_gmt":"2026-01-26T16:03:16","guid":{"rendered":"https:\/\/fmpatagoniamadryn.com.ar\/?p=19998"},"modified":"2026-01-26T13:03:16","modified_gmt":"2026-01-26T16:03:16","slug":"puerto-madryn-fortalece-su-promocion-turistica-internacional-en-ferias-de-europa","status":"publish","type":"post","link":"https:\/\/fmpatagoniamadryn.com.ar\/?p=19998","title":{"rendered":"PUERTO MADRYN FORTALECE SU PROMOCI\u00d3N TUR\u00cdSTICA INTERNACIONAL EN FERIAS DE EUROPA"},"content":{"rendered":"\n<p class=\"MsoNormal\"><\/p>\n\n\n\n<p class=\"MsoNormal\"><strong>&nbsp;<\/strong><\/p>\n\n\n\n<p class=\"MsoNormal\"><em>La ciudad se present\u00f3 en la Feria Internacional de Turismo (FITUR) y en ExpoLagos Patagonia. All\u00ed, un equipo local expuso sus atractivos naturales, experiencias de aventura, gastronom\u00eda y propuestas culturales, dirigida especialmente al mercado espa\u00f1ol&nbsp;<\/em><\/p>\n\n\n\n<p class=\"MsoNormal\">&nbsp;<\/p>\n\n\n\n<p class=\"MsoNormal\">A trav\u00e9s del Ente Mixto de Promoci\u00f3n Tur\u00edstica, junto a la Secretar\u00eda de Turismo Municipal y representantes del sector privado, Puerto Madryn promocion\u00f3 sus atractivos en Madrid&nbsp;con el objetivo de fortalecer la difusi\u00f3n y consolidarse como un destino de referencia para los mercados europeos. De este modo, la ciudad se present\u00f3 en la Feria Internacional de Turismo (FITUR) y en ExpoLagos Patagonia, dos espacios estrat\u00e9gicos para el posicionamiento tur\u00edstico internacional y regional.<\/p>\n\n\n\n<p class=\"MsoNormal\">&nbsp;<\/p>\n\n\n\n<p class=\"MsoNormal\">All\u00ed, un equipo local expuso su amplia oferta tur\u00edstica, basada en sus atractivos naturales, experiencias de aventura, gastronom\u00eda y propuestas culturales, dirigida especialmente al mercado espa\u00f1ol y al resto de Europa. La participaci\u00f3n se llev\u00f3 adelante mediante una acci\u00f3n conjunta entre el Ente Mixto de Promoci\u00f3n Tur\u00edstica y la Secretar\u00eda de Turismo Municipal, fortaleciendo el trabajo articulado entre el sector p\u00fablico y privado.<\/p>\n\n\n\n<p class=\"MsoNormal\">&nbsp;<\/p>\n\n\n\n<p class=\"MsoNormal\">En esta edici\u00f3n de FITUR estuvieron presentes Adri\u00e1n Gelves, director de Promoci\u00f3n y Marketing de la Secretar\u00eda de Turismo de Puerto Madryn, junto a representantes de las agencias Sussanich Turismo, Arnez Travel, Animal Travel y Forastero Tour, en representaci\u00f3n del sector privado y del Ente Mixto de Promoci\u00f3n Tur\u00edstica. En articulaci\u00f3n con INPROTUR, la delegaci\u00f3n particip\u00f3 de rondas de negocios y presentaciones orientadas a generar v\u00ednculos con operadores tur\u00edsticos y potenciar la llegada de visitantes internacionales.<\/p>\n\n\n\n<p class=\"MsoNormal\">&nbsp;<\/p>\n\n\n\n<p class=\"MsoNormal\">FITUR es una de las ferias de turismo m\u00e1s importantes a nivel mundial y un evento clave para los mercados emisores y receptivos de Iberoam\u00e9rica. Se desarroll\u00f3 del 21 al&nbsp;25 de enero&nbsp;y reuni\u00f3 a profesionales del sector tur\u00edstico de todo el mundo, brindando a los destinos participantes una oportunidad estrat\u00e9gica para difundir sus propuestas.<\/p>\n\n\n\n<p class=\"MsoNormal\">&nbsp;<\/p>\n\n\n\n<p class=\"MsoNormal\">En paralelo, se llev\u00f3 a cabo ExpoLagos Patagonia 2026, un encuentro que re\u00fane a destinos tur\u00edsticos del sur de Argentina y Chile. En este contexto, Puerto Madryn present\u00f3 su propuesta ante m\u00e1s de 35 tour operadores de Espa\u00f1a y otros pa\u00edses europeos, fortaleciendo la proyecci\u00f3n regional y el trabajo conjunto en materia de promoci\u00f3n internacional.<\/p>\n\n\n\n<p class=\"MsoNormal\">&nbsp;<\/p>\n\n\n\n<p class=\"MsoNormal\">Estas acciones forman parte de una estrategia sostenida de promoci\u00f3n tur\u00edstica internacional que busca ampliar mercados, fortalecer la industria tur\u00edstica local y posicionar a Puerto Madryn como un destino destacado de la Patagonia a nivel global.<\/p>\n\n\n\n<p class=\"MsoNormal\">&nbsp;<\/p>\n\n\n\n<p class=\"MsoNormal\">&nbsp;<\/p>\n","protected":false},"excerpt":{"rendered":"<p>&nbsp; La ciudad se present\u00f3 en la Feria Internacional de Turismo (FITUR) y en ExpoLagos Patagonia. All\u00ed, un equipo local expuso sus atractivos naturales, experiencias de aventura, gastronom\u00eda y propuestas&hellip; <\/p>\n","protected":false},"author":2,"featured_media":19997,"comment_status":"closed","ping_status":"closed","sticky":false,"template":"","format":"standard","meta":{"footnotes":""},"categories":[15],"tags":[],"class_list":["post-19998","post","type-post","status-publish","format-standard","has-post-thumbnail","hentry","category-locales"],"yoast_head":"<!-- This site is optimized with the Yoast SEO plugin v27.4 - https:\/\/yoast.com\/product\/yoast-seo-wordpress\/ -->\n<title>PUERTO MADRYN FORTALECE SU PROMOCI\u00d3N TUR\u00cdSTICA INTERNACIONAL EN FERIAS DE EUROPA - FM Patagonia Madryn<\/title>\n<meta name=\"robots\" content=\"index, follow, max-snippet:-1, max-image-preview:large, max-video-preview:-1\" \/>\n<link rel=\"canonical\" href=\"https:\/\/fmpatagoniamadryn.com.ar\/?p=19998\" \/>\n<meta property=\"og:locale\" content=\"es_ES\" \/>\n<meta property=\"og:type\" content=\"article\" \/>\n<meta property=\"og:title\" content=\"PUERTO MADRYN FORTALECE SU PROMOCI\u00d3N TUR\u00cdSTICA INTERNACIONAL EN FERIAS DE EUROPA - FM Patagonia Madryn\" \/>\n<meta property=\"og:description\" content=\"&nbsp; La ciudad se present\u00f3 en la Feria Internacional de Turismo (FITUR) y en ExpoLagos Patagonia. All\u00ed, un equipo local expuso sus atractivos naturales, experiencias de aventura, gastronom\u00eda y propuestas&hellip;\" \/>\n<meta property=\"og:url\" content=\"https:\/\/fmpatagoniamadryn.com.ar\/?p=19998\" \/>\n<meta property=\"og:site_name\" content=\"FM Patagonia Madryn\" \/>\n<meta property=\"article:published_time\" content=\"2026-01-26T16:03:16+00:00\" \/>\n<meta property=\"og:image\" content=\"https:\/\/fmpatagoniamadryn.com.ar\/wp-content\/uploads\/2026\/01\/img_8071.jpg\" \/>\n\t<meta property=\"og:image:width\" content=\"930\" \/>\n\t<meta property=\"og:image:height\" content=\"639\" \/>\n\t<meta property=\"og:image:type\" content=\"image\/jpeg\" \/>\n<meta name=\"author\" content=\"FM Patagonia\" \/>\n<meta name=\"twitter:card\" content=\"summary_large_image\" \/>\n<meta name=\"twitter:label1\" content=\"Escrito por\" \/>\n\t<meta name=\"twitter:data1\" content=\"FM Patagonia\" \/>\n\t<meta name=\"twitter:label2\" content=\"Tiempo de lectura\" \/>\n\t<meta name=\"twitter:data2\" content=\"2 minutos\" \/>\n<script type=\"application\/ld+json\" class=\"yoast-schema-graph\">{\"@context\":\"https:\\\/\\\/schema.org\",\"@graph\":[{\"@type\":\"Article\",\"@id\":\"https:\\\/\\\/fmpatagoniamadryn.com.ar\\\/?p=19998#article\",\"isPartOf\":{\"@id\":\"https:\\\/\\\/fmpatagoniamadryn.com.ar\\\/?p=19998\"},\"author\":{\"name\":\"FM Patagonia\",\"@id\":\"https:\\\/\\\/fmpatagoniamadryn.com.ar\\\/#\\\/schema\\\/person\\\/8a3de4ad7efceacab06c1641c50303b7\"},\"headline\":\"PUERTO MADRYN FORTALECE SU PROMOCI\u00d3N TUR\u00cdSTICA INTERNACIONAL EN FERIAS DE EUROPA\",\"datePublished\":\"2026-01-26T16:03:16+00:00\",\"mainEntityOfPage\":{\"@id\":\"https:\\\/\\\/fmpatagoniamadryn.com.ar\\\/?p=19998\"},\"wordCount\":459,\"publisher\":{\"@id\":\"https:\\\/\\\/fmpatagoniamadryn.com.ar\\\/#organization\"},\"image\":{\"@id\":\"https:\\\/\\\/fmpatagoniamadryn.com.ar\\\/?p=19998#primaryimage\"},\"thumbnailUrl\":\"https:\\\/\\\/fmpatagoniamadryn.com.ar\\\/wp-content\\\/uploads\\\/2026\\\/01\\\/img_8071.jpg\",\"articleSection\":[\"Locales\"],\"inLanguage\":\"es\"},{\"@type\":\"WebPage\",\"@id\":\"https:\\\/\\\/fmpatagoniamadryn.com.ar\\\/?p=19998\",\"url\":\"https:\\\/\\\/fmpatagoniamadryn.com.ar\\\/?p=19998\",\"name\":\"PUERTO MADRYN FORTALECE SU PROMOCI\u00d3N TUR\u00cdSTICA INTERNACIONAL EN FERIAS DE EUROPA - FM Patagonia Madryn\",\"isPartOf\":{\"@id\":\"https:\\\/\\\/fmpatagoniamadryn.com.ar\\\/#website\"},\"primaryImageOfPage\":{\"@id\":\"https:\\\/\\\/fmpatagoniamadryn.com.ar\\\/?p=19998#primaryimage\"},\"image\":{\"@id\":\"https:\\\/\\\/fmpatagoniamadryn.com.ar\\\/?p=19998#primaryimage\"},\"thumbnailUrl\":\"https:\\\/\\\/fmpatagoniamadryn.com.ar\\\/wp-content\\\/uploads\\\/2026\\\/01\\\/img_8071.jpg\",\"datePublished\":\"2026-01-26T16:03:16+00:00\",\"breadcrumb\":{\"@id\":\"https:\\\/\\\/fmpatagoniamadryn.com.ar\\\/?p=19998#breadcrumb\"},\"inLanguage\":\"es\",\"potentialAction\":[{\"@type\":\"ReadAction\",\"target\":[\"https:\\\/\\\/fmpatagoniamadryn.com.ar\\\/?p=19998\"]}]},{\"@type\":\"ImageObject\",\"inLanguage\":\"es\",\"@id\":\"https:\\\/\\\/fmpatagoniamadryn.com.ar\\\/?p=19998#primaryimage\",\"url\":\"https:\\\/\\\/fmpatagoniamadryn.com.ar\\\/wp-content\\\/uploads\\\/2026\\\/01\\\/img_8071.jpg\",\"contentUrl\":\"https:\\\/\\\/fmpatagoniamadryn.com.ar\\\/wp-content\\\/uploads\\\/2026\\\/01\\\/img_8071.jpg\",\"width\":930,\"height\":639},{\"@type\":\"BreadcrumbList\",\"@id\":\"https:\\\/\\\/fmpatagoniamadryn.com.ar\\\/?p=19998#breadcrumb\",\"itemListElement\":[{\"@type\":\"ListItem\",\"position\":1,\"name\":\"Portada\",\"item\":\"https:\\\/\\\/fmpatagoniamadryn.com.ar\\\/\"},{\"@type\":\"ListItem\",\"position\":2,\"name\":\"PUERTO MADRYN FORTALECE SU PROMOCI\u00d3N TUR\u00cdSTICA INTERNACIONAL EN FERIAS DE EUROPA\"}]},{\"@type\":\"WebSite\",\"@id\":\"https:\\\/\\\/fmpatagoniamadryn.com.ar\\\/#website\",\"url\":\"https:\\\/\\\/fmpatagoniamadryn.com.ar\\\/\",\"name\":\"FM Patagonia Madryn\",\"description\":\"Radio Patagonia 105.5\",\"publisher\":{\"@id\":\"https:\\\/\\\/fmpatagoniamadryn.com.ar\\\/#organization\"},\"potentialAction\":[{\"@type\":\"SearchAction\",\"target\":{\"@type\":\"EntryPoint\",\"urlTemplate\":\"https:\\\/\\\/fmpatagoniamadryn.com.ar\\\/?s={search_term_string}\"},\"query-input\":{\"@type\":\"PropertyValueSpecification\",\"valueRequired\":true,\"valueName\":\"search_term_string\"}}],\"inLanguage\":\"es\"},{\"@type\":\"Organization\",\"@id\":\"https:\\\/\\\/fmpatagoniamadryn.com.ar\\\/#organization\",\"name\":\"FM Patagonia Madryn\",\"url\":\"https:\\\/\\\/fmpatagoniamadryn.com.ar\\\/\",\"logo\":{\"@type\":\"ImageObject\",\"inLanguage\":\"es\",\"@id\":\"https:\\\/\\\/fmpatagoniamadryn.com.ar\\\/#\\\/schema\\\/logo\\\/image\\\/\",\"url\":\"https:\\\/\\\/fmpatagoniamadryn.com.ar\\\/wp-content\\\/uploads\\\/2023\\\/01\\\/cropped-Diseno-sin-titulo.png\",\"contentUrl\":\"https:\\\/\\\/fmpatagoniamadryn.com.ar\\\/wp-content\\\/uploads\\\/2023\\\/01\\\/cropped-Diseno-sin-titulo.png\",\"width\":6911,\"height\":2657,\"caption\":\"FM Patagonia Madryn\"},\"image\":{\"@id\":\"https:\\\/\\\/fmpatagoniamadryn.com.ar\\\/#\\\/schema\\\/logo\\\/image\\\/\"}},{\"@type\":\"Person\",\"@id\":\"https:\\\/\\\/fmpatagoniamadryn.com.ar\\\/#\\\/schema\\\/person\\\/8a3de4ad7efceacab06c1641c50303b7\",\"name\":\"FM Patagonia\",\"url\":\"https:\\\/\\\/fmpatagoniamadryn.com.ar\\\/?author=2\"}]}<\/script>\n<!-- \/ Yoast SEO plugin. -->","yoast_head_json":{"title":"PUERTO MADRYN FORTALECE SU PROMOCI\u00d3N TUR\u00cdSTICA INTERNACIONAL EN FERIAS DE EUROPA - FM Patagonia Madryn","robots":{"index":"index","follow":"follow","max-snippet":"max-snippet:-1","max-image-preview":"max-image-preview:large","max-video-preview":"max-video-preview:-1"},"canonical":"https:\/\/fmpatagoniamadryn.com.ar\/?p=19998","og_locale":"es_ES","og_type":"article","og_title":"PUERTO MADRYN FORTALECE SU PROMOCI\u00d3N TUR\u00cdSTICA INTERNACIONAL EN FERIAS DE EUROPA - FM Patagonia Madryn","og_description":"&nbsp; La ciudad se present\u00f3 en la Feria Internacional de Turismo (FITUR) y en ExpoLagos Patagonia. All\u00ed, un equipo local expuso sus atractivos naturales, experiencias de aventura, gastronom\u00eda y propuestas&hellip;","og_url":"https:\/\/fmpatagoniamadryn.com.ar\/?p=19998","og_site_name":"FM Patagonia Madryn","article_published_time":"2026-01-26T16:03:16+00:00","og_image":[{"width":930,"height":639,"url":"https:\/\/fmpatagoniamadryn.com.ar\/wp-content\/uploads\/2026\/01\/img_8071.jpg","type":"image\/jpeg"}],"author":"FM Patagonia","twitter_card":"summary_large_image","twitter_misc":{"Escrito por":"FM Patagonia","Tiempo de lectura":"2 minutos"},"schema":{"@context":"https:\/\/schema.org","@graph":[{"@type":"Article","@id":"https:\/\/fmpatagoniamadryn.com.ar\/?p=19998#article","isPartOf":{"@id":"https:\/\/fmpatagoniamadryn.com.ar\/?p=19998"},"author":{"name":"FM Patagonia","@id":"https:\/\/fmpatagoniamadryn.com.ar\/#\/schema\/person\/8a3de4ad7efceacab06c1641c50303b7"},"headline":"PUERTO MADRYN FORTALECE SU PROMOCI\u00d3N TUR\u00cdSTICA INTERNACIONAL EN FERIAS DE EUROPA","datePublished":"2026-01-26T16:03:16+00:00","mainEntityOfPage":{"@id":"https:\/\/fmpatagoniamadryn.com.ar\/?p=19998"},"wordCount":459,"publisher":{"@id":"https:\/\/fmpatagoniamadryn.com.ar\/#organization"},"image":{"@id":"https:\/\/fmpatagoniamadryn.com.ar\/?p=19998#primaryimage"},"thumbnailUrl":"https:\/\/fmpatagoniamadryn.com.ar\/wp-content\/uploads\/2026\/01\/img_8071.jpg","articleSection":["Locales"],"inLanguage":"es"},{"@type":"WebPage","@id":"https:\/\/fmpatagoniamadryn.com.ar\/?p=19998","url":"https:\/\/fmpatagoniamadryn.com.ar\/?p=19998","name":"PUERTO MADRYN FORTALECE SU PROMOCI\u00d3N TUR\u00cdSTICA INTERNACIONAL EN FERIAS DE EUROPA - FM Patagonia Madryn","isPartOf":{"@id":"https:\/\/fmpatagoniamadryn.com.ar\/#website"},"primaryImageOfPage":{"@id":"https:\/\/fmpatagoniamadryn.com.ar\/?p=19998#primaryimage"},"image":{"@id":"https:\/\/fmpatagoniamadryn.com.ar\/?p=19998#primaryimage"},"thumbnailUrl":"https:\/\/fmpatagoniamadryn.com.ar\/wp-content\/uploads\/2026\/01\/img_8071.jpg","datePublished":"2026-01-26T16:03:16+00:00","breadcrumb":{"@id":"https:\/\/fmpatagoniamadryn.com.ar\/?p=19998#breadcrumb"},"inLanguage":"es","potentialAction":[{"@type":"ReadAction","target":["https:\/\/fmpatagoniamadryn.com.ar\/?p=19998"]}]},{"@type":"ImageObject","inLanguage":"es","@id":"https:\/\/fmpatagoniamadryn.com.ar\/?p=19998#primaryimage","url":"https:\/\/fmpatagoniamadryn.com.ar\/wp-content\/uploads\/2026\/01\/img_8071.jpg","contentUrl":"https:\/\/fmpatagoniamadryn.com.ar\/wp-content\/uploads\/2026\/01\/img_8071.jpg","width":930,"height":639},{"@type":"BreadcrumbList","@id":"https:\/\/fmpatagoniamadryn.com.ar\/?p=19998#breadcrumb","itemListElement":[{"@type":"ListItem","position":1,"name":"Portada","item":"https:\/\/fmpatagoniamadryn.com.ar\/"},{"@type":"ListItem","position":2,"name":"PUERTO MADRYN FORTALECE SU PROMOCI\u00d3N TUR\u00cdSTICA INTERNACIONAL EN FERIAS DE EUROPA"}]},{"@type":"WebSite","@id":"https:\/\/fmpatagoniamadryn.com.ar\/#website","url":"https:\/\/fmpatagoniamadryn.com.ar\/","name":"FM Patagonia Madryn","description":"Radio Patagonia 105.5","publisher":{"@id":"https:\/\/fmpatagoniamadryn.com.ar\/#organization"},"potentialAction":[{"@type":"SearchAction","target":{"@type":"EntryPoint","urlTemplate":"https:\/\/fmpatagoniamadryn.com.ar\/?s={search_term_string}"},"query-input":{"@type":"PropertyValueSpecification","valueRequired":true,"valueName":"search_term_string"}}],"inLanguage":"es"},{"@type":"Organization","@id":"https:\/\/fmpatagoniamadryn.com.ar\/#organization","name":"FM Patagonia Madryn","url":"https:\/\/fmpatagoniamadryn.com.ar\/","logo":{"@type":"ImageObject","inLanguage":"es","@id":"https:\/\/fmpatagoniamadryn.com.ar\/#\/schema\/logo\/image\/","url":"https:\/\/fmpatagoniamadryn.com.ar\/wp-content\/uploads\/2023\/01\/cropped-Diseno-sin-titulo.png","contentUrl":"https:\/\/fmpatagoniamadryn.com.ar\/wp-content\/uploads\/2023\/01\/cropped-Diseno-sin-titulo.png","width":6911,"height":2657,"caption":"FM Patagonia Madryn"},"image":{"@id":"https:\/\/fmpatagoniamadryn.com.ar\/#\/schema\/logo\/image\/"}},{"@type":"Person","@id":"https:\/\/fmpatagoniamadryn.com.ar\/#\/schema\/person\/8a3de4ad7efceacab06c1641c50303b7","name":"FM Patagonia","url":"https:\/\/fmpatagoniamadryn.com.ar\/?author=2"}]}},"jetpack_featured_media_url":"https:\/\/fmpatagoniamadryn.com.ar\/wp-content\/uploads\/2026\/01\/img_8071.jpg","_links":{"self":[{"href":"https:\/\/fmpatagoniamadryn.com.ar\/index.php?rest_route=\/wp\/v2\/posts\/19998","targetHints":{"allow":["GET"]}}],"collection":[{"href":"https:\/\/fmpatagoniamadryn.com.ar\/index.php?rest_route=\/wp\/v2\/posts"}],"about":[{"href":"https:\/\/fmpatagoniamadryn.com.ar\/index.php?rest_route=\/wp\/v2\/types\/post"}],"author":[{"embeddable":true,"href":"https:\/\/fmpatagoniamadryn.com.ar\/index.php?rest_route=\/wp\/v2\/users\/2"}],"replies":[{"embeddable":true,"href":"https:\/\/fmpatagoniamadryn.com.ar\/index.php?rest_route=%2Fwp%2Fv2%2Fcomments&post=19998"}],"version-history":[{"count":1,"href":"https:\/\/fmpatagoniamadryn.com.ar\/index.php?rest_route=\/wp\/v2\/posts\/19998\/revisions"}],"predecessor-version":[{"id":19999,"href":"https:\/\/fmpatagoniamadryn.com.ar\/index.php?rest_route=\/wp\/v2\/posts\/19998\/revisions\/19999"}],"wp:featuredmedia":[{"embeddable":true,"href":"https:\/\/fmpatagoniamadryn.com.ar\/index.php?rest_route=\/wp\/v2\/media\/19997"}],"wp:attachment":[{"href":"https:\/\/fmpatagoniamadryn.com.ar\/index.php?rest_route=%2Fwp%2Fv2%2Fmedia&parent=19998"}],"wp:term":[{"taxonomy":"category","embeddable":true,"href":"https:\/\/fmpatagoniamadryn.com.ar\/index.php?rest_route=%2Fwp%2Fv2%2Fcategories&post=19998"},{"taxonomy":"post_tag","embeddable":true,"href":"https:\/\/fmpatagoniamadryn.com.ar\/index.php?rest_route=%2Fwp%2Fv2%2Ftags&post=19998"}],"curies":[{"name":"wp","href":"https:\/\/api.w.org\/{rel}","templated":true}]}}