{"id":20022,"date":"2026-01-28T08:39:58","date_gmt":"2026-01-28T11:39:58","guid":{"rendered":"https:\/\/fmpatagoniamadryn.com.ar\/?p=20022"},"modified":"2026-01-28T08:39:58","modified_gmt":"2026-01-28T11:39:58","slug":"luis-nunez-denuncio-precarizacion-laboral-y-cuestiono-la-falta-de-acceso-al-contrato-con-red-chamber","status":"publish","type":"post","link":"https:\/\/fmpatagoniamadryn.com.ar\/?p=20022","title":{"rendered":"Luis N\u00fa\u00f1ez denunci\u00f3 precarizaci\u00f3n laboral y cuestion\u00f3 la falta de acceso al contrato con Red Chamber"},"content":{"rendered":"\n<p class=\"p1\"><\/p>\n\n\n\n<p class=\"p3\">El dirigente sindical Luis N\u00fa\u00f1ez reiter\u00f3 un reclamo ante las autoridades del Gobierno provincial y la Legislatura para acceder al contenido del contrato firmado con la empresa Red Chamber, al se\u00f1alar que se trata de \u201cun documento que debiera ser p\u00fablico\u201d.<\/p>\n\n\n\n<p class=\"p3\">Seg\u00fan expres\u00f3 N\u00fa\u00f1ez, el conflicto se origina en \u201ctodo el deje y maneje o ir y venir en torno al arrendamiento o alquiler de los bienes productivos que estaban en manos de la empresa Red Chamber\u201d, vinculados a la ex Alpesca, contexto en el cual \u201c78 trabajadores y trabajadoras fueron precarizados\u201d, ya que \u201cdarle el alta temprana por \u00faltima vez lo registr\u00f3 con un contrato eventual, contrariando el v\u00ednculo que ten\u00edan con la firma hasta el 30 de septiembre\u201d.<\/p>\n\n\n\n<p class=\"p3\">N\u00fa\u00f1ez indic\u00f3 que este grupo est\u00e1 integrado por \u201cdirigentes sindicales, delegados de Comisi\u00f3n Interna, miembros de la Comisi\u00f3n Directiva del Sindicato y trabajadores y trabajadoras afiliados a la entidad sindical\u201d, y se\u00f1al\u00f3 que, ante la falta de respuestas, \u201cla entidad sindical tuvo que contratar abogados para que iniciaran una demanda contra la empresa\u201d.<\/p>\n\n\n\n<p class=\"p3\">En relaci\u00f3n a la intervenci\u00f3n del Ejecutivo provincial, el dirigente afirm\u00f3 que el Gobierno inform\u00f3 en una reuni\u00f3n privada que \u201cno se har\u00edan cargo de la indemnizaci\u00f3n de 45 trabajadores y trabajadoras de este grupo de 78\u201d, aunque posteriormente \u201cenviaron un listado para que los trabajadores y trabajadoras decidan si van a acceder a cobrar esa indemnizaci\u00f3n, que es la que marca la ley, de parte del Gobierno\u201d.<\/p>\n\n\n\n<p class=\"p3\">Sobre este punto, N\u00fa\u00f1ez manifest\u00f3 su sorpresa al plantear: \u201c\u00bfQu\u00e9 tiene que ver el Gobierno en esta cuesti\u00f3n, qu\u00e9 tiene que ver trabajador con la empresa, el v\u00ednculo empresa privada y el contrato de trabajo firmado entre el trabajador y la empresa?\u201d, remarcando que \u201cel reclamo lo estaban haciendo los trabajadores y trabajadoras a la empresa\u201d.<\/p>\n\n\n\n<p class=\"p3\">Asimismo, insisti\u00f3 en la necesidad de conocer el nuevo contrato firmado con Red Chamber para determinar \u201cqu\u00e9 es lo que firmaron en desmedro de estos 78 trabajadores y trabajadoras\u201d, y aclar\u00f3 que \u201cen la ley est\u00e1n contenidos los derechos de los trabajadores\u201d. En ese sentido, record\u00f3 que \u201cel art\u00edculo 4.5\u00ba de la ley 527 dice expresamente que todo esto se hace para que recuperen los puestos de trabajo de los trabajadores de la ex Alpesca\u201d.<\/p>\n\n\n\n<p class=\"p3\">N\u00fa\u00f1ez sostuvo adem\u00e1s que durante el arrendamiento \u201cel que lleve adelante la explotaci\u00f3n de los bienes productivos de la empresa ten\u00eda que respetar la antig\u00fcedad de los trabajadores, su puesto de trabajo, categor\u00eda, etc\u00e9tera\u201d, y advirti\u00f3 que \u201ceso es lo que no est\u00e1 cumpliendo Red Chamber\u201d.<\/p>\n\n\n\n<p class=\"p3\">Finalmente, cuestion\u00f3 la falta de acceso a la documentaci\u00f3n al afirmar que \u201cno quieren mostrar algo que debiera ser un instrumento p\u00fablico y de acceso a cualquiera\u201d, y concluy\u00f3 que \u201cterminaron perjudicando a un grupo de trabajadores y trabajadoras\u201d, calificando la situaci\u00f3n como \u201cgrave\u201d y \u201cpeligrosa\u201d.<\/p>\n","protected":false},"excerpt":{"rendered":"<p>El dirigente sindical Luis N\u00fa\u00f1ez reiter\u00f3 un reclamo ante las autoridades del Gobierno provincial y la Legislatura para acceder al contenido del contrato firmado con la empresa Red Chamber, al&hellip; <\/p>\n","protected":false},"author":2,"featured_media":20021,"comment_status":"closed","ping_status":"closed","sticky":false,"template":"","format":"standard","meta":{"footnotes":""},"categories":[15],"tags":[],"class_list":["post-20022","post","type-post","status-publish","format-standard","has-post-thumbnail","hentry","category-locales"],"yoast_head":"<!-- This site is optimized with the Yoast SEO plugin v27.4 - https:\/\/yoast.com\/product\/yoast-seo-wordpress\/ -->\n<title>Luis N\u00fa\u00f1ez denunci\u00f3 precarizaci\u00f3n laboral y cuestion\u00f3 la falta de acceso al contrato con Red Chamber - FM Patagonia Madryn<\/title>\n<meta name=\"robots\" content=\"index, follow, max-snippet:-1, max-image-preview:large, max-video-preview:-1\" \/>\n<link rel=\"canonical\" href=\"https:\/\/fmpatagoniamadryn.com.ar\/?p=20022\" \/>\n<meta property=\"og:locale\" content=\"es_ES\" \/>\n<meta property=\"og:type\" content=\"article\" \/>\n<meta property=\"og:title\" content=\"Luis N\u00fa\u00f1ez denunci\u00f3 precarizaci\u00f3n laboral y cuestion\u00f3 la falta de acceso al contrato con Red Chamber - FM Patagonia Madryn\" \/>\n<meta property=\"og:description\" content=\"El dirigente sindical Luis N\u00fa\u00f1ez reiter\u00f3 un reclamo ante las autoridades del Gobierno provincial y la Legislatura para acceder al contenido del contrato firmado con la empresa Red Chamber, al&hellip;\" \/>\n<meta property=\"og:url\" content=\"https:\/\/fmpatagoniamadryn.com.ar\/?p=20022\" \/>\n<meta property=\"og:site_name\" content=\"FM Patagonia Madryn\" \/>\n<meta property=\"article:published_time\" content=\"2026-01-28T11:39:58+00:00\" \/>\n<meta property=\"og:image\" content=\"https:\/\/fmpatagoniamadryn.com.ar\/wp-content\/uploads\/2026\/01\/img_8231.jpg\" \/>\n\t<meta property=\"og:image:width\" content=\"760\" \/>\n\t<meta property=\"og:image:height\" content=\"507\" \/>\n\t<meta property=\"og:image:type\" content=\"image\/jpeg\" \/>\n<meta name=\"author\" content=\"FM Patagonia\" \/>\n<meta name=\"twitter:card\" content=\"summary_large_image\" \/>\n<meta name=\"twitter:label1\" content=\"Escrito por\" \/>\n\t<meta name=\"twitter:data1\" content=\"FM Patagonia\" \/>\n\t<meta name=\"twitter:label2\" content=\"Tiempo de lectura\" \/>\n\t<meta name=\"twitter:data2\" content=\"2 minutos\" \/>\n<script type=\"application\/ld+json\" class=\"yoast-schema-graph\">{\"@context\":\"https:\\\/\\\/schema.org\",\"@graph\":[{\"@type\":\"Article\",\"@id\":\"https:\\\/\\\/fmpatagoniamadryn.com.ar\\\/?p=20022#article\",\"isPartOf\":{\"@id\":\"https:\\\/\\\/fmpatagoniamadryn.com.ar\\\/?p=20022\"},\"author\":{\"name\":\"FM Patagonia\",\"@id\":\"https:\\\/\\\/fmpatagoniamadryn.com.ar\\\/#\\\/schema\\\/person\\\/8a3de4ad7efceacab06c1641c50303b7\"},\"headline\":\"Luis N\u00fa\u00f1ez denunci\u00f3 precarizaci\u00f3n laboral y cuestion\u00f3 la falta de acceso al contrato con Red Chamber\",\"datePublished\":\"2026-01-28T11:39:58+00:00\",\"mainEntityOfPage\":{\"@id\":\"https:\\\/\\\/fmpatagoniamadryn.com.ar\\\/?p=20022\"},\"wordCount\":507,\"publisher\":{\"@id\":\"https:\\\/\\\/fmpatagoniamadryn.com.ar\\\/#organization\"},\"image\":{\"@id\":\"https:\\\/\\\/fmpatagoniamadryn.com.ar\\\/?p=20022#primaryimage\"},\"thumbnailUrl\":\"https:\\\/\\\/fmpatagoniamadryn.com.ar\\\/wp-content\\\/uploads\\\/2026\\\/01\\\/img_8231.jpg\",\"articleSection\":[\"Locales\"],\"inLanguage\":\"es\"},{\"@type\":\"WebPage\",\"@id\":\"https:\\\/\\\/fmpatagoniamadryn.com.ar\\\/?p=20022\",\"url\":\"https:\\\/\\\/fmpatagoniamadryn.com.ar\\\/?p=20022\",\"name\":\"Luis N\u00fa\u00f1ez denunci\u00f3 precarizaci\u00f3n laboral y cuestion\u00f3 la falta de acceso al contrato con Red Chamber - FM Patagonia Madryn\",\"isPartOf\":{\"@id\":\"https:\\\/\\\/fmpatagoniamadryn.com.ar\\\/#website\"},\"primaryImageOfPage\":{\"@id\":\"https:\\\/\\\/fmpatagoniamadryn.com.ar\\\/?p=20022#primaryimage\"},\"image\":{\"@id\":\"https:\\\/\\\/fmpatagoniamadryn.com.ar\\\/?p=20022#primaryimage\"},\"thumbnailUrl\":\"https:\\\/\\\/fmpatagoniamadryn.com.ar\\\/wp-content\\\/uploads\\\/2026\\\/01\\\/img_8231.jpg\",\"datePublished\":\"2026-01-28T11:39:58+00:00\",\"breadcrumb\":{\"@id\":\"https:\\\/\\\/fmpatagoniamadryn.com.ar\\\/?p=20022#breadcrumb\"},\"inLanguage\":\"es\",\"potentialAction\":[{\"@type\":\"ReadAction\",\"target\":[\"https:\\\/\\\/fmpatagoniamadryn.com.ar\\\/?p=20022\"]}]},{\"@type\":\"ImageObject\",\"inLanguage\":\"es\",\"@id\":\"https:\\\/\\\/fmpatagoniamadryn.com.ar\\\/?p=20022#primaryimage\",\"url\":\"https:\\\/\\\/fmpatagoniamadryn.com.ar\\\/wp-content\\\/uploads\\\/2026\\\/01\\\/img_8231.jpg\",\"contentUrl\":\"https:\\\/\\\/fmpatagoniamadryn.com.ar\\\/wp-content\\\/uploads\\\/2026\\\/01\\\/img_8231.jpg\",\"width\":760,\"height\":507},{\"@type\":\"BreadcrumbList\",\"@id\":\"https:\\\/\\\/fmpatagoniamadryn.com.ar\\\/?p=20022#breadcrumb\",\"itemListElement\":[{\"@type\":\"ListItem\",\"position\":1,\"name\":\"Portada\",\"item\":\"https:\\\/\\\/fmpatagoniamadryn.com.ar\\\/\"},{\"@type\":\"ListItem\",\"position\":2,\"name\":\"Luis N\u00fa\u00f1ez denunci\u00f3 precarizaci\u00f3n laboral y cuestion\u00f3 la falta de acceso al contrato con Red Chamber\"}]},{\"@type\":\"WebSite\",\"@id\":\"https:\\\/\\\/fmpatagoniamadryn.com.ar\\\/#website\",\"url\":\"https:\\\/\\\/fmpatagoniamadryn.com.ar\\\/\",\"name\":\"FM Patagonia Madryn\",\"description\":\"Radio Patagonia 105.5\",\"publisher\":{\"@id\":\"https:\\\/\\\/fmpatagoniamadryn.com.ar\\\/#organization\"},\"potentialAction\":[{\"@type\":\"SearchAction\",\"target\":{\"@type\":\"EntryPoint\",\"urlTemplate\":\"https:\\\/\\\/fmpatagoniamadryn.com.ar\\\/?s={search_term_string}\"},\"query-input\":{\"@type\":\"PropertyValueSpecification\",\"valueRequired\":true,\"valueName\":\"search_term_string\"}}],\"inLanguage\":\"es\"},{\"@type\":\"Organization\",\"@id\":\"https:\\\/\\\/fmpatagoniamadryn.com.ar\\\/#organization\",\"name\":\"FM Patagonia Madryn\",\"url\":\"https:\\\/\\\/fmpatagoniamadryn.com.ar\\\/\",\"logo\":{\"@type\":\"ImageObject\",\"inLanguage\":\"es\",\"@id\":\"https:\\\/\\\/fmpatagoniamadryn.com.ar\\\/#\\\/schema\\\/logo\\\/image\\\/\",\"url\":\"https:\\\/\\\/fmpatagoniamadryn.com.ar\\\/wp-content\\\/uploads\\\/2023\\\/01\\\/cropped-Diseno-sin-titulo.png\",\"contentUrl\":\"https:\\\/\\\/fmpatagoniamadryn.com.ar\\\/wp-content\\\/uploads\\\/2023\\\/01\\\/cropped-Diseno-sin-titulo.png\",\"width\":6911,\"height\":2657,\"caption\":\"FM Patagonia Madryn\"},\"image\":{\"@id\":\"https:\\\/\\\/fmpatagoniamadryn.com.ar\\\/#\\\/schema\\\/logo\\\/image\\\/\"}},{\"@type\":\"Person\",\"@id\":\"https:\\\/\\\/fmpatagoniamadryn.com.ar\\\/#\\\/schema\\\/person\\\/8a3de4ad7efceacab06c1641c50303b7\",\"name\":\"FM Patagonia\",\"url\":\"https:\\\/\\\/fmpatagoniamadryn.com.ar\\\/?author=2\"}]}<\/script>\n<!-- \/ Yoast SEO plugin. -->","yoast_head_json":{"title":"Luis N\u00fa\u00f1ez denunci\u00f3 precarizaci\u00f3n laboral y cuestion\u00f3 la falta de acceso al contrato con Red Chamber - FM Patagonia Madryn","robots":{"index":"index","follow":"follow","max-snippet":"max-snippet:-1","max-image-preview":"max-image-preview:large","max-video-preview":"max-video-preview:-1"},"canonical":"https:\/\/fmpatagoniamadryn.com.ar\/?p=20022","og_locale":"es_ES","og_type":"article","og_title":"Luis N\u00fa\u00f1ez denunci\u00f3 precarizaci\u00f3n laboral y cuestion\u00f3 la falta de acceso al contrato con Red Chamber - FM Patagonia Madryn","og_description":"El dirigente sindical Luis N\u00fa\u00f1ez reiter\u00f3 un reclamo ante las autoridades del Gobierno provincial y la Legislatura para acceder al contenido del contrato firmado con la empresa Red Chamber, al&hellip;","og_url":"https:\/\/fmpatagoniamadryn.com.ar\/?p=20022","og_site_name":"FM Patagonia Madryn","article_published_time":"2026-01-28T11:39:58+00:00","og_image":[{"width":760,"height":507,"url":"https:\/\/fmpatagoniamadryn.com.ar\/wp-content\/uploads\/2026\/01\/img_8231.jpg","type":"image\/jpeg"}],"author":"FM Patagonia","twitter_card":"summary_large_image","twitter_misc":{"Escrito por":"FM Patagonia","Tiempo de lectura":"2 minutos"},"schema":{"@context":"https:\/\/schema.org","@graph":[{"@type":"Article","@id":"https:\/\/fmpatagoniamadryn.com.ar\/?p=20022#article","isPartOf":{"@id":"https:\/\/fmpatagoniamadryn.com.ar\/?p=20022"},"author":{"name":"FM Patagonia","@id":"https:\/\/fmpatagoniamadryn.com.ar\/#\/schema\/person\/8a3de4ad7efceacab06c1641c50303b7"},"headline":"Luis N\u00fa\u00f1ez denunci\u00f3 precarizaci\u00f3n laboral y cuestion\u00f3 la falta de acceso al contrato con Red Chamber","datePublished":"2026-01-28T11:39:58+00:00","mainEntityOfPage":{"@id":"https:\/\/fmpatagoniamadryn.com.ar\/?p=20022"},"wordCount":507,"publisher":{"@id":"https:\/\/fmpatagoniamadryn.com.ar\/#organization"},"image":{"@id":"https:\/\/fmpatagoniamadryn.com.ar\/?p=20022#primaryimage"},"thumbnailUrl":"https:\/\/fmpatagoniamadryn.com.ar\/wp-content\/uploads\/2026\/01\/img_8231.jpg","articleSection":["Locales"],"inLanguage":"es"},{"@type":"WebPage","@id":"https:\/\/fmpatagoniamadryn.com.ar\/?p=20022","url":"https:\/\/fmpatagoniamadryn.com.ar\/?p=20022","name":"Luis N\u00fa\u00f1ez denunci\u00f3 precarizaci\u00f3n laboral y cuestion\u00f3 la falta de acceso al contrato con Red Chamber - FM Patagonia Madryn","isPartOf":{"@id":"https:\/\/fmpatagoniamadryn.com.ar\/#website"},"primaryImageOfPage":{"@id":"https:\/\/fmpatagoniamadryn.com.ar\/?p=20022#primaryimage"},"image":{"@id":"https:\/\/fmpatagoniamadryn.com.ar\/?p=20022#primaryimage"},"thumbnailUrl":"https:\/\/fmpatagoniamadryn.com.ar\/wp-content\/uploads\/2026\/01\/img_8231.jpg","datePublished":"2026-01-28T11:39:58+00:00","breadcrumb":{"@id":"https:\/\/fmpatagoniamadryn.com.ar\/?p=20022#breadcrumb"},"inLanguage":"es","potentialAction":[{"@type":"ReadAction","target":["https:\/\/fmpatagoniamadryn.com.ar\/?p=20022"]}]},{"@type":"ImageObject","inLanguage":"es","@id":"https:\/\/fmpatagoniamadryn.com.ar\/?p=20022#primaryimage","url":"https:\/\/fmpatagoniamadryn.com.ar\/wp-content\/uploads\/2026\/01\/img_8231.jpg","contentUrl":"https:\/\/fmpatagoniamadryn.com.ar\/wp-content\/uploads\/2026\/01\/img_8231.jpg","width":760,"height":507},{"@type":"BreadcrumbList","@id":"https:\/\/fmpatagoniamadryn.com.ar\/?p=20022#breadcrumb","itemListElement":[{"@type":"ListItem","position":1,"name":"Portada","item":"https:\/\/fmpatagoniamadryn.com.ar\/"},{"@type":"ListItem","position":2,"name":"Luis N\u00fa\u00f1ez denunci\u00f3 precarizaci\u00f3n laboral y cuestion\u00f3 la falta de acceso al contrato con Red Chamber"}]},{"@type":"WebSite","@id":"https:\/\/fmpatagoniamadryn.com.ar\/#website","url":"https:\/\/fmpatagoniamadryn.com.ar\/","name":"FM Patagonia Madryn","description":"Radio Patagonia 105.5","publisher":{"@id":"https:\/\/fmpatagoniamadryn.com.ar\/#organization"},"potentialAction":[{"@type":"SearchAction","target":{"@type":"EntryPoint","urlTemplate":"https:\/\/fmpatagoniamadryn.com.ar\/?s={search_term_string}"},"query-input":{"@type":"PropertyValueSpecification","valueRequired":true,"valueName":"search_term_string"}}],"inLanguage":"es"},{"@type":"Organization","@id":"https:\/\/fmpatagoniamadryn.com.ar\/#organization","name":"FM Patagonia Madryn","url":"https:\/\/fmpatagoniamadryn.com.ar\/","logo":{"@type":"ImageObject","inLanguage":"es","@id":"https:\/\/fmpatagoniamadryn.com.ar\/#\/schema\/logo\/image\/","url":"https:\/\/fmpatagoniamadryn.com.ar\/wp-content\/uploads\/2023\/01\/cropped-Diseno-sin-titulo.png","contentUrl":"https:\/\/fmpatagoniamadryn.com.ar\/wp-content\/uploads\/2023\/01\/cropped-Diseno-sin-titulo.png","width":6911,"height":2657,"caption":"FM Patagonia Madryn"},"image":{"@id":"https:\/\/fmpatagoniamadryn.com.ar\/#\/schema\/logo\/image\/"}},{"@type":"Person","@id":"https:\/\/fmpatagoniamadryn.com.ar\/#\/schema\/person\/8a3de4ad7efceacab06c1641c50303b7","name":"FM Patagonia","url":"https:\/\/fmpatagoniamadryn.com.ar\/?author=2"}]}},"jetpack_featured_media_url":"https:\/\/fmpatagoniamadryn.com.ar\/wp-content\/uploads\/2026\/01\/img_8231.jpg","_links":{"self":[{"href":"https:\/\/fmpatagoniamadryn.com.ar\/index.php?rest_route=\/wp\/v2\/posts\/20022","targetHints":{"allow":["GET"]}}],"collection":[{"href":"https:\/\/fmpatagoniamadryn.com.ar\/index.php?rest_route=\/wp\/v2\/posts"}],"about":[{"href":"https:\/\/fmpatagoniamadryn.com.ar\/index.php?rest_route=\/wp\/v2\/types\/post"}],"author":[{"embeddable":true,"href":"https:\/\/fmpatagoniamadryn.com.ar\/index.php?rest_route=\/wp\/v2\/users\/2"}],"replies":[{"embeddable":true,"href":"https:\/\/fmpatagoniamadryn.com.ar\/index.php?rest_route=%2Fwp%2Fv2%2Fcomments&post=20022"}],"version-history":[{"count":1,"href":"https:\/\/fmpatagoniamadryn.com.ar\/index.php?rest_route=\/wp\/v2\/posts\/20022\/revisions"}],"predecessor-version":[{"id":20023,"href":"https:\/\/fmpatagoniamadryn.com.ar\/index.php?rest_route=\/wp\/v2\/posts\/20022\/revisions\/20023"}],"wp:featuredmedia":[{"embeddable":true,"href":"https:\/\/fmpatagoniamadryn.com.ar\/index.php?rest_route=\/wp\/v2\/media\/20021"}],"wp:attachment":[{"href":"https:\/\/fmpatagoniamadryn.com.ar\/index.php?rest_route=%2Fwp%2Fv2%2Fmedia&parent=20022"}],"wp:term":[{"taxonomy":"category","embeddable":true,"href":"https:\/\/fmpatagoniamadryn.com.ar\/index.php?rest_route=%2Fwp%2Fv2%2Fcategories&post=20022"},{"taxonomy":"post_tag","embeddable":true,"href":"https:\/\/fmpatagoniamadryn.com.ar\/index.php?rest_route=%2Fwp%2Fv2%2Ftags&post=20022"}],"curies":[{"name":"wp","href":"https:\/\/api.w.org\/{rel}","templated":true}]}}