{"id":20038,"date":"2026-01-29T13:46:22","date_gmt":"2026-01-29T16:46:22","guid":{"rendered":"https:\/\/fmpatagoniamadryn.com.ar\/?p=20038"},"modified":"2026-01-29T13:46:22","modified_gmt":"2026-01-29T16:46:22","slug":"nacion-oficializo-la-baja-de-retenciones-al-petroleo-convencional-tras-gestiones-con-chubut","status":"publish","type":"post","link":"https:\/\/fmpatagoniamadryn.com.ar\/?p=20038","title":{"rendered":"Naci\u00f3n oficializ\u00f3 la baja de retenciones al petr\u00f3leo convencional tras gestiones con Chubut"},"content":{"rendered":"\n<p class=\"p1\"><\/p>\n\n\n\n<p class=\"p3\">El Gobierno nacional oficializ\u00f3 la reducci\u00f3n de los derechos de exportaci\u00f3n aplicados al petr\u00f3leo crudo convencional mediante el Decreto N\u00b0 59\/2026, publicado este jueves 29 de enero en el Bolet\u00edn Oficial de la Rep\u00fablica Argentina, luego de gestiones realizadas por la Provincia del Chubut junto a empresarios y gremios del sector.<\/p>\n\n\n\n<p class=\"p3\">La medida establece nuevos valores de referencia para el crudo convencional que, en las condiciones actuales, eliminan el impacto de las retenciones, que hasta el momento eran del 8 %. El objetivo es sostener la producci\u00f3n y el empleo en las cuencas maduras, en un contexto de p\u00e9rdida de competitividad del petr\u00f3leo convencional.<\/p>\n\n\n\n<p class=\"p3\">Al respecto, el gobernador del Chubut, <a href=\"chatgpt:\/\/generic-entity?number=0\">Ignacio Torres<\/a>, se\u00f1al\u00f3 que la decisi\u00f3n es resultado de un trabajo t\u00e9cnico e institucional llevado adelante por la provincia, con aportes vinculados a diagn\u00f3sticos productivos e informaci\u00f3n del sector. En ese marco, indic\u00f3 que durante el \u00faltimo a\u00f1o las retenciones representaron una p\u00e9rdida estimada de 240 millones de d\u00f3lares para Chubut y de 370 millones de d\u00f3lares para el conjunto de la cuenca.<\/p>\n\n\n\n<p class=\"p3\">Asimismo, explic\u00f3 que los recursos que anteriormente se transfer\u00edan como un impuesto no coparticipable pasar\u00e1n a permanecer en la regi\u00f3n y deber\u00e1n ser reinvertidos por las operadoras en la actividad productiva.<\/p>\n\n\n\n<p class=\"p3\">En ese sentido, el mandatario sostuvo que la provincia continuar\u00e1 impulsando una agenda productiva orientada a la inversi\u00f3n, la producci\u00f3n y el sostenimiento del empleo, en una etapa considerada clave para el futuro de la cuenca.<\/p>\n\n\n\n<p class=\"p1\">Baja de retenciones<\/p>\n\n\n\n<p class=\"p3\">Entre los considerandos del Decreto N\u00b0 59\/2026 se mencionan los acuerdos suscriptos entre las provincias productoras y la Naci\u00f3n. En ese marco, el pasado 18 de noviembre Chubut firm\u00f3 con el Gobierno nacional un acuerdo para avanzar en la eliminaci\u00f3n de las retenciones a la exportaci\u00f3n de hidrocarburos convencionales, con el acompa\u00f1amiento de la C\u00e1mara de Empresas Productoras de Hidrocarburos (CEPH) y de las principales operadoras de la cuenca.<\/p>\n\n\n\n<p class=\"p3\">Posteriormente, iniciativas similares fueron adoptadas por las provincias de Neuqu\u00e9n y Santa Cruz.<\/p>\n\n\n\n<p class=\"p3\">El decreto tambi\u00e9n establece un esquema de corresponsabilidad, mediante el cual las empresas operadoras deber\u00e1n destinar los ingresos adicionales derivados de la eliminaci\u00f3n del tributo a inversiones incrementales en la cuenca, orientadas a la reactivaci\u00f3n de equipos, la recuperaci\u00f3n de pozos y el sostenimiento de los niveles de producci\u00f3n.<\/p>\n","protected":false},"excerpt":{"rendered":"<p>El Gobierno nacional oficializ\u00f3 la reducci\u00f3n de los derechos de exportaci\u00f3n aplicados al petr\u00f3leo crudo convencional mediante el Decreto N\u00b0 59\/2026, publicado este jueves 29 de enero en el Bolet\u00edn&hellip; <\/p>\n","protected":false},"author":2,"featured_media":20037,"comment_status":"closed","ping_status":"closed","sticky":false,"template":"","format":"standard","meta":{"footnotes":""},"categories":[15],"tags":[],"class_list":["post-20038","post","type-post","status-publish","format-standard","has-post-thumbnail","hentry","category-locales"],"yoast_head":"<!-- This site is optimized with the Yoast SEO plugin v27.5 - https:\/\/yoast.com\/product\/yoast-seo-wordpress\/ -->\n<title>Naci\u00f3n oficializ\u00f3 la baja de retenciones al petr\u00f3leo convencional tras gestiones con Chubut - FM Patagonia Madryn<\/title>\n<meta name=\"robots\" content=\"index, follow, max-snippet:-1, max-image-preview:large, max-video-preview:-1\" \/>\n<link rel=\"canonical\" href=\"https:\/\/fmpatagoniamadryn.com.ar\/?p=20038\" \/>\n<meta property=\"og:locale\" content=\"es_ES\" \/>\n<meta property=\"og:type\" content=\"article\" \/>\n<meta property=\"og:title\" content=\"Naci\u00f3n oficializ\u00f3 la baja de retenciones al petr\u00f3leo convencional tras gestiones con Chubut - FM Patagonia Madryn\" \/>\n<meta property=\"og:description\" content=\"El Gobierno nacional oficializ\u00f3 la reducci\u00f3n de los derechos de exportaci\u00f3n aplicados al petr\u00f3leo crudo convencional mediante el Decreto N\u00b0 59\/2026, publicado este jueves 29 de enero en el Bolet\u00edn&hellip;\" \/>\n<meta property=\"og:url\" content=\"https:\/\/fmpatagoniamadryn.com.ar\/?p=20038\" \/>\n<meta property=\"og:site_name\" content=\"FM Patagonia Madryn\" \/>\n<meta property=\"article:published_time\" content=\"2026-01-29T16:46:22+00:00\" \/>\n<meta property=\"og:image\" content=\"https:\/\/fmpatagoniamadryn.com.ar\/wp-content\/uploads\/2026\/01\/4dc8de2e-612a-4d36-95d1-b8ea875e77ca.jpg\" \/>\n\t<meta property=\"og:image:width\" content=\"1280\" \/>\n\t<meta property=\"og:image:height\" content=\"802\" \/>\n\t<meta property=\"og:image:type\" content=\"image\/jpeg\" \/>\n<meta name=\"author\" content=\"FM Patagonia\" \/>\n<meta name=\"twitter:card\" content=\"summary_large_image\" \/>\n<meta name=\"twitter:label1\" content=\"Escrito por\" \/>\n\t<meta name=\"twitter:data1\" content=\"FM Patagonia\" \/>\n\t<meta name=\"twitter:label2\" content=\"Tiempo de lectura\" \/>\n\t<meta name=\"twitter:data2\" content=\"2 minutos\" \/>\n<script type=\"application\/ld+json\" class=\"yoast-schema-graph\">{\"@context\":\"https:\\\/\\\/schema.org\",\"@graph\":[{\"@type\":\"Article\",\"@id\":\"https:\\\/\\\/fmpatagoniamadryn.com.ar\\\/?p=20038#article\",\"isPartOf\":{\"@id\":\"https:\\\/\\\/fmpatagoniamadryn.com.ar\\\/?p=20038\"},\"author\":{\"name\":\"FM Patagonia\",\"@id\":\"https:\\\/\\\/fmpatagoniamadryn.com.ar\\\/#\\\/schema\\\/person\\\/8a3de4ad7efceacab06c1641c50303b7\"},\"headline\":\"Naci\u00f3n oficializ\u00f3 la baja de retenciones al petr\u00f3leo convencional tras gestiones con Chubut\",\"datePublished\":\"2026-01-29T16:46:22+00:00\",\"mainEntityOfPage\":{\"@id\":\"https:\\\/\\\/fmpatagoniamadryn.com.ar\\\/?p=20038\"},\"wordCount\":416,\"publisher\":{\"@id\":\"https:\\\/\\\/fmpatagoniamadryn.com.ar\\\/#organization\"},\"image\":{\"@id\":\"https:\\\/\\\/fmpatagoniamadryn.com.ar\\\/?p=20038#primaryimage\"},\"thumbnailUrl\":\"https:\\\/\\\/fmpatagoniamadryn.com.ar\\\/wp-content\\\/uploads\\\/2026\\\/01\\\/4dc8de2e-612a-4d36-95d1-b8ea875e77ca.jpg\",\"articleSection\":[\"Locales\"],\"inLanguage\":\"es\"},{\"@type\":\"WebPage\",\"@id\":\"https:\\\/\\\/fmpatagoniamadryn.com.ar\\\/?p=20038\",\"url\":\"https:\\\/\\\/fmpatagoniamadryn.com.ar\\\/?p=20038\",\"name\":\"Naci\u00f3n oficializ\u00f3 la baja de retenciones al petr\u00f3leo convencional tras gestiones con Chubut - FM Patagonia Madryn\",\"isPartOf\":{\"@id\":\"https:\\\/\\\/fmpatagoniamadryn.com.ar\\\/#website\"},\"primaryImageOfPage\":{\"@id\":\"https:\\\/\\\/fmpatagoniamadryn.com.ar\\\/?p=20038#primaryimage\"},\"image\":{\"@id\":\"https:\\\/\\\/fmpatagoniamadryn.com.ar\\\/?p=20038#primaryimage\"},\"thumbnailUrl\":\"https:\\\/\\\/fmpatagoniamadryn.com.ar\\\/wp-content\\\/uploads\\\/2026\\\/01\\\/4dc8de2e-612a-4d36-95d1-b8ea875e77ca.jpg\",\"datePublished\":\"2026-01-29T16:46:22+00:00\",\"breadcrumb\":{\"@id\":\"https:\\\/\\\/fmpatagoniamadryn.com.ar\\\/?p=20038#breadcrumb\"},\"inLanguage\":\"es\",\"potentialAction\":[{\"@type\":\"ReadAction\",\"target\":[\"https:\\\/\\\/fmpatagoniamadryn.com.ar\\\/?p=20038\"]}]},{\"@type\":\"ImageObject\",\"inLanguage\":\"es\",\"@id\":\"https:\\\/\\\/fmpatagoniamadryn.com.ar\\\/?p=20038#primaryimage\",\"url\":\"https:\\\/\\\/fmpatagoniamadryn.com.ar\\\/wp-content\\\/uploads\\\/2026\\\/01\\\/4dc8de2e-612a-4d36-95d1-b8ea875e77ca.jpg\",\"contentUrl\":\"https:\\\/\\\/fmpatagoniamadryn.com.ar\\\/wp-content\\\/uploads\\\/2026\\\/01\\\/4dc8de2e-612a-4d36-95d1-b8ea875e77ca.jpg\",\"width\":1280,\"height\":802},{\"@type\":\"BreadcrumbList\",\"@id\":\"https:\\\/\\\/fmpatagoniamadryn.com.ar\\\/?p=20038#breadcrumb\",\"itemListElement\":[{\"@type\":\"ListItem\",\"position\":1,\"name\":\"Portada\",\"item\":\"https:\\\/\\\/fmpatagoniamadryn.com.ar\\\/\"},{\"@type\":\"ListItem\",\"position\":2,\"name\":\"Naci\u00f3n oficializ\u00f3 la baja de retenciones al petr\u00f3leo convencional tras gestiones con Chubut\"}]},{\"@type\":\"WebSite\",\"@id\":\"https:\\\/\\\/fmpatagoniamadryn.com.ar\\\/#website\",\"url\":\"https:\\\/\\\/fmpatagoniamadryn.com.ar\\\/\",\"name\":\"FM Patagonia Madryn\",\"description\":\"Radio Patagonia 105.5\",\"publisher\":{\"@id\":\"https:\\\/\\\/fmpatagoniamadryn.com.ar\\\/#organization\"},\"potentialAction\":[{\"@type\":\"SearchAction\",\"target\":{\"@type\":\"EntryPoint\",\"urlTemplate\":\"https:\\\/\\\/fmpatagoniamadryn.com.ar\\\/?s={search_term_string}\"},\"query-input\":{\"@type\":\"PropertyValueSpecification\",\"valueRequired\":true,\"valueName\":\"search_term_string\"}}],\"inLanguage\":\"es\"},{\"@type\":\"Organization\",\"@id\":\"https:\\\/\\\/fmpatagoniamadryn.com.ar\\\/#organization\",\"name\":\"FM Patagonia Madryn\",\"url\":\"https:\\\/\\\/fmpatagoniamadryn.com.ar\\\/\",\"logo\":{\"@type\":\"ImageObject\",\"inLanguage\":\"es\",\"@id\":\"https:\\\/\\\/fmpatagoniamadryn.com.ar\\\/#\\\/schema\\\/logo\\\/image\\\/\",\"url\":\"https:\\\/\\\/fmpatagoniamadryn.com.ar\\\/wp-content\\\/uploads\\\/2023\\\/01\\\/cropped-Diseno-sin-titulo.png\",\"contentUrl\":\"https:\\\/\\\/fmpatagoniamadryn.com.ar\\\/wp-content\\\/uploads\\\/2023\\\/01\\\/cropped-Diseno-sin-titulo.png\",\"width\":6911,\"height\":2657,\"caption\":\"FM Patagonia Madryn\"},\"image\":{\"@id\":\"https:\\\/\\\/fmpatagoniamadryn.com.ar\\\/#\\\/schema\\\/logo\\\/image\\\/\"}},{\"@type\":\"Person\",\"@id\":\"https:\\\/\\\/fmpatagoniamadryn.com.ar\\\/#\\\/schema\\\/person\\\/8a3de4ad7efceacab06c1641c50303b7\",\"name\":\"FM Patagonia\",\"url\":\"https:\\\/\\\/fmpatagoniamadryn.com.ar\\\/?author=2\"}]}<\/script>\n<!-- \/ Yoast SEO plugin. -->","yoast_head_json":{"title":"Naci\u00f3n oficializ\u00f3 la baja de retenciones al petr\u00f3leo convencional tras gestiones con Chubut - FM Patagonia Madryn","robots":{"index":"index","follow":"follow","max-snippet":"max-snippet:-1","max-image-preview":"max-image-preview:large","max-video-preview":"max-video-preview:-1"},"canonical":"https:\/\/fmpatagoniamadryn.com.ar\/?p=20038","og_locale":"es_ES","og_type":"article","og_title":"Naci\u00f3n oficializ\u00f3 la baja de retenciones al petr\u00f3leo convencional tras gestiones con Chubut - FM Patagonia Madryn","og_description":"El Gobierno nacional oficializ\u00f3 la reducci\u00f3n de los derechos de exportaci\u00f3n aplicados al petr\u00f3leo crudo convencional mediante el Decreto N\u00b0 59\/2026, publicado este jueves 29 de enero en el Bolet\u00edn&hellip;","og_url":"https:\/\/fmpatagoniamadryn.com.ar\/?p=20038","og_site_name":"FM Patagonia Madryn","article_published_time":"2026-01-29T16:46:22+00:00","og_image":[{"width":1280,"height":802,"url":"https:\/\/fmpatagoniamadryn.com.ar\/wp-content\/uploads\/2026\/01\/4dc8de2e-612a-4d36-95d1-b8ea875e77ca.jpg","type":"image\/jpeg"}],"author":"FM Patagonia","twitter_card":"summary_large_image","twitter_misc":{"Escrito por":"FM Patagonia","Tiempo de lectura":"2 minutos"},"schema":{"@context":"https:\/\/schema.org","@graph":[{"@type":"Article","@id":"https:\/\/fmpatagoniamadryn.com.ar\/?p=20038#article","isPartOf":{"@id":"https:\/\/fmpatagoniamadryn.com.ar\/?p=20038"},"author":{"name":"FM Patagonia","@id":"https:\/\/fmpatagoniamadryn.com.ar\/#\/schema\/person\/8a3de4ad7efceacab06c1641c50303b7"},"headline":"Naci\u00f3n oficializ\u00f3 la baja de retenciones al petr\u00f3leo convencional tras gestiones con Chubut","datePublished":"2026-01-29T16:46:22+00:00","mainEntityOfPage":{"@id":"https:\/\/fmpatagoniamadryn.com.ar\/?p=20038"},"wordCount":416,"publisher":{"@id":"https:\/\/fmpatagoniamadryn.com.ar\/#organization"},"image":{"@id":"https:\/\/fmpatagoniamadryn.com.ar\/?p=20038#primaryimage"},"thumbnailUrl":"https:\/\/fmpatagoniamadryn.com.ar\/wp-content\/uploads\/2026\/01\/4dc8de2e-612a-4d36-95d1-b8ea875e77ca.jpg","articleSection":["Locales"],"inLanguage":"es"},{"@type":"WebPage","@id":"https:\/\/fmpatagoniamadryn.com.ar\/?p=20038","url":"https:\/\/fmpatagoniamadryn.com.ar\/?p=20038","name":"Naci\u00f3n oficializ\u00f3 la baja de retenciones al petr\u00f3leo convencional tras gestiones con Chubut - FM Patagonia Madryn","isPartOf":{"@id":"https:\/\/fmpatagoniamadryn.com.ar\/#website"},"primaryImageOfPage":{"@id":"https:\/\/fmpatagoniamadryn.com.ar\/?p=20038#primaryimage"},"image":{"@id":"https:\/\/fmpatagoniamadryn.com.ar\/?p=20038#primaryimage"},"thumbnailUrl":"https:\/\/fmpatagoniamadryn.com.ar\/wp-content\/uploads\/2026\/01\/4dc8de2e-612a-4d36-95d1-b8ea875e77ca.jpg","datePublished":"2026-01-29T16:46:22+00:00","breadcrumb":{"@id":"https:\/\/fmpatagoniamadryn.com.ar\/?p=20038#breadcrumb"},"inLanguage":"es","potentialAction":[{"@type":"ReadAction","target":["https:\/\/fmpatagoniamadryn.com.ar\/?p=20038"]}]},{"@type":"ImageObject","inLanguage":"es","@id":"https:\/\/fmpatagoniamadryn.com.ar\/?p=20038#primaryimage","url":"https:\/\/fmpatagoniamadryn.com.ar\/wp-content\/uploads\/2026\/01\/4dc8de2e-612a-4d36-95d1-b8ea875e77ca.jpg","contentUrl":"https:\/\/fmpatagoniamadryn.com.ar\/wp-content\/uploads\/2026\/01\/4dc8de2e-612a-4d36-95d1-b8ea875e77ca.jpg","width":1280,"height":802},{"@type":"BreadcrumbList","@id":"https:\/\/fmpatagoniamadryn.com.ar\/?p=20038#breadcrumb","itemListElement":[{"@type":"ListItem","position":1,"name":"Portada","item":"https:\/\/fmpatagoniamadryn.com.ar\/"},{"@type":"ListItem","position":2,"name":"Naci\u00f3n oficializ\u00f3 la baja de retenciones al petr\u00f3leo convencional tras gestiones con Chubut"}]},{"@type":"WebSite","@id":"https:\/\/fmpatagoniamadryn.com.ar\/#website","url":"https:\/\/fmpatagoniamadryn.com.ar\/","name":"FM Patagonia Madryn","description":"Radio Patagonia 105.5","publisher":{"@id":"https:\/\/fmpatagoniamadryn.com.ar\/#organization"},"potentialAction":[{"@type":"SearchAction","target":{"@type":"EntryPoint","urlTemplate":"https:\/\/fmpatagoniamadryn.com.ar\/?s={search_term_string}"},"query-input":{"@type":"PropertyValueSpecification","valueRequired":true,"valueName":"search_term_string"}}],"inLanguage":"es"},{"@type":"Organization","@id":"https:\/\/fmpatagoniamadryn.com.ar\/#organization","name":"FM Patagonia Madryn","url":"https:\/\/fmpatagoniamadryn.com.ar\/","logo":{"@type":"ImageObject","inLanguage":"es","@id":"https:\/\/fmpatagoniamadryn.com.ar\/#\/schema\/logo\/image\/","url":"https:\/\/fmpatagoniamadryn.com.ar\/wp-content\/uploads\/2023\/01\/cropped-Diseno-sin-titulo.png","contentUrl":"https:\/\/fmpatagoniamadryn.com.ar\/wp-content\/uploads\/2023\/01\/cropped-Diseno-sin-titulo.png","width":6911,"height":2657,"caption":"FM Patagonia Madryn"},"image":{"@id":"https:\/\/fmpatagoniamadryn.com.ar\/#\/schema\/logo\/image\/"}},{"@type":"Person","@id":"https:\/\/fmpatagoniamadryn.com.ar\/#\/schema\/person\/8a3de4ad7efceacab06c1641c50303b7","name":"FM Patagonia","url":"https:\/\/fmpatagoniamadryn.com.ar\/?author=2"}]}},"jetpack_featured_media_url":"https:\/\/fmpatagoniamadryn.com.ar\/wp-content\/uploads\/2026\/01\/4dc8de2e-612a-4d36-95d1-b8ea875e77ca.jpg","_links":{"self":[{"href":"https:\/\/fmpatagoniamadryn.com.ar\/index.php?rest_route=\/wp\/v2\/posts\/20038","targetHints":{"allow":["GET"]}}],"collection":[{"href":"https:\/\/fmpatagoniamadryn.com.ar\/index.php?rest_route=\/wp\/v2\/posts"}],"about":[{"href":"https:\/\/fmpatagoniamadryn.com.ar\/index.php?rest_route=\/wp\/v2\/types\/post"}],"author":[{"embeddable":true,"href":"https:\/\/fmpatagoniamadryn.com.ar\/index.php?rest_route=\/wp\/v2\/users\/2"}],"replies":[{"embeddable":true,"href":"https:\/\/fmpatagoniamadryn.com.ar\/index.php?rest_route=%2Fwp%2Fv2%2Fcomments&post=20038"}],"version-history":[{"count":1,"href":"https:\/\/fmpatagoniamadryn.com.ar\/index.php?rest_route=\/wp\/v2\/posts\/20038\/revisions"}],"predecessor-version":[{"id":20039,"href":"https:\/\/fmpatagoniamadryn.com.ar\/index.php?rest_route=\/wp\/v2\/posts\/20038\/revisions\/20039"}],"wp:featuredmedia":[{"embeddable":true,"href":"https:\/\/fmpatagoniamadryn.com.ar\/index.php?rest_route=\/wp\/v2\/media\/20037"}],"wp:attachment":[{"href":"https:\/\/fmpatagoniamadryn.com.ar\/index.php?rest_route=%2Fwp%2Fv2%2Fmedia&parent=20038"}],"wp:term":[{"taxonomy":"category","embeddable":true,"href":"https:\/\/fmpatagoniamadryn.com.ar\/index.php?rest_route=%2Fwp%2Fv2%2Fcategories&post=20038"},{"taxonomy":"post_tag","embeddable":true,"href":"https:\/\/fmpatagoniamadryn.com.ar\/index.php?rest_route=%2Fwp%2Fv2%2Ftags&post=20038"}],"curies":[{"name":"wp","href":"https:\/\/api.w.org\/{rel}","templated":true}]}}