{"id":20053,"date":"2026-01-30T11:20:11","date_gmt":"2026-01-30T14:20:11","guid":{"rendered":"https:\/\/fmpatagoniamadryn.com.ar\/?p=20053"},"modified":"2026-01-30T11:20:11","modified_gmt":"2026-01-30T14:20:11","slug":"la-fuente-del-frente-costero-estara-fuera-de-servicio-por-tareas-de-reparacion","status":"publish","type":"post","link":"https:\/\/fmpatagoniamadryn.com.ar\/?p=20053","title":{"rendered":"LA FUENTE DEL FRENTE COSTERO ESTAR\u00c1 FUERA DE SERVICIO POR TAREAS DE REPARACI\u00d3N"},"content":{"rendered":"\n<p class=\"MsoNormal\"><\/p>\n\n\n\n<p class=\"MsoNormal\"><em>El sistema presenta da\u00f1os por uso indebido y vandalismo. Se solicita a la comunidad reforzar el cuidado de los monumentos y espacios p\u00fablicos<\/em><\/p>\n\n\n\n<p class=\"MsoNormal\">La Municipalidad de Puerto Madryn informa que la fuente de agua ubicada en el frente costero, a la altura de la calle&nbsp;28 de Julio, permanecer\u00e1 fuera de servicio hasta nuevo aviso debido a da\u00f1os detectados en su sistema de funcionamiento, ocasionados por uso indebido, acumulaci\u00f3n de residuos y actos de vandalismo. La medida se adopta a partir de informes t\u00e9cnicos que advierten un deterioro significativo que compromete su operatividad.&nbsp;&nbsp;<\/p>\n\n\n\n<p class=\"MsoNormal\">De acuerdo a las inspecciones realizadas, se constat\u00f3 la presencia de diversos elementos extra\u00f1os dentro de la instalaci\u00f3n como pl\u00e1sticos, envoltorios, colillas de cigarrillos, arena en exceso y otros residuos, que generaron obstrucciones y afectaron el sistema de bombeo. Asimismo, se verificaron da\u00f1os intencionales sobre boquillas y aspersores, lo que agrava el cuadro t\u00e9cnico y obliga a realizar una intervenci\u00f3n integral con personal especializado.&nbsp;&nbsp;<\/p>\n\n\n\n<p class=\"MsoNormal\">Adem\u00e1s, el volumen y tipo de suciedad relevada permite inferir que la fuente fue utilizada para fines incompatibles con su destino, como pr\u00e1cticas de higiene o lavado, lo que acelera su deterioro y afecta las condiciones sanitarias y est\u00e9ticas de un sector emblem\u00e1tico de la ciudad, especialmente durante la temporada de mayor circulaci\u00f3n de vecinos y visitantes.&nbsp;&nbsp;<\/p>\n\n\n\n<p class=\"MsoNormal\">En este mismo sentido, se solicita especial cuidado del monumento a la Gesta Galesa y de la recientemente inaugurada Cola de Ballena, donde tambi\u00e9n se registraron intervenciones indebidas. En el caso del monumento a la Gesta Galesa, el arrojo de residuos, entre ellos una bolsa, provoc\u00f3 la quema y rotura de una de las bombas del sistema, afectando su funcionamiento y generando costos de reparaci\u00f3n evitables.<\/p>\n\n\n\n<p class=\"MsoNormal\">Desde el Municipio se recuerda que los monumentos, equipamientos urbanos y espacios p\u00fablicos son patrimonio de toda la comunidad y su conservaci\u00f3n depende del compromiso colectivo. El cuidado responsable permite sostener y disfrutar estos \u00e1mbitos en condiciones adecuadas, evitando costos de reparaci\u00f3n y la p\u00e9rdida temporal de servicios y atractivos urbanos.<\/p>\n\n\n\n<p class=\"MsoNormal\">Por ello, se solicita a vecinos y turistas hacer un uso adecuado de las instalaciones, evitar conductas que provoquen da\u00f1os y colaborar activamente en la protecci\u00f3n del espacio p\u00fablico, dando aviso ante situaciones de vandalismo.<\/p>\n","protected":false},"excerpt":{"rendered":"<p>El sistema presenta da\u00f1os por uso indebido y vandalismo. Se solicita a la comunidad reforzar el cuidado de los monumentos y espacios p\u00fablicos La Municipalidad de Puerto Madryn informa que&hellip; <\/p>\n","protected":false},"author":2,"featured_media":20052,"comment_status":"closed","ping_status":"closed","sticky":false,"template":"","format":"standard","meta":{"footnotes":""},"categories":[15],"tags":[],"class_list":["post-20053","post","type-post","status-publish","format-standard","has-post-thumbnail","hentry","category-locales"],"yoast_head":"<!-- This site is optimized with the Yoast SEO plugin v27.5 - https:\/\/yoast.com\/product\/yoast-seo-wordpress\/ -->\n<title>LA FUENTE DEL FRENTE COSTERO ESTAR\u00c1 FUERA DE SERVICIO POR TAREAS DE REPARACI\u00d3N - FM Patagonia Madryn<\/title>\n<meta name=\"robots\" content=\"index, follow, max-snippet:-1, max-image-preview:large, max-video-preview:-1\" \/>\n<link rel=\"canonical\" href=\"https:\/\/fmpatagoniamadryn.com.ar\/?p=20053\" \/>\n<meta property=\"og:locale\" content=\"es_ES\" \/>\n<meta property=\"og:type\" content=\"article\" \/>\n<meta property=\"og:title\" content=\"LA FUENTE DEL FRENTE COSTERO ESTAR\u00c1 FUERA DE SERVICIO POR TAREAS DE REPARACI\u00d3N - FM Patagonia Madryn\" \/>\n<meta property=\"og:description\" content=\"El sistema presenta da\u00f1os por uso indebido y vandalismo. Se solicita a la comunidad reforzar el cuidado de los monumentos y espacios p\u00fablicos La Municipalidad de Puerto Madryn informa que&hellip;\" \/>\n<meta property=\"og:url\" content=\"https:\/\/fmpatagoniamadryn.com.ar\/?p=20053\" \/>\n<meta property=\"og:site_name\" content=\"FM Patagonia Madryn\" \/>\n<meta property=\"article:published_time\" content=\"2026-01-30T14:20:11+00:00\" \/>\n<meta property=\"og:image\" content=\"https:\/\/fmpatagoniamadryn.com.ar\/wp-content\/uploads\/2026\/01\/img_8361.jpg\" \/>\n\t<meta property=\"og:image:width\" content=\"1536\" \/>\n\t<meta property=\"og:image:height\" content=\"1023\" \/>\n\t<meta property=\"og:image:type\" content=\"image\/jpeg\" \/>\n<meta name=\"author\" content=\"FM Patagonia\" \/>\n<meta name=\"twitter:card\" content=\"summary_large_image\" \/>\n<meta name=\"twitter:label1\" content=\"Escrito por\" \/>\n\t<meta name=\"twitter:data1\" content=\"FM Patagonia\" \/>\n\t<meta name=\"twitter:label2\" content=\"Tiempo de lectura\" \/>\n\t<meta name=\"twitter:data2\" content=\"2 minutos\" \/>\n<script type=\"application\/ld+json\" class=\"yoast-schema-graph\">{\"@context\":\"https:\\\/\\\/schema.org\",\"@graph\":[{\"@type\":\"Article\",\"@id\":\"https:\\\/\\\/fmpatagoniamadryn.com.ar\\\/?p=20053#article\",\"isPartOf\":{\"@id\":\"https:\\\/\\\/fmpatagoniamadryn.com.ar\\\/?p=20053\"},\"author\":{\"name\":\"FM Patagonia\",\"@id\":\"https:\\\/\\\/fmpatagoniamadryn.com.ar\\\/#\\\/schema\\\/person\\\/8a3de4ad7efceacab06c1641c50303b7\"},\"headline\":\"LA FUENTE DEL FRENTE COSTERO ESTAR\u00c1 FUERA DE SERVICIO POR TAREAS DE REPARACI\u00d3N\",\"datePublished\":\"2026-01-30T14:20:11+00:00\",\"mainEntityOfPage\":{\"@id\":\"https:\\\/\\\/fmpatagoniamadryn.com.ar\\\/?p=20053\"},\"wordCount\":411,\"publisher\":{\"@id\":\"https:\\\/\\\/fmpatagoniamadryn.com.ar\\\/#organization\"},\"image\":{\"@id\":\"https:\\\/\\\/fmpatagoniamadryn.com.ar\\\/?p=20053#primaryimage\"},\"thumbnailUrl\":\"https:\\\/\\\/fmpatagoniamadryn.com.ar\\\/wp-content\\\/uploads\\\/2026\\\/01\\\/img_8361.jpg\",\"articleSection\":[\"Locales\"],\"inLanguage\":\"es\"},{\"@type\":\"WebPage\",\"@id\":\"https:\\\/\\\/fmpatagoniamadryn.com.ar\\\/?p=20053\",\"url\":\"https:\\\/\\\/fmpatagoniamadryn.com.ar\\\/?p=20053\",\"name\":\"LA FUENTE DEL FRENTE COSTERO ESTAR\u00c1 FUERA DE SERVICIO POR TAREAS DE REPARACI\u00d3N - FM Patagonia Madryn\",\"isPartOf\":{\"@id\":\"https:\\\/\\\/fmpatagoniamadryn.com.ar\\\/#website\"},\"primaryImageOfPage\":{\"@id\":\"https:\\\/\\\/fmpatagoniamadryn.com.ar\\\/?p=20053#primaryimage\"},\"image\":{\"@id\":\"https:\\\/\\\/fmpatagoniamadryn.com.ar\\\/?p=20053#primaryimage\"},\"thumbnailUrl\":\"https:\\\/\\\/fmpatagoniamadryn.com.ar\\\/wp-content\\\/uploads\\\/2026\\\/01\\\/img_8361.jpg\",\"datePublished\":\"2026-01-30T14:20:11+00:00\",\"breadcrumb\":{\"@id\":\"https:\\\/\\\/fmpatagoniamadryn.com.ar\\\/?p=20053#breadcrumb\"},\"inLanguage\":\"es\",\"potentialAction\":[{\"@type\":\"ReadAction\",\"target\":[\"https:\\\/\\\/fmpatagoniamadryn.com.ar\\\/?p=20053\"]}]},{\"@type\":\"ImageObject\",\"inLanguage\":\"es\",\"@id\":\"https:\\\/\\\/fmpatagoniamadryn.com.ar\\\/?p=20053#primaryimage\",\"url\":\"https:\\\/\\\/fmpatagoniamadryn.com.ar\\\/wp-content\\\/uploads\\\/2026\\\/01\\\/img_8361.jpg\",\"contentUrl\":\"https:\\\/\\\/fmpatagoniamadryn.com.ar\\\/wp-content\\\/uploads\\\/2026\\\/01\\\/img_8361.jpg\",\"width\":1536,\"height\":1023},{\"@type\":\"BreadcrumbList\",\"@id\":\"https:\\\/\\\/fmpatagoniamadryn.com.ar\\\/?p=20053#breadcrumb\",\"itemListElement\":[{\"@type\":\"ListItem\",\"position\":1,\"name\":\"Portada\",\"item\":\"https:\\\/\\\/fmpatagoniamadryn.com.ar\\\/\"},{\"@type\":\"ListItem\",\"position\":2,\"name\":\"LA FUENTE DEL FRENTE COSTERO ESTAR\u00c1 FUERA DE SERVICIO POR TAREAS DE REPARACI\u00d3N\"}]},{\"@type\":\"WebSite\",\"@id\":\"https:\\\/\\\/fmpatagoniamadryn.com.ar\\\/#website\",\"url\":\"https:\\\/\\\/fmpatagoniamadryn.com.ar\\\/\",\"name\":\"FM Patagonia Madryn\",\"description\":\"Radio Patagonia 105.5\",\"publisher\":{\"@id\":\"https:\\\/\\\/fmpatagoniamadryn.com.ar\\\/#organization\"},\"potentialAction\":[{\"@type\":\"SearchAction\",\"target\":{\"@type\":\"EntryPoint\",\"urlTemplate\":\"https:\\\/\\\/fmpatagoniamadryn.com.ar\\\/?s={search_term_string}\"},\"query-input\":{\"@type\":\"PropertyValueSpecification\",\"valueRequired\":true,\"valueName\":\"search_term_string\"}}],\"inLanguage\":\"es\"},{\"@type\":\"Organization\",\"@id\":\"https:\\\/\\\/fmpatagoniamadryn.com.ar\\\/#organization\",\"name\":\"FM Patagonia Madryn\",\"url\":\"https:\\\/\\\/fmpatagoniamadryn.com.ar\\\/\",\"logo\":{\"@type\":\"ImageObject\",\"inLanguage\":\"es\",\"@id\":\"https:\\\/\\\/fmpatagoniamadryn.com.ar\\\/#\\\/schema\\\/logo\\\/image\\\/\",\"url\":\"https:\\\/\\\/fmpatagoniamadryn.com.ar\\\/wp-content\\\/uploads\\\/2023\\\/01\\\/cropped-Diseno-sin-titulo.png\",\"contentUrl\":\"https:\\\/\\\/fmpatagoniamadryn.com.ar\\\/wp-content\\\/uploads\\\/2023\\\/01\\\/cropped-Diseno-sin-titulo.png\",\"width\":6911,\"height\":2657,\"caption\":\"FM Patagonia Madryn\"},\"image\":{\"@id\":\"https:\\\/\\\/fmpatagoniamadryn.com.ar\\\/#\\\/schema\\\/logo\\\/image\\\/\"}},{\"@type\":\"Person\",\"@id\":\"https:\\\/\\\/fmpatagoniamadryn.com.ar\\\/#\\\/schema\\\/person\\\/8a3de4ad7efceacab06c1641c50303b7\",\"name\":\"FM Patagonia\",\"url\":\"https:\\\/\\\/fmpatagoniamadryn.com.ar\\\/?author=2\"}]}<\/script>\n<!-- \/ Yoast SEO plugin. -->","yoast_head_json":{"title":"LA FUENTE DEL FRENTE COSTERO ESTAR\u00c1 FUERA DE SERVICIO POR TAREAS DE REPARACI\u00d3N - FM Patagonia Madryn","robots":{"index":"index","follow":"follow","max-snippet":"max-snippet:-1","max-image-preview":"max-image-preview:large","max-video-preview":"max-video-preview:-1"},"canonical":"https:\/\/fmpatagoniamadryn.com.ar\/?p=20053","og_locale":"es_ES","og_type":"article","og_title":"LA FUENTE DEL FRENTE COSTERO ESTAR\u00c1 FUERA DE SERVICIO POR TAREAS DE REPARACI\u00d3N - FM Patagonia Madryn","og_description":"El sistema presenta da\u00f1os por uso indebido y vandalismo. Se solicita a la comunidad reforzar el cuidado de los monumentos y espacios p\u00fablicos La Municipalidad de Puerto Madryn informa que&hellip;","og_url":"https:\/\/fmpatagoniamadryn.com.ar\/?p=20053","og_site_name":"FM Patagonia Madryn","article_published_time":"2026-01-30T14:20:11+00:00","og_image":[{"width":1536,"height":1023,"url":"https:\/\/fmpatagoniamadryn.com.ar\/wp-content\/uploads\/2026\/01\/img_8361.jpg","type":"image\/jpeg"}],"author":"FM Patagonia","twitter_card":"summary_large_image","twitter_misc":{"Escrito por":"FM Patagonia","Tiempo de lectura":"2 minutos"},"schema":{"@context":"https:\/\/schema.org","@graph":[{"@type":"Article","@id":"https:\/\/fmpatagoniamadryn.com.ar\/?p=20053#article","isPartOf":{"@id":"https:\/\/fmpatagoniamadryn.com.ar\/?p=20053"},"author":{"name":"FM Patagonia","@id":"https:\/\/fmpatagoniamadryn.com.ar\/#\/schema\/person\/8a3de4ad7efceacab06c1641c50303b7"},"headline":"LA FUENTE DEL FRENTE COSTERO ESTAR\u00c1 FUERA DE SERVICIO POR TAREAS DE REPARACI\u00d3N","datePublished":"2026-01-30T14:20:11+00:00","mainEntityOfPage":{"@id":"https:\/\/fmpatagoniamadryn.com.ar\/?p=20053"},"wordCount":411,"publisher":{"@id":"https:\/\/fmpatagoniamadryn.com.ar\/#organization"},"image":{"@id":"https:\/\/fmpatagoniamadryn.com.ar\/?p=20053#primaryimage"},"thumbnailUrl":"https:\/\/fmpatagoniamadryn.com.ar\/wp-content\/uploads\/2026\/01\/img_8361.jpg","articleSection":["Locales"],"inLanguage":"es"},{"@type":"WebPage","@id":"https:\/\/fmpatagoniamadryn.com.ar\/?p=20053","url":"https:\/\/fmpatagoniamadryn.com.ar\/?p=20053","name":"LA FUENTE DEL FRENTE COSTERO ESTAR\u00c1 FUERA DE SERVICIO POR TAREAS DE REPARACI\u00d3N - FM Patagonia Madryn","isPartOf":{"@id":"https:\/\/fmpatagoniamadryn.com.ar\/#website"},"primaryImageOfPage":{"@id":"https:\/\/fmpatagoniamadryn.com.ar\/?p=20053#primaryimage"},"image":{"@id":"https:\/\/fmpatagoniamadryn.com.ar\/?p=20053#primaryimage"},"thumbnailUrl":"https:\/\/fmpatagoniamadryn.com.ar\/wp-content\/uploads\/2026\/01\/img_8361.jpg","datePublished":"2026-01-30T14:20:11+00:00","breadcrumb":{"@id":"https:\/\/fmpatagoniamadryn.com.ar\/?p=20053#breadcrumb"},"inLanguage":"es","potentialAction":[{"@type":"ReadAction","target":["https:\/\/fmpatagoniamadryn.com.ar\/?p=20053"]}]},{"@type":"ImageObject","inLanguage":"es","@id":"https:\/\/fmpatagoniamadryn.com.ar\/?p=20053#primaryimage","url":"https:\/\/fmpatagoniamadryn.com.ar\/wp-content\/uploads\/2026\/01\/img_8361.jpg","contentUrl":"https:\/\/fmpatagoniamadryn.com.ar\/wp-content\/uploads\/2026\/01\/img_8361.jpg","width":1536,"height":1023},{"@type":"BreadcrumbList","@id":"https:\/\/fmpatagoniamadryn.com.ar\/?p=20053#breadcrumb","itemListElement":[{"@type":"ListItem","position":1,"name":"Portada","item":"https:\/\/fmpatagoniamadryn.com.ar\/"},{"@type":"ListItem","position":2,"name":"LA FUENTE DEL FRENTE COSTERO ESTAR\u00c1 FUERA DE SERVICIO POR TAREAS DE REPARACI\u00d3N"}]},{"@type":"WebSite","@id":"https:\/\/fmpatagoniamadryn.com.ar\/#website","url":"https:\/\/fmpatagoniamadryn.com.ar\/","name":"FM Patagonia Madryn","description":"Radio Patagonia 105.5","publisher":{"@id":"https:\/\/fmpatagoniamadryn.com.ar\/#organization"},"potentialAction":[{"@type":"SearchAction","target":{"@type":"EntryPoint","urlTemplate":"https:\/\/fmpatagoniamadryn.com.ar\/?s={search_term_string}"},"query-input":{"@type":"PropertyValueSpecification","valueRequired":true,"valueName":"search_term_string"}}],"inLanguage":"es"},{"@type":"Organization","@id":"https:\/\/fmpatagoniamadryn.com.ar\/#organization","name":"FM Patagonia Madryn","url":"https:\/\/fmpatagoniamadryn.com.ar\/","logo":{"@type":"ImageObject","inLanguage":"es","@id":"https:\/\/fmpatagoniamadryn.com.ar\/#\/schema\/logo\/image\/","url":"https:\/\/fmpatagoniamadryn.com.ar\/wp-content\/uploads\/2023\/01\/cropped-Diseno-sin-titulo.png","contentUrl":"https:\/\/fmpatagoniamadryn.com.ar\/wp-content\/uploads\/2023\/01\/cropped-Diseno-sin-titulo.png","width":6911,"height":2657,"caption":"FM Patagonia Madryn"},"image":{"@id":"https:\/\/fmpatagoniamadryn.com.ar\/#\/schema\/logo\/image\/"}},{"@type":"Person","@id":"https:\/\/fmpatagoniamadryn.com.ar\/#\/schema\/person\/8a3de4ad7efceacab06c1641c50303b7","name":"FM Patagonia","url":"https:\/\/fmpatagoniamadryn.com.ar\/?author=2"}]}},"jetpack_featured_media_url":"https:\/\/fmpatagoniamadryn.com.ar\/wp-content\/uploads\/2026\/01\/img_8361.jpg","_links":{"self":[{"href":"https:\/\/fmpatagoniamadryn.com.ar\/index.php?rest_route=\/wp\/v2\/posts\/20053","targetHints":{"allow":["GET"]}}],"collection":[{"href":"https:\/\/fmpatagoniamadryn.com.ar\/index.php?rest_route=\/wp\/v2\/posts"}],"about":[{"href":"https:\/\/fmpatagoniamadryn.com.ar\/index.php?rest_route=\/wp\/v2\/types\/post"}],"author":[{"embeddable":true,"href":"https:\/\/fmpatagoniamadryn.com.ar\/index.php?rest_route=\/wp\/v2\/users\/2"}],"replies":[{"embeddable":true,"href":"https:\/\/fmpatagoniamadryn.com.ar\/index.php?rest_route=%2Fwp%2Fv2%2Fcomments&post=20053"}],"version-history":[{"count":1,"href":"https:\/\/fmpatagoniamadryn.com.ar\/index.php?rest_route=\/wp\/v2\/posts\/20053\/revisions"}],"predecessor-version":[{"id":20054,"href":"https:\/\/fmpatagoniamadryn.com.ar\/index.php?rest_route=\/wp\/v2\/posts\/20053\/revisions\/20054"}],"wp:featuredmedia":[{"embeddable":true,"href":"https:\/\/fmpatagoniamadryn.com.ar\/index.php?rest_route=\/wp\/v2\/media\/20052"}],"wp:attachment":[{"href":"https:\/\/fmpatagoniamadryn.com.ar\/index.php?rest_route=%2Fwp%2Fv2%2Fmedia&parent=20053"}],"wp:term":[{"taxonomy":"category","embeddable":true,"href":"https:\/\/fmpatagoniamadryn.com.ar\/index.php?rest_route=%2Fwp%2Fv2%2Fcategories&post=20053"},{"taxonomy":"post_tag","embeddable":true,"href":"https:\/\/fmpatagoniamadryn.com.ar\/index.php?rest_route=%2Fwp%2Fv2%2Ftags&post=20053"}],"curies":[{"name":"wp","href":"https:\/\/api.w.org\/{rel}","templated":true}]}}