{"id":20060,"date":"2026-02-01T09:00:00","date_gmt":"2026-02-01T12:00:00","guid":{"rendered":"https:\/\/fmpatagoniamadryn.com.ar\/?p=20060"},"modified":"2026-02-01T10:27:05","modified_gmt":"2026-02-01T13:27:05","slug":"deportivo-madryn-cerro-su-pretemporada-en-buenos-aires-y-ya-piensa-en-el-debut-ante-colon","status":"publish","type":"post","link":"https:\/\/fmpatagoniamadryn.com.ar\/?p=20060","title":{"rendered":"Deportivo Madryn cerr\u00f3 su pretemporada en Buenos Aires y ya piensa en el debut ante Col\u00f3n"},"content":{"rendered":"\n<p><strong>Deportivo Madryn <\/strong>complet\u00f3 una intensa semana de trabajos de pretemporada en Buenos Aires y comienza a enfocar toda su atenci\u00f3n en el inicio oficial del torneo, que lo tendr\u00e1 debutando el viernes 14 de febrero como visitante frente a Col\u00f3n de Santa Fe.<\/p>\n\n\n\n<p>Antes de ese estreno, el conjunto aurinegro disputar\u00e1 su \u00faltimo compromiso de preparaci\u00f3n. Ser\u00e1 el pr\u00f3ximo s\u00e1bado, cuando enfrente en un <strong>nuevo amistoso a Olimpo de Bah\u00eda Blanca<\/strong>, un ensayo clave que le permitir\u00e1 al cuerpo t\u00e9cnico terminar de ajustar detalles futbol\u00edsticos y poner a punto al equipo de cara al inicio de la competencia.<\/p>\n\n\n\n<p>El entrenador Cristian D\u00edaz realiz\u00f3 un balance m\u00e1s que positivo del trabajo desarrollado durante esta etapa de preparaci\u00f3n, que incluy\u00f3 sesiones de acondicionamiento f\u00edsico y varios encuentros amistosos frente a equipos de Capital Federal y del \u00e1mbito bonaerense.<\/p>\n\n\n\n<p><strong>\u201cEl saldo es altamente positivo, porque no solo pudimos buscar la forma futbol\u00edstica y seguir ensamblando la idea que tenemos en cuanto al juego, sino que tambi\u00e9n nos posibilit\u00f3 convivir unos cuantos d\u00edas y eso fortalece lo humano, que en mi caso lo considero prioritario a la hora de conformar un grupo para que luego sea un equipo\u201d, expres\u00f3 el DT.<\/strong><\/p>\n\n\n\n<p>Deportivo Madryn se reforz\u00f3 de manera equilibrada y apunta a volver a ser protagonista en un torneo que, a priori, se presenta muy competitivo. La fuerte inversi\u00f3n y la jerarquizaci\u00f3n de planteles por parte de varios clubes anticipan una temporada exigente, en la que el Aurinegro buscar\u00e1 sostener su identidad y dar pelea desde el inicio.<\/p>\n\n\n\n<p>Con la pretemporada finalizada y el debut cada vez m\u00e1s cerca, Madryn entra en la recta final de la preparaci\u00f3n, con la ilusi\u00f3n renovada y el objetivo claro de arrancar el torneo con bases s\u00f3lidas, tanto desde lo futbol\u00edstico como desde lo humano.<\/p>\n\n\n\n<hr class=\"wp-block-separator has-alpha-channel-opacity\"\/>\n","protected":false},"excerpt":{"rendered":"<p>El plantel aurinegro comienza este lunes la etapa final de su preparaci\u00f3n, pensando en el debut del 14 de febrero. <\/p>\n","protected":false},"author":4,"featured_media":20061,"comment_status":"closed","ping_status":"closed","sticky":false,"template":"","format":"standard","meta":{"footnotes":""},"categories":[4],"tags":[50,48],"class_list":["post-20060","post","type-post","status-publish","format-standard","has-post-thumbnail","hentry","category-deportes","tag-deportivo-madryn","tag-futbol"],"yoast_head":"<!-- This site is optimized with the Yoast SEO plugin v27.5 - https:\/\/yoast.com\/product\/yoast-seo-wordpress\/ -->\n<title>Deportivo Madryn cerr\u00f3 su pretemporada en Buenos Aires y ya piensa en el debut ante Col\u00f3n - FM Patagonia Madryn<\/title>\n<meta name=\"robots\" content=\"index, follow, max-snippet:-1, max-image-preview:large, max-video-preview:-1\" \/>\n<link rel=\"canonical\" href=\"https:\/\/fmpatagoniamadryn.com.ar\/?p=20060\" \/>\n<meta property=\"og:locale\" content=\"es_ES\" \/>\n<meta property=\"og:type\" content=\"article\" \/>\n<meta property=\"og:title\" content=\"Deportivo Madryn cerr\u00f3 su pretemporada en Buenos Aires y ya piensa en el debut ante Col\u00f3n - FM Patagonia Madryn\" \/>\n<meta property=\"og:description\" content=\"El plantel aurinegro comienza este lunes la etapa final de su preparaci\u00f3n, pensando en el debut del 14 de febrero.\" \/>\n<meta property=\"og:url\" content=\"https:\/\/fmpatagoniamadryn.com.ar\/?p=20060\" \/>\n<meta property=\"og:site_name\" content=\"FM Patagonia Madryn\" \/>\n<meta property=\"article:published_time\" content=\"2026-02-01T12:00:00+00:00\" \/>\n<meta property=\"article:modified_time\" content=\"2026-02-01T13:27:05+00:00\" \/>\n<meta property=\"og:image\" content=\"https:\/\/fmpatagoniamadryn.com.ar\/wp-content\/uploads\/2026\/01\/madryn-cerro-pretemporada-en-bs-as.jpeg\" \/>\n\t<meta property=\"og:image:width\" content=\"1280\" \/>\n\t<meta property=\"og:image:height\" content=\"954\" \/>\n\t<meta property=\"og:image:type\" content=\"image\/jpeg\" \/>\n<meta name=\"author\" content=\"FM Patagonia\" \/>\n<meta name=\"twitter:card\" content=\"summary_large_image\" \/>\n<meta name=\"twitter:label1\" content=\"Escrito por\" \/>\n\t<meta name=\"twitter:data1\" content=\"FM Patagonia\" \/>\n\t<meta name=\"twitter:label2\" content=\"Tiempo de lectura\" \/>\n\t<meta name=\"twitter:data2\" content=\"2 minutos\" \/>\n<script type=\"application\/ld+json\" class=\"yoast-schema-graph\">{\"@context\":\"https:\\\/\\\/schema.org\",\"@graph\":[{\"@type\":\"Article\",\"@id\":\"https:\\\/\\\/fmpatagoniamadryn.com.ar\\\/?p=20060#article\",\"isPartOf\":{\"@id\":\"https:\\\/\\\/fmpatagoniamadryn.com.ar\\\/?p=20060\"},\"author\":{\"name\":\"FM Patagonia\",\"@id\":\"https:\\\/\\\/fmpatagoniamadryn.com.ar\\\/#\\\/schema\\\/person\\\/97b1d30cb2ae311544a88a5201700571\"},\"headline\":\"Deportivo Madryn cerr\u00f3 su pretemporada en Buenos Aires y ya piensa en el debut ante Col\u00f3n\",\"datePublished\":\"2026-02-01T12:00:00+00:00\",\"dateModified\":\"2026-02-01T13:27:05+00:00\",\"mainEntityOfPage\":{\"@id\":\"https:\\\/\\\/fmpatagoniamadryn.com.ar\\\/?p=20060\"},\"wordCount\":334,\"publisher\":{\"@id\":\"https:\\\/\\\/fmpatagoniamadryn.com.ar\\\/#organization\"},\"image\":{\"@id\":\"https:\\\/\\\/fmpatagoniamadryn.com.ar\\\/?p=20060#primaryimage\"},\"thumbnailUrl\":\"https:\\\/\\\/fmpatagoniamadryn.com.ar\\\/wp-content\\\/uploads\\\/2026\\\/01\\\/madryn-cerro-pretemporada-en-bs-as.jpeg\",\"keywords\":[\"Deportivo Madryn\",\"F\u00fatbol\"],\"articleSection\":[\"Deportes\"],\"inLanguage\":\"es\"},{\"@type\":\"WebPage\",\"@id\":\"https:\\\/\\\/fmpatagoniamadryn.com.ar\\\/?p=20060\",\"url\":\"https:\\\/\\\/fmpatagoniamadryn.com.ar\\\/?p=20060\",\"name\":\"Deportivo Madryn cerr\u00f3 su pretemporada en Buenos Aires y ya piensa en el debut ante Col\u00f3n - FM Patagonia Madryn\",\"isPartOf\":{\"@id\":\"https:\\\/\\\/fmpatagoniamadryn.com.ar\\\/#website\"},\"primaryImageOfPage\":{\"@id\":\"https:\\\/\\\/fmpatagoniamadryn.com.ar\\\/?p=20060#primaryimage\"},\"image\":{\"@id\":\"https:\\\/\\\/fmpatagoniamadryn.com.ar\\\/?p=20060#primaryimage\"},\"thumbnailUrl\":\"https:\\\/\\\/fmpatagoniamadryn.com.ar\\\/wp-content\\\/uploads\\\/2026\\\/01\\\/madryn-cerro-pretemporada-en-bs-as.jpeg\",\"datePublished\":\"2026-02-01T12:00:00+00:00\",\"dateModified\":\"2026-02-01T13:27:05+00:00\",\"breadcrumb\":{\"@id\":\"https:\\\/\\\/fmpatagoniamadryn.com.ar\\\/?p=20060#breadcrumb\"},\"inLanguage\":\"es\",\"potentialAction\":[{\"@type\":\"ReadAction\",\"target\":[\"https:\\\/\\\/fmpatagoniamadryn.com.ar\\\/?p=20060\"]}]},{\"@type\":\"ImageObject\",\"inLanguage\":\"es\",\"@id\":\"https:\\\/\\\/fmpatagoniamadryn.com.ar\\\/?p=20060#primaryimage\",\"url\":\"https:\\\/\\\/fmpatagoniamadryn.com.ar\\\/wp-content\\\/uploads\\\/2026\\\/01\\\/madryn-cerro-pretemporada-en-bs-as.jpeg\",\"contentUrl\":\"https:\\\/\\\/fmpatagoniamadryn.com.ar\\\/wp-content\\\/uploads\\\/2026\\\/01\\\/madryn-cerro-pretemporada-en-bs-as.jpeg\",\"width\":1280,\"height\":954,\"caption\":\"Madryn entren\u00f3 y jug\u00f3 amistosos durante una semana en Buenos Aires.\"},{\"@type\":\"BreadcrumbList\",\"@id\":\"https:\\\/\\\/fmpatagoniamadryn.com.ar\\\/?p=20060#breadcrumb\",\"itemListElement\":[{\"@type\":\"ListItem\",\"position\":1,\"name\":\"Portada\",\"item\":\"https:\\\/\\\/fmpatagoniamadryn.com.ar\\\/\"},{\"@type\":\"ListItem\",\"position\":2,\"name\":\"Deportivo Madryn cerr\u00f3 su pretemporada en Buenos Aires y ya piensa en el debut ante Col\u00f3n\"}]},{\"@type\":\"WebSite\",\"@id\":\"https:\\\/\\\/fmpatagoniamadryn.com.ar\\\/#website\",\"url\":\"https:\\\/\\\/fmpatagoniamadryn.com.ar\\\/\",\"name\":\"FM Patagonia Madryn\",\"description\":\"Radio Patagonia 105.5\",\"publisher\":{\"@id\":\"https:\\\/\\\/fmpatagoniamadryn.com.ar\\\/#organization\"},\"potentialAction\":[{\"@type\":\"SearchAction\",\"target\":{\"@type\":\"EntryPoint\",\"urlTemplate\":\"https:\\\/\\\/fmpatagoniamadryn.com.ar\\\/?s={search_term_string}\"},\"query-input\":{\"@type\":\"PropertyValueSpecification\",\"valueRequired\":true,\"valueName\":\"search_term_string\"}}],\"inLanguage\":\"es\"},{\"@type\":\"Organization\",\"@id\":\"https:\\\/\\\/fmpatagoniamadryn.com.ar\\\/#organization\",\"name\":\"FM Patagonia Madryn\",\"url\":\"https:\\\/\\\/fmpatagoniamadryn.com.ar\\\/\",\"logo\":{\"@type\":\"ImageObject\",\"inLanguage\":\"es\",\"@id\":\"https:\\\/\\\/fmpatagoniamadryn.com.ar\\\/#\\\/schema\\\/logo\\\/image\\\/\",\"url\":\"https:\\\/\\\/fmpatagoniamadryn.com.ar\\\/wp-content\\\/uploads\\\/2023\\\/01\\\/cropped-Diseno-sin-titulo.png\",\"contentUrl\":\"https:\\\/\\\/fmpatagoniamadryn.com.ar\\\/wp-content\\\/uploads\\\/2023\\\/01\\\/cropped-Diseno-sin-titulo.png\",\"width\":6911,\"height\":2657,\"caption\":\"FM Patagonia Madryn\"},\"image\":{\"@id\":\"https:\\\/\\\/fmpatagoniamadryn.com.ar\\\/#\\\/schema\\\/logo\\\/image\\\/\"}},{\"@type\":\"Person\",\"@id\":\"https:\\\/\\\/fmpatagoniamadryn.com.ar\\\/#\\\/schema\\\/person\\\/97b1d30cb2ae311544a88a5201700571\",\"name\":\"FM Patagonia\",\"url\":\"https:\\\/\\\/fmpatagoniamadryn.com.ar\\\/?author=4\"}]}<\/script>\n<!-- \/ Yoast SEO plugin. -->","yoast_head_json":{"title":"Deportivo Madryn cerr\u00f3 su pretemporada en Buenos Aires y ya piensa en el debut ante Col\u00f3n - FM Patagonia Madryn","robots":{"index":"index","follow":"follow","max-snippet":"max-snippet:-1","max-image-preview":"max-image-preview:large","max-video-preview":"max-video-preview:-1"},"canonical":"https:\/\/fmpatagoniamadryn.com.ar\/?p=20060","og_locale":"es_ES","og_type":"article","og_title":"Deportivo Madryn cerr\u00f3 su pretemporada en Buenos Aires y ya piensa en el debut ante Col\u00f3n - FM Patagonia Madryn","og_description":"El plantel aurinegro comienza este lunes la etapa final de su preparaci\u00f3n, pensando en el debut del 14 de febrero.","og_url":"https:\/\/fmpatagoniamadryn.com.ar\/?p=20060","og_site_name":"FM Patagonia Madryn","article_published_time":"2026-02-01T12:00:00+00:00","article_modified_time":"2026-02-01T13:27:05+00:00","og_image":[{"width":1280,"height":954,"url":"https:\/\/fmpatagoniamadryn.com.ar\/wp-content\/uploads\/2026\/01\/madryn-cerro-pretemporada-en-bs-as.jpeg","type":"image\/jpeg"}],"author":"FM Patagonia","twitter_card":"summary_large_image","twitter_misc":{"Escrito por":"FM Patagonia","Tiempo de lectura":"2 minutos"},"schema":{"@context":"https:\/\/schema.org","@graph":[{"@type":"Article","@id":"https:\/\/fmpatagoniamadryn.com.ar\/?p=20060#article","isPartOf":{"@id":"https:\/\/fmpatagoniamadryn.com.ar\/?p=20060"},"author":{"name":"FM Patagonia","@id":"https:\/\/fmpatagoniamadryn.com.ar\/#\/schema\/person\/97b1d30cb2ae311544a88a5201700571"},"headline":"Deportivo Madryn cerr\u00f3 su pretemporada en Buenos Aires y ya piensa en el debut ante Col\u00f3n","datePublished":"2026-02-01T12:00:00+00:00","dateModified":"2026-02-01T13:27:05+00:00","mainEntityOfPage":{"@id":"https:\/\/fmpatagoniamadryn.com.ar\/?p=20060"},"wordCount":334,"publisher":{"@id":"https:\/\/fmpatagoniamadryn.com.ar\/#organization"},"image":{"@id":"https:\/\/fmpatagoniamadryn.com.ar\/?p=20060#primaryimage"},"thumbnailUrl":"https:\/\/fmpatagoniamadryn.com.ar\/wp-content\/uploads\/2026\/01\/madryn-cerro-pretemporada-en-bs-as.jpeg","keywords":["Deportivo Madryn","F\u00fatbol"],"articleSection":["Deportes"],"inLanguage":"es"},{"@type":"WebPage","@id":"https:\/\/fmpatagoniamadryn.com.ar\/?p=20060","url":"https:\/\/fmpatagoniamadryn.com.ar\/?p=20060","name":"Deportivo Madryn cerr\u00f3 su pretemporada en Buenos Aires y ya piensa en el debut ante Col\u00f3n - FM Patagonia Madryn","isPartOf":{"@id":"https:\/\/fmpatagoniamadryn.com.ar\/#website"},"primaryImageOfPage":{"@id":"https:\/\/fmpatagoniamadryn.com.ar\/?p=20060#primaryimage"},"image":{"@id":"https:\/\/fmpatagoniamadryn.com.ar\/?p=20060#primaryimage"},"thumbnailUrl":"https:\/\/fmpatagoniamadryn.com.ar\/wp-content\/uploads\/2026\/01\/madryn-cerro-pretemporada-en-bs-as.jpeg","datePublished":"2026-02-01T12:00:00+00:00","dateModified":"2026-02-01T13:27:05+00:00","breadcrumb":{"@id":"https:\/\/fmpatagoniamadryn.com.ar\/?p=20060#breadcrumb"},"inLanguage":"es","potentialAction":[{"@type":"ReadAction","target":["https:\/\/fmpatagoniamadryn.com.ar\/?p=20060"]}]},{"@type":"ImageObject","inLanguage":"es","@id":"https:\/\/fmpatagoniamadryn.com.ar\/?p=20060#primaryimage","url":"https:\/\/fmpatagoniamadryn.com.ar\/wp-content\/uploads\/2026\/01\/madryn-cerro-pretemporada-en-bs-as.jpeg","contentUrl":"https:\/\/fmpatagoniamadryn.com.ar\/wp-content\/uploads\/2026\/01\/madryn-cerro-pretemporada-en-bs-as.jpeg","width":1280,"height":954,"caption":"Madryn entren\u00f3 y jug\u00f3 amistosos durante una semana en Buenos Aires."},{"@type":"BreadcrumbList","@id":"https:\/\/fmpatagoniamadryn.com.ar\/?p=20060#breadcrumb","itemListElement":[{"@type":"ListItem","position":1,"name":"Portada","item":"https:\/\/fmpatagoniamadryn.com.ar\/"},{"@type":"ListItem","position":2,"name":"Deportivo Madryn cerr\u00f3 su pretemporada en Buenos Aires y ya piensa en el debut ante Col\u00f3n"}]},{"@type":"WebSite","@id":"https:\/\/fmpatagoniamadryn.com.ar\/#website","url":"https:\/\/fmpatagoniamadryn.com.ar\/","name":"FM Patagonia Madryn","description":"Radio Patagonia 105.5","publisher":{"@id":"https:\/\/fmpatagoniamadryn.com.ar\/#organization"},"potentialAction":[{"@type":"SearchAction","target":{"@type":"EntryPoint","urlTemplate":"https:\/\/fmpatagoniamadryn.com.ar\/?s={search_term_string}"},"query-input":{"@type":"PropertyValueSpecification","valueRequired":true,"valueName":"search_term_string"}}],"inLanguage":"es"},{"@type":"Organization","@id":"https:\/\/fmpatagoniamadryn.com.ar\/#organization","name":"FM Patagonia Madryn","url":"https:\/\/fmpatagoniamadryn.com.ar\/","logo":{"@type":"ImageObject","inLanguage":"es","@id":"https:\/\/fmpatagoniamadryn.com.ar\/#\/schema\/logo\/image\/","url":"https:\/\/fmpatagoniamadryn.com.ar\/wp-content\/uploads\/2023\/01\/cropped-Diseno-sin-titulo.png","contentUrl":"https:\/\/fmpatagoniamadryn.com.ar\/wp-content\/uploads\/2023\/01\/cropped-Diseno-sin-titulo.png","width":6911,"height":2657,"caption":"FM Patagonia Madryn"},"image":{"@id":"https:\/\/fmpatagoniamadryn.com.ar\/#\/schema\/logo\/image\/"}},{"@type":"Person","@id":"https:\/\/fmpatagoniamadryn.com.ar\/#\/schema\/person\/97b1d30cb2ae311544a88a5201700571","name":"FM Patagonia","url":"https:\/\/fmpatagoniamadryn.com.ar\/?author=4"}]}},"jetpack_featured_media_url":"https:\/\/fmpatagoniamadryn.com.ar\/wp-content\/uploads\/2026\/01\/madryn-cerro-pretemporada-en-bs-as.jpeg","_links":{"self":[{"href":"https:\/\/fmpatagoniamadryn.com.ar\/index.php?rest_route=\/wp\/v2\/posts\/20060","targetHints":{"allow":["GET"]}}],"collection":[{"href":"https:\/\/fmpatagoniamadryn.com.ar\/index.php?rest_route=\/wp\/v2\/posts"}],"about":[{"href":"https:\/\/fmpatagoniamadryn.com.ar\/index.php?rest_route=\/wp\/v2\/types\/post"}],"author":[{"embeddable":true,"href":"https:\/\/fmpatagoniamadryn.com.ar\/index.php?rest_route=\/wp\/v2\/users\/4"}],"replies":[{"embeddable":true,"href":"https:\/\/fmpatagoniamadryn.com.ar\/index.php?rest_route=%2Fwp%2Fv2%2Fcomments&post=20060"}],"version-history":[{"count":1,"href":"https:\/\/fmpatagoniamadryn.com.ar\/index.php?rest_route=\/wp\/v2\/posts\/20060\/revisions"}],"predecessor-version":[{"id":20062,"href":"https:\/\/fmpatagoniamadryn.com.ar\/index.php?rest_route=\/wp\/v2\/posts\/20060\/revisions\/20062"}],"wp:featuredmedia":[{"embeddable":true,"href":"https:\/\/fmpatagoniamadryn.com.ar\/index.php?rest_route=\/wp\/v2\/media\/20061"}],"wp:attachment":[{"href":"https:\/\/fmpatagoniamadryn.com.ar\/index.php?rest_route=%2Fwp%2Fv2%2Fmedia&parent=20060"}],"wp:term":[{"taxonomy":"category","embeddable":true,"href":"https:\/\/fmpatagoniamadryn.com.ar\/index.php?rest_route=%2Fwp%2Fv2%2Fcategories&post=20060"},{"taxonomy":"post_tag","embeddable":true,"href":"https:\/\/fmpatagoniamadryn.com.ar\/index.php?rest_route=%2Fwp%2Fv2%2Ftags&post=20060"}],"curies":[{"name":"wp","href":"https:\/\/api.w.org\/{rel}","templated":true}]}}