{"id":2011,"date":"2023-04-24T11:40:55","date_gmt":"2023-04-24T14:40:55","guid":{"rendered":"https:\/\/fmpatagoniamadryn.com.ar\/?p=2011"},"modified":"2023-04-24T11:41:13","modified_gmt":"2023-04-24T14:41:13","slug":"ya-funciona-en-trelew-y-rawson-el-nuevo-cuerpo-de-preventores-en-seguridad-comunitaria-del-gobierno-del-chubut","status":"publish","type":"post","link":"https:\/\/fmpatagoniamadryn.com.ar\/?p=2011","title":{"rendered":"Ya funciona en Trelew y Rawson el nuevo cuerpo de \u2018Preventores en Seguridad Comunitaria\u2019 del Gobierno del Chubut"},"content":{"rendered":"\n<p>Los preventores recibieron, a trav\u00e9s del Ministerio de Seguridad de la Provincia, una formaci\u00f3n integral en el c\u00f3digo de convivencia ciudadana, los principios comunicacionales para interactuar con los vecinos y la observaci\u00f3n atenta de los movimientos urbanos. Adem\u00e1s, recibieron nociones en Primeros Auxilios, autocuidados en la v\u00eda p\u00fablica y otros aspectos vinculados con la prevenci\u00f3n. A trav\u00e9s de sus recorridas, trabajar\u00e1n en contacto permanente con la Polic\u00eda del Chubut.<br><br>El pasado lunes, durante el acto de entrega de 62 m\u00f3viles policiales que se llev\u00f3 a cabo en Trelew, el gobernador Mariano Arcioni junto al ministro de Seguridad, Miguel Castro, realizaron la presentaci\u00f3n p\u00fablica del programa \u201cPreventores en Seguridad Ciudadana\u201d, que est\u00e1 bajo la \u00f3rbita de la Subsecretar\u00eda de Prevenci\u00f3n y Participaci\u00f3n Comunitaria de la cartera de Seguridad provincial.<br><br>Este nuevo programa preventivo es de alcance provincial para implementarse en las 5 principales ciudades chubutenses, el mismo ya comenz\u00f3 operativamente en las ciudades de Rawson y Trelew, para luego seguir en la ciudad de Esquel y m\u00e1s adelante continuar\u00eda con Puerto Madryn y Comodoro Rivadavia.<br><br>Funciones del Cuerpo preventivo<br><br>En sectores destinados acorde a una planificaci\u00f3n previa, los preventores realizar\u00e1n recorridas a pie y estar\u00e1n atentos a las solicitudes e inquietudes de los vecinos. Se concibe al cuerpo como un v\u00ednculo entre la comunidad, el ministerio de Seguridad, la Fuerzas y las instituciones en un marco de trabajo multiagencial.<br><br>Resulta importante subrayar que no realizar\u00e1n un trabajo policial porque no tienen una capacitaci\u00f3n en ese sentido, sino que van a colaborar con la Polic\u00eda del Chubut a trav\u00e9s de una presencia efectiva en los barrios, escuelas, juntas vecinales y espacios p\u00fablicos.<br><br>Ante los casos de situaciones posiblemente delictivas y\/o personas que estuvieren cometiendo faltas a los c\u00f3digos de convivencia ciudadana, los preventores deber\u00e1n comunicar \u2013de inmediato- al personal policial a trav\u00e9s de l\u00edneas establecidas para tal fin.<br><br>Se concibe a los preventores como auxiliares del sistema de seguridad que observan y colaboran con la prevenci\u00f3n del polic\u00eda. Tambi\u00e9n, deber\u00e1n estar atentos a las problem\u00e1ticas sociales emergentes como violencia de g\u00e9nero y violencia en espect\u00e1culos p\u00fablicos de distinta \u00edndole. A nivel general, se apunta a que contribuyan a la disminuci\u00f3n de diversas situaciones contravencionales a trav\u00e9s de la modificaci\u00f3n de los factores del entorno.<br><br>\u00c1mbitos de intervenci\u00f3n<br><br>Los preventores van a participar de las recorridas por los distintos espacios urbanos, van a llevar a cabo tareas comunitarias, van a colaborar con el desarrollo de los \u2018trayectos escolares sugeridos\u2019, tendr\u00e1n un di\u00e1logo permanente con los vecinos y relevar\u00e1n los barrios para obtener datos con fines estad\u00edsticos.<br><br>Contenidos de la capacitaci\u00f3n<br><br>A lo largo de un curso de capacitaci\u00f3n, los preventores recibieron una capacitaci\u00f3n intensiva sobre manejo de Situaciones de riesgo, RCP y Primeros Auxilios, Seguridad en la escena de los hechos, manejo de extintores, C\u00f3digo de Convivencia Ciudadana, uso de inhibidores en la v\u00eda p\u00fablica, medidas de autocuidados, normativas viales, primera intervenci\u00f3n y escucha frente a consumos nocivos, asistencia a los turistas nacionales y extranjeros entre otras tem\u00e1ticas pertinentes para su perfil de intervenci\u00f3n.<br><br>A su vez &#8211; desde la Direcci\u00f3n de Capacitaci\u00f3n y Asistencia dependiente de la Subsecretar\u00eda de Prevenci\u00f3n y Participaci\u00f3n Comunitaria- se explicaron las caracter\u00edsticas de la comunicaci\u00f3n en diversos contextos sociales, los principios de la comunicaci\u00f3n asertiva y el manejo de emociones entre otras competencias comunicacionales para mantener la mejor relaci\u00f3n con la ciudadan\u00eda.<br><br>Objetivos generales<br><br>La Subsecretar\u00eda de Prevenci\u00f3n y Participaci\u00f3n Comunitaria estableci\u00f3 que los preventores tienen los objetivos de difundir los comportamientos sociales que promuevan la prevenci\u00f3n, seguridad vial, integridad de los bienes p\u00fablicos, la protecci\u00f3n del medio ambiente, la convivencia y el bien com\u00fan. Acorde a sus tareas espec\u00edficas, tienen que tener un dominio de las leyes, reglamentos y disposiciones referidos a la seguridad y al orden p\u00fablico.<br><br>Los empleados desarrollar\u00e1n un trabajo preventivo situaciones para colaborar en la creaci\u00f3n de mejores condiciones de seguridad por la presencia en el terreno, convivencia, protecci\u00f3n y cuidados de espacios p\u00fablicos como privados. A su vez, se pretende que los preventores puedan tener un acercamiento m\u00e1s estrecho con los vecinos, comerciantes, alumnos, docentes y comunidad en general<\/p>\n","protected":false},"excerpt":{"rendered":"<p>Los preventores recibieron, a trav\u00e9s del Ministerio de Seguridad de la Provincia, una formaci\u00f3n integral en el c\u00f3digo de convivencia ciudadana, los principios comunicacionales para interactuar con los vecinos y&hellip; <\/p>\n","protected":false},"author":3,"featured_media":2010,"comment_status":"closed","ping_status":"closed","sticky":false,"template":"","format":"standard","meta":{"footnotes":""},"categories":[14],"tags":[],"class_list":["post-2011","post","type-post","status-publish","format-standard","has-post-thumbnail","hentry","category-provinciales"],"yoast_head":"<!-- This site is optimized with the Yoast SEO plugin v27.5 - https:\/\/yoast.com\/product\/yoast-seo-wordpress\/ -->\n<title>Ya funciona en Trelew y Rawson el nuevo cuerpo de \u2018Preventores en Seguridad Comunitaria\u2019 del Gobierno del Chubut - FM Patagonia Madryn<\/title>\n<meta name=\"robots\" content=\"index, follow, max-snippet:-1, max-image-preview:large, max-video-preview:-1\" \/>\n<link rel=\"canonical\" href=\"https:\/\/fmpatagoniamadryn.com.ar\/?p=2011\" \/>\n<meta property=\"og:locale\" content=\"es_ES\" \/>\n<meta property=\"og:type\" content=\"article\" \/>\n<meta property=\"og:title\" content=\"Ya funciona en Trelew y Rawson el nuevo cuerpo de \u2018Preventores en Seguridad Comunitaria\u2019 del Gobierno del Chubut - FM Patagonia Madryn\" \/>\n<meta property=\"og:description\" content=\"Los preventores recibieron, a trav\u00e9s del Ministerio de Seguridad de la Provincia, una formaci\u00f3n integral en el c\u00f3digo de convivencia ciudadana, los principios comunicacionales para interactuar con los vecinos y&hellip;\" \/>\n<meta property=\"og:url\" content=\"https:\/\/fmpatagoniamadryn.com.ar\/?p=2011\" \/>\n<meta property=\"og:site_name\" content=\"FM Patagonia Madryn\" \/>\n<meta property=\"article:published_time\" content=\"2023-04-24T14:40:55+00:00\" \/>\n<meta property=\"article:modified_time\" content=\"2023-04-24T14:41:13+00:00\" \/>\n<meta property=\"og:image\" content=\"https:\/\/fmpatagoniamadryn.com.ar\/wp-content\/uploads\/2023\/04\/Preventores-en-Seguridad-Comunitaria-2-scaled.jpg\" \/>\n\t<meta property=\"og:image:width\" content=\"2560\" \/>\n\t<meta property=\"og:image:height\" content=\"1708\" \/>\n\t<meta property=\"og:image:type\" content=\"image\/jpeg\" \/>\n<meta name=\"author\" content=\"FM Patagonia\" \/>\n<meta name=\"twitter:card\" content=\"summary_large_image\" \/>\n<meta name=\"twitter:label1\" content=\"Escrito por\" \/>\n\t<meta name=\"twitter:data1\" content=\"FM Patagonia\" \/>\n\t<meta name=\"twitter:label2\" content=\"Tiempo de lectura\" \/>\n\t<meta name=\"twitter:data2\" content=\"4 minutos\" \/>\n<script type=\"application\/ld+json\" class=\"yoast-schema-graph\">{\"@context\":\"https:\\\/\\\/schema.org\",\"@graph\":[{\"@type\":\"Article\",\"@id\":\"https:\\\/\\\/fmpatagoniamadryn.com.ar\\\/?p=2011#article\",\"isPartOf\":{\"@id\":\"https:\\\/\\\/fmpatagoniamadryn.com.ar\\\/?p=2011\"},\"author\":{\"name\":\"FM Patagonia\",\"@id\":\"https:\\\/\\\/fmpatagoniamadryn.com.ar\\\/#\\\/schema\\\/person\\\/1d968ec613613768e14b4e6420a2b125\"},\"headline\":\"Ya funciona en Trelew y Rawson el nuevo cuerpo de \u2018Preventores en Seguridad Comunitaria\u2019 del Gobierno del Chubut\",\"datePublished\":\"2023-04-24T14:40:55+00:00\",\"dateModified\":\"2023-04-24T14:41:13+00:00\",\"mainEntityOfPage\":{\"@id\":\"https:\\\/\\\/fmpatagoniamadryn.com.ar\\\/?p=2011\"},\"wordCount\":776,\"publisher\":{\"@id\":\"https:\\\/\\\/fmpatagoniamadryn.com.ar\\\/#organization\"},\"image\":{\"@id\":\"https:\\\/\\\/fmpatagoniamadryn.com.ar\\\/?p=2011#primaryimage\"},\"thumbnailUrl\":\"https:\\\/\\\/fmpatagoniamadryn.com.ar\\\/wp-content\\\/uploads\\\/2023\\\/04\\\/Preventores-en-Seguridad-Comunitaria-2-scaled.jpg\",\"articleSection\":[\"Provinciales\"],\"inLanguage\":\"es\"},{\"@type\":\"WebPage\",\"@id\":\"https:\\\/\\\/fmpatagoniamadryn.com.ar\\\/?p=2011\",\"url\":\"https:\\\/\\\/fmpatagoniamadryn.com.ar\\\/?p=2011\",\"name\":\"Ya funciona en Trelew y Rawson el nuevo cuerpo de \u2018Preventores en Seguridad Comunitaria\u2019 del Gobierno del Chubut - FM Patagonia Madryn\",\"isPartOf\":{\"@id\":\"https:\\\/\\\/fmpatagoniamadryn.com.ar\\\/#website\"},\"primaryImageOfPage\":{\"@id\":\"https:\\\/\\\/fmpatagoniamadryn.com.ar\\\/?p=2011#primaryimage\"},\"image\":{\"@id\":\"https:\\\/\\\/fmpatagoniamadryn.com.ar\\\/?p=2011#primaryimage\"},\"thumbnailUrl\":\"https:\\\/\\\/fmpatagoniamadryn.com.ar\\\/wp-content\\\/uploads\\\/2023\\\/04\\\/Preventores-en-Seguridad-Comunitaria-2-scaled.jpg\",\"datePublished\":\"2023-04-24T14:40:55+00:00\",\"dateModified\":\"2023-04-24T14:41:13+00:00\",\"breadcrumb\":{\"@id\":\"https:\\\/\\\/fmpatagoniamadryn.com.ar\\\/?p=2011#breadcrumb\"},\"inLanguage\":\"es\",\"potentialAction\":[{\"@type\":\"ReadAction\",\"target\":[\"https:\\\/\\\/fmpatagoniamadryn.com.ar\\\/?p=2011\"]}]},{\"@type\":\"ImageObject\",\"inLanguage\":\"es\",\"@id\":\"https:\\\/\\\/fmpatagoniamadryn.com.ar\\\/?p=2011#primaryimage\",\"url\":\"https:\\\/\\\/fmpatagoniamadryn.com.ar\\\/wp-content\\\/uploads\\\/2023\\\/04\\\/Preventores-en-Seguridad-Comunitaria-2-scaled.jpg\",\"contentUrl\":\"https:\\\/\\\/fmpatagoniamadryn.com.ar\\\/wp-content\\\/uploads\\\/2023\\\/04\\\/Preventores-en-Seguridad-Comunitaria-2-scaled.jpg\",\"width\":2560,\"height\":1708},{\"@type\":\"BreadcrumbList\",\"@id\":\"https:\\\/\\\/fmpatagoniamadryn.com.ar\\\/?p=2011#breadcrumb\",\"itemListElement\":[{\"@type\":\"ListItem\",\"position\":1,\"name\":\"Portada\",\"item\":\"https:\\\/\\\/fmpatagoniamadryn.com.ar\\\/\"},{\"@type\":\"ListItem\",\"position\":2,\"name\":\"Ya funciona en Trelew y Rawson el nuevo cuerpo de \u2018Preventores en Seguridad Comunitaria\u2019 del Gobierno del Chubut\"}]},{\"@type\":\"WebSite\",\"@id\":\"https:\\\/\\\/fmpatagoniamadryn.com.ar\\\/#website\",\"url\":\"https:\\\/\\\/fmpatagoniamadryn.com.ar\\\/\",\"name\":\"FM Patagonia Madryn\",\"description\":\"Radio Patagonia 105.5\",\"publisher\":{\"@id\":\"https:\\\/\\\/fmpatagoniamadryn.com.ar\\\/#organization\"},\"potentialAction\":[{\"@type\":\"SearchAction\",\"target\":{\"@type\":\"EntryPoint\",\"urlTemplate\":\"https:\\\/\\\/fmpatagoniamadryn.com.ar\\\/?s={search_term_string}\"},\"query-input\":{\"@type\":\"PropertyValueSpecification\",\"valueRequired\":true,\"valueName\":\"search_term_string\"}}],\"inLanguage\":\"es\"},{\"@type\":\"Organization\",\"@id\":\"https:\\\/\\\/fmpatagoniamadryn.com.ar\\\/#organization\",\"name\":\"FM Patagonia Madryn\",\"url\":\"https:\\\/\\\/fmpatagoniamadryn.com.ar\\\/\",\"logo\":{\"@type\":\"ImageObject\",\"inLanguage\":\"es\",\"@id\":\"https:\\\/\\\/fmpatagoniamadryn.com.ar\\\/#\\\/schema\\\/logo\\\/image\\\/\",\"url\":\"https:\\\/\\\/fmpatagoniamadryn.com.ar\\\/wp-content\\\/uploads\\\/2023\\\/01\\\/cropped-Diseno-sin-titulo.png\",\"contentUrl\":\"https:\\\/\\\/fmpatagoniamadryn.com.ar\\\/wp-content\\\/uploads\\\/2023\\\/01\\\/cropped-Diseno-sin-titulo.png\",\"width\":6911,\"height\":2657,\"caption\":\"FM Patagonia Madryn\"},\"image\":{\"@id\":\"https:\\\/\\\/fmpatagoniamadryn.com.ar\\\/#\\\/schema\\\/logo\\\/image\\\/\"}},{\"@type\":\"Person\",\"@id\":\"https:\\\/\\\/fmpatagoniamadryn.com.ar\\\/#\\\/schema\\\/person\\\/1d968ec613613768e14b4e6420a2b125\",\"name\":\"FM Patagonia\",\"url\":\"https:\\\/\\\/fmpatagoniamadryn.com.ar\\\/?author=3\"}]}<\/script>\n<!-- \/ Yoast SEO plugin. -->","yoast_head_json":{"title":"Ya funciona en Trelew y Rawson el nuevo cuerpo de \u2018Preventores en Seguridad Comunitaria\u2019 del Gobierno del Chubut - FM Patagonia Madryn","robots":{"index":"index","follow":"follow","max-snippet":"max-snippet:-1","max-image-preview":"max-image-preview:large","max-video-preview":"max-video-preview:-1"},"canonical":"https:\/\/fmpatagoniamadryn.com.ar\/?p=2011","og_locale":"es_ES","og_type":"article","og_title":"Ya funciona en Trelew y Rawson el nuevo cuerpo de \u2018Preventores en Seguridad Comunitaria\u2019 del Gobierno del Chubut - FM Patagonia Madryn","og_description":"Los preventores recibieron, a trav\u00e9s del Ministerio de Seguridad de la Provincia, una formaci\u00f3n integral en el c\u00f3digo de convivencia ciudadana, los principios comunicacionales para interactuar con los vecinos y&hellip;","og_url":"https:\/\/fmpatagoniamadryn.com.ar\/?p=2011","og_site_name":"FM Patagonia Madryn","article_published_time":"2023-04-24T14:40:55+00:00","article_modified_time":"2023-04-24T14:41:13+00:00","og_image":[{"width":2560,"height":1708,"url":"https:\/\/fmpatagoniamadryn.com.ar\/wp-content\/uploads\/2023\/04\/Preventores-en-Seguridad-Comunitaria-2-scaled.jpg","type":"image\/jpeg"}],"author":"FM Patagonia","twitter_card":"summary_large_image","twitter_misc":{"Escrito por":"FM Patagonia","Tiempo de lectura":"4 minutos"},"schema":{"@context":"https:\/\/schema.org","@graph":[{"@type":"Article","@id":"https:\/\/fmpatagoniamadryn.com.ar\/?p=2011#article","isPartOf":{"@id":"https:\/\/fmpatagoniamadryn.com.ar\/?p=2011"},"author":{"name":"FM Patagonia","@id":"https:\/\/fmpatagoniamadryn.com.ar\/#\/schema\/person\/1d968ec613613768e14b4e6420a2b125"},"headline":"Ya funciona en Trelew y Rawson el nuevo cuerpo de \u2018Preventores en Seguridad Comunitaria\u2019 del Gobierno del Chubut","datePublished":"2023-04-24T14:40:55+00:00","dateModified":"2023-04-24T14:41:13+00:00","mainEntityOfPage":{"@id":"https:\/\/fmpatagoniamadryn.com.ar\/?p=2011"},"wordCount":776,"publisher":{"@id":"https:\/\/fmpatagoniamadryn.com.ar\/#organization"},"image":{"@id":"https:\/\/fmpatagoniamadryn.com.ar\/?p=2011#primaryimage"},"thumbnailUrl":"https:\/\/fmpatagoniamadryn.com.ar\/wp-content\/uploads\/2023\/04\/Preventores-en-Seguridad-Comunitaria-2-scaled.jpg","articleSection":["Provinciales"],"inLanguage":"es"},{"@type":"WebPage","@id":"https:\/\/fmpatagoniamadryn.com.ar\/?p=2011","url":"https:\/\/fmpatagoniamadryn.com.ar\/?p=2011","name":"Ya funciona en Trelew y Rawson el nuevo cuerpo de \u2018Preventores en Seguridad Comunitaria\u2019 del Gobierno del Chubut - FM Patagonia Madryn","isPartOf":{"@id":"https:\/\/fmpatagoniamadryn.com.ar\/#website"},"primaryImageOfPage":{"@id":"https:\/\/fmpatagoniamadryn.com.ar\/?p=2011#primaryimage"},"image":{"@id":"https:\/\/fmpatagoniamadryn.com.ar\/?p=2011#primaryimage"},"thumbnailUrl":"https:\/\/fmpatagoniamadryn.com.ar\/wp-content\/uploads\/2023\/04\/Preventores-en-Seguridad-Comunitaria-2-scaled.jpg","datePublished":"2023-04-24T14:40:55+00:00","dateModified":"2023-04-24T14:41:13+00:00","breadcrumb":{"@id":"https:\/\/fmpatagoniamadryn.com.ar\/?p=2011#breadcrumb"},"inLanguage":"es","potentialAction":[{"@type":"ReadAction","target":["https:\/\/fmpatagoniamadryn.com.ar\/?p=2011"]}]},{"@type":"ImageObject","inLanguage":"es","@id":"https:\/\/fmpatagoniamadryn.com.ar\/?p=2011#primaryimage","url":"https:\/\/fmpatagoniamadryn.com.ar\/wp-content\/uploads\/2023\/04\/Preventores-en-Seguridad-Comunitaria-2-scaled.jpg","contentUrl":"https:\/\/fmpatagoniamadryn.com.ar\/wp-content\/uploads\/2023\/04\/Preventores-en-Seguridad-Comunitaria-2-scaled.jpg","width":2560,"height":1708},{"@type":"BreadcrumbList","@id":"https:\/\/fmpatagoniamadryn.com.ar\/?p=2011#breadcrumb","itemListElement":[{"@type":"ListItem","position":1,"name":"Portada","item":"https:\/\/fmpatagoniamadryn.com.ar\/"},{"@type":"ListItem","position":2,"name":"Ya funciona en Trelew y Rawson el nuevo cuerpo de \u2018Preventores en Seguridad Comunitaria\u2019 del Gobierno del Chubut"}]},{"@type":"WebSite","@id":"https:\/\/fmpatagoniamadryn.com.ar\/#website","url":"https:\/\/fmpatagoniamadryn.com.ar\/","name":"FM Patagonia Madryn","description":"Radio Patagonia 105.5","publisher":{"@id":"https:\/\/fmpatagoniamadryn.com.ar\/#organization"},"potentialAction":[{"@type":"SearchAction","target":{"@type":"EntryPoint","urlTemplate":"https:\/\/fmpatagoniamadryn.com.ar\/?s={search_term_string}"},"query-input":{"@type":"PropertyValueSpecification","valueRequired":true,"valueName":"search_term_string"}}],"inLanguage":"es"},{"@type":"Organization","@id":"https:\/\/fmpatagoniamadryn.com.ar\/#organization","name":"FM Patagonia Madryn","url":"https:\/\/fmpatagoniamadryn.com.ar\/","logo":{"@type":"ImageObject","inLanguage":"es","@id":"https:\/\/fmpatagoniamadryn.com.ar\/#\/schema\/logo\/image\/","url":"https:\/\/fmpatagoniamadryn.com.ar\/wp-content\/uploads\/2023\/01\/cropped-Diseno-sin-titulo.png","contentUrl":"https:\/\/fmpatagoniamadryn.com.ar\/wp-content\/uploads\/2023\/01\/cropped-Diseno-sin-titulo.png","width":6911,"height":2657,"caption":"FM Patagonia Madryn"},"image":{"@id":"https:\/\/fmpatagoniamadryn.com.ar\/#\/schema\/logo\/image\/"}},{"@type":"Person","@id":"https:\/\/fmpatagoniamadryn.com.ar\/#\/schema\/person\/1d968ec613613768e14b4e6420a2b125","name":"FM Patagonia","url":"https:\/\/fmpatagoniamadryn.com.ar\/?author=3"}]}},"jetpack_featured_media_url":"https:\/\/fmpatagoniamadryn.com.ar\/wp-content\/uploads\/2023\/04\/Preventores-en-Seguridad-Comunitaria-2-scaled.jpg","_links":{"self":[{"href":"https:\/\/fmpatagoniamadryn.com.ar\/index.php?rest_route=\/wp\/v2\/posts\/2011","targetHints":{"allow":["GET"]}}],"collection":[{"href":"https:\/\/fmpatagoniamadryn.com.ar\/index.php?rest_route=\/wp\/v2\/posts"}],"about":[{"href":"https:\/\/fmpatagoniamadryn.com.ar\/index.php?rest_route=\/wp\/v2\/types\/post"}],"author":[{"embeddable":true,"href":"https:\/\/fmpatagoniamadryn.com.ar\/index.php?rest_route=\/wp\/v2\/users\/3"}],"replies":[{"embeddable":true,"href":"https:\/\/fmpatagoniamadryn.com.ar\/index.php?rest_route=%2Fwp%2Fv2%2Fcomments&post=2011"}],"version-history":[{"count":1,"href":"https:\/\/fmpatagoniamadryn.com.ar\/index.php?rest_route=\/wp\/v2\/posts\/2011\/revisions"}],"predecessor-version":[{"id":2012,"href":"https:\/\/fmpatagoniamadryn.com.ar\/index.php?rest_route=\/wp\/v2\/posts\/2011\/revisions\/2012"}],"wp:featuredmedia":[{"embeddable":true,"href":"https:\/\/fmpatagoniamadryn.com.ar\/index.php?rest_route=\/wp\/v2\/media\/2010"}],"wp:attachment":[{"href":"https:\/\/fmpatagoniamadryn.com.ar\/index.php?rest_route=%2Fwp%2Fv2%2Fmedia&parent=2011"}],"wp:term":[{"taxonomy":"category","embeddable":true,"href":"https:\/\/fmpatagoniamadryn.com.ar\/index.php?rest_route=%2Fwp%2Fv2%2Fcategories&post=2011"},{"taxonomy":"post_tag","embeddable":true,"href":"https:\/\/fmpatagoniamadryn.com.ar\/index.php?rest_route=%2Fwp%2Fv2%2Ftags&post=2011"}],"curies":[{"name":"wp","href":"https:\/\/api.w.org\/{rel}","templated":true}]}}