{"id":2068,"date":"2023-04-26T14:36:55","date_gmt":"2023-04-26T17:36:55","guid":{"rendered":"https:\/\/fmpatagoniamadryn.com.ar\/?p=2068"},"modified":"2023-04-26T14:37:13","modified_gmt":"2023-04-26T17:37:13","slug":"legislatura-distinguio-a-antonio-torrejon-como-personalidad-destacada-de-chubut","status":"publish","type":"post","link":"https:\/\/fmpatagoniamadryn.com.ar\/?p=2068","title":{"rendered":"LEGISLATURA DISTINGUI\u00d3 A ANTONIO TORREJ\u00d3N COMO \u201cPERSONALIDAD DESTACADA DE CHUBUT\u201d"},"content":{"rendered":"\n<p>Fue en un emotivo acto realizado en el Auditorio de la Legislatura, momentos antes de la sesi\u00f3n del pasado martes. Tambi\u00e9n se distingui\u00f3 a Cecilia Turturro, la primera mujer del pa\u00eds en conseguir su patente de Buzo Profesional<br><br>El Auditorio de la Legislatura fue el escenario principal de un acto que cont\u00f3 con la presencia de familiares y amigos de Antonio Torrej\u00f3n, pionero del turismo en nuestra provincia y en toda la regi\u00f3n patag\u00f3nica, y Cecilia Turturro con sus seres queridos presentes. Ambos fueron distinguidos por el Poder Legislativo como Personalidad Destacada de la Provincia de Chubut.<br>El acto fue encabezado por el Vicegobernador Ricardo Sastre; el Ministro de Turismo, Leonardo Gaffet; y la Diputada Provincial Xenia Gabella, quien preside la Comisi\u00f3n de Turismo en la Legislatura y forma parte del Parlamento Patag\u00f3nico junto a sus pares de R\u00edo Negro, Neuqu\u00e9n, Santa Cruz, La Pampa y Tierra del Fuego.<br>En el caso de Don Antonio, hay que destacar que naci\u00f3 en Puerto Madryn en 1935, se cas\u00f3 en el a\u00f1o 1959 con Edith Martinelli, y tuvo dos hijas: Cecilia y Ana.<br>Podr\u00edamos denominarlo \u00abEl visionario del turismo chubutense\u00bb ya que con \u00e9l se inicia una era de desarrollo con visi\u00f3n y expansi\u00f3n mundial colocando a nuestra regi\u00f3n en los ojos del mundo.<br>Como herencia ha dejado no s\u00f3lo su gran aporte al turismo nacional e internacional, sino tambi\u00e9n a su hija Cecilia, quien se ha dedicado al turismo con pasi\u00f3n y desempe\u00f1ando distintos cargos en el \u00e1mbito. Fue Secretaria de Turismo de la Municipalidad de Madryn durante la primera gesti\u00f3n de Ricardo Sastre, y Ministra de Turismo de la tercera gesti\u00f3n provincial de Mario Das Neves.<br>Su actividad profesional comenz\u00f3 en el a\u00f1o 1955 como miembro fundador del Club N\u00e1utico Atl\u00e1ntico Sur, y fundador de la Comisi\u00f3n de Turismo de Puerto Madryn (1957), as\u00ed como de la Federaci\u00f3n Patag\u00f3nica de Pesca (1959) y de la Federaci\u00f3n Argentina de Actividades Subacu\u00e1ticas (1962), siendo \u00e9stas actividades las que vislumbraron lo que luego ser\u00edan los Avistajes de Ballenas, la Lober\u00eda, la Isla de Los P\u00e1jaros, las colonias de elefantes marinos y las diversas posibilidades que ofrec\u00eda esta zona costera.<br>Fue colaborador para la Ley de Turismo en Chubut en el a\u00f1o 1963, Director del Organismo Provincial de Turismo trabajando en conjunto con la Sociedad Zool\u00f3gica de Nueva York para el desarrollo de estudios de biodiversidad costera en 1964.<br>Cre\u00f3 el primer sistema de \u00ab\u00c1reas Protegidas Provinciales Mar\u00edtimas del Atl\u00e1ntico Latinoamericano\u00bb en 1966 que incluy\u00f3 14 \u00e1reas protegidas en nuestra provincia y algunas de las cuales convergieron en 1999 en el \u00c1rea Natural Protegida Pen\u00ednsula Vald\u00e9s, declarada en ese a\u00f1o Patrimonio Natural de la Humanidad por UNESCO, durante su segunda gesti\u00f3n al frente del Organismo Provincial de Turismo.<br><br>UNA VIDA DEDICADA AL TURISMO<br>Fue miembro fundador de la Academia Argentina del Turismo, y se desempe\u00f1\u00f3 como Vocal Titular desde 2013.<br>Tambi\u00e9n fue nombrado con el t\u00edtulo de Doctor Honoris Causa por la Universidad de Mor\u00f3n (2009) y por la Universidad Nacional de Entre R\u00edos (2015); y Asesor Honorario de la Presidencia de la Legislatura de R\u00edo Negro desde ela\u00f1o2015.<br>Desde el a\u00f1o 2003 y hasta su fallecimiento en 2020, se desempe\u00f1\u00f3 como Asesor Honorario de Gabinete de la Secretar\u00eda de Turismo y Ministerio de Turismo de la Naci\u00f3n.<br>A trav\u00e9s de m\u00e1s de 60 a\u00f1os de trayectoria en el sector p\u00fablico y privado, supo dejar su impronta sobre qu\u00e9 hacer y de qu\u00e9 forma para difundir lo que la Patagonia tiene como atractivo para brindar y potenciar las econom\u00edas.<br>Por ello en el marco de la Ley I N\u00b0535, se lo distingue como Personalidad Destacada de la Provincia del Chubut, premio que recibieron sus hijas y su mujer, ante un gran marco de p\u00fablico presente.<br><br>CECILIA TURTURRO<br>Adem\u00e1s del reconocimiento a Torrej\u00f3n, la Legislatura tambi\u00e9n distingui\u00f3 como Personalidad Destacada de Chubut a Mar\u00eda de las Mercedes Cecilia Turturro en el marco de la misma Ley, por haber obtenido la primera patente femenina de la Argentina de Buzo Profesional de segunda.<br>Esto se debe a su destacada trayectoria en el Buceo Femenino Nacional y Provincial.<br>Fue quien puso como protagonista a nuestra Provincia en el campo de dicha disciplina y hasta hoy es testimonio vivo de superaci\u00f3n, y referente de esta actividad.<br>El acto, de alto contenido emotivo ante la presencia de Cecilia y de la familia de Antonio Torrej\u00f3n, finaliz\u00f3 con las palabras de la Diputada Gabella, que valor\u00f3 \u201ceste tipo de reconocimientos a personas que han hecho grande a nuestra provincia. En muchos casos, les debemos la positiva exposici\u00f3n lograda en \u00e1mbitos como el turismo y el deporte, debido a las excelentes performances demostradas en todos estos a\u00f1os. Agradecemos mucho a Cecilia por su compromiso y superaci\u00f3n constante, y tambi\u00e9n a la familia de Don Antonio, como lo llam\u00e1bamos. Un verdadero pionero y visionario, que le dio tanto a la ciudad de Puerto Madryn, como as\u00ed tambi\u00e9n a la provincia de Chubut y a toda la regi\u00f3n Patag\u00f3nica\u201d, cerr\u00f3.<\/p>\n","protected":false},"excerpt":{"rendered":"<p>Fue en un emotivo acto realizado en el Auditorio de la Legislatura, momentos antes de la sesi\u00f3n del pasado martes. Tambi\u00e9n se distingui\u00f3 a Cecilia Turturro, la primera mujer del&hellip; <\/p>\n","protected":false},"author":3,"featured_media":2067,"comment_status":"closed","ping_status":"closed","sticky":false,"template":"","format":"standard","meta":{"footnotes":""},"categories":[15],"tags":[],"class_list":["post-2068","post","type-post","status-publish","format-standard","has-post-thumbnail","hentry","category-locales"],"yoast_head":"<!-- This site is optimized with the Yoast SEO plugin v27.4 - https:\/\/yoast.com\/product\/yoast-seo-wordpress\/ -->\n<title>LEGISLATURA DISTINGUI\u00d3 A ANTONIO TORREJ\u00d3N COMO \u201cPERSONALIDAD DESTACADA DE CHUBUT\u201d - FM Patagonia Madryn<\/title>\n<meta name=\"robots\" content=\"index, follow, max-snippet:-1, max-image-preview:large, max-video-preview:-1\" \/>\n<link rel=\"canonical\" href=\"https:\/\/fmpatagoniamadryn.com.ar\/?p=2068\" \/>\n<meta property=\"og:locale\" content=\"es_ES\" \/>\n<meta property=\"og:type\" content=\"article\" \/>\n<meta property=\"og:title\" content=\"LEGISLATURA DISTINGUI\u00d3 A ANTONIO TORREJ\u00d3N COMO \u201cPERSONALIDAD DESTACADA DE CHUBUT\u201d - FM Patagonia Madryn\" \/>\n<meta property=\"og:description\" content=\"Fue en un emotivo acto realizado en el Auditorio de la Legislatura, momentos antes de la sesi\u00f3n del pasado martes. Tambi\u00e9n se distingui\u00f3 a Cecilia Turturro, la primera mujer del&hellip;\" \/>\n<meta property=\"og:url\" content=\"https:\/\/fmpatagoniamadryn.com.ar\/?p=2068\" \/>\n<meta property=\"og:site_name\" content=\"FM Patagonia Madryn\" \/>\n<meta property=\"article:published_time\" content=\"2023-04-26T17:36:55+00:00\" \/>\n<meta property=\"article:modified_time\" content=\"2023-04-26T17:37:13+00:00\" \/>\n<meta property=\"og:image\" content=\"https:\/\/fmpatagoniamadryn.com.ar\/wp-content\/uploads\/2023\/04\/IMG-20230426-WA0039.jpg\" \/>\n\t<meta property=\"og:image:width\" content=\"1600\" \/>\n\t<meta property=\"og:image:height\" content=\"1160\" \/>\n\t<meta property=\"og:image:type\" content=\"image\/jpeg\" \/>\n<meta name=\"author\" content=\"FM Patagonia\" \/>\n<meta name=\"twitter:card\" content=\"summary_large_image\" \/>\n<meta name=\"twitter:label1\" content=\"Escrito por\" \/>\n\t<meta name=\"twitter:data1\" content=\"FM Patagonia\" \/>\n\t<meta name=\"twitter:label2\" content=\"Tiempo de lectura\" \/>\n\t<meta name=\"twitter:data2\" content=\"4 minutos\" \/>\n<script type=\"application\/ld+json\" class=\"yoast-schema-graph\">{\"@context\":\"https:\\\/\\\/schema.org\",\"@graph\":[{\"@type\":\"Article\",\"@id\":\"https:\\\/\\\/fmpatagoniamadryn.com.ar\\\/?p=2068#article\",\"isPartOf\":{\"@id\":\"https:\\\/\\\/fmpatagoniamadryn.com.ar\\\/?p=2068\"},\"author\":{\"name\":\"FM Patagonia\",\"@id\":\"https:\\\/\\\/fmpatagoniamadryn.com.ar\\\/#\\\/schema\\\/person\\\/1d968ec613613768e14b4e6420a2b125\"},\"headline\":\"LEGISLATURA DISTINGUI\u00d3 A ANTONIO TORREJ\u00d3N COMO \u201cPERSONALIDAD DESTACADA DE CHUBUT\u201d\",\"datePublished\":\"2023-04-26T17:36:55+00:00\",\"dateModified\":\"2023-04-26T17:37:13+00:00\",\"mainEntityOfPage\":{\"@id\":\"https:\\\/\\\/fmpatagoniamadryn.com.ar\\\/?p=2068\"},\"wordCount\":888,\"publisher\":{\"@id\":\"https:\\\/\\\/fmpatagoniamadryn.com.ar\\\/#organization\"},\"image\":{\"@id\":\"https:\\\/\\\/fmpatagoniamadryn.com.ar\\\/?p=2068#primaryimage\"},\"thumbnailUrl\":\"https:\\\/\\\/fmpatagoniamadryn.com.ar\\\/wp-content\\\/uploads\\\/2023\\\/04\\\/IMG-20230426-WA0039.jpg\",\"articleSection\":[\"Locales\"],\"inLanguage\":\"es\"},{\"@type\":\"WebPage\",\"@id\":\"https:\\\/\\\/fmpatagoniamadryn.com.ar\\\/?p=2068\",\"url\":\"https:\\\/\\\/fmpatagoniamadryn.com.ar\\\/?p=2068\",\"name\":\"LEGISLATURA DISTINGUI\u00d3 A ANTONIO TORREJ\u00d3N COMO \u201cPERSONALIDAD DESTACADA DE CHUBUT\u201d - FM Patagonia Madryn\",\"isPartOf\":{\"@id\":\"https:\\\/\\\/fmpatagoniamadryn.com.ar\\\/#website\"},\"primaryImageOfPage\":{\"@id\":\"https:\\\/\\\/fmpatagoniamadryn.com.ar\\\/?p=2068#primaryimage\"},\"image\":{\"@id\":\"https:\\\/\\\/fmpatagoniamadryn.com.ar\\\/?p=2068#primaryimage\"},\"thumbnailUrl\":\"https:\\\/\\\/fmpatagoniamadryn.com.ar\\\/wp-content\\\/uploads\\\/2023\\\/04\\\/IMG-20230426-WA0039.jpg\",\"datePublished\":\"2023-04-26T17:36:55+00:00\",\"dateModified\":\"2023-04-26T17:37:13+00:00\",\"breadcrumb\":{\"@id\":\"https:\\\/\\\/fmpatagoniamadryn.com.ar\\\/?p=2068#breadcrumb\"},\"inLanguage\":\"es\",\"potentialAction\":[{\"@type\":\"ReadAction\",\"target\":[\"https:\\\/\\\/fmpatagoniamadryn.com.ar\\\/?p=2068\"]}]},{\"@type\":\"ImageObject\",\"inLanguage\":\"es\",\"@id\":\"https:\\\/\\\/fmpatagoniamadryn.com.ar\\\/?p=2068#primaryimage\",\"url\":\"https:\\\/\\\/fmpatagoniamadryn.com.ar\\\/wp-content\\\/uploads\\\/2023\\\/04\\\/IMG-20230426-WA0039.jpg\",\"contentUrl\":\"https:\\\/\\\/fmpatagoniamadryn.com.ar\\\/wp-content\\\/uploads\\\/2023\\\/04\\\/IMG-20230426-WA0039.jpg\",\"width\":1600,\"height\":1160},{\"@type\":\"BreadcrumbList\",\"@id\":\"https:\\\/\\\/fmpatagoniamadryn.com.ar\\\/?p=2068#breadcrumb\",\"itemListElement\":[{\"@type\":\"ListItem\",\"position\":1,\"name\":\"Portada\",\"item\":\"https:\\\/\\\/fmpatagoniamadryn.com.ar\\\/\"},{\"@type\":\"ListItem\",\"position\":2,\"name\":\"LEGISLATURA DISTINGUI\u00d3 A ANTONIO TORREJ\u00d3N COMO \u201cPERSONALIDAD DESTACADA DE CHUBUT\u201d\"}]},{\"@type\":\"WebSite\",\"@id\":\"https:\\\/\\\/fmpatagoniamadryn.com.ar\\\/#website\",\"url\":\"https:\\\/\\\/fmpatagoniamadryn.com.ar\\\/\",\"name\":\"FM Patagonia Madryn\",\"description\":\"Radio Patagonia 105.5\",\"publisher\":{\"@id\":\"https:\\\/\\\/fmpatagoniamadryn.com.ar\\\/#organization\"},\"potentialAction\":[{\"@type\":\"SearchAction\",\"target\":{\"@type\":\"EntryPoint\",\"urlTemplate\":\"https:\\\/\\\/fmpatagoniamadryn.com.ar\\\/?s={search_term_string}\"},\"query-input\":{\"@type\":\"PropertyValueSpecification\",\"valueRequired\":true,\"valueName\":\"search_term_string\"}}],\"inLanguage\":\"es\"},{\"@type\":\"Organization\",\"@id\":\"https:\\\/\\\/fmpatagoniamadryn.com.ar\\\/#organization\",\"name\":\"FM Patagonia Madryn\",\"url\":\"https:\\\/\\\/fmpatagoniamadryn.com.ar\\\/\",\"logo\":{\"@type\":\"ImageObject\",\"inLanguage\":\"es\",\"@id\":\"https:\\\/\\\/fmpatagoniamadryn.com.ar\\\/#\\\/schema\\\/logo\\\/image\\\/\",\"url\":\"https:\\\/\\\/fmpatagoniamadryn.com.ar\\\/wp-content\\\/uploads\\\/2023\\\/01\\\/cropped-Diseno-sin-titulo.png\",\"contentUrl\":\"https:\\\/\\\/fmpatagoniamadryn.com.ar\\\/wp-content\\\/uploads\\\/2023\\\/01\\\/cropped-Diseno-sin-titulo.png\",\"width\":6911,\"height\":2657,\"caption\":\"FM Patagonia Madryn\"},\"image\":{\"@id\":\"https:\\\/\\\/fmpatagoniamadryn.com.ar\\\/#\\\/schema\\\/logo\\\/image\\\/\"}},{\"@type\":\"Person\",\"@id\":\"https:\\\/\\\/fmpatagoniamadryn.com.ar\\\/#\\\/schema\\\/person\\\/1d968ec613613768e14b4e6420a2b125\",\"name\":\"FM Patagonia\",\"url\":\"https:\\\/\\\/fmpatagoniamadryn.com.ar\\\/?author=3\"}]}<\/script>\n<!-- \/ Yoast SEO plugin. -->","yoast_head_json":{"title":"LEGISLATURA DISTINGUI\u00d3 A ANTONIO TORREJ\u00d3N COMO \u201cPERSONALIDAD DESTACADA DE CHUBUT\u201d - FM Patagonia Madryn","robots":{"index":"index","follow":"follow","max-snippet":"max-snippet:-1","max-image-preview":"max-image-preview:large","max-video-preview":"max-video-preview:-1"},"canonical":"https:\/\/fmpatagoniamadryn.com.ar\/?p=2068","og_locale":"es_ES","og_type":"article","og_title":"LEGISLATURA DISTINGUI\u00d3 A ANTONIO TORREJ\u00d3N COMO \u201cPERSONALIDAD DESTACADA DE CHUBUT\u201d - FM Patagonia Madryn","og_description":"Fue en un emotivo acto realizado en el Auditorio de la Legislatura, momentos antes de la sesi\u00f3n del pasado martes. Tambi\u00e9n se distingui\u00f3 a Cecilia Turturro, la primera mujer del&hellip;","og_url":"https:\/\/fmpatagoniamadryn.com.ar\/?p=2068","og_site_name":"FM Patagonia Madryn","article_published_time":"2023-04-26T17:36:55+00:00","article_modified_time":"2023-04-26T17:37:13+00:00","og_image":[{"width":1600,"height":1160,"url":"https:\/\/fmpatagoniamadryn.com.ar\/wp-content\/uploads\/2023\/04\/IMG-20230426-WA0039.jpg","type":"image\/jpeg"}],"author":"FM Patagonia","twitter_card":"summary_large_image","twitter_misc":{"Escrito por":"FM Patagonia","Tiempo de lectura":"4 minutos"},"schema":{"@context":"https:\/\/schema.org","@graph":[{"@type":"Article","@id":"https:\/\/fmpatagoniamadryn.com.ar\/?p=2068#article","isPartOf":{"@id":"https:\/\/fmpatagoniamadryn.com.ar\/?p=2068"},"author":{"name":"FM Patagonia","@id":"https:\/\/fmpatagoniamadryn.com.ar\/#\/schema\/person\/1d968ec613613768e14b4e6420a2b125"},"headline":"LEGISLATURA DISTINGUI\u00d3 A ANTONIO TORREJ\u00d3N COMO \u201cPERSONALIDAD DESTACADA DE CHUBUT\u201d","datePublished":"2023-04-26T17:36:55+00:00","dateModified":"2023-04-26T17:37:13+00:00","mainEntityOfPage":{"@id":"https:\/\/fmpatagoniamadryn.com.ar\/?p=2068"},"wordCount":888,"publisher":{"@id":"https:\/\/fmpatagoniamadryn.com.ar\/#organization"},"image":{"@id":"https:\/\/fmpatagoniamadryn.com.ar\/?p=2068#primaryimage"},"thumbnailUrl":"https:\/\/fmpatagoniamadryn.com.ar\/wp-content\/uploads\/2023\/04\/IMG-20230426-WA0039.jpg","articleSection":["Locales"],"inLanguage":"es"},{"@type":"WebPage","@id":"https:\/\/fmpatagoniamadryn.com.ar\/?p=2068","url":"https:\/\/fmpatagoniamadryn.com.ar\/?p=2068","name":"LEGISLATURA DISTINGUI\u00d3 A ANTONIO TORREJ\u00d3N COMO \u201cPERSONALIDAD DESTACADA DE CHUBUT\u201d - FM Patagonia Madryn","isPartOf":{"@id":"https:\/\/fmpatagoniamadryn.com.ar\/#website"},"primaryImageOfPage":{"@id":"https:\/\/fmpatagoniamadryn.com.ar\/?p=2068#primaryimage"},"image":{"@id":"https:\/\/fmpatagoniamadryn.com.ar\/?p=2068#primaryimage"},"thumbnailUrl":"https:\/\/fmpatagoniamadryn.com.ar\/wp-content\/uploads\/2023\/04\/IMG-20230426-WA0039.jpg","datePublished":"2023-04-26T17:36:55+00:00","dateModified":"2023-04-26T17:37:13+00:00","breadcrumb":{"@id":"https:\/\/fmpatagoniamadryn.com.ar\/?p=2068#breadcrumb"},"inLanguage":"es","potentialAction":[{"@type":"ReadAction","target":["https:\/\/fmpatagoniamadryn.com.ar\/?p=2068"]}]},{"@type":"ImageObject","inLanguage":"es","@id":"https:\/\/fmpatagoniamadryn.com.ar\/?p=2068#primaryimage","url":"https:\/\/fmpatagoniamadryn.com.ar\/wp-content\/uploads\/2023\/04\/IMG-20230426-WA0039.jpg","contentUrl":"https:\/\/fmpatagoniamadryn.com.ar\/wp-content\/uploads\/2023\/04\/IMG-20230426-WA0039.jpg","width":1600,"height":1160},{"@type":"BreadcrumbList","@id":"https:\/\/fmpatagoniamadryn.com.ar\/?p=2068#breadcrumb","itemListElement":[{"@type":"ListItem","position":1,"name":"Portada","item":"https:\/\/fmpatagoniamadryn.com.ar\/"},{"@type":"ListItem","position":2,"name":"LEGISLATURA DISTINGUI\u00d3 A ANTONIO TORREJ\u00d3N COMO \u201cPERSONALIDAD DESTACADA DE CHUBUT\u201d"}]},{"@type":"WebSite","@id":"https:\/\/fmpatagoniamadryn.com.ar\/#website","url":"https:\/\/fmpatagoniamadryn.com.ar\/","name":"FM Patagonia Madryn","description":"Radio Patagonia 105.5","publisher":{"@id":"https:\/\/fmpatagoniamadryn.com.ar\/#organization"},"potentialAction":[{"@type":"SearchAction","target":{"@type":"EntryPoint","urlTemplate":"https:\/\/fmpatagoniamadryn.com.ar\/?s={search_term_string}"},"query-input":{"@type":"PropertyValueSpecification","valueRequired":true,"valueName":"search_term_string"}}],"inLanguage":"es"},{"@type":"Organization","@id":"https:\/\/fmpatagoniamadryn.com.ar\/#organization","name":"FM Patagonia Madryn","url":"https:\/\/fmpatagoniamadryn.com.ar\/","logo":{"@type":"ImageObject","inLanguage":"es","@id":"https:\/\/fmpatagoniamadryn.com.ar\/#\/schema\/logo\/image\/","url":"https:\/\/fmpatagoniamadryn.com.ar\/wp-content\/uploads\/2023\/01\/cropped-Diseno-sin-titulo.png","contentUrl":"https:\/\/fmpatagoniamadryn.com.ar\/wp-content\/uploads\/2023\/01\/cropped-Diseno-sin-titulo.png","width":6911,"height":2657,"caption":"FM Patagonia Madryn"},"image":{"@id":"https:\/\/fmpatagoniamadryn.com.ar\/#\/schema\/logo\/image\/"}},{"@type":"Person","@id":"https:\/\/fmpatagoniamadryn.com.ar\/#\/schema\/person\/1d968ec613613768e14b4e6420a2b125","name":"FM Patagonia","url":"https:\/\/fmpatagoniamadryn.com.ar\/?author=3"}]}},"jetpack_featured_media_url":"https:\/\/fmpatagoniamadryn.com.ar\/wp-content\/uploads\/2023\/04\/IMG-20230426-WA0039.jpg","_links":{"self":[{"href":"https:\/\/fmpatagoniamadryn.com.ar\/index.php?rest_route=\/wp\/v2\/posts\/2068","targetHints":{"allow":["GET"]}}],"collection":[{"href":"https:\/\/fmpatagoniamadryn.com.ar\/index.php?rest_route=\/wp\/v2\/posts"}],"about":[{"href":"https:\/\/fmpatagoniamadryn.com.ar\/index.php?rest_route=\/wp\/v2\/types\/post"}],"author":[{"embeddable":true,"href":"https:\/\/fmpatagoniamadryn.com.ar\/index.php?rest_route=\/wp\/v2\/users\/3"}],"replies":[{"embeddable":true,"href":"https:\/\/fmpatagoniamadryn.com.ar\/index.php?rest_route=%2Fwp%2Fv2%2Fcomments&post=2068"}],"version-history":[{"count":1,"href":"https:\/\/fmpatagoniamadryn.com.ar\/index.php?rest_route=\/wp\/v2\/posts\/2068\/revisions"}],"predecessor-version":[{"id":2069,"href":"https:\/\/fmpatagoniamadryn.com.ar\/index.php?rest_route=\/wp\/v2\/posts\/2068\/revisions\/2069"}],"wp:featuredmedia":[{"embeddable":true,"href":"https:\/\/fmpatagoniamadryn.com.ar\/index.php?rest_route=\/wp\/v2\/media\/2067"}],"wp:attachment":[{"href":"https:\/\/fmpatagoniamadryn.com.ar\/index.php?rest_route=%2Fwp%2Fv2%2Fmedia&parent=2068"}],"wp:term":[{"taxonomy":"category","embeddable":true,"href":"https:\/\/fmpatagoniamadryn.com.ar\/index.php?rest_route=%2Fwp%2Fv2%2Fcategories&post=2068"},{"taxonomy":"post_tag","embeddable":true,"href":"https:\/\/fmpatagoniamadryn.com.ar\/index.php?rest_route=%2Fwp%2Fv2%2Ftags&post=2068"}],"curies":[{"name":"wp","href":"https:\/\/api.w.org\/{rel}","templated":true}]}}