{"id":2095,"date":"2023-04-27T11:31:08","date_gmt":"2023-04-27T14:31:08","guid":{"rendered":"https:\/\/fmpatagoniamadryn.com.ar\/?p=2095"},"modified":"2023-04-27T11:31:25","modified_gmt":"2023-04-27T14:31:25","slug":"la-campana-de-limpieza-llega-a-los-barrios-villa-padilla-y-guemes","status":"publish","type":"post","link":"https:\/\/fmpatagoniamadryn.com.ar\/?p=2095","title":{"rendered":"LA CAMPA\u00d1A DE LIMPIEZA LLEGA A LOS BARRIOS VILLA PADILLA Y G\u00dcEMES"},"content":{"rendered":"\n<p>Los vecinos podr\u00e1n depositar chatarra, escombros, neum\u00e1ticos, maderas y residuos de aparatos el\u00e9ctricos y electr\u00f3nicos en los contenedores que se dispondr\u00e1n en distintos puntos de ese sector<br><br> <br><br> <br><br>La Municipalidad de Puerto Madryn informa que, en el marco de las campa\u00f1as de limpieza que recorren los distintos puntos de la ciudad, el cronograma contin\u00faa el 2 de mayo en el barrio Villa Padilla y el 3 y 4 en G\u00fcemes. Quienes residan en esas zonas podr\u00e1n acercar residuos voluminosos a los contenedores que se dispondr\u00e1n en esos sectores.<br><br> <br><br>En el barrio Villa Padilla, el martes 2 de mayo los contenedores estar\u00e1n en Sarmiento y Col\u00f3n; Espa\u00f1a esquina Bouchard; Piedra Buena, entre Espa\u00f1a y Avenida Gales.<br><br> <br><br>El mi\u00e9rcoles 3 de mayo, se trasladar\u00e1n al G\u00fcemes y se ubicar\u00e1n en Ferrocarril Patag\u00f3nico y Estanislao del Campo; Sede Vecinal, Ferrocarril y Pje. Becker; Ferrocarril y Krotevich. El jueves 4 estar\u00e1n en Estanislao del Campo y J.B. Alberdi; J.B. Alberdi y Pje. Becker; J.B. Alberdi y Pje. C. Lereux.<br><br> <br><br>Cabe mencionar que el recambio de contenedores se realiza entre las 8 y las 12 horas.<br><br> <br><br>Desde las \u00e1reas de Gobierno y Ecolog\u00eda y Protecci\u00f3n Ambiental, a cargo de la actividad, se recuerda que pueden llevar chatarra (heladeras, lavarropas, etc.), maderas, escombros, neum\u00e1ticos y residuos de aparatos el\u00e9ctricos y electr\u00f3nicos. Por lo tanto, se solicita no dejar otro tipo de desechos, ya que estos son retirados por el servicio habitual de recolecci\u00f3n.<\/p>\n","protected":false},"excerpt":{"rendered":"<p>Los vecinos podr\u00e1n depositar chatarra, escombros, neum\u00e1ticos, maderas y residuos de aparatos el\u00e9ctricos y electr\u00f3nicos en los contenedores que se dispondr\u00e1n en distintos puntos de ese sector La Municipalidad de&hellip; <\/p>\n","protected":false},"author":3,"featured_media":2094,"comment_status":"closed","ping_status":"closed","sticky":false,"template":"","format":"standard","meta":{"footnotes":""},"categories":[15],"tags":[],"class_list":["post-2095","post","type-post","status-publish","format-standard","has-post-thumbnail","hentry","category-locales"],"yoast_head":"<!-- This site is optimized with the Yoast SEO plugin v27.4 - https:\/\/yoast.com\/product\/yoast-seo-wordpress\/ -->\n<title>LA CAMPA\u00d1A DE LIMPIEZA LLEGA A LOS BARRIOS VILLA PADILLA Y G\u00dcEMES - FM Patagonia Madryn<\/title>\n<meta name=\"robots\" content=\"index, follow, max-snippet:-1, max-image-preview:large, max-video-preview:-1\" \/>\n<link rel=\"canonical\" href=\"https:\/\/fmpatagoniamadryn.com.ar\/?p=2095\" \/>\n<meta property=\"og:locale\" content=\"es_ES\" \/>\n<meta property=\"og:type\" content=\"article\" \/>\n<meta property=\"og:title\" content=\"LA CAMPA\u00d1A DE LIMPIEZA LLEGA A LOS BARRIOS VILLA PADILLA Y G\u00dcEMES - FM Patagonia Madryn\" \/>\n<meta property=\"og:description\" content=\"Los vecinos podr\u00e1n depositar chatarra, escombros, neum\u00e1ticos, maderas y residuos de aparatos el\u00e9ctricos y electr\u00f3nicos en los contenedores que se dispondr\u00e1n en distintos puntos de ese sector La Municipalidad de&hellip;\" \/>\n<meta property=\"og:url\" content=\"https:\/\/fmpatagoniamadryn.com.ar\/?p=2095\" \/>\n<meta property=\"og:site_name\" content=\"FM Patagonia Madryn\" \/>\n<meta property=\"article:published_time\" content=\"2023-04-27T14:31:08+00:00\" \/>\n<meta property=\"article:modified_time\" content=\"2023-04-27T14:31:25+00:00\" \/>\n<meta property=\"og:image\" content=\"https:\/\/fmpatagoniamadryn.com.ar\/wp-content\/uploads\/2023\/04\/be0c1442-d96c-408a-9408-91bd90cdbe3f-2.jpeg\" \/>\n\t<meta property=\"og:image:width\" content=\"1024\" \/>\n\t<meta property=\"og:image:height\" content=\"768\" \/>\n\t<meta property=\"og:image:type\" content=\"image\/jpeg\" \/>\n<meta name=\"author\" content=\"FM Patagonia\" \/>\n<meta name=\"twitter:card\" content=\"summary_large_image\" \/>\n<meta name=\"twitter:label1\" content=\"Escrito por\" \/>\n\t<meta name=\"twitter:data1\" content=\"FM Patagonia\" \/>\n\t<meta name=\"twitter:label2\" content=\"Tiempo de lectura\" \/>\n\t<meta name=\"twitter:data2\" content=\"1 minuto\" \/>\n<script type=\"application\/ld+json\" class=\"yoast-schema-graph\">{\"@context\":\"https:\\\/\\\/schema.org\",\"@graph\":[{\"@type\":\"Article\",\"@id\":\"https:\\\/\\\/fmpatagoniamadryn.com.ar\\\/?p=2095#article\",\"isPartOf\":{\"@id\":\"https:\\\/\\\/fmpatagoniamadryn.com.ar\\\/?p=2095\"},\"author\":{\"name\":\"FM Patagonia\",\"@id\":\"https:\\\/\\\/fmpatagoniamadryn.com.ar\\\/#\\\/schema\\\/person\\\/1d968ec613613768e14b4e6420a2b125\"},\"headline\":\"LA CAMPA\u00d1A DE LIMPIEZA LLEGA A LOS BARRIOS VILLA PADILLA Y G\u00dcEMES\",\"datePublished\":\"2023-04-27T14:31:08+00:00\",\"dateModified\":\"2023-04-27T14:31:25+00:00\",\"mainEntityOfPage\":{\"@id\":\"https:\\\/\\\/fmpatagoniamadryn.com.ar\\\/?p=2095\"},\"wordCount\":271,\"publisher\":{\"@id\":\"https:\\\/\\\/fmpatagoniamadryn.com.ar\\\/#organization\"},\"image\":{\"@id\":\"https:\\\/\\\/fmpatagoniamadryn.com.ar\\\/?p=2095#primaryimage\"},\"thumbnailUrl\":\"https:\\\/\\\/fmpatagoniamadryn.com.ar\\\/wp-content\\\/uploads\\\/2023\\\/04\\\/be0c1442-d96c-408a-9408-91bd90cdbe3f-2.jpeg\",\"articleSection\":[\"Locales\"],\"inLanguage\":\"es\"},{\"@type\":\"WebPage\",\"@id\":\"https:\\\/\\\/fmpatagoniamadryn.com.ar\\\/?p=2095\",\"url\":\"https:\\\/\\\/fmpatagoniamadryn.com.ar\\\/?p=2095\",\"name\":\"LA CAMPA\u00d1A DE LIMPIEZA LLEGA A LOS BARRIOS VILLA PADILLA Y G\u00dcEMES - FM Patagonia Madryn\",\"isPartOf\":{\"@id\":\"https:\\\/\\\/fmpatagoniamadryn.com.ar\\\/#website\"},\"primaryImageOfPage\":{\"@id\":\"https:\\\/\\\/fmpatagoniamadryn.com.ar\\\/?p=2095#primaryimage\"},\"image\":{\"@id\":\"https:\\\/\\\/fmpatagoniamadryn.com.ar\\\/?p=2095#primaryimage\"},\"thumbnailUrl\":\"https:\\\/\\\/fmpatagoniamadryn.com.ar\\\/wp-content\\\/uploads\\\/2023\\\/04\\\/be0c1442-d96c-408a-9408-91bd90cdbe3f-2.jpeg\",\"datePublished\":\"2023-04-27T14:31:08+00:00\",\"dateModified\":\"2023-04-27T14:31:25+00:00\",\"breadcrumb\":{\"@id\":\"https:\\\/\\\/fmpatagoniamadryn.com.ar\\\/?p=2095#breadcrumb\"},\"inLanguage\":\"es\",\"potentialAction\":[{\"@type\":\"ReadAction\",\"target\":[\"https:\\\/\\\/fmpatagoniamadryn.com.ar\\\/?p=2095\"]}]},{\"@type\":\"ImageObject\",\"inLanguage\":\"es\",\"@id\":\"https:\\\/\\\/fmpatagoniamadryn.com.ar\\\/?p=2095#primaryimage\",\"url\":\"https:\\\/\\\/fmpatagoniamadryn.com.ar\\\/wp-content\\\/uploads\\\/2023\\\/04\\\/be0c1442-d96c-408a-9408-91bd90cdbe3f-2.jpeg\",\"contentUrl\":\"https:\\\/\\\/fmpatagoniamadryn.com.ar\\\/wp-content\\\/uploads\\\/2023\\\/04\\\/be0c1442-d96c-408a-9408-91bd90cdbe3f-2.jpeg\",\"width\":1024,\"height\":768},{\"@type\":\"BreadcrumbList\",\"@id\":\"https:\\\/\\\/fmpatagoniamadryn.com.ar\\\/?p=2095#breadcrumb\",\"itemListElement\":[{\"@type\":\"ListItem\",\"position\":1,\"name\":\"Portada\",\"item\":\"https:\\\/\\\/fmpatagoniamadryn.com.ar\\\/\"},{\"@type\":\"ListItem\",\"position\":2,\"name\":\"LA CAMPA\u00d1A DE LIMPIEZA LLEGA A LOS BARRIOS VILLA PADILLA Y G\u00dcEMES\"}]},{\"@type\":\"WebSite\",\"@id\":\"https:\\\/\\\/fmpatagoniamadryn.com.ar\\\/#website\",\"url\":\"https:\\\/\\\/fmpatagoniamadryn.com.ar\\\/\",\"name\":\"FM Patagonia Madryn\",\"description\":\"Radio Patagonia 105.5\",\"publisher\":{\"@id\":\"https:\\\/\\\/fmpatagoniamadryn.com.ar\\\/#organization\"},\"potentialAction\":[{\"@type\":\"SearchAction\",\"target\":{\"@type\":\"EntryPoint\",\"urlTemplate\":\"https:\\\/\\\/fmpatagoniamadryn.com.ar\\\/?s={search_term_string}\"},\"query-input\":{\"@type\":\"PropertyValueSpecification\",\"valueRequired\":true,\"valueName\":\"search_term_string\"}}],\"inLanguage\":\"es\"},{\"@type\":\"Organization\",\"@id\":\"https:\\\/\\\/fmpatagoniamadryn.com.ar\\\/#organization\",\"name\":\"FM Patagonia Madryn\",\"url\":\"https:\\\/\\\/fmpatagoniamadryn.com.ar\\\/\",\"logo\":{\"@type\":\"ImageObject\",\"inLanguage\":\"es\",\"@id\":\"https:\\\/\\\/fmpatagoniamadryn.com.ar\\\/#\\\/schema\\\/logo\\\/image\\\/\",\"url\":\"https:\\\/\\\/fmpatagoniamadryn.com.ar\\\/wp-content\\\/uploads\\\/2023\\\/01\\\/cropped-Diseno-sin-titulo.png\",\"contentUrl\":\"https:\\\/\\\/fmpatagoniamadryn.com.ar\\\/wp-content\\\/uploads\\\/2023\\\/01\\\/cropped-Diseno-sin-titulo.png\",\"width\":6911,\"height\":2657,\"caption\":\"FM Patagonia Madryn\"},\"image\":{\"@id\":\"https:\\\/\\\/fmpatagoniamadryn.com.ar\\\/#\\\/schema\\\/logo\\\/image\\\/\"}},{\"@type\":\"Person\",\"@id\":\"https:\\\/\\\/fmpatagoniamadryn.com.ar\\\/#\\\/schema\\\/person\\\/1d968ec613613768e14b4e6420a2b125\",\"name\":\"FM Patagonia\",\"url\":\"https:\\\/\\\/fmpatagoniamadryn.com.ar\\\/?author=3\"}]}<\/script>\n<!-- \/ Yoast SEO plugin. -->","yoast_head_json":{"title":"LA CAMPA\u00d1A DE LIMPIEZA LLEGA A LOS BARRIOS VILLA PADILLA Y G\u00dcEMES - FM Patagonia Madryn","robots":{"index":"index","follow":"follow","max-snippet":"max-snippet:-1","max-image-preview":"max-image-preview:large","max-video-preview":"max-video-preview:-1"},"canonical":"https:\/\/fmpatagoniamadryn.com.ar\/?p=2095","og_locale":"es_ES","og_type":"article","og_title":"LA CAMPA\u00d1A DE LIMPIEZA LLEGA A LOS BARRIOS VILLA PADILLA Y G\u00dcEMES - FM Patagonia Madryn","og_description":"Los vecinos podr\u00e1n depositar chatarra, escombros, neum\u00e1ticos, maderas y residuos de aparatos el\u00e9ctricos y electr\u00f3nicos en los contenedores que se dispondr\u00e1n en distintos puntos de ese sector La Municipalidad de&hellip;","og_url":"https:\/\/fmpatagoniamadryn.com.ar\/?p=2095","og_site_name":"FM Patagonia Madryn","article_published_time":"2023-04-27T14:31:08+00:00","article_modified_time":"2023-04-27T14:31:25+00:00","og_image":[{"width":1024,"height":768,"url":"https:\/\/fmpatagoniamadryn.com.ar\/wp-content\/uploads\/2023\/04\/be0c1442-d96c-408a-9408-91bd90cdbe3f-2.jpeg","type":"image\/jpeg"}],"author":"FM Patagonia","twitter_card":"summary_large_image","twitter_misc":{"Escrito por":"FM Patagonia","Tiempo de lectura":"1 minuto"},"schema":{"@context":"https:\/\/schema.org","@graph":[{"@type":"Article","@id":"https:\/\/fmpatagoniamadryn.com.ar\/?p=2095#article","isPartOf":{"@id":"https:\/\/fmpatagoniamadryn.com.ar\/?p=2095"},"author":{"name":"FM Patagonia","@id":"https:\/\/fmpatagoniamadryn.com.ar\/#\/schema\/person\/1d968ec613613768e14b4e6420a2b125"},"headline":"LA CAMPA\u00d1A DE LIMPIEZA LLEGA A LOS BARRIOS VILLA PADILLA Y G\u00dcEMES","datePublished":"2023-04-27T14:31:08+00:00","dateModified":"2023-04-27T14:31:25+00:00","mainEntityOfPage":{"@id":"https:\/\/fmpatagoniamadryn.com.ar\/?p=2095"},"wordCount":271,"publisher":{"@id":"https:\/\/fmpatagoniamadryn.com.ar\/#organization"},"image":{"@id":"https:\/\/fmpatagoniamadryn.com.ar\/?p=2095#primaryimage"},"thumbnailUrl":"https:\/\/fmpatagoniamadryn.com.ar\/wp-content\/uploads\/2023\/04\/be0c1442-d96c-408a-9408-91bd90cdbe3f-2.jpeg","articleSection":["Locales"],"inLanguage":"es"},{"@type":"WebPage","@id":"https:\/\/fmpatagoniamadryn.com.ar\/?p=2095","url":"https:\/\/fmpatagoniamadryn.com.ar\/?p=2095","name":"LA CAMPA\u00d1A DE LIMPIEZA LLEGA A LOS BARRIOS VILLA PADILLA Y G\u00dcEMES - FM Patagonia Madryn","isPartOf":{"@id":"https:\/\/fmpatagoniamadryn.com.ar\/#website"},"primaryImageOfPage":{"@id":"https:\/\/fmpatagoniamadryn.com.ar\/?p=2095#primaryimage"},"image":{"@id":"https:\/\/fmpatagoniamadryn.com.ar\/?p=2095#primaryimage"},"thumbnailUrl":"https:\/\/fmpatagoniamadryn.com.ar\/wp-content\/uploads\/2023\/04\/be0c1442-d96c-408a-9408-91bd90cdbe3f-2.jpeg","datePublished":"2023-04-27T14:31:08+00:00","dateModified":"2023-04-27T14:31:25+00:00","breadcrumb":{"@id":"https:\/\/fmpatagoniamadryn.com.ar\/?p=2095#breadcrumb"},"inLanguage":"es","potentialAction":[{"@type":"ReadAction","target":["https:\/\/fmpatagoniamadryn.com.ar\/?p=2095"]}]},{"@type":"ImageObject","inLanguage":"es","@id":"https:\/\/fmpatagoniamadryn.com.ar\/?p=2095#primaryimage","url":"https:\/\/fmpatagoniamadryn.com.ar\/wp-content\/uploads\/2023\/04\/be0c1442-d96c-408a-9408-91bd90cdbe3f-2.jpeg","contentUrl":"https:\/\/fmpatagoniamadryn.com.ar\/wp-content\/uploads\/2023\/04\/be0c1442-d96c-408a-9408-91bd90cdbe3f-2.jpeg","width":1024,"height":768},{"@type":"BreadcrumbList","@id":"https:\/\/fmpatagoniamadryn.com.ar\/?p=2095#breadcrumb","itemListElement":[{"@type":"ListItem","position":1,"name":"Portada","item":"https:\/\/fmpatagoniamadryn.com.ar\/"},{"@type":"ListItem","position":2,"name":"LA CAMPA\u00d1A DE LIMPIEZA LLEGA A LOS BARRIOS VILLA PADILLA Y G\u00dcEMES"}]},{"@type":"WebSite","@id":"https:\/\/fmpatagoniamadryn.com.ar\/#website","url":"https:\/\/fmpatagoniamadryn.com.ar\/","name":"FM Patagonia Madryn","description":"Radio Patagonia 105.5","publisher":{"@id":"https:\/\/fmpatagoniamadryn.com.ar\/#organization"},"potentialAction":[{"@type":"SearchAction","target":{"@type":"EntryPoint","urlTemplate":"https:\/\/fmpatagoniamadryn.com.ar\/?s={search_term_string}"},"query-input":{"@type":"PropertyValueSpecification","valueRequired":true,"valueName":"search_term_string"}}],"inLanguage":"es"},{"@type":"Organization","@id":"https:\/\/fmpatagoniamadryn.com.ar\/#organization","name":"FM Patagonia Madryn","url":"https:\/\/fmpatagoniamadryn.com.ar\/","logo":{"@type":"ImageObject","inLanguage":"es","@id":"https:\/\/fmpatagoniamadryn.com.ar\/#\/schema\/logo\/image\/","url":"https:\/\/fmpatagoniamadryn.com.ar\/wp-content\/uploads\/2023\/01\/cropped-Diseno-sin-titulo.png","contentUrl":"https:\/\/fmpatagoniamadryn.com.ar\/wp-content\/uploads\/2023\/01\/cropped-Diseno-sin-titulo.png","width":6911,"height":2657,"caption":"FM Patagonia Madryn"},"image":{"@id":"https:\/\/fmpatagoniamadryn.com.ar\/#\/schema\/logo\/image\/"}},{"@type":"Person","@id":"https:\/\/fmpatagoniamadryn.com.ar\/#\/schema\/person\/1d968ec613613768e14b4e6420a2b125","name":"FM Patagonia","url":"https:\/\/fmpatagoniamadryn.com.ar\/?author=3"}]}},"jetpack_featured_media_url":"https:\/\/fmpatagoniamadryn.com.ar\/wp-content\/uploads\/2023\/04\/be0c1442-d96c-408a-9408-91bd90cdbe3f-2.jpeg","_links":{"self":[{"href":"https:\/\/fmpatagoniamadryn.com.ar\/index.php?rest_route=\/wp\/v2\/posts\/2095","targetHints":{"allow":["GET"]}}],"collection":[{"href":"https:\/\/fmpatagoniamadryn.com.ar\/index.php?rest_route=\/wp\/v2\/posts"}],"about":[{"href":"https:\/\/fmpatagoniamadryn.com.ar\/index.php?rest_route=\/wp\/v2\/types\/post"}],"author":[{"embeddable":true,"href":"https:\/\/fmpatagoniamadryn.com.ar\/index.php?rest_route=\/wp\/v2\/users\/3"}],"replies":[{"embeddable":true,"href":"https:\/\/fmpatagoniamadryn.com.ar\/index.php?rest_route=%2Fwp%2Fv2%2Fcomments&post=2095"}],"version-history":[{"count":1,"href":"https:\/\/fmpatagoniamadryn.com.ar\/index.php?rest_route=\/wp\/v2\/posts\/2095\/revisions"}],"predecessor-version":[{"id":2096,"href":"https:\/\/fmpatagoniamadryn.com.ar\/index.php?rest_route=\/wp\/v2\/posts\/2095\/revisions\/2096"}],"wp:featuredmedia":[{"embeddable":true,"href":"https:\/\/fmpatagoniamadryn.com.ar\/index.php?rest_route=\/wp\/v2\/media\/2094"}],"wp:attachment":[{"href":"https:\/\/fmpatagoniamadryn.com.ar\/index.php?rest_route=%2Fwp%2Fv2%2Fmedia&parent=2095"}],"wp:term":[{"taxonomy":"category","embeddable":true,"href":"https:\/\/fmpatagoniamadryn.com.ar\/index.php?rest_route=%2Fwp%2Fv2%2Fcategories&post=2095"},{"taxonomy":"post_tag","embeddable":true,"href":"https:\/\/fmpatagoniamadryn.com.ar\/index.php?rest_route=%2Fwp%2Fv2%2Ftags&post=2095"}],"curies":[{"name":"wp","href":"https:\/\/api.w.org\/{rel}","templated":true}]}}