{"id":21048,"date":"2026-03-10T10:31:15","date_gmt":"2026-03-10T13:31:15","guid":{"rendered":"https:\/\/fmpatagoniamadryn.com.ar\/?p=21048"},"modified":"2026-03-10T10:31:15","modified_gmt":"2026-03-10T13:31:15","slug":"se-presenta-el-patio-de-adela-en-el-centro-cultural-del-barrio-san-miguel","status":"publish","type":"post","link":"https:\/\/fmpatagoniamadryn.com.ar\/?p=21048","title":{"rendered":"SE PRESENTA \u201cEL PATIO DE ADELA\u201d EN EL CENTRO CULTURAL DEL BARRIO SAN MIGUEL\u00a0"},"content":{"rendered":"\n<p><\/p>\n\n\n\n<p><em>La obra se pondr\u00e1 en escena&nbsp;el mi\u00e9rcoles 11 de marzo a las 20 horas&nbsp;tras la reprogramaci\u00f3n de la funci\u00f3n prevista para el D\u00eda de la Mujer<\/em><\/p>\n\n\n\n<p>La Municipalidad de Puerto Madryn, a trav\u00e9s de la Subsecretar\u00eda de Cultura, invita a la presentaci\u00f3n de la obra \u201cEl Patio de Adela\u201d. La puesta en escena ser\u00e1&nbsp;este mi\u00e9rcoles 11 de marzo a las 20 horas&nbsp;en el Centro Cultural del barrio San Miguel (Garagarza 778). Cabe recordar que corresponde a la funci\u00f3n que iba a realizarse el pasado domingo en el marco del D\u00eda Internacional de la Mujer.<\/p>\n\n\n\n<p>Se trata de una versi\u00f3n libre de \u201cLa casa de Bernarda Alba\u201d del dramaturgo espa\u00f1ol Federico Garc\u00eda Lorca, denominada \u201cEl Patio de Adela\u201d, con gui\u00f3n y direcci\u00f3n de Victoria Milesi. La obra cuenta con las actuaciones de Victoria Bouza, Luz Maradeo, Susana Costantino e Ignacio L\u00f3pez, adem\u00e1s de la participaci\u00f3n de numerosos artistas locales en pantalla, en voces y en diversas \u00e1reas. La t\u00e9cnica est\u00e1 a cargo de Claudia Cuciufi.<\/p>\n\n\n\n<p>\u201cEl Patio de Adela\u201d es una instalaci\u00f3n audiovisual de car\u00e1cter teatral que invita al p\u00fablico a disfrutar la propuesta en formato de pe\u00f1a. La producci\u00f3n combina en vivo el lenguaje audiovisual y la escena teatral para contar la historia de Adela, la hija m\u00e1s joven de Bernarda, quien anhela libertad mientras atraviesa un encierro impuesto por el luto de su padre durante ocho a\u00f1os, compartiendo la casa con su madre, sus hermanas y su abuela. De esta manera, la obra propone una mirada contempor\u00e1nea sobre el cl\u00e1sico de Lorca, poniendo en escena los conflictos, tensiones y deseos que atraviesan a sus personajes.<br><\/p>\n","protected":false},"excerpt":{"rendered":"<p>La obra se pondr\u00e1 en escena&nbsp;el mi\u00e9rcoles 11 de marzo a las 20 horas&nbsp;tras la reprogramaci\u00f3n de la funci\u00f3n prevista para el D\u00eda de la Mujer La Municipalidad de Puerto&hellip; <\/p>\n","protected":false},"author":2,"featured_media":21047,"comment_status":"closed","ping_status":"closed","sticky":false,"template":"","format":"standard","meta":{"footnotes":""},"categories":[15],"tags":[],"class_list":["post-21048","post","type-post","status-publish","format-standard","has-post-thumbnail","hentry","category-locales"],"yoast_head":"<!-- This site is optimized with the Yoast SEO plugin v27.4 - https:\/\/yoast.com\/product\/yoast-seo-wordpress\/ -->\n<title>SE PRESENTA \u201cEL PATIO DE ADELA\u201d EN EL CENTRO CULTURAL DEL BARRIO SAN MIGUEL\u00a0 - FM Patagonia Madryn<\/title>\n<meta name=\"robots\" content=\"index, follow, max-snippet:-1, max-image-preview:large, max-video-preview:-1\" \/>\n<link rel=\"canonical\" href=\"https:\/\/fmpatagoniamadryn.com.ar\/?p=21048\" \/>\n<meta property=\"og:locale\" content=\"es_ES\" \/>\n<meta property=\"og:type\" content=\"article\" \/>\n<meta property=\"og:title\" content=\"SE PRESENTA \u201cEL PATIO DE ADELA\u201d EN EL CENTRO CULTURAL DEL BARRIO SAN MIGUEL\u00a0 - FM Patagonia Madryn\" \/>\n<meta property=\"og:description\" content=\"La obra se pondr\u00e1 en escena&nbsp;el mi\u00e9rcoles 11 de marzo a las 20 horas&nbsp;tras la reprogramaci\u00f3n de la funci\u00f3n prevista para el D\u00eda de la Mujer La Municipalidad de Puerto&hellip;\" \/>\n<meta property=\"og:url\" content=\"https:\/\/fmpatagoniamadryn.com.ar\/?p=21048\" \/>\n<meta property=\"og:site_name\" content=\"FM Patagonia Madryn\" \/>\n<meta property=\"article:published_time\" content=\"2026-03-10T13:31:15+00:00\" \/>\n<meta property=\"og:image\" content=\"https:\/\/fmpatagoniamadryn.com.ar\/wp-content\/uploads\/2026\/03\/img_1414-1.jpg\" \/>\n\t<meta property=\"og:image:width\" content=\"711\" \/>\n\t<meta property=\"og:image:height\" content=\"400\" \/>\n\t<meta property=\"og:image:type\" content=\"image\/jpeg\" \/>\n<meta name=\"author\" content=\"FM Patagonia\" \/>\n<meta name=\"twitter:card\" content=\"summary_large_image\" \/>\n<meta name=\"twitter:label1\" content=\"Escrito por\" \/>\n\t<meta name=\"twitter:data1\" content=\"FM Patagonia\" \/>\n\t<meta name=\"twitter:label2\" content=\"Tiempo de lectura\" \/>\n\t<meta name=\"twitter:data2\" content=\"1 minuto\" \/>\n<script type=\"application\/ld+json\" class=\"yoast-schema-graph\">{\"@context\":\"https:\\\/\\\/schema.org\",\"@graph\":[{\"@type\":\"Article\",\"@id\":\"https:\\\/\\\/fmpatagoniamadryn.com.ar\\\/?p=21048#article\",\"isPartOf\":{\"@id\":\"https:\\\/\\\/fmpatagoniamadryn.com.ar\\\/?p=21048\"},\"author\":{\"name\":\"FM Patagonia\",\"@id\":\"https:\\\/\\\/fmpatagoniamadryn.com.ar\\\/#\\\/schema\\\/person\\\/8a3de4ad7efceacab06c1641c50303b7\"},\"headline\":\"SE PRESENTA \u201cEL PATIO DE ADELA\u201d EN EL CENTRO CULTURAL DEL BARRIO SAN MIGUEL\u00a0\",\"datePublished\":\"2026-03-10T13:31:15+00:00\",\"mainEntityOfPage\":{\"@id\":\"https:\\\/\\\/fmpatagoniamadryn.com.ar\\\/?p=21048\"},\"wordCount\":311,\"publisher\":{\"@id\":\"https:\\\/\\\/fmpatagoniamadryn.com.ar\\\/#organization\"},\"image\":{\"@id\":\"https:\\\/\\\/fmpatagoniamadryn.com.ar\\\/?p=21048#primaryimage\"},\"thumbnailUrl\":\"https:\\\/\\\/fmpatagoniamadryn.com.ar\\\/wp-content\\\/uploads\\\/2026\\\/03\\\/img_1414-1.jpg\",\"articleSection\":[\"Locales\"],\"inLanguage\":\"es\"},{\"@type\":\"WebPage\",\"@id\":\"https:\\\/\\\/fmpatagoniamadryn.com.ar\\\/?p=21048\",\"url\":\"https:\\\/\\\/fmpatagoniamadryn.com.ar\\\/?p=21048\",\"name\":\"SE PRESENTA \u201cEL PATIO DE ADELA\u201d EN EL CENTRO CULTURAL DEL BARRIO SAN MIGUEL\u00a0 - FM Patagonia Madryn\",\"isPartOf\":{\"@id\":\"https:\\\/\\\/fmpatagoniamadryn.com.ar\\\/#website\"},\"primaryImageOfPage\":{\"@id\":\"https:\\\/\\\/fmpatagoniamadryn.com.ar\\\/?p=21048#primaryimage\"},\"image\":{\"@id\":\"https:\\\/\\\/fmpatagoniamadryn.com.ar\\\/?p=21048#primaryimage\"},\"thumbnailUrl\":\"https:\\\/\\\/fmpatagoniamadryn.com.ar\\\/wp-content\\\/uploads\\\/2026\\\/03\\\/img_1414-1.jpg\",\"datePublished\":\"2026-03-10T13:31:15+00:00\",\"breadcrumb\":{\"@id\":\"https:\\\/\\\/fmpatagoniamadryn.com.ar\\\/?p=21048#breadcrumb\"},\"inLanguage\":\"es\",\"potentialAction\":[{\"@type\":\"ReadAction\",\"target\":[\"https:\\\/\\\/fmpatagoniamadryn.com.ar\\\/?p=21048\"]}]},{\"@type\":\"ImageObject\",\"inLanguage\":\"es\",\"@id\":\"https:\\\/\\\/fmpatagoniamadryn.com.ar\\\/?p=21048#primaryimage\",\"url\":\"https:\\\/\\\/fmpatagoniamadryn.com.ar\\\/wp-content\\\/uploads\\\/2026\\\/03\\\/img_1414-1.jpg\",\"contentUrl\":\"https:\\\/\\\/fmpatagoniamadryn.com.ar\\\/wp-content\\\/uploads\\\/2026\\\/03\\\/img_1414-1.jpg\",\"width\":711,\"height\":400},{\"@type\":\"BreadcrumbList\",\"@id\":\"https:\\\/\\\/fmpatagoniamadryn.com.ar\\\/?p=21048#breadcrumb\",\"itemListElement\":[{\"@type\":\"ListItem\",\"position\":1,\"name\":\"Portada\",\"item\":\"https:\\\/\\\/fmpatagoniamadryn.com.ar\\\/\"},{\"@type\":\"ListItem\",\"position\":2,\"name\":\"SE PRESENTA \u201cEL PATIO DE ADELA\u201d EN EL CENTRO CULTURAL DEL BARRIO SAN MIGUEL\u00a0\"}]},{\"@type\":\"WebSite\",\"@id\":\"https:\\\/\\\/fmpatagoniamadryn.com.ar\\\/#website\",\"url\":\"https:\\\/\\\/fmpatagoniamadryn.com.ar\\\/\",\"name\":\"FM Patagonia Madryn\",\"description\":\"Radio Patagonia 105.5\",\"publisher\":{\"@id\":\"https:\\\/\\\/fmpatagoniamadryn.com.ar\\\/#organization\"},\"potentialAction\":[{\"@type\":\"SearchAction\",\"target\":{\"@type\":\"EntryPoint\",\"urlTemplate\":\"https:\\\/\\\/fmpatagoniamadryn.com.ar\\\/?s={search_term_string}\"},\"query-input\":{\"@type\":\"PropertyValueSpecification\",\"valueRequired\":true,\"valueName\":\"search_term_string\"}}],\"inLanguage\":\"es\"},{\"@type\":\"Organization\",\"@id\":\"https:\\\/\\\/fmpatagoniamadryn.com.ar\\\/#organization\",\"name\":\"FM Patagonia Madryn\",\"url\":\"https:\\\/\\\/fmpatagoniamadryn.com.ar\\\/\",\"logo\":{\"@type\":\"ImageObject\",\"inLanguage\":\"es\",\"@id\":\"https:\\\/\\\/fmpatagoniamadryn.com.ar\\\/#\\\/schema\\\/logo\\\/image\\\/\",\"url\":\"https:\\\/\\\/fmpatagoniamadryn.com.ar\\\/wp-content\\\/uploads\\\/2023\\\/01\\\/cropped-Diseno-sin-titulo.png\",\"contentUrl\":\"https:\\\/\\\/fmpatagoniamadryn.com.ar\\\/wp-content\\\/uploads\\\/2023\\\/01\\\/cropped-Diseno-sin-titulo.png\",\"width\":6911,\"height\":2657,\"caption\":\"FM Patagonia Madryn\"},\"image\":{\"@id\":\"https:\\\/\\\/fmpatagoniamadryn.com.ar\\\/#\\\/schema\\\/logo\\\/image\\\/\"}},{\"@type\":\"Person\",\"@id\":\"https:\\\/\\\/fmpatagoniamadryn.com.ar\\\/#\\\/schema\\\/person\\\/8a3de4ad7efceacab06c1641c50303b7\",\"name\":\"FM Patagonia\",\"url\":\"https:\\\/\\\/fmpatagoniamadryn.com.ar\\\/?author=2\"}]}<\/script>\n<!-- \/ Yoast SEO plugin. -->","yoast_head_json":{"title":"SE PRESENTA \u201cEL PATIO DE ADELA\u201d EN EL CENTRO CULTURAL DEL BARRIO SAN MIGUEL\u00a0 - FM Patagonia Madryn","robots":{"index":"index","follow":"follow","max-snippet":"max-snippet:-1","max-image-preview":"max-image-preview:large","max-video-preview":"max-video-preview:-1"},"canonical":"https:\/\/fmpatagoniamadryn.com.ar\/?p=21048","og_locale":"es_ES","og_type":"article","og_title":"SE PRESENTA \u201cEL PATIO DE ADELA\u201d EN EL CENTRO CULTURAL DEL BARRIO SAN MIGUEL\u00a0 - FM Patagonia Madryn","og_description":"La obra se pondr\u00e1 en escena&nbsp;el mi\u00e9rcoles 11 de marzo a las 20 horas&nbsp;tras la reprogramaci\u00f3n de la funci\u00f3n prevista para el D\u00eda de la Mujer La Municipalidad de Puerto&hellip;","og_url":"https:\/\/fmpatagoniamadryn.com.ar\/?p=21048","og_site_name":"FM Patagonia Madryn","article_published_time":"2026-03-10T13:31:15+00:00","og_image":[{"width":711,"height":400,"url":"https:\/\/fmpatagoniamadryn.com.ar\/wp-content\/uploads\/2026\/03\/img_1414-1.jpg","type":"image\/jpeg"}],"author":"FM Patagonia","twitter_card":"summary_large_image","twitter_misc":{"Escrito por":"FM Patagonia","Tiempo de lectura":"1 minuto"},"schema":{"@context":"https:\/\/schema.org","@graph":[{"@type":"Article","@id":"https:\/\/fmpatagoniamadryn.com.ar\/?p=21048#article","isPartOf":{"@id":"https:\/\/fmpatagoniamadryn.com.ar\/?p=21048"},"author":{"name":"FM Patagonia","@id":"https:\/\/fmpatagoniamadryn.com.ar\/#\/schema\/person\/8a3de4ad7efceacab06c1641c50303b7"},"headline":"SE PRESENTA \u201cEL PATIO DE ADELA\u201d EN EL CENTRO CULTURAL DEL BARRIO SAN MIGUEL\u00a0","datePublished":"2026-03-10T13:31:15+00:00","mainEntityOfPage":{"@id":"https:\/\/fmpatagoniamadryn.com.ar\/?p=21048"},"wordCount":311,"publisher":{"@id":"https:\/\/fmpatagoniamadryn.com.ar\/#organization"},"image":{"@id":"https:\/\/fmpatagoniamadryn.com.ar\/?p=21048#primaryimage"},"thumbnailUrl":"https:\/\/fmpatagoniamadryn.com.ar\/wp-content\/uploads\/2026\/03\/img_1414-1.jpg","articleSection":["Locales"],"inLanguage":"es"},{"@type":"WebPage","@id":"https:\/\/fmpatagoniamadryn.com.ar\/?p=21048","url":"https:\/\/fmpatagoniamadryn.com.ar\/?p=21048","name":"SE PRESENTA \u201cEL PATIO DE ADELA\u201d EN EL CENTRO CULTURAL DEL BARRIO SAN MIGUEL\u00a0 - FM Patagonia Madryn","isPartOf":{"@id":"https:\/\/fmpatagoniamadryn.com.ar\/#website"},"primaryImageOfPage":{"@id":"https:\/\/fmpatagoniamadryn.com.ar\/?p=21048#primaryimage"},"image":{"@id":"https:\/\/fmpatagoniamadryn.com.ar\/?p=21048#primaryimage"},"thumbnailUrl":"https:\/\/fmpatagoniamadryn.com.ar\/wp-content\/uploads\/2026\/03\/img_1414-1.jpg","datePublished":"2026-03-10T13:31:15+00:00","breadcrumb":{"@id":"https:\/\/fmpatagoniamadryn.com.ar\/?p=21048#breadcrumb"},"inLanguage":"es","potentialAction":[{"@type":"ReadAction","target":["https:\/\/fmpatagoniamadryn.com.ar\/?p=21048"]}]},{"@type":"ImageObject","inLanguage":"es","@id":"https:\/\/fmpatagoniamadryn.com.ar\/?p=21048#primaryimage","url":"https:\/\/fmpatagoniamadryn.com.ar\/wp-content\/uploads\/2026\/03\/img_1414-1.jpg","contentUrl":"https:\/\/fmpatagoniamadryn.com.ar\/wp-content\/uploads\/2026\/03\/img_1414-1.jpg","width":711,"height":400},{"@type":"BreadcrumbList","@id":"https:\/\/fmpatagoniamadryn.com.ar\/?p=21048#breadcrumb","itemListElement":[{"@type":"ListItem","position":1,"name":"Portada","item":"https:\/\/fmpatagoniamadryn.com.ar\/"},{"@type":"ListItem","position":2,"name":"SE PRESENTA \u201cEL PATIO DE ADELA\u201d EN EL CENTRO CULTURAL DEL BARRIO SAN MIGUEL\u00a0"}]},{"@type":"WebSite","@id":"https:\/\/fmpatagoniamadryn.com.ar\/#website","url":"https:\/\/fmpatagoniamadryn.com.ar\/","name":"FM Patagonia Madryn","description":"Radio Patagonia 105.5","publisher":{"@id":"https:\/\/fmpatagoniamadryn.com.ar\/#organization"},"potentialAction":[{"@type":"SearchAction","target":{"@type":"EntryPoint","urlTemplate":"https:\/\/fmpatagoniamadryn.com.ar\/?s={search_term_string}"},"query-input":{"@type":"PropertyValueSpecification","valueRequired":true,"valueName":"search_term_string"}}],"inLanguage":"es"},{"@type":"Organization","@id":"https:\/\/fmpatagoniamadryn.com.ar\/#organization","name":"FM Patagonia Madryn","url":"https:\/\/fmpatagoniamadryn.com.ar\/","logo":{"@type":"ImageObject","inLanguage":"es","@id":"https:\/\/fmpatagoniamadryn.com.ar\/#\/schema\/logo\/image\/","url":"https:\/\/fmpatagoniamadryn.com.ar\/wp-content\/uploads\/2023\/01\/cropped-Diseno-sin-titulo.png","contentUrl":"https:\/\/fmpatagoniamadryn.com.ar\/wp-content\/uploads\/2023\/01\/cropped-Diseno-sin-titulo.png","width":6911,"height":2657,"caption":"FM Patagonia Madryn"},"image":{"@id":"https:\/\/fmpatagoniamadryn.com.ar\/#\/schema\/logo\/image\/"}},{"@type":"Person","@id":"https:\/\/fmpatagoniamadryn.com.ar\/#\/schema\/person\/8a3de4ad7efceacab06c1641c50303b7","name":"FM Patagonia","url":"https:\/\/fmpatagoniamadryn.com.ar\/?author=2"}]}},"jetpack_featured_media_url":"https:\/\/fmpatagoniamadryn.com.ar\/wp-content\/uploads\/2026\/03\/img_1414-1.jpg","_links":{"self":[{"href":"https:\/\/fmpatagoniamadryn.com.ar\/index.php?rest_route=\/wp\/v2\/posts\/21048","targetHints":{"allow":["GET"]}}],"collection":[{"href":"https:\/\/fmpatagoniamadryn.com.ar\/index.php?rest_route=\/wp\/v2\/posts"}],"about":[{"href":"https:\/\/fmpatagoniamadryn.com.ar\/index.php?rest_route=\/wp\/v2\/types\/post"}],"author":[{"embeddable":true,"href":"https:\/\/fmpatagoniamadryn.com.ar\/index.php?rest_route=\/wp\/v2\/users\/2"}],"replies":[{"embeddable":true,"href":"https:\/\/fmpatagoniamadryn.com.ar\/index.php?rest_route=%2Fwp%2Fv2%2Fcomments&post=21048"}],"version-history":[{"count":1,"href":"https:\/\/fmpatagoniamadryn.com.ar\/index.php?rest_route=\/wp\/v2\/posts\/21048\/revisions"}],"predecessor-version":[{"id":21049,"href":"https:\/\/fmpatagoniamadryn.com.ar\/index.php?rest_route=\/wp\/v2\/posts\/21048\/revisions\/21049"}],"wp:featuredmedia":[{"embeddable":true,"href":"https:\/\/fmpatagoniamadryn.com.ar\/index.php?rest_route=\/wp\/v2\/media\/21047"}],"wp:attachment":[{"href":"https:\/\/fmpatagoniamadryn.com.ar\/index.php?rest_route=%2Fwp%2Fv2%2Fmedia&parent=21048"}],"wp:term":[{"taxonomy":"category","embeddable":true,"href":"https:\/\/fmpatagoniamadryn.com.ar\/index.php?rest_route=%2Fwp%2Fv2%2Fcategories&post=21048"},{"taxonomy":"post_tag","embeddable":true,"href":"https:\/\/fmpatagoniamadryn.com.ar\/index.php?rest_route=%2Fwp%2Fv2%2Ftags&post=21048"}],"curies":[{"name":"wp","href":"https:\/\/api.w.org\/{rel}","templated":true}]}}