{"id":21053,"date":"2026-03-10T12:39:00","date_gmt":"2026-03-10T15:39:00","guid":{"rendered":"https:\/\/fmpatagoniamadryn.com.ar\/?p=21053"},"modified":"2026-03-10T10:43:18","modified_gmt":"2026-03-10T13:43:18","slug":"la-formula-1-puso-en-duda-la-realizacion-de-los-gp-de-bahrein-y-arabia-saudita","status":"publish","type":"post","link":"https:\/\/fmpatagoniamadryn.com.ar\/?p=21053","title":{"rendered":"La F\u00f3rmula 1 puso en duda la realizaci\u00f3n de los GP de Bahr\u00e9in y Arabia Saudita"},"content":{"rendered":"\n<p><strong>La temporada 2026 de la F\u00f3rmula 1 podr\u00eda sufrir un cambio fuerte en su calendario.<\/strong>&nbsp;La escalada del&nbsp;<strong>conflicto en Medio Oriente<\/strong>&nbsp;pone&nbsp;<strong>en duda la realizaci\u00f3n de los Grandes Premios de Bahr\u00e9in y Arabia Saudita,&nbsp;<\/strong>programados para abril, y la organizaci\u00f3n ya trabaja en un escenario que contempla&nbsp;<strong>suspender ambas competencias.<\/strong><\/p>\n\n\n\n<p>Tras el inicio del campeonato en Australia, el calendario marca escalas en<strong>&nbsp;China y Jap\u00f3n antes<\/strong>&nbsp;de viajar a Medio Oriente. La visita al circuito de Shakir estaba prevista entre el 10 y el 12 de abril, mientras que apenas una semana despu\u00e9s deb\u00eda disputarse la carrera nocturna en Yeda. Sin embargo, la situaci\u00f3n geopol\u00edtica de la regi\u00f3n complic\u00f3 seriamente la planificaci\u00f3n.<\/p>\n\n\n\n<p>El problema log\u00edstico golpea con m\u00e1s fuerza a las categor\u00edas menores. La&nbsp;<strong>F\u00f3rmula 2 y F\u00f3rmula 3<\/strong>, sin las fechas en Cina y Jap\u00f3n, ten\u00edan previsto<strong>&nbsp;trasladar su equipamiento directamente desde Melbourne hacia Bahr\u00e9in,<\/strong>&nbsp;donde adem\u00e1s iban a realizar ensayos entre el 25 y el 27 de marzo antes del fin de semana de carrera.<\/p>\n\n\n\n<p>De acuerdo con informaci\u00f3n de&nbsp;<strong>SoyMotor.com<\/strong>, ese plan qued\u00f3 suspendido por la guerra en la zona. Ante la falta de garant\u00edas para viaja<strong>r, el material de ambas divisiones permanecer\u00e1 una semana adicional en Australia<\/strong>&nbsp;mientras esperan definiciones sobre el futuro de las fechas.<\/p>\n\n\n\n<p>El panorama tampoco es sencillo para la categor\u00eda principal. Con un calendario ya cargado de 24 carreras, encontrar nuevos huecos para reprogramar dos eventos resulta extremadamente complejo, por lo que la organizaci\u00f3n analiza directamente eliminarlos del cronograma.<\/p>\n\n\n\n<p>En cambio, las otras divisiones cuentan con mayor margen para reorganizar su temporada.<strong>&nbsp;La F2 y&nbsp; la F3 estudian reubicar esas competencias en otros circuitos,&nbsp;<\/strong>con el objetivo de mantener la cantidad total de pruebas previstas. Entre las alternativas que aparecen sobre la mesa surge<strong>&nbsp;Zandvoort,<\/strong>&nbsp;que este a\u00f1o no figuraba en el calendario.<\/p>\n\n\n\n<p>Por ahora no hubo un anuncio oficial del campeonato. La cancelaci\u00f3n de ambas carreras aparece como el escenario m\u00e1s probable, aunque<strong>&nbsp;la decisi\u00f3n final se comunicar\u00eda durante la pr\u00f3xima semana.<\/strong><\/p>\n","protected":false},"excerpt":{"rendered":"<p>La escalada b\u00e9lica en Medio Oriente complica la log\u00edstica del campeonato y obliga a revisar el calendario. La F2 y la F3 ya modificaron sus planes de traslado y aguardan definiciones oficiales.<\/p>\n","protected":false},"author":5,"featured_media":21054,"comment_status":"closed","ping_status":"closed","sticky":false,"template":"","format":"standard","meta":{"footnotes":""},"categories":[4],"tags":[62],"class_list":["post-21053","post","type-post","status-publish","format-standard","has-post-thumbnail","hentry","category-deportes","tag-formula-1"],"yoast_head":"<!-- This site is optimized with the Yoast SEO plugin v27.4 - https:\/\/yoast.com\/product\/yoast-seo-wordpress\/ -->\n<title>La F\u00f3rmula 1 puso en duda la realizaci\u00f3n de los GP de Bahr\u00e9in y Arabia Saudita - FM Patagonia Madryn<\/title>\n<meta name=\"robots\" content=\"index, follow, max-snippet:-1, max-image-preview:large, max-video-preview:-1\" \/>\n<link rel=\"canonical\" href=\"https:\/\/fmpatagoniamadryn.com.ar\/?p=21053\" \/>\n<meta property=\"og:locale\" content=\"es_ES\" \/>\n<meta property=\"og:type\" content=\"article\" \/>\n<meta property=\"og:title\" content=\"La F\u00f3rmula 1 puso en duda la realizaci\u00f3n de los GP de Bahr\u00e9in y Arabia Saudita - FM Patagonia Madryn\" \/>\n<meta property=\"og:description\" content=\"La escalada b\u00e9lica en Medio Oriente complica la log\u00edstica del campeonato y obliga a revisar el calendario. La F2 y la F3 ya modificaron sus planes de traslado y aguardan definiciones oficiales.\" \/>\n<meta property=\"og:url\" content=\"https:\/\/fmpatagoniamadryn.com.ar\/?p=21053\" \/>\n<meta property=\"og:site_name\" content=\"FM Patagonia Madryn\" \/>\n<meta property=\"article:published_time\" content=\"2026-03-10T15:39:00+00:00\" \/>\n<meta property=\"og:image\" content=\"https:\/\/fmpatagoniamadryn.com.ar\/wp-content\/uploads\/2026\/03\/f1-posibles-cancelaciones.webp\" \/>\n\t<meta property=\"og:image:width\" content=\"862\" \/>\n\t<meta property=\"og:image:height\" content=\"485\" \/>\n\t<meta property=\"og:image:type\" content=\"image\/webp\" \/>\n<meta name=\"author\" content=\"FM Patagonia\" \/>\n<meta name=\"twitter:card\" content=\"summary_large_image\" \/>\n<meta name=\"twitter:label1\" content=\"Escrito por\" \/>\n\t<meta name=\"twitter:data1\" content=\"FM Patagonia\" \/>\n\t<meta name=\"twitter:label2\" content=\"Tiempo de lectura\" \/>\n\t<meta name=\"twitter:data2\" content=\"2 minutos\" \/>\n<script type=\"application\/ld+json\" class=\"yoast-schema-graph\">{\"@context\":\"https:\\\/\\\/schema.org\",\"@graph\":[{\"@type\":\"Article\",\"@id\":\"https:\\\/\\\/fmpatagoniamadryn.com.ar\\\/?p=21053#article\",\"isPartOf\":{\"@id\":\"https:\\\/\\\/fmpatagoniamadryn.com.ar\\\/?p=21053\"},\"author\":{\"name\":\"FM Patagonia\",\"@id\":\"https:\\\/\\\/fmpatagoniamadryn.com.ar\\\/#\\\/schema\\\/person\\\/d1eaeab8ab628617785f4d9ef0e8d5d8\"},\"headline\":\"La F\u00f3rmula 1 puso en duda la realizaci\u00f3n de los GP de Bahr\u00e9in y Arabia Saudita\",\"datePublished\":\"2026-03-10T15:39:00+00:00\",\"mainEntityOfPage\":{\"@id\":\"https:\\\/\\\/fmpatagoniamadryn.com.ar\\\/?p=21053\"},\"wordCount\":393,\"publisher\":{\"@id\":\"https:\\\/\\\/fmpatagoniamadryn.com.ar\\\/#organization\"},\"image\":{\"@id\":\"https:\\\/\\\/fmpatagoniamadryn.com.ar\\\/?p=21053#primaryimage\"},\"thumbnailUrl\":\"https:\\\/\\\/fmpatagoniamadryn.com.ar\\\/wp-content\\\/uploads\\\/2026\\\/03\\\/f1-posibles-cancelaciones.webp\",\"keywords\":[\"F\u00f3rmula 1\"],\"articleSection\":[\"Deportes\"],\"inLanguage\":\"es\"},{\"@type\":\"WebPage\",\"@id\":\"https:\\\/\\\/fmpatagoniamadryn.com.ar\\\/?p=21053\",\"url\":\"https:\\\/\\\/fmpatagoniamadryn.com.ar\\\/?p=21053\",\"name\":\"La F\u00f3rmula 1 puso en duda la realizaci\u00f3n de los GP de Bahr\u00e9in y Arabia Saudita - FM Patagonia Madryn\",\"isPartOf\":{\"@id\":\"https:\\\/\\\/fmpatagoniamadryn.com.ar\\\/#website\"},\"primaryImageOfPage\":{\"@id\":\"https:\\\/\\\/fmpatagoniamadryn.com.ar\\\/?p=21053#primaryimage\"},\"image\":{\"@id\":\"https:\\\/\\\/fmpatagoniamadryn.com.ar\\\/?p=21053#primaryimage\"},\"thumbnailUrl\":\"https:\\\/\\\/fmpatagoniamadryn.com.ar\\\/wp-content\\\/uploads\\\/2026\\\/03\\\/f1-posibles-cancelaciones.webp\",\"datePublished\":\"2026-03-10T15:39:00+00:00\",\"breadcrumb\":{\"@id\":\"https:\\\/\\\/fmpatagoniamadryn.com.ar\\\/?p=21053#breadcrumb\"},\"inLanguage\":\"es\",\"potentialAction\":[{\"@type\":\"ReadAction\",\"target\":[\"https:\\\/\\\/fmpatagoniamadryn.com.ar\\\/?p=21053\"]}]},{\"@type\":\"ImageObject\",\"inLanguage\":\"es\",\"@id\":\"https:\\\/\\\/fmpatagoniamadryn.com.ar\\\/?p=21053#primaryimage\",\"url\":\"https:\\\/\\\/fmpatagoniamadryn.com.ar\\\/wp-content\\\/uploads\\\/2026\\\/03\\\/f1-posibles-cancelaciones.webp\",\"contentUrl\":\"https:\\\/\\\/fmpatagoniamadryn.com.ar\\\/wp-content\\\/uploads\\\/2026\\\/03\\\/f1-posibles-cancelaciones.webp\",\"width\":862,\"height\":485},{\"@type\":\"BreadcrumbList\",\"@id\":\"https:\\\/\\\/fmpatagoniamadryn.com.ar\\\/?p=21053#breadcrumb\",\"itemListElement\":[{\"@type\":\"ListItem\",\"position\":1,\"name\":\"Portada\",\"item\":\"https:\\\/\\\/fmpatagoniamadryn.com.ar\\\/\"},{\"@type\":\"ListItem\",\"position\":2,\"name\":\"La F\u00f3rmula 1 puso en duda la realizaci\u00f3n de los GP de Bahr\u00e9in y Arabia Saudita\"}]},{\"@type\":\"WebSite\",\"@id\":\"https:\\\/\\\/fmpatagoniamadryn.com.ar\\\/#website\",\"url\":\"https:\\\/\\\/fmpatagoniamadryn.com.ar\\\/\",\"name\":\"FM Patagonia Madryn\",\"description\":\"Radio Patagonia 105.5\",\"publisher\":{\"@id\":\"https:\\\/\\\/fmpatagoniamadryn.com.ar\\\/#organization\"},\"potentialAction\":[{\"@type\":\"SearchAction\",\"target\":{\"@type\":\"EntryPoint\",\"urlTemplate\":\"https:\\\/\\\/fmpatagoniamadryn.com.ar\\\/?s={search_term_string}\"},\"query-input\":{\"@type\":\"PropertyValueSpecification\",\"valueRequired\":true,\"valueName\":\"search_term_string\"}}],\"inLanguage\":\"es\"},{\"@type\":\"Organization\",\"@id\":\"https:\\\/\\\/fmpatagoniamadryn.com.ar\\\/#organization\",\"name\":\"FM Patagonia Madryn\",\"url\":\"https:\\\/\\\/fmpatagoniamadryn.com.ar\\\/\",\"logo\":{\"@type\":\"ImageObject\",\"inLanguage\":\"es\",\"@id\":\"https:\\\/\\\/fmpatagoniamadryn.com.ar\\\/#\\\/schema\\\/logo\\\/image\\\/\",\"url\":\"https:\\\/\\\/fmpatagoniamadryn.com.ar\\\/wp-content\\\/uploads\\\/2023\\\/01\\\/cropped-Diseno-sin-titulo.png\",\"contentUrl\":\"https:\\\/\\\/fmpatagoniamadryn.com.ar\\\/wp-content\\\/uploads\\\/2023\\\/01\\\/cropped-Diseno-sin-titulo.png\",\"width\":6911,\"height\":2657,\"caption\":\"FM Patagonia Madryn\"},\"image\":{\"@id\":\"https:\\\/\\\/fmpatagoniamadryn.com.ar\\\/#\\\/schema\\\/logo\\\/image\\\/\"}},{\"@type\":\"Person\",\"@id\":\"https:\\\/\\\/fmpatagoniamadryn.com.ar\\\/#\\\/schema\\\/person\\\/d1eaeab8ab628617785f4d9ef0e8d5d8\",\"name\":\"FM Patagonia\",\"url\":\"https:\\\/\\\/fmpatagoniamadryn.com.ar\\\/?author=5\"}]}<\/script>\n<!-- \/ Yoast SEO plugin. -->","yoast_head_json":{"title":"La F\u00f3rmula 1 puso en duda la realizaci\u00f3n de los GP de Bahr\u00e9in y Arabia Saudita - FM Patagonia Madryn","robots":{"index":"index","follow":"follow","max-snippet":"max-snippet:-1","max-image-preview":"max-image-preview:large","max-video-preview":"max-video-preview:-1"},"canonical":"https:\/\/fmpatagoniamadryn.com.ar\/?p=21053","og_locale":"es_ES","og_type":"article","og_title":"La F\u00f3rmula 1 puso en duda la realizaci\u00f3n de los GP de Bahr\u00e9in y Arabia Saudita - FM Patagonia Madryn","og_description":"La escalada b\u00e9lica en Medio Oriente complica la log\u00edstica del campeonato y obliga a revisar el calendario. La F2 y la F3 ya modificaron sus planes de traslado y aguardan definiciones oficiales.","og_url":"https:\/\/fmpatagoniamadryn.com.ar\/?p=21053","og_site_name":"FM Patagonia Madryn","article_published_time":"2026-03-10T15:39:00+00:00","og_image":[{"width":862,"height":485,"url":"https:\/\/fmpatagoniamadryn.com.ar\/wp-content\/uploads\/2026\/03\/f1-posibles-cancelaciones.webp","type":"image\/webp"}],"author":"FM Patagonia","twitter_card":"summary_large_image","twitter_misc":{"Escrito por":"FM Patagonia","Tiempo de lectura":"2 minutos"},"schema":{"@context":"https:\/\/schema.org","@graph":[{"@type":"Article","@id":"https:\/\/fmpatagoniamadryn.com.ar\/?p=21053#article","isPartOf":{"@id":"https:\/\/fmpatagoniamadryn.com.ar\/?p=21053"},"author":{"name":"FM Patagonia","@id":"https:\/\/fmpatagoniamadryn.com.ar\/#\/schema\/person\/d1eaeab8ab628617785f4d9ef0e8d5d8"},"headline":"La F\u00f3rmula 1 puso en duda la realizaci\u00f3n de los GP de Bahr\u00e9in y Arabia Saudita","datePublished":"2026-03-10T15:39:00+00:00","mainEntityOfPage":{"@id":"https:\/\/fmpatagoniamadryn.com.ar\/?p=21053"},"wordCount":393,"publisher":{"@id":"https:\/\/fmpatagoniamadryn.com.ar\/#organization"},"image":{"@id":"https:\/\/fmpatagoniamadryn.com.ar\/?p=21053#primaryimage"},"thumbnailUrl":"https:\/\/fmpatagoniamadryn.com.ar\/wp-content\/uploads\/2026\/03\/f1-posibles-cancelaciones.webp","keywords":["F\u00f3rmula 1"],"articleSection":["Deportes"],"inLanguage":"es"},{"@type":"WebPage","@id":"https:\/\/fmpatagoniamadryn.com.ar\/?p=21053","url":"https:\/\/fmpatagoniamadryn.com.ar\/?p=21053","name":"La F\u00f3rmula 1 puso en duda la realizaci\u00f3n de los GP de Bahr\u00e9in y Arabia Saudita - FM Patagonia Madryn","isPartOf":{"@id":"https:\/\/fmpatagoniamadryn.com.ar\/#website"},"primaryImageOfPage":{"@id":"https:\/\/fmpatagoniamadryn.com.ar\/?p=21053#primaryimage"},"image":{"@id":"https:\/\/fmpatagoniamadryn.com.ar\/?p=21053#primaryimage"},"thumbnailUrl":"https:\/\/fmpatagoniamadryn.com.ar\/wp-content\/uploads\/2026\/03\/f1-posibles-cancelaciones.webp","datePublished":"2026-03-10T15:39:00+00:00","breadcrumb":{"@id":"https:\/\/fmpatagoniamadryn.com.ar\/?p=21053#breadcrumb"},"inLanguage":"es","potentialAction":[{"@type":"ReadAction","target":["https:\/\/fmpatagoniamadryn.com.ar\/?p=21053"]}]},{"@type":"ImageObject","inLanguage":"es","@id":"https:\/\/fmpatagoniamadryn.com.ar\/?p=21053#primaryimage","url":"https:\/\/fmpatagoniamadryn.com.ar\/wp-content\/uploads\/2026\/03\/f1-posibles-cancelaciones.webp","contentUrl":"https:\/\/fmpatagoniamadryn.com.ar\/wp-content\/uploads\/2026\/03\/f1-posibles-cancelaciones.webp","width":862,"height":485},{"@type":"BreadcrumbList","@id":"https:\/\/fmpatagoniamadryn.com.ar\/?p=21053#breadcrumb","itemListElement":[{"@type":"ListItem","position":1,"name":"Portada","item":"https:\/\/fmpatagoniamadryn.com.ar\/"},{"@type":"ListItem","position":2,"name":"La F\u00f3rmula 1 puso en duda la realizaci\u00f3n de los GP de Bahr\u00e9in y Arabia Saudita"}]},{"@type":"WebSite","@id":"https:\/\/fmpatagoniamadryn.com.ar\/#website","url":"https:\/\/fmpatagoniamadryn.com.ar\/","name":"FM Patagonia Madryn","description":"Radio Patagonia 105.5","publisher":{"@id":"https:\/\/fmpatagoniamadryn.com.ar\/#organization"},"potentialAction":[{"@type":"SearchAction","target":{"@type":"EntryPoint","urlTemplate":"https:\/\/fmpatagoniamadryn.com.ar\/?s={search_term_string}"},"query-input":{"@type":"PropertyValueSpecification","valueRequired":true,"valueName":"search_term_string"}}],"inLanguage":"es"},{"@type":"Organization","@id":"https:\/\/fmpatagoniamadryn.com.ar\/#organization","name":"FM Patagonia Madryn","url":"https:\/\/fmpatagoniamadryn.com.ar\/","logo":{"@type":"ImageObject","inLanguage":"es","@id":"https:\/\/fmpatagoniamadryn.com.ar\/#\/schema\/logo\/image\/","url":"https:\/\/fmpatagoniamadryn.com.ar\/wp-content\/uploads\/2023\/01\/cropped-Diseno-sin-titulo.png","contentUrl":"https:\/\/fmpatagoniamadryn.com.ar\/wp-content\/uploads\/2023\/01\/cropped-Diseno-sin-titulo.png","width":6911,"height":2657,"caption":"FM Patagonia Madryn"},"image":{"@id":"https:\/\/fmpatagoniamadryn.com.ar\/#\/schema\/logo\/image\/"}},{"@type":"Person","@id":"https:\/\/fmpatagoniamadryn.com.ar\/#\/schema\/person\/d1eaeab8ab628617785f4d9ef0e8d5d8","name":"FM Patagonia","url":"https:\/\/fmpatagoniamadryn.com.ar\/?author=5"}]}},"jetpack_featured_media_url":"https:\/\/fmpatagoniamadryn.com.ar\/wp-content\/uploads\/2026\/03\/f1-posibles-cancelaciones.webp","_links":{"self":[{"href":"https:\/\/fmpatagoniamadryn.com.ar\/index.php?rest_route=\/wp\/v2\/posts\/21053","targetHints":{"allow":["GET"]}}],"collection":[{"href":"https:\/\/fmpatagoniamadryn.com.ar\/index.php?rest_route=\/wp\/v2\/posts"}],"about":[{"href":"https:\/\/fmpatagoniamadryn.com.ar\/index.php?rest_route=\/wp\/v2\/types\/post"}],"author":[{"embeddable":true,"href":"https:\/\/fmpatagoniamadryn.com.ar\/index.php?rest_route=\/wp\/v2\/users\/5"}],"replies":[{"embeddable":true,"href":"https:\/\/fmpatagoniamadryn.com.ar\/index.php?rest_route=%2Fwp%2Fv2%2Fcomments&post=21053"}],"version-history":[{"count":1,"href":"https:\/\/fmpatagoniamadryn.com.ar\/index.php?rest_route=\/wp\/v2\/posts\/21053\/revisions"}],"predecessor-version":[{"id":21055,"href":"https:\/\/fmpatagoniamadryn.com.ar\/index.php?rest_route=\/wp\/v2\/posts\/21053\/revisions\/21055"}],"wp:featuredmedia":[{"embeddable":true,"href":"https:\/\/fmpatagoniamadryn.com.ar\/index.php?rest_route=\/wp\/v2\/media\/21054"}],"wp:attachment":[{"href":"https:\/\/fmpatagoniamadryn.com.ar\/index.php?rest_route=%2Fwp%2Fv2%2Fmedia&parent=21053"}],"wp:term":[{"taxonomy":"category","embeddable":true,"href":"https:\/\/fmpatagoniamadryn.com.ar\/index.php?rest_route=%2Fwp%2Fv2%2Fcategories&post=21053"},{"taxonomy":"post_tag","embeddable":true,"href":"https:\/\/fmpatagoniamadryn.com.ar\/index.php?rest_route=%2Fwp%2Fv2%2Ftags&post=21053"}],"curies":[{"name":"wp","href":"https:\/\/api.w.org\/{rel}","templated":true}]}}