{"id":21089,"date":"2026-03-11T10:38:33","date_gmt":"2026-03-11T13:38:33","guid":{"rendered":"https:\/\/fmpatagoniamadryn.com.ar\/?p=21089"},"modified":"2026-03-11T10:38:40","modified_gmt":"2026-03-11T13:38:40","slug":"iran-confirmo-que-se-bajaran-del-mundial-2026","status":"publish","type":"post","link":"https:\/\/fmpatagoniamadryn.com.ar\/?p=21089","title":{"rendered":"Ir\u00e1n confirm\u00f3 que se bajar\u00e1n del Mundial 2026"},"content":{"rendered":"\n<p><strong>Ahmad<\/strong>\u00a0<strong>Doyanmali<\/strong>, ministro de Deportes de Ir\u00e1n,\u00a0<strong>afirm\u00f3 que su pa\u00eds no jugar\u00e1 el Mundial 2026 mediante un dur\u00edsimo comunicado contra Estados Unidos<\/strong>, que horas antes le hab\u00eda abierto las puertas:<em>\u00a0\u201cDado que este gobierno ha asesinado a nuestro l\u00edder (Al\u00ed Jamenei), no hay condiciones de que podamos participar\u201d.\u00a0<\/em><\/p>\n\n\n\n<p>Doyanmali continu\u00f3:<em>&nbsp;\u201c<strong>Se nos han impuesto dos guerras en ocho o nueve meses<\/strong>&nbsp;y varios miles de nuestros ciudadanos han sido asesinados. Por lo tanto,&nbsp;<strong>no tenemos ninguna posibilidad de competir de esta manera<\/strong>\u201d<\/em>. Finalmente, asegur\u00f3: \u201c<em><strong>Si el pa\u00eds organizador fuera otro, seguramente la comunidad internacional habr\u00eda reaccionado y le habr\u00eda retirado la sede\u201d<\/strong>,&nbsp;<\/em>en di\u00e1logo con la Agencia Alemana de Prensa.&nbsp;<\/p>\n\n\n\n<p>Estados Unidos realiz\u00f3 dos ofensivas contra el r\u00e9gimen iran\u00ed desde que Trump asumi\u00f3 su segundo mandato. Primero, se desarroll\u00f3 la\u00a0<strong>Operaci\u00f3n Martillo de Medianoche<\/strong>, que inici\u00f3 uy termin\u00f3 el 22 de junio de 2025 y consisti\u00f3 en bombardeos a tres centrales nucleares del pa\u00eds de Medio Oriente. Segundo,<strong>\u00a0la guerra que inici\u00f3 el 28 de febrero y a\u00fan sigue en pie<\/strong>. De hecho, en las \u00faltimas horas, el mandatario republicano prometi\u00f3 represalias\u00a0<em>\u201cnunca antes vistas<\/em>\u201d.\u00a0<\/p>\n\n\n\n<p>Por otra parte, el presidente de la Federaci\u00f3n Iran\u00ed de F\u00fatbol, Mehdi Taj, pregunt\u00f3:&nbsp;<em>\u201c\u00bfQu\u00e9 persona sensata enviar\u00eda a su selecci\u00f3n nacional a Estados Unidos si la Copa del Mundo fuera tan pol\u00edtica como lo fue la Copa de Asia?\u201d<\/em>. En Australia, el equipo femenino iran\u00ed no cant\u00f3 el himno de su naci\u00f3n y seis jugadoras le solicitaron asilo al gobierno de Anthony Albanese.&nbsp;<\/p>\n\n\n\n<p><strong>Los Leones de Persia se hab\u00edan clasificado para el Grupo G de la m\u00e1xima cita del deporte<\/strong>, que iniciar\u00e1 el 11 de junio, y sus tres partidos obligatorios eran en Estados Unidos. Seg\u00fan su calendario,&nbsp;<strong>ten\u00edan que enfrentar a Nueva Zelanda y B\u00e9lgica<\/strong>&nbsp;<strong>en Los \u00e1ngeles y a Egipto en Seattle<\/strong>.&nbsp;<\/p>\n\n\n\n<p>Minutos antes de las palabras de Doyanmali,&nbsp;<strong>Gianni Infantino, presidente de la FIFA, hab\u00eda revelado<\/strong>:&nbsp;<em>\u201cAyer me reun\u00ed con el presidente Trump. Hablamos sobre la actual situaci\u00f3n en Ir\u00e1n y el hecho de que su equipo haya clasificado para participar de la Copa del Mundo.&nbsp;<strong>Durante la conversaci\u00f3n, Trump reiter\u00f3 que su combinado es, por supuesto, bienvenido a competir<\/strong>\u201d.<\/em>&nbsp;<\/p>\n\n\n\n<p>Sin embargo,<strong>&nbsp;los ciudadanos iran\u00edes no son habilitados a entrar en Estados Unidos por el sistema de visados<\/strong>, que la administraci\u00f3n de Trump volvi\u00f3 m\u00e1s estrictos y tambi\u00e9n afecta a Hait\u00ed, Senegal o Costa de Marfil, tambi\u00e9n clasificados a la cita.&nbsp;<\/p>\n","protected":false},"excerpt":{"rendered":"<p>Ahmad Doyanmali, ministro de Deportes, afirm\u00f3 que el seleccionado de su pa\u00eds no asistir\u00e1 a la m\u00e1xima cita del deporte, tras los ataques de Estados Unidos e Israel que provocaron una guerra en Medio Oriente.<\/p>\n","protected":false},"author":5,"featured_media":21090,"comment_status":"closed","ping_status":"closed","sticky":false,"template":"","format":"standard","meta":{"footnotes":""},"categories":[4],"tags":[85],"class_list":["post-21089","post","type-post","status-publish","format-standard","has-post-thumbnail","hentry","category-deportes","tag-copa-del-mundo"],"yoast_head":"<!-- This site is optimized with the Yoast SEO plugin v27.4 - https:\/\/yoast.com\/product\/yoast-seo-wordpress\/ -->\n<title>Ir\u00e1n confirm\u00f3 que se bajar\u00e1n del Mundial 2026 - FM Patagonia Madryn<\/title>\n<meta name=\"robots\" content=\"index, follow, max-snippet:-1, max-image-preview:large, max-video-preview:-1\" \/>\n<link rel=\"canonical\" href=\"https:\/\/fmpatagoniamadryn.com.ar\/?p=21089\" \/>\n<meta property=\"og:locale\" content=\"es_ES\" \/>\n<meta property=\"og:type\" content=\"article\" \/>\n<meta property=\"og:title\" content=\"Ir\u00e1n confirm\u00f3 que se bajar\u00e1n del Mundial 2026 - FM Patagonia Madryn\" \/>\n<meta property=\"og:description\" content=\"Ahmad Doyanmali, ministro de Deportes, afirm\u00f3 que el seleccionado de su pa\u00eds no asistir\u00e1 a la m\u00e1xima cita del deporte, tras los ataques de Estados Unidos e Israel que provocaron una guerra en Medio Oriente.\" \/>\n<meta property=\"og:url\" content=\"https:\/\/fmpatagoniamadryn.com.ar\/?p=21089\" \/>\n<meta property=\"og:site_name\" content=\"FM Patagonia Madryn\" \/>\n<meta property=\"article:published_time\" content=\"2026-03-11T13:38:33+00:00\" \/>\n<meta property=\"article:modified_time\" content=\"2026-03-11T13:38:40+00:00\" \/>\n<meta property=\"og:image\" content=\"https:\/\/fmpatagoniamadryn.com.ar\/wp-content\/uploads\/2026\/03\/iran-no-va-al-mundial.webp\" \/>\n\t<meta property=\"og:image:width\" content=\"862\" \/>\n\t<meta property=\"og:image:height\" content=\"485\" \/>\n\t<meta property=\"og:image:type\" content=\"image\/webp\" \/>\n<meta name=\"author\" content=\"FM Patagonia\" \/>\n<meta name=\"twitter:card\" content=\"summary_large_image\" \/>\n<meta name=\"twitter:label1\" content=\"Escrito por\" \/>\n\t<meta name=\"twitter:data1\" content=\"FM Patagonia\" \/>\n\t<meta name=\"twitter:label2\" content=\"Tiempo de lectura\" \/>\n\t<meta name=\"twitter:data2\" content=\"3 minutos\" \/>\n<script type=\"application\/ld+json\" class=\"yoast-schema-graph\">{\"@context\":\"https:\\\/\\\/schema.org\",\"@graph\":[{\"@type\":\"Article\",\"@id\":\"https:\\\/\\\/fmpatagoniamadryn.com.ar\\\/?p=21089#article\",\"isPartOf\":{\"@id\":\"https:\\\/\\\/fmpatagoniamadryn.com.ar\\\/?p=21089\"},\"author\":{\"name\":\"FM Patagonia\",\"@id\":\"https:\\\/\\\/fmpatagoniamadryn.com.ar\\\/#\\\/schema\\\/person\\\/d1eaeab8ab628617785f4d9ef0e8d5d8\"},\"headline\":\"Ir\u00e1n confirm\u00f3 que se bajar\u00e1n del Mundial 2026\",\"datePublished\":\"2026-03-11T13:38:33+00:00\",\"dateModified\":\"2026-03-11T13:38:40+00:00\",\"mainEntityOfPage\":{\"@id\":\"https:\\\/\\\/fmpatagoniamadryn.com.ar\\\/?p=21089\"},\"wordCount\":454,\"publisher\":{\"@id\":\"https:\\\/\\\/fmpatagoniamadryn.com.ar\\\/#organization\"},\"image\":{\"@id\":\"https:\\\/\\\/fmpatagoniamadryn.com.ar\\\/?p=21089#primaryimage\"},\"thumbnailUrl\":\"https:\\\/\\\/fmpatagoniamadryn.com.ar\\\/wp-content\\\/uploads\\\/2026\\\/03\\\/iran-no-va-al-mundial.webp\",\"keywords\":[\"Copa del Mundo\"],\"articleSection\":[\"Deportes\"],\"inLanguage\":\"es\"},{\"@type\":\"WebPage\",\"@id\":\"https:\\\/\\\/fmpatagoniamadryn.com.ar\\\/?p=21089\",\"url\":\"https:\\\/\\\/fmpatagoniamadryn.com.ar\\\/?p=21089\",\"name\":\"Ir\u00e1n confirm\u00f3 que se bajar\u00e1n del Mundial 2026 - FM Patagonia Madryn\",\"isPartOf\":{\"@id\":\"https:\\\/\\\/fmpatagoniamadryn.com.ar\\\/#website\"},\"primaryImageOfPage\":{\"@id\":\"https:\\\/\\\/fmpatagoniamadryn.com.ar\\\/?p=21089#primaryimage\"},\"image\":{\"@id\":\"https:\\\/\\\/fmpatagoniamadryn.com.ar\\\/?p=21089#primaryimage\"},\"thumbnailUrl\":\"https:\\\/\\\/fmpatagoniamadryn.com.ar\\\/wp-content\\\/uploads\\\/2026\\\/03\\\/iran-no-va-al-mundial.webp\",\"datePublished\":\"2026-03-11T13:38:33+00:00\",\"dateModified\":\"2026-03-11T13:38:40+00:00\",\"breadcrumb\":{\"@id\":\"https:\\\/\\\/fmpatagoniamadryn.com.ar\\\/?p=21089#breadcrumb\"},\"inLanguage\":\"es\",\"potentialAction\":[{\"@type\":\"ReadAction\",\"target\":[\"https:\\\/\\\/fmpatagoniamadryn.com.ar\\\/?p=21089\"]}]},{\"@type\":\"ImageObject\",\"inLanguage\":\"es\",\"@id\":\"https:\\\/\\\/fmpatagoniamadryn.com.ar\\\/?p=21089#primaryimage\",\"url\":\"https:\\\/\\\/fmpatagoniamadryn.com.ar\\\/wp-content\\\/uploads\\\/2026\\\/03\\\/iran-no-va-al-mundial.webp\",\"contentUrl\":\"https:\\\/\\\/fmpatagoniamadryn.com.ar\\\/wp-content\\\/uploads\\\/2026\\\/03\\\/iran-no-va-al-mundial.webp\",\"width\":862,\"height\":485},{\"@type\":\"BreadcrumbList\",\"@id\":\"https:\\\/\\\/fmpatagoniamadryn.com.ar\\\/?p=21089#breadcrumb\",\"itemListElement\":[{\"@type\":\"ListItem\",\"position\":1,\"name\":\"Portada\",\"item\":\"https:\\\/\\\/fmpatagoniamadryn.com.ar\\\/\"},{\"@type\":\"ListItem\",\"position\":2,\"name\":\"Ir\u00e1n confirm\u00f3 que se bajar\u00e1n del Mundial 2026\"}]},{\"@type\":\"WebSite\",\"@id\":\"https:\\\/\\\/fmpatagoniamadryn.com.ar\\\/#website\",\"url\":\"https:\\\/\\\/fmpatagoniamadryn.com.ar\\\/\",\"name\":\"FM Patagonia Madryn\",\"description\":\"Radio Patagonia 105.5\",\"publisher\":{\"@id\":\"https:\\\/\\\/fmpatagoniamadryn.com.ar\\\/#organization\"},\"potentialAction\":[{\"@type\":\"SearchAction\",\"target\":{\"@type\":\"EntryPoint\",\"urlTemplate\":\"https:\\\/\\\/fmpatagoniamadryn.com.ar\\\/?s={search_term_string}\"},\"query-input\":{\"@type\":\"PropertyValueSpecification\",\"valueRequired\":true,\"valueName\":\"search_term_string\"}}],\"inLanguage\":\"es\"},{\"@type\":\"Organization\",\"@id\":\"https:\\\/\\\/fmpatagoniamadryn.com.ar\\\/#organization\",\"name\":\"FM Patagonia Madryn\",\"url\":\"https:\\\/\\\/fmpatagoniamadryn.com.ar\\\/\",\"logo\":{\"@type\":\"ImageObject\",\"inLanguage\":\"es\",\"@id\":\"https:\\\/\\\/fmpatagoniamadryn.com.ar\\\/#\\\/schema\\\/logo\\\/image\\\/\",\"url\":\"https:\\\/\\\/fmpatagoniamadryn.com.ar\\\/wp-content\\\/uploads\\\/2023\\\/01\\\/cropped-Diseno-sin-titulo.png\",\"contentUrl\":\"https:\\\/\\\/fmpatagoniamadryn.com.ar\\\/wp-content\\\/uploads\\\/2023\\\/01\\\/cropped-Diseno-sin-titulo.png\",\"width\":6911,\"height\":2657,\"caption\":\"FM Patagonia Madryn\"},\"image\":{\"@id\":\"https:\\\/\\\/fmpatagoniamadryn.com.ar\\\/#\\\/schema\\\/logo\\\/image\\\/\"}},{\"@type\":\"Person\",\"@id\":\"https:\\\/\\\/fmpatagoniamadryn.com.ar\\\/#\\\/schema\\\/person\\\/d1eaeab8ab628617785f4d9ef0e8d5d8\",\"name\":\"FM Patagonia\",\"url\":\"https:\\\/\\\/fmpatagoniamadryn.com.ar\\\/?author=5\"}]}<\/script>\n<!-- \/ Yoast SEO plugin. -->","yoast_head_json":{"title":"Ir\u00e1n confirm\u00f3 que se bajar\u00e1n del Mundial 2026 - FM Patagonia Madryn","robots":{"index":"index","follow":"follow","max-snippet":"max-snippet:-1","max-image-preview":"max-image-preview:large","max-video-preview":"max-video-preview:-1"},"canonical":"https:\/\/fmpatagoniamadryn.com.ar\/?p=21089","og_locale":"es_ES","og_type":"article","og_title":"Ir\u00e1n confirm\u00f3 que se bajar\u00e1n del Mundial 2026 - FM Patagonia Madryn","og_description":"Ahmad Doyanmali, ministro de Deportes, afirm\u00f3 que el seleccionado de su pa\u00eds no asistir\u00e1 a la m\u00e1xima cita del deporte, tras los ataques de Estados Unidos e Israel que provocaron una guerra en Medio Oriente.","og_url":"https:\/\/fmpatagoniamadryn.com.ar\/?p=21089","og_site_name":"FM Patagonia Madryn","article_published_time":"2026-03-11T13:38:33+00:00","article_modified_time":"2026-03-11T13:38:40+00:00","og_image":[{"width":862,"height":485,"url":"https:\/\/fmpatagoniamadryn.com.ar\/wp-content\/uploads\/2026\/03\/iran-no-va-al-mundial.webp","type":"image\/webp"}],"author":"FM Patagonia","twitter_card":"summary_large_image","twitter_misc":{"Escrito por":"FM Patagonia","Tiempo de lectura":"3 minutos"},"schema":{"@context":"https:\/\/schema.org","@graph":[{"@type":"Article","@id":"https:\/\/fmpatagoniamadryn.com.ar\/?p=21089#article","isPartOf":{"@id":"https:\/\/fmpatagoniamadryn.com.ar\/?p=21089"},"author":{"name":"FM Patagonia","@id":"https:\/\/fmpatagoniamadryn.com.ar\/#\/schema\/person\/d1eaeab8ab628617785f4d9ef0e8d5d8"},"headline":"Ir\u00e1n confirm\u00f3 que se bajar\u00e1n del Mundial 2026","datePublished":"2026-03-11T13:38:33+00:00","dateModified":"2026-03-11T13:38:40+00:00","mainEntityOfPage":{"@id":"https:\/\/fmpatagoniamadryn.com.ar\/?p=21089"},"wordCount":454,"publisher":{"@id":"https:\/\/fmpatagoniamadryn.com.ar\/#organization"},"image":{"@id":"https:\/\/fmpatagoniamadryn.com.ar\/?p=21089#primaryimage"},"thumbnailUrl":"https:\/\/fmpatagoniamadryn.com.ar\/wp-content\/uploads\/2026\/03\/iran-no-va-al-mundial.webp","keywords":["Copa del Mundo"],"articleSection":["Deportes"],"inLanguage":"es"},{"@type":"WebPage","@id":"https:\/\/fmpatagoniamadryn.com.ar\/?p=21089","url":"https:\/\/fmpatagoniamadryn.com.ar\/?p=21089","name":"Ir\u00e1n confirm\u00f3 que se bajar\u00e1n del Mundial 2026 - FM Patagonia Madryn","isPartOf":{"@id":"https:\/\/fmpatagoniamadryn.com.ar\/#website"},"primaryImageOfPage":{"@id":"https:\/\/fmpatagoniamadryn.com.ar\/?p=21089#primaryimage"},"image":{"@id":"https:\/\/fmpatagoniamadryn.com.ar\/?p=21089#primaryimage"},"thumbnailUrl":"https:\/\/fmpatagoniamadryn.com.ar\/wp-content\/uploads\/2026\/03\/iran-no-va-al-mundial.webp","datePublished":"2026-03-11T13:38:33+00:00","dateModified":"2026-03-11T13:38:40+00:00","breadcrumb":{"@id":"https:\/\/fmpatagoniamadryn.com.ar\/?p=21089#breadcrumb"},"inLanguage":"es","potentialAction":[{"@type":"ReadAction","target":["https:\/\/fmpatagoniamadryn.com.ar\/?p=21089"]}]},{"@type":"ImageObject","inLanguage":"es","@id":"https:\/\/fmpatagoniamadryn.com.ar\/?p=21089#primaryimage","url":"https:\/\/fmpatagoniamadryn.com.ar\/wp-content\/uploads\/2026\/03\/iran-no-va-al-mundial.webp","contentUrl":"https:\/\/fmpatagoniamadryn.com.ar\/wp-content\/uploads\/2026\/03\/iran-no-va-al-mundial.webp","width":862,"height":485},{"@type":"BreadcrumbList","@id":"https:\/\/fmpatagoniamadryn.com.ar\/?p=21089#breadcrumb","itemListElement":[{"@type":"ListItem","position":1,"name":"Portada","item":"https:\/\/fmpatagoniamadryn.com.ar\/"},{"@type":"ListItem","position":2,"name":"Ir\u00e1n confirm\u00f3 que se bajar\u00e1n del Mundial 2026"}]},{"@type":"WebSite","@id":"https:\/\/fmpatagoniamadryn.com.ar\/#website","url":"https:\/\/fmpatagoniamadryn.com.ar\/","name":"FM Patagonia Madryn","description":"Radio Patagonia 105.5","publisher":{"@id":"https:\/\/fmpatagoniamadryn.com.ar\/#organization"},"potentialAction":[{"@type":"SearchAction","target":{"@type":"EntryPoint","urlTemplate":"https:\/\/fmpatagoniamadryn.com.ar\/?s={search_term_string}"},"query-input":{"@type":"PropertyValueSpecification","valueRequired":true,"valueName":"search_term_string"}}],"inLanguage":"es"},{"@type":"Organization","@id":"https:\/\/fmpatagoniamadryn.com.ar\/#organization","name":"FM Patagonia Madryn","url":"https:\/\/fmpatagoniamadryn.com.ar\/","logo":{"@type":"ImageObject","inLanguage":"es","@id":"https:\/\/fmpatagoniamadryn.com.ar\/#\/schema\/logo\/image\/","url":"https:\/\/fmpatagoniamadryn.com.ar\/wp-content\/uploads\/2023\/01\/cropped-Diseno-sin-titulo.png","contentUrl":"https:\/\/fmpatagoniamadryn.com.ar\/wp-content\/uploads\/2023\/01\/cropped-Diseno-sin-titulo.png","width":6911,"height":2657,"caption":"FM Patagonia Madryn"},"image":{"@id":"https:\/\/fmpatagoniamadryn.com.ar\/#\/schema\/logo\/image\/"}},{"@type":"Person","@id":"https:\/\/fmpatagoniamadryn.com.ar\/#\/schema\/person\/d1eaeab8ab628617785f4d9ef0e8d5d8","name":"FM Patagonia","url":"https:\/\/fmpatagoniamadryn.com.ar\/?author=5"}]}},"jetpack_featured_media_url":"https:\/\/fmpatagoniamadryn.com.ar\/wp-content\/uploads\/2026\/03\/iran-no-va-al-mundial.webp","_links":{"self":[{"href":"https:\/\/fmpatagoniamadryn.com.ar\/index.php?rest_route=\/wp\/v2\/posts\/21089","targetHints":{"allow":["GET"]}}],"collection":[{"href":"https:\/\/fmpatagoniamadryn.com.ar\/index.php?rest_route=\/wp\/v2\/posts"}],"about":[{"href":"https:\/\/fmpatagoniamadryn.com.ar\/index.php?rest_route=\/wp\/v2\/types\/post"}],"author":[{"embeddable":true,"href":"https:\/\/fmpatagoniamadryn.com.ar\/index.php?rest_route=\/wp\/v2\/users\/5"}],"replies":[{"embeddable":true,"href":"https:\/\/fmpatagoniamadryn.com.ar\/index.php?rest_route=%2Fwp%2Fv2%2Fcomments&post=21089"}],"version-history":[{"count":1,"href":"https:\/\/fmpatagoniamadryn.com.ar\/index.php?rest_route=\/wp\/v2\/posts\/21089\/revisions"}],"predecessor-version":[{"id":21091,"href":"https:\/\/fmpatagoniamadryn.com.ar\/index.php?rest_route=\/wp\/v2\/posts\/21089\/revisions\/21091"}],"wp:featuredmedia":[{"embeddable":true,"href":"https:\/\/fmpatagoniamadryn.com.ar\/index.php?rest_route=\/wp\/v2\/media\/21090"}],"wp:attachment":[{"href":"https:\/\/fmpatagoniamadryn.com.ar\/index.php?rest_route=%2Fwp%2Fv2%2Fmedia&parent=21089"}],"wp:term":[{"taxonomy":"category","embeddable":true,"href":"https:\/\/fmpatagoniamadryn.com.ar\/index.php?rest_route=%2Fwp%2Fv2%2Fcategories&post=21089"},{"taxonomy":"post_tag","embeddable":true,"href":"https:\/\/fmpatagoniamadryn.com.ar\/index.php?rest_route=%2Fwp%2Fv2%2Ftags&post=21089"}],"curies":[{"name":"wp","href":"https:\/\/api.w.org\/{rel}","templated":true}]}}