{"id":21093,"date":"2026-03-11T11:20:30","date_gmt":"2026-03-11T14:20:30","guid":{"rendered":"https:\/\/fmpatagoniamadryn.com.ar\/?p=21093"},"modified":"2026-03-11T11:20:30","modified_gmt":"2026-03-11T14:20:30","slug":"el-celebrity-equinox-completo-su-ultima-escala-de-la-temporada-y-ya-anuncio-su-regreso-a-chubut","status":"publish","type":"post","link":"https:\/\/fmpatagoniamadryn.com.ar\/?p=21093","title":{"rendered":"El Celebrity Equinox complet\u00f3 su \u00faltima escala de la temporada y ya anunci\u00f3 su regreso a Chubut"},"content":{"rendered":"\n<p><\/p>\n\n\n\n<p><em>Se trata del buque de pasajeros m\u00e1s grande que visit\u00f3 Chubut, movilizando a m\u00e1s de 28.000 personas durante sus distintos arribos.<\/em><\/p>\n\n\n\n<p>El buque de pasajeros, el m\u00e1s grande que visit\u00f3 la provincia durante la presente temporada, concret\u00f3 su s\u00e9ptima recalada en las costas chubutenses. En sus distintas escalas moviliz\u00f3 m\u00e1s de 28.000 cruceristas y ya tiene anunciadas nuevas visitas para las pr\u00f3ximas temporadas.<\/p>\n\n\n\n<p>El buque de pasajeros Celebrity Equinox amarr\u00f3 este mi\u00e9rcoles, minutos antes de las 7 de la ma\u00f1ana, sobre el lado norte del Muelle Comandante Luis Piedra Buena de Puerto Madryn, cumpliendo as\u00ed su s\u00e9ptima y \u00faltima recalada de la temporada en la provincia del Chubut.<\/p>\n\n\n\n<p>La embarcaci\u00f3n, de 317 metros de eslora y bandera de Malta, lleg\u00f3 a la ciudad del Golfo Nuevo proveniente de Punta Arenas, Chile, con 2.719 pasajeros y 1.200 tripulantes a bordo. De acuerdo con su programaci\u00f3n, permanecer\u00e1 en el puerto hasta las 17,30 horas, momento en que retomar\u00e1 su itinerario con destino a Punta del Este, Uruguay.<\/p>\n\n\n\n<p>Durante la presente temporada, el Celebrity Equinox concret\u00f3 siete recaladas en las costas chubutenses, movilizando en total 28.119 cruceristas entre pasajeros y tripulantes y generando un significativo movimiento tur\u00edstico en la zona.<\/p>\n\n\n\n<p>Asimismo, la compa\u00f1\u00eda naviera ya anunci\u00f3 siete nuevas recaladas del Celebrity Equinox en cada una de las pr\u00f3ximas dos temporadas, lo que ratifica la presencia de Chubut dentro de los circuitos internacionales de cruceros que recorren el Atl\u00e1ntico Sur.<\/p>\n\n\n\n<p>En este contexto, el Gobierno de la Provincia del Chubut contin\u00faa acompa\u00f1ando el desarrollo de la actividad tur\u00edstica vinculada a los cruceros, trabajando de manera articulada con el sector privado y los distintos actores del \u00e1mbito portuario y tur\u00edstico para consolidar a la provincia dentro de los principales itinerarios de la regi\u00f3n.<\/p>\n","protected":false},"excerpt":{"rendered":"<p>Se trata del buque de pasajeros m\u00e1s grande que visit\u00f3 Chubut, movilizando a m\u00e1s de 28.000 personas durante sus distintos arribos. El buque de pasajeros, el m\u00e1s grande que visit\u00f3&hellip; <\/p>\n","protected":false},"author":2,"featured_media":21092,"comment_status":"closed","ping_status":"closed","sticky":false,"template":"","format":"standard","meta":{"footnotes":""},"categories":[15],"tags":[],"class_list":["post-21093","post","type-post","status-publish","format-standard","has-post-thumbnail","hentry","category-locales"],"yoast_head":"<!-- This site is optimized with the Yoast SEO plugin v27.4 - https:\/\/yoast.com\/product\/yoast-seo-wordpress\/ -->\n<title>El Celebrity Equinox complet\u00f3 su \u00faltima escala de la temporada y ya anunci\u00f3 su regreso a Chubut - FM Patagonia Madryn<\/title>\n<meta name=\"robots\" content=\"index, follow, max-snippet:-1, max-image-preview:large, max-video-preview:-1\" \/>\n<link rel=\"canonical\" href=\"https:\/\/fmpatagoniamadryn.com.ar\/?p=21093\" \/>\n<meta property=\"og:locale\" content=\"es_ES\" \/>\n<meta property=\"og:type\" content=\"article\" \/>\n<meta property=\"og:title\" content=\"El Celebrity Equinox complet\u00f3 su \u00faltima escala de la temporada y ya anunci\u00f3 su regreso a Chubut - FM Patagonia Madryn\" \/>\n<meta property=\"og:description\" content=\"Se trata del buque de pasajeros m\u00e1s grande que visit\u00f3 Chubut, movilizando a m\u00e1s de 28.000 personas durante sus distintos arribos. El buque de pasajeros, el m\u00e1s grande que visit\u00f3&hellip;\" \/>\n<meta property=\"og:url\" content=\"https:\/\/fmpatagoniamadryn.com.ar\/?p=21093\" \/>\n<meta property=\"og:site_name\" content=\"FM Patagonia Madryn\" \/>\n<meta property=\"article:published_time\" content=\"2026-03-11T14:20:30+00:00\" \/>\n<meta property=\"og:image\" content=\"https:\/\/fmpatagoniamadryn.com.ar\/wp-content\/uploads\/2026\/03\/94745ba1-81b5-44bc-8f80-8c03a3fc3430.jpg\" \/>\n\t<meta property=\"og:image:width\" content=\"1600\" \/>\n\t<meta property=\"og:image:height\" content=\"899\" \/>\n\t<meta property=\"og:image:type\" content=\"image\/jpeg\" \/>\n<meta name=\"author\" content=\"FM Patagonia\" \/>\n<meta name=\"twitter:card\" content=\"summary_large_image\" \/>\n<meta name=\"twitter:label1\" content=\"Escrito por\" \/>\n\t<meta name=\"twitter:data1\" content=\"FM Patagonia\" \/>\n\t<meta name=\"twitter:label2\" content=\"Tiempo de lectura\" \/>\n\t<meta name=\"twitter:data2\" content=\"2 minutos\" \/>\n<script type=\"application\/ld+json\" class=\"yoast-schema-graph\">{\"@context\":\"https:\\\/\\\/schema.org\",\"@graph\":[{\"@type\":\"Article\",\"@id\":\"https:\\\/\\\/fmpatagoniamadryn.com.ar\\\/?p=21093#article\",\"isPartOf\":{\"@id\":\"https:\\\/\\\/fmpatagoniamadryn.com.ar\\\/?p=21093\"},\"author\":{\"name\":\"FM Patagonia\",\"@id\":\"https:\\\/\\\/fmpatagoniamadryn.com.ar\\\/#\\\/schema\\\/person\\\/8a3de4ad7efceacab06c1641c50303b7\"},\"headline\":\"El Celebrity Equinox complet\u00f3 su \u00faltima escala de la temporada y ya anunci\u00f3 su regreso a Chubut\",\"datePublished\":\"2026-03-11T14:20:30+00:00\",\"mainEntityOfPage\":{\"@id\":\"https:\\\/\\\/fmpatagoniamadryn.com.ar\\\/?p=21093\"},\"wordCount\":317,\"publisher\":{\"@id\":\"https:\\\/\\\/fmpatagoniamadryn.com.ar\\\/#organization\"},\"image\":{\"@id\":\"https:\\\/\\\/fmpatagoniamadryn.com.ar\\\/?p=21093#primaryimage\"},\"thumbnailUrl\":\"https:\\\/\\\/fmpatagoniamadryn.com.ar\\\/wp-content\\\/uploads\\\/2026\\\/03\\\/94745ba1-81b5-44bc-8f80-8c03a3fc3430.jpg\",\"articleSection\":[\"Locales\"],\"inLanguage\":\"es\"},{\"@type\":\"WebPage\",\"@id\":\"https:\\\/\\\/fmpatagoniamadryn.com.ar\\\/?p=21093\",\"url\":\"https:\\\/\\\/fmpatagoniamadryn.com.ar\\\/?p=21093\",\"name\":\"El Celebrity Equinox complet\u00f3 su \u00faltima escala de la temporada y ya anunci\u00f3 su regreso a Chubut - FM Patagonia Madryn\",\"isPartOf\":{\"@id\":\"https:\\\/\\\/fmpatagoniamadryn.com.ar\\\/#website\"},\"primaryImageOfPage\":{\"@id\":\"https:\\\/\\\/fmpatagoniamadryn.com.ar\\\/?p=21093#primaryimage\"},\"image\":{\"@id\":\"https:\\\/\\\/fmpatagoniamadryn.com.ar\\\/?p=21093#primaryimage\"},\"thumbnailUrl\":\"https:\\\/\\\/fmpatagoniamadryn.com.ar\\\/wp-content\\\/uploads\\\/2026\\\/03\\\/94745ba1-81b5-44bc-8f80-8c03a3fc3430.jpg\",\"datePublished\":\"2026-03-11T14:20:30+00:00\",\"breadcrumb\":{\"@id\":\"https:\\\/\\\/fmpatagoniamadryn.com.ar\\\/?p=21093#breadcrumb\"},\"inLanguage\":\"es\",\"potentialAction\":[{\"@type\":\"ReadAction\",\"target\":[\"https:\\\/\\\/fmpatagoniamadryn.com.ar\\\/?p=21093\"]}]},{\"@type\":\"ImageObject\",\"inLanguage\":\"es\",\"@id\":\"https:\\\/\\\/fmpatagoniamadryn.com.ar\\\/?p=21093#primaryimage\",\"url\":\"https:\\\/\\\/fmpatagoniamadryn.com.ar\\\/wp-content\\\/uploads\\\/2026\\\/03\\\/94745ba1-81b5-44bc-8f80-8c03a3fc3430.jpg\",\"contentUrl\":\"https:\\\/\\\/fmpatagoniamadryn.com.ar\\\/wp-content\\\/uploads\\\/2026\\\/03\\\/94745ba1-81b5-44bc-8f80-8c03a3fc3430.jpg\",\"width\":1600,\"height\":899},{\"@type\":\"BreadcrumbList\",\"@id\":\"https:\\\/\\\/fmpatagoniamadryn.com.ar\\\/?p=21093#breadcrumb\",\"itemListElement\":[{\"@type\":\"ListItem\",\"position\":1,\"name\":\"Portada\",\"item\":\"https:\\\/\\\/fmpatagoniamadryn.com.ar\\\/\"},{\"@type\":\"ListItem\",\"position\":2,\"name\":\"El Celebrity Equinox complet\u00f3 su \u00faltima escala de la temporada y ya anunci\u00f3 su regreso a Chubut\"}]},{\"@type\":\"WebSite\",\"@id\":\"https:\\\/\\\/fmpatagoniamadryn.com.ar\\\/#website\",\"url\":\"https:\\\/\\\/fmpatagoniamadryn.com.ar\\\/\",\"name\":\"FM Patagonia Madryn\",\"description\":\"Radio Patagonia 105.5\",\"publisher\":{\"@id\":\"https:\\\/\\\/fmpatagoniamadryn.com.ar\\\/#organization\"},\"potentialAction\":[{\"@type\":\"SearchAction\",\"target\":{\"@type\":\"EntryPoint\",\"urlTemplate\":\"https:\\\/\\\/fmpatagoniamadryn.com.ar\\\/?s={search_term_string}\"},\"query-input\":{\"@type\":\"PropertyValueSpecification\",\"valueRequired\":true,\"valueName\":\"search_term_string\"}}],\"inLanguage\":\"es\"},{\"@type\":\"Organization\",\"@id\":\"https:\\\/\\\/fmpatagoniamadryn.com.ar\\\/#organization\",\"name\":\"FM Patagonia Madryn\",\"url\":\"https:\\\/\\\/fmpatagoniamadryn.com.ar\\\/\",\"logo\":{\"@type\":\"ImageObject\",\"inLanguage\":\"es\",\"@id\":\"https:\\\/\\\/fmpatagoniamadryn.com.ar\\\/#\\\/schema\\\/logo\\\/image\\\/\",\"url\":\"https:\\\/\\\/fmpatagoniamadryn.com.ar\\\/wp-content\\\/uploads\\\/2023\\\/01\\\/cropped-Diseno-sin-titulo.png\",\"contentUrl\":\"https:\\\/\\\/fmpatagoniamadryn.com.ar\\\/wp-content\\\/uploads\\\/2023\\\/01\\\/cropped-Diseno-sin-titulo.png\",\"width\":6911,\"height\":2657,\"caption\":\"FM Patagonia Madryn\"},\"image\":{\"@id\":\"https:\\\/\\\/fmpatagoniamadryn.com.ar\\\/#\\\/schema\\\/logo\\\/image\\\/\"}},{\"@type\":\"Person\",\"@id\":\"https:\\\/\\\/fmpatagoniamadryn.com.ar\\\/#\\\/schema\\\/person\\\/8a3de4ad7efceacab06c1641c50303b7\",\"name\":\"FM Patagonia\",\"url\":\"https:\\\/\\\/fmpatagoniamadryn.com.ar\\\/?author=2\"}]}<\/script>\n<!-- \/ Yoast SEO plugin. -->","yoast_head_json":{"title":"El Celebrity Equinox complet\u00f3 su \u00faltima escala de la temporada y ya anunci\u00f3 su regreso a Chubut - FM Patagonia Madryn","robots":{"index":"index","follow":"follow","max-snippet":"max-snippet:-1","max-image-preview":"max-image-preview:large","max-video-preview":"max-video-preview:-1"},"canonical":"https:\/\/fmpatagoniamadryn.com.ar\/?p=21093","og_locale":"es_ES","og_type":"article","og_title":"El Celebrity Equinox complet\u00f3 su \u00faltima escala de la temporada y ya anunci\u00f3 su regreso a Chubut - FM Patagonia Madryn","og_description":"Se trata del buque de pasajeros m\u00e1s grande que visit\u00f3 Chubut, movilizando a m\u00e1s de 28.000 personas durante sus distintos arribos. El buque de pasajeros, el m\u00e1s grande que visit\u00f3&hellip;","og_url":"https:\/\/fmpatagoniamadryn.com.ar\/?p=21093","og_site_name":"FM Patagonia Madryn","article_published_time":"2026-03-11T14:20:30+00:00","og_image":[{"width":1600,"height":899,"url":"https:\/\/fmpatagoniamadryn.com.ar\/wp-content\/uploads\/2026\/03\/94745ba1-81b5-44bc-8f80-8c03a3fc3430.jpg","type":"image\/jpeg"}],"author":"FM Patagonia","twitter_card":"summary_large_image","twitter_misc":{"Escrito por":"FM Patagonia","Tiempo de lectura":"2 minutos"},"schema":{"@context":"https:\/\/schema.org","@graph":[{"@type":"Article","@id":"https:\/\/fmpatagoniamadryn.com.ar\/?p=21093#article","isPartOf":{"@id":"https:\/\/fmpatagoniamadryn.com.ar\/?p=21093"},"author":{"name":"FM Patagonia","@id":"https:\/\/fmpatagoniamadryn.com.ar\/#\/schema\/person\/8a3de4ad7efceacab06c1641c50303b7"},"headline":"El Celebrity Equinox complet\u00f3 su \u00faltima escala de la temporada y ya anunci\u00f3 su regreso a Chubut","datePublished":"2026-03-11T14:20:30+00:00","mainEntityOfPage":{"@id":"https:\/\/fmpatagoniamadryn.com.ar\/?p=21093"},"wordCount":317,"publisher":{"@id":"https:\/\/fmpatagoniamadryn.com.ar\/#organization"},"image":{"@id":"https:\/\/fmpatagoniamadryn.com.ar\/?p=21093#primaryimage"},"thumbnailUrl":"https:\/\/fmpatagoniamadryn.com.ar\/wp-content\/uploads\/2026\/03\/94745ba1-81b5-44bc-8f80-8c03a3fc3430.jpg","articleSection":["Locales"],"inLanguage":"es"},{"@type":"WebPage","@id":"https:\/\/fmpatagoniamadryn.com.ar\/?p=21093","url":"https:\/\/fmpatagoniamadryn.com.ar\/?p=21093","name":"El Celebrity Equinox complet\u00f3 su \u00faltima escala de la temporada y ya anunci\u00f3 su regreso a Chubut - FM Patagonia Madryn","isPartOf":{"@id":"https:\/\/fmpatagoniamadryn.com.ar\/#website"},"primaryImageOfPage":{"@id":"https:\/\/fmpatagoniamadryn.com.ar\/?p=21093#primaryimage"},"image":{"@id":"https:\/\/fmpatagoniamadryn.com.ar\/?p=21093#primaryimage"},"thumbnailUrl":"https:\/\/fmpatagoniamadryn.com.ar\/wp-content\/uploads\/2026\/03\/94745ba1-81b5-44bc-8f80-8c03a3fc3430.jpg","datePublished":"2026-03-11T14:20:30+00:00","breadcrumb":{"@id":"https:\/\/fmpatagoniamadryn.com.ar\/?p=21093#breadcrumb"},"inLanguage":"es","potentialAction":[{"@type":"ReadAction","target":["https:\/\/fmpatagoniamadryn.com.ar\/?p=21093"]}]},{"@type":"ImageObject","inLanguage":"es","@id":"https:\/\/fmpatagoniamadryn.com.ar\/?p=21093#primaryimage","url":"https:\/\/fmpatagoniamadryn.com.ar\/wp-content\/uploads\/2026\/03\/94745ba1-81b5-44bc-8f80-8c03a3fc3430.jpg","contentUrl":"https:\/\/fmpatagoniamadryn.com.ar\/wp-content\/uploads\/2026\/03\/94745ba1-81b5-44bc-8f80-8c03a3fc3430.jpg","width":1600,"height":899},{"@type":"BreadcrumbList","@id":"https:\/\/fmpatagoniamadryn.com.ar\/?p=21093#breadcrumb","itemListElement":[{"@type":"ListItem","position":1,"name":"Portada","item":"https:\/\/fmpatagoniamadryn.com.ar\/"},{"@type":"ListItem","position":2,"name":"El Celebrity Equinox complet\u00f3 su \u00faltima escala de la temporada y ya anunci\u00f3 su regreso a Chubut"}]},{"@type":"WebSite","@id":"https:\/\/fmpatagoniamadryn.com.ar\/#website","url":"https:\/\/fmpatagoniamadryn.com.ar\/","name":"FM Patagonia Madryn","description":"Radio Patagonia 105.5","publisher":{"@id":"https:\/\/fmpatagoniamadryn.com.ar\/#organization"},"potentialAction":[{"@type":"SearchAction","target":{"@type":"EntryPoint","urlTemplate":"https:\/\/fmpatagoniamadryn.com.ar\/?s={search_term_string}"},"query-input":{"@type":"PropertyValueSpecification","valueRequired":true,"valueName":"search_term_string"}}],"inLanguage":"es"},{"@type":"Organization","@id":"https:\/\/fmpatagoniamadryn.com.ar\/#organization","name":"FM Patagonia Madryn","url":"https:\/\/fmpatagoniamadryn.com.ar\/","logo":{"@type":"ImageObject","inLanguage":"es","@id":"https:\/\/fmpatagoniamadryn.com.ar\/#\/schema\/logo\/image\/","url":"https:\/\/fmpatagoniamadryn.com.ar\/wp-content\/uploads\/2023\/01\/cropped-Diseno-sin-titulo.png","contentUrl":"https:\/\/fmpatagoniamadryn.com.ar\/wp-content\/uploads\/2023\/01\/cropped-Diseno-sin-titulo.png","width":6911,"height":2657,"caption":"FM Patagonia Madryn"},"image":{"@id":"https:\/\/fmpatagoniamadryn.com.ar\/#\/schema\/logo\/image\/"}},{"@type":"Person","@id":"https:\/\/fmpatagoniamadryn.com.ar\/#\/schema\/person\/8a3de4ad7efceacab06c1641c50303b7","name":"FM Patagonia","url":"https:\/\/fmpatagoniamadryn.com.ar\/?author=2"}]}},"jetpack_featured_media_url":"https:\/\/fmpatagoniamadryn.com.ar\/wp-content\/uploads\/2026\/03\/94745ba1-81b5-44bc-8f80-8c03a3fc3430.jpg","_links":{"self":[{"href":"https:\/\/fmpatagoniamadryn.com.ar\/index.php?rest_route=\/wp\/v2\/posts\/21093","targetHints":{"allow":["GET"]}}],"collection":[{"href":"https:\/\/fmpatagoniamadryn.com.ar\/index.php?rest_route=\/wp\/v2\/posts"}],"about":[{"href":"https:\/\/fmpatagoniamadryn.com.ar\/index.php?rest_route=\/wp\/v2\/types\/post"}],"author":[{"embeddable":true,"href":"https:\/\/fmpatagoniamadryn.com.ar\/index.php?rest_route=\/wp\/v2\/users\/2"}],"replies":[{"embeddable":true,"href":"https:\/\/fmpatagoniamadryn.com.ar\/index.php?rest_route=%2Fwp%2Fv2%2Fcomments&post=21093"}],"version-history":[{"count":1,"href":"https:\/\/fmpatagoniamadryn.com.ar\/index.php?rest_route=\/wp\/v2\/posts\/21093\/revisions"}],"predecessor-version":[{"id":21094,"href":"https:\/\/fmpatagoniamadryn.com.ar\/index.php?rest_route=\/wp\/v2\/posts\/21093\/revisions\/21094"}],"wp:featuredmedia":[{"embeddable":true,"href":"https:\/\/fmpatagoniamadryn.com.ar\/index.php?rest_route=\/wp\/v2\/media\/21092"}],"wp:attachment":[{"href":"https:\/\/fmpatagoniamadryn.com.ar\/index.php?rest_route=%2Fwp%2Fv2%2Fmedia&parent=21093"}],"wp:term":[{"taxonomy":"category","embeddable":true,"href":"https:\/\/fmpatagoniamadryn.com.ar\/index.php?rest_route=%2Fwp%2Fv2%2Fcategories&post=21093"},{"taxonomy":"post_tag","embeddable":true,"href":"https:\/\/fmpatagoniamadryn.com.ar\/index.php?rest_route=%2Fwp%2Fv2%2Ftags&post=21093"}],"curies":[{"name":"wp","href":"https:\/\/api.w.org\/{rel}","templated":true}]}}