{"id":21115,"date":"2026-03-12T09:50:49","date_gmt":"2026-03-12T12:50:49","guid":{"rendered":"https:\/\/fmpatagoniamadryn.com.ar\/?p=21115"},"modified":"2026-03-12T09:50:49","modified_gmt":"2026-03-12T12:50:49","slug":"estudiantes-de-trelew-participaron-de-la-jornada-malvinizando-chubut-junto-a-veteranos-y-protagonistas-de-la-gesta-de-1982","status":"publish","type":"post","link":"https:\/\/fmpatagoniamadryn.com.ar\/?p=21115","title":{"rendered":"Estudiantes de Trelew participaron de la jornada \u201cMalvinizando Chubut\u201d junto a veteranos y protagonistas de la Gesta de 1982"},"content":{"rendered":"\n<p><\/p>\n\n\n\n<p><em>La actividad se desarroll\u00f3 en la Escuela Secundaria N\u00ba 712 con la asistencia de alumnos de esa instituci\u00f3n educativa y de la vecina N\u00ba 714. La iniciativa, impulsada por la Legislatura del Chubut, busca acercar testimonios directos del conflicto del Atl\u00e1ntico Sur y fortalecer la transmisi\u00f3n de valores y memoria hist\u00f3rica entre las nuevas generaciones.<\/em><\/p>\n\n\n\n<p>En el marco de la jornada \u201cMalvinizando Chubut\u201d, impulsada por la Legislatura del Chubut, estudiantes de las Escuelas Secundarias N\u00ba 712 y N\u00ba 714 de Trelew participaron de un encuentro con veteranos de la Guerra de Malvinas y especialistas en la tem\u00e1tica, quienes compartieron sus experiencias y reflexiones sobre el conflicto de 1982.<\/p>\n\n\n\n<p>La actividad se realiz\u00f3 en instalaciones de la instituci\u00f3n educativa \u2018Santiago Estrada\u2019, de esa ciudad y form\u00f3 parte de una agenda provincial que busca mantener vigente la memoria de la Gesta y promover el conocimiento de la historia reciente entre los j\u00f3venes.<\/p>\n\n\n\n<p><em>Testimonios y experiencias en primera persona<\/em><\/p>\n\n\n\n<p>Durante la jornada, los estudiantes pudieron dialogar con los veteranos de guerra capit\u00e1n de nav\u00edo Jos\u00e9 Arca y capit\u00e1n de nav\u00edo Alberto Philippi, quienes relataron sus misiones a\u00e9reas durante el conflicto, particularmente las operaciones desarrolladas en el estrecho de San Carlos el 21 de mayo de 1982.<\/p>\n\n\n\n<p>Tambi\u00e9n participaron el docente Carlos Gigliotti, autor de \u201cBravo 25, un pu\u00f1ado de valientes\u201d y el profesor Carlos Mackevicius, integrante del equipo de Formaci\u00f3n y Capacitaci\u00f3n de la Direcci\u00f3n \u00abGesta de Malvinas\u00bb del Senado de la Naci\u00f3n, junto al periodista y corresponsal de guerra Nicol\u00e1s Kasanzew &#8211; hoy a cargo de la Direcci\u00f3n \u201cGesta de Malvinas\u201d del Senado de la Naci\u00f3n-, quien destac\u00f3 la importancia de transmitir a las nuevas generaciones los valores que surgieron de la experiencia de los combatientes.<\/p>\n\n\n\n<p>En ese sentido, subray\u00f3 que \u201clos h\u00e9roes son los portadores y transmisores de valores como el coraje, el amor al pr\u00f3jimo y el desprendimiento\u201d, y sostuvo que compartir estos testimonios permite acercar a los j\u00f3venes a una comprensi\u00f3n m\u00e1s completa de lo ocurrido durante el conflicto del Atl\u00e1ntico Sur.<\/p>\n\n\n\n<p><em>Una propuesta para fortalecer la memoria y la soberan\u00eda<\/em><\/p>\n\n\n\n<p>La actividad forma parte de una agenda que se inici\u00f3 durante la ma\u00f1ana del martes en Rawson, en la Honorable Legislatura del Chubut, y continu\u00f3 hasta este 11 de marzo en Trelew y Puerto Madryn, con el objetivo de acercar a la comunidad educativa y al p\u00fablico en general el testimonio de protagonistas directos de la Gesta de Malvinas.<\/p>\n\n\n\n<p>La propuesta busca fortalecer el trabajo pedag\u00f3gico en torno a la memoria hist\u00f3rica, la identidad nacional y el reclamo permanente de soberan\u00eda argentina sobre las Islas, promoviendo el encuentro entre los estudiantes y protagonistas de la historia reciente.<\/p>\n\n\n\n<p>Desde el Ministerio de Educaci\u00f3n de la Provincia se destac\u00f3 la importancia de este tipo de espacios de intercambio, que permiten a los j\u00f3venes escuchar testimonios directos, reflexionar sobre el pasado reciente y reconocer el valor del compromiso y la memoria colectiva en la construcci\u00f3n de ciudadan\u00eda.<\/p>\n","protected":false},"excerpt":{"rendered":"<p>La actividad se desarroll\u00f3 en la Escuela Secundaria N\u00ba 712 con la asistencia de alumnos de esa instituci\u00f3n educativa y de la vecina N\u00ba 714. La iniciativa, impulsada por la&hellip; <\/p>\n","protected":false},"author":2,"featured_media":21113,"comment_status":"closed","ping_status":"closed","sticky":false,"template":"","format":"standard","meta":{"footnotes":""},"categories":[14],"tags":[],"class_list":["post-21115","post","type-post","status-publish","format-standard","has-post-thumbnail","hentry","category-provinciales"],"yoast_head":"<!-- This site is optimized with the Yoast SEO plugin v27.4 - https:\/\/yoast.com\/product\/yoast-seo-wordpress\/ -->\n<title>Estudiantes de Trelew participaron de la jornada \u201cMalvinizando Chubut\u201d junto a veteranos y protagonistas de la Gesta de 1982 - FM Patagonia Madryn<\/title>\n<meta name=\"robots\" content=\"index, follow, max-snippet:-1, max-image-preview:large, max-video-preview:-1\" \/>\n<link rel=\"canonical\" href=\"https:\/\/fmpatagoniamadryn.com.ar\/?p=21115\" \/>\n<meta property=\"og:locale\" content=\"es_ES\" \/>\n<meta property=\"og:type\" content=\"article\" \/>\n<meta property=\"og:title\" content=\"Estudiantes de Trelew participaron de la jornada \u201cMalvinizando Chubut\u201d junto a veteranos y protagonistas de la Gesta de 1982 - FM Patagonia Madryn\" \/>\n<meta property=\"og:description\" content=\"La actividad se desarroll\u00f3 en la Escuela Secundaria N\u00ba 712 con la asistencia de alumnos de esa instituci\u00f3n educativa y de la vecina N\u00ba 714. La iniciativa, impulsada por la&hellip;\" \/>\n<meta property=\"og:url\" content=\"https:\/\/fmpatagoniamadryn.com.ar\/?p=21115\" \/>\n<meta property=\"og:site_name\" content=\"FM Patagonia Madryn\" \/>\n<meta property=\"article:published_time\" content=\"2026-03-12T12:50:49+00:00\" \/>\n<meta property=\"og:image\" content=\"https:\/\/fmpatagoniamadryn.com.ar\/wp-content\/uploads\/2026\/03\/4ac8b150-ef71-4fd3-a4cb-f3119362ebfd-1.jpg\" \/>\n\t<meta property=\"og:image:width\" content=\"1600\" \/>\n\t<meta property=\"og:image:height\" content=\"1066\" \/>\n\t<meta property=\"og:image:type\" content=\"image\/jpeg\" \/>\n<meta name=\"author\" content=\"FM Patagonia\" \/>\n<meta name=\"twitter:card\" content=\"summary_large_image\" \/>\n<meta name=\"twitter:label1\" content=\"Escrito por\" \/>\n\t<meta name=\"twitter:data1\" content=\"FM Patagonia\" \/>\n\t<meta name=\"twitter:label2\" content=\"Tiempo de lectura\" \/>\n\t<meta name=\"twitter:data2\" content=\"3 minutos\" \/>\n<script type=\"application\/ld+json\" class=\"yoast-schema-graph\">{\"@context\":\"https:\\\/\\\/schema.org\",\"@graph\":[{\"@type\":\"Article\",\"@id\":\"https:\\\/\\\/fmpatagoniamadryn.com.ar\\\/?p=21115#article\",\"isPartOf\":{\"@id\":\"https:\\\/\\\/fmpatagoniamadryn.com.ar\\\/?p=21115\"},\"author\":{\"name\":\"FM Patagonia\",\"@id\":\"https:\\\/\\\/fmpatagoniamadryn.com.ar\\\/#\\\/schema\\\/person\\\/8a3de4ad7efceacab06c1641c50303b7\"},\"headline\":\"Estudiantes de Trelew participaron de la jornada \u201cMalvinizando Chubut\u201d junto a veteranos y protagonistas de la Gesta de 1982\",\"datePublished\":\"2026-03-12T12:50:49+00:00\",\"mainEntityOfPage\":{\"@id\":\"https:\\\/\\\/fmpatagoniamadryn.com.ar\\\/?p=21115\"},\"wordCount\":532,\"publisher\":{\"@id\":\"https:\\\/\\\/fmpatagoniamadryn.com.ar\\\/#organization\"},\"image\":{\"@id\":\"https:\\\/\\\/fmpatagoniamadryn.com.ar\\\/?p=21115#primaryimage\"},\"thumbnailUrl\":\"https:\\\/\\\/fmpatagoniamadryn.com.ar\\\/wp-content\\\/uploads\\\/2026\\\/03\\\/4ac8b150-ef71-4fd3-a4cb-f3119362ebfd-1.jpg\",\"articleSection\":[\"Provinciales\"],\"inLanguage\":\"es\"},{\"@type\":\"WebPage\",\"@id\":\"https:\\\/\\\/fmpatagoniamadryn.com.ar\\\/?p=21115\",\"url\":\"https:\\\/\\\/fmpatagoniamadryn.com.ar\\\/?p=21115\",\"name\":\"Estudiantes de Trelew participaron de la jornada \u201cMalvinizando Chubut\u201d junto a veteranos y protagonistas de la Gesta de 1982 - FM Patagonia Madryn\",\"isPartOf\":{\"@id\":\"https:\\\/\\\/fmpatagoniamadryn.com.ar\\\/#website\"},\"primaryImageOfPage\":{\"@id\":\"https:\\\/\\\/fmpatagoniamadryn.com.ar\\\/?p=21115#primaryimage\"},\"image\":{\"@id\":\"https:\\\/\\\/fmpatagoniamadryn.com.ar\\\/?p=21115#primaryimage\"},\"thumbnailUrl\":\"https:\\\/\\\/fmpatagoniamadryn.com.ar\\\/wp-content\\\/uploads\\\/2026\\\/03\\\/4ac8b150-ef71-4fd3-a4cb-f3119362ebfd-1.jpg\",\"datePublished\":\"2026-03-12T12:50:49+00:00\",\"breadcrumb\":{\"@id\":\"https:\\\/\\\/fmpatagoniamadryn.com.ar\\\/?p=21115#breadcrumb\"},\"inLanguage\":\"es\",\"potentialAction\":[{\"@type\":\"ReadAction\",\"target\":[\"https:\\\/\\\/fmpatagoniamadryn.com.ar\\\/?p=21115\"]}]},{\"@type\":\"ImageObject\",\"inLanguage\":\"es\",\"@id\":\"https:\\\/\\\/fmpatagoniamadryn.com.ar\\\/?p=21115#primaryimage\",\"url\":\"https:\\\/\\\/fmpatagoniamadryn.com.ar\\\/wp-content\\\/uploads\\\/2026\\\/03\\\/4ac8b150-ef71-4fd3-a4cb-f3119362ebfd-1.jpg\",\"contentUrl\":\"https:\\\/\\\/fmpatagoniamadryn.com.ar\\\/wp-content\\\/uploads\\\/2026\\\/03\\\/4ac8b150-ef71-4fd3-a4cb-f3119362ebfd-1.jpg\",\"width\":1600,\"height\":1066},{\"@type\":\"BreadcrumbList\",\"@id\":\"https:\\\/\\\/fmpatagoniamadryn.com.ar\\\/?p=21115#breadcrumb\",\"itemListElement\":[{\"@type\":\"ListItem\",\"position\":1,\"name\":\"Portada\",\"item\":\"https:\\\/\\\/fmpatagoniamadryn.com.ar\\\/\"},{\"@type\":\"ListItem\",\"position\":2,\"name\":\"Estudiantes de Trelew participaron de la jornada \u201cMalvinizando Chubut\u201d junto a veteranos y protagonistas de la Gesta de 1982\"}]},{\"@type\":\"WebSite\",\"@id\":\"https:\\\/\\\/fmpatagoniamadryn.com.ar\\\/#website\",\"url\":\"https:\\\/\\\/fmpatagoniamadryn.com.ar\\\/\",\"name\":\"FM Patagonia Madryn\",\"description\":\"Radio Patagonia 105.5\",\"publisher\":{\"@id\":\"https:\\\/\\\/fmpatagoniamadryn.com.ar\\\/#organization\"},\"potentialAction\":[{\"@type\":\"SearchAction\",\"target\":{\"@type\":\"EntryPoint\",\"urlTemplate\":\"https:\\\/\\\/fmpatagoniamadryn.com.ar\\\/?s={search_term_string}\"},\"query-input\":{\"@type\":\"PropertyValueSpecification\",\"valueRequired\":true,\"valueName\":\"search_term_string\"}}],\"inLanguage\":\"es\"},{\"@type\":\"Organization\",\"@id\":\"https:\\\/\\\/fmpatagoniamadryn.com.ar\\\/#organization\",\"name\":\"FM Patagonia Madryn\",\"url\":\"https:\\\/\\\/fmpatagoniamadryn.com.ar\\\/\",\"logo\":{\"@type\":\"ImageObject\",\"inLanguage\":\"es\",\"@id\":\"https:\\\/\\\/fmpatagoniamadryn.com.ar\\\/#\\\/schema\\\/logo\\\/image\\\/\",\"url\":\"https:\\\/\\\/fmpatagoniamadryn.com.ar\\\/wp-content\\\/uploads\\\/2023\\\/01\\\/cropped-Diseno-sin-titulo.png\",\"contentUrl\":\"https:\\\/\\\/fmpatagoniamadryn.com.ar\\\/wp-content\\\/uploads\\\/2023\\\/01\\\/cropped-Diseno-sin-titulo.png\",\"width\":6911,\"height\":2657,\"caption\":\"FM Patagonia Madryn\"},\"image\":{\"@id\":\"https:\\\/\\\/fmpatagoniamadryn.com.ar\\\/#\\\/schema\\\/logo\\\/image\\\/\"}},{\"@type\":\"Person\",\"@id\":\"https:\\\/\\\/fmpatagoniamadryn.com.ar\\\/#\\\/schema\\\/person\\\/8a3de4ad7efceacab06c1641c50303b7\",\"name\":\"FM Patagonia\",\"url\":\"https:\\\/\\\/fmpatagoniamadryn.com.ar\\\/?author=2\"}]}<\/script>\n<!-- \/ Yoast SEO plugin. -->","yoast_head_json":{"title":"Estudiantes de Trelew participaron de la jornada \u201cMalvinizando Chubut\u201d junto a veteranos y protagonistas de la Gesta de 1982 - FM Patagonia Madryn","robots":{"index":"index","follow":"follow","max-snippet":"max-snippet:-1","max-image-preview":"max-image-preview:large","max-video-preview":"max-video-preview:-1"},"canonical":"https:\/\/fmpatagoniamadryn.com.ar\/?p=21115","og_locale":"es_ES","og_type":"article","og_title":"Estudiantes de Trelew participaron de la jornada \u201cMalvinizando Chubut\u201d junto a veteranos y protagonistas de la Gesta de 1982 - FM Patagonia Madryn","og_description":"La actividad se desarroll\u00f3 en la Escuela Secundaria N\u00ba 712 con la asistencia de alumnos de esa instituci\u00f3n educativa y de la vecina N\u00ba 714. La iniciativa, impulsada por la&hellip;","og_url":"https:\/\/fmpatagoniamadryn.com.ar\/?p=21115","og_site_name":"FM Patagonia Madryn","article_published_time":"2026-03-12T12:50:49+00:00","og_image":[{"width":1600,"height":1066,"url":"https:\/\/fmpatagoniamadryn.com.ar\/wp-content\/uploads\/2026\/03\/4ac8b150-ef71-4fd3-a4cb-f3119362ebfd-1.jpg","type":"image\/jpeg"}],"author":"FM Patagonia","twitter_card":"summary_large_image","twitter_misc":{"Escrito por":"FM Patagonia","Tiempo de lectura":"3 minutos"},"schema":{"@context":"https:\/\/schema.org","@graph":[{"@type":"Article","@id":"https:\/\/fmpatagoniamadryn.com.ar\/?p=21115#article","isPartOf":{"@id":"https:\/\/fmpatagoniamadryn.com.ar\/?p=21115"},"author":{"name":"FM Patagonia","@id":"https:\/\/fmpatagoniamadryn.com.ar\/#\/schema\/person\/8a3de4ad7efceacab06c1641c50303b7"},"headline":"Estudiantes de Trelew participaron de la jornada \u201cMalvinizando Chubut\u201d junto a veteranos y protagonistas de la Gesta de 1982","datePublished":"2026-03-12T12:50:49+00:00","mainEntityOfPage":{"@id":"https:\/\/fmpatagoniamadryn.com.ar\/?p=21115"},"wordCount":532,"publisher":{"@id":"https:\/\/fmpatagoniamadryn.com.ar\/#organization"},"image":{"@id":"https:\/\/fmpatagoniamadryn.com.ar\/?p=21115#primaryimage"},"thumbnailUrl":"https:\/\/fmpatagoniamadryn.com.ar\/wp-content\/uploads\/2026\/03\/4ac8b150-ef71-4fd3-a4cb-f3119362ebfd-1.jpg","articleSection":["Provinciales"],"inLanguage":"es"},{"@type":"WebPage","@id":"https:\/\/fmpatagoniamadryn.com.ar\/?p=21115","url":"https:\/\/fmpatagoniamadryn.com.ar\/?p=21115","name":"Estudiantes de Trelew participaron de la jornada \u201cMalvinizando Chubut\u201d junto a veteranos y protagonistas de la Gesta de 1982 - FM Patagonia Madryn","isPartOf":{"@id":"https:\/\/fmpatagoniamadryn.com.ar\/#website"},"primaryImageOfPage":{"@id":"https:\/\/fmpatagoniamadryn.com.ar\/?p=21115#primaryimage"},"image":{"@id":"https:\/\/fmpatagoniamadryn.com.ar\/?p=21115#primaryimage"},"thumbnailUrl":"https:\/\/fmpatagoniamadryn.com.ar\/wp-content\/uploads\/2026\/03\/4ac8b150-ef71-4fd3-a4cb-f3119362ebfd-1.jpg","datePublished":"2026-03-12T12:50:49+00:00","breadcrumb":{"@id":"https:\/\/fmpatagoniamadryn.com.ar\/?p=21115#breadcrumb"},"inLanguage":"es","potentialAction":[{"@type":"ReadAction","target":["https:\/\/fmpatagoniamadryn.com.ar\/?p=21115"]}]},{"@type":"ImageObject","inLanguage":"es","@id":"https:\/\/fmpatagoniamadryn.com.ar\/?p=21115#primaryimage","url":"https:\/\/fmpatagoniamadryn.com.ar\/wp-content\/uploads\/2026\/03\/4ac8b150-ef71-4fd3-a4cb-f3119362ebfd-1.jpg","contentUrl":"https:\/\/fmpatagoniamadryn.com.ar\/wp-content\/uploads\/2026\/03\/4ac8b150-ef71-4fd3-a4cb-f3119362ebfd-1.jpg","width":1600,"height":1066},{"@type":"BreadcrumbList","@id":"https:\/\/fmpatagoniamadryn.com.ar\/?p=21115#breadcrumb","itemListElement":[{"@type":"ListItem","position":1,"name":"Portada","item":"https:\/\/fmpatagoniamadryn.com.ar\/"},{"@type":"ListItem","position":2,"name":"Estudiantes de Trelew participaron de la jornada \u201cMalvinizando Chubut\u201d junto a veteranos y protagonistas de la Gesta de 1982"}]},{"@type":"WebSite","@id":"https:\/\/fmpatagoniamadryn.com.ar\/#website","url":"https:\/\/fmpatagoniamadryn.com.ar\/","name":"FM Patagonia Madryn","description":"Radio Patagonia 105.5","publisher":{"@id":"https:\/\/fmpatagoniamadryn.com.ar\/#organization"},"potentialAction":[{"@type":"SearchAction","target":{"@type":"EntryPoint","urlTemplate":"https:\/\/fmpatagoniamadryn.com.ar\/?s={search_term_string}"},"query-input":{"@type":"PropertyValueSpecification","valueRequired":true,"valueName":"search_term_string"}}],"inLanguage":"es"},{"@type":"Organization","@id":"https:\/\/fmpatagoniamadryn.com.ar\/#organization","name":"FM Patagonia Madryn","url":"https:\/\/fmpatagoniamadryn.com.ar\/","logo":{"@type":"ImageObject","inLanguage":"es","@id":"https:\/\/fmpatagoniamadryn.com.ar\/#\/schema\/logo\/image\/","url":"https:\/\/fmpatagoniamadryn.com.ar\/wp-content\/uploads\/2023\/01\/cropped-Diseno-sin-titulo.png","contentUrl":"https:\/\/fmpatagoniamadryn.com.ar\/wp-content\/uploads\/2023\/01\/cropped-Diseno-sin-titulo.png","width":6911,"height":2657,"caption":"FM Patagonia Madryn"},"image":{"@id":"https:\/\/fmpatagoniamadryn.com.ar\/#\/schema\/logo\/image\/"}},{"@type":"Person","@id":"https:\/\/fmpatagoniamadryn.com.ar\/#\/schema\/person\/8a3de4ad7efceacab06c1641c50303b7","name":"FM Patagonia","url":"https:\/\/fmpatagoniamadryn.com.ar\/?author=2"}]}},"jetpack_featured_media_url":"https:\/\/fmpatagoniamadryn.com.ar\/wp-content\/uploads\/2026\/03\/4ac8b150-ef71-4fd3-a4cb-f3119362ebfd-1.jpg","_links":{"self":[{"href":"https:\/\/fmpatagoniamadryn.com.ar\/index.php?rest_route=\/wp\/v2\/posts\/21115","targetHints":{"allow":["GET"]}}],"collection":[{"href":"https:\/\/fmpatagoniamadryn.com.ar\/index.php?rest_route=\/wp\/v2\/posts"}],"about":[{"href":"https:\/\/fmpatagoniamadryn.com.ar\/index.php?rest_route=\/wp\/v2\/types\/post"}],"author":[{"embeddable":true,"href":"https:\/\/fmpatagoniamadryn.com.ar\/index.php?rest_route=\/wp\/v2\/users\/2"}],"replies":[{"embeddable":true,"href":"https:\/\/fmpatagoniamadryn.com.ar\/index.php?rest_route=%2Fwp%2Fv2%2Fcomments&post=21115"}],"version-history":[{"count":1,"href":"https:\/\/fmpatagoniamadryn.com.ar\/index.php?rest_route=\/wp\/v2\/posts\/21115\/revisions"}],"predecessor-version":[{"id":21116,"href":"https:\/\/fmpatagoniamadryn.com.ar\/index.php?rest_route=\/wp\/v2\/posts\/21115\/revisions\/21116"}],"wp:featuredmedia":[{"embeddable":true,"href":"https:\/\/fmpatagoniamadryn.com.ar\/index.php?rest_route=\/wp\/v2\/media\/21113"}],"wp:attachment":[{"href":"https:\/\/fmpatagoniamadryn.com.ar\/index.php?rest_route=%2Fwp%2Fv2%2Fmedia&parent=21115"}],"wp:term":[{"taxonomy":"category","embeddable":true,"href":"https:\/\/fmpatagoniamadryn.com.ar\/index.php?rest_route=%2Fwp%2Fv2%2Fcategories&post=21115"},{"taxonomy":"post_tag","embeddable":true,"href":"https:\/\/fmpatagoniamadryn.com.ar\/index.php?rest_route=%2Fwp%2Fv2%2Ftags&post=21115"}],"curies":[{"name":"wp","href":"https:\/\/api.w.org\/{rel}","templated":true}]}}