{"id":21118,"date":"2026-03-12T17:22:24","date_gmt":"2026-03-12T20:22:24","guid":{"rendered":"https:\/\/fmpatagoniamadryn.com.ar\/?p=21118"},"modified":"2026-03-12T17:22:24","modified_gmt":"2026-03-12T20:22:24","slug":"el-32-encuentro-provincial-de-artesanos-comienza-este-fin-de-semana-en-rawson","status":"publish","type":"post","link":"https:\/\/fmpatagoniamadryn.com.ar\/?p=21118","title":{"rendered":"El 32\u00b0 Encuentro Provincial de Artesanos comienza este fin de semana en Rawson"},"content":{"rendered":"\n<p><\/p>\n\n\n\n<p><em>La capital provincial ser\u00e1 sede de las primeras jornadas del tradicional evento que este a\u00f1o fue reestructurado y se desarrollar\u00e1 en tres localidades del Chubut. Habr\u00e1 feria, capacitaciones, emprendedores, propuestas culturales y espect\u00e1culos en vivo.<\/em><\/p>\n\n\n\n<p>El Gobierno del Chubut, a trav\u00e9s de la Subsecretar\u00eda de Cultura, realizar\u00e1 este s\u00e1bado 14 y domingo 15 de marzo en Rawson las primeras jornadas del 32\u00b0 Encuentro Provincial de Artesanos, que en esta edici\u00f3n 2026 fue reestructurado para desarrollarse en tres sedes a lo largo de la provincia.<\/p>\n\n\n\n<p>La propuesta tendr\u00e1 lugar en la Plaza Peatonal del Centro Cultural Provincial (CCP) e incluir\u00e1 feria de artesanos y emprendedores, capacitaciones abiertas, propuestas culturales y espect\u00e1culos musicales en vivo.<\/p>\n\n\n\n<p>Durante el fin de semana participar\u00e1n m\u00e1s de 40 puestos de feria entre artesanos y emprendedores provenientes de Rawson, Trelew, Puerto Madryn, Comodoro Rivadavia, Esquel, Gastre, El Hoyo y Epuy\u00e9n, quienes expondr\u00e1n y comercializar\u00e1n trabajos en distintos oficios como textil, madera, metales, cer\u00e1mica, cuero y vidrio.<\/p>\n\n\n\n<p>Tambi\u00e9n habr\u00e1 food trucks y una carpa de emprendedores con el sello Origen Chubut, presencia de artesanas del programa Tejiendo Futuro, emprendedores de Rawson y espacios institucionales vinculados al sector lanero, adem\u00e1s de un stand de la Municipalidad de Epuy\u00e9n que brindar\u00e1 informaci\u00f3n sobre la pr\u00f3xima sede del encuentro.<\/p>\n\n\n\n<p>La feria abrir\u00e1 el s\u00e1bado de 18 a 22 horas y el domingo de 17 a 21 horas en la Plaza Peatonal del Centro Cultural Provincial.<\/p>\n\n\n\n<p>En paralelo se desarrollar\u00e1n capacitaciones y talleres dirigidos a artesanos y p\u00fablico en general, con inscripci\u00f3n previa a trav\u00e9s del correo artesaniasdelchubut@gmail.com<\/p>\n\n\n\n<p>El s\u00e1bado adem\u00e1s se presentar\u00e1 el programa Ra\u00edz Emprendedora, donde se brindar\u00e1 informaci\u00f3n sobre herramientas financieras y el programa Chubut Emprende destinado a fortalecer el desarrollo de proyectos productivos.<\/p>\n\n\n\n<p><em>Cami\u00f3n escenario<\/em><\/p>\n\n\n\n<p>Uno de los atractivos especiales del encuentro ser\u00e1 la presencia del cami\u00f3n escenario \u201cRitmos Argentinos\u201d de la Secretar\u00eda de Cultura de la Naci\u00f3n, que llegar\u00e1 por primera vez a la Patagonia y se instalar\u00e1 en la Plaza Peatonal del Centro Cultural Provincial como escenario m\u00f3vil para presentaciones musicales. All\u00ed se presentar\u00e1n artistas de la zona e invitados de Santa Cruz como Cabe Song, Tock Rock, Las Voces del Viento de Chubut, LGBT Cuarteto, Laureano Ulloa Folklore, Juanjo del Prado y Generaciones, Vocal Femenino.<\/p>\n\n\n\n<p>Durante ambas jornadas tambi\u00e9n estar\u00e1 presente el Bibliom\u00f3vil, que funcionar\u00e1 de 15 a 19 horas con propuestas de lectura y actividades culturales para toda la familia.<\/p>\n\n\n\n<p>El 32\u00b0 Encuentro Provincial de Artesanos continuar\u00e1 luego con sus pr\u00f3ximas sedes en Epuy\u00e9n, los d\u00edas 3 y 4 de abril, y Rada Tilly, el 23 y 24 de mayo, consolidando un circuito cultural que busca fortalecer la producci\u00f3n artesanal, promover el intercambio entre hacedores culturales y acercar al p\u00fablico el trabajo de artesanos y emprendedores de toda la provincia.<\/p>\n\n\n\n<p><em>Cronograma de actividades<\/em><\/p>\n\n\n\n<p>S\u00e1bado 14 de marzo<\/p>\n\n\n\n<p>13:00 a 16:00 horas: Capacitaciones y Talleres.<br \/>Fieltro, a cargo de Hilda Llaufulen y Daniela Bernal (Escuela Municipal de Artesan\u00edas de Trelew); soguer\u00eda, dictado por Roger Brunt (Gaiman); y cester\u00eda, a cargo de Alejandra Caporale (Epuy\u00e9n), todos en el exterior del Centro Cultural Provincial, en la Plaza Peatonal.<\/p>\n\n\n\n<p>En la Residencia Cultural, anexo del CCP, se realizar\u00e1n los talleres de modelado en cer\u00e1mica a cargo de Marcela Garro y Daniela Fern\u00e1ndez (EMA Trelew) y construcci\u00f3n de horno ef\u00edmero dictado por Paula Sandoval y Agustina Meza (EMA Trelew).<\/p>\n\n\n\n<p>16:30 a 17:30 horas: presentaci\u00f3n del programa Ra\u00edz Emprendedora, con informaci\u00f3n sobre herramientas financieras y el programa Chubut Emprende, en el auditorio \u201cSebasti\u00e1n Berra\u201d del Centro Cultural Provincial.<\/p>\n\n\n\n<p>18:00 a 22:00 horas: feria de artesanos en la plaza peatonal del Centro Cultural Provincial, con carpa Origen Chubut, stand de la Municipalidad de Epuy\u00e9n, espacio del programa Tejiendo Futuro, emprendedores de Rawson y presencia de stands institucionales del sector lanero.<\/p>\n\n\n\n<p>15:00 a 19:00 horas: presencia del Bibliom\u00f3vil.<\/p>\n\n\n\n<p>18:00 a 22:00 horas: escenario m\u00f3vil del cami\u00f3n \u201cRitmos Argentinos\u201d con presentaciones musicales.<\/p>\n\n\n\n<p>Domingo 15 de marzo<\/p>\n\n\n\n<p>13:00 a 16:00 horas: capacitaciones y talleres de fieltro, soguer\u00eda y cester\u00eda en el exterior del Centro Cultural Provincial, y talleres de modelado en cer\u00e1mica y construcci\u00f3n de horno ef\u00edmero en la Residencia Cultural, anexo del CCP.<\/p>\n\n\n\n<p>17:00 a 21:00 horas: feria de artesanos en la plaza peatonal del Centro Cultural Provincial, con la participaci\u00f3n de artesanos, emprendedores, carpa Origen Chubut, programa Tejiendo Futuro y espacios institucionales.<\/p>\n\n\n\n<p>15:00 a 19:00 horas: presencia del Bibliom\u00f3vil.<\/p>\n\n\n\n<p>19:00 a 21:00 horas: escenario m\u00f3vil del cami\u00f3n Ritmos Argentinos con espect\u00e1culos musicales.<\/p>\n","protected":false},"excerpt":{"rendered":"<p>La capital provincial ser\u00e1 sede de las primeras jornadas del tradicional evento que este a\u00f1o fue reestructurado y se desarrollar\u00e1 en tres localidades del Chubut. Habr\u00e1 feria, capacitaciones, emprendedores, propuestas&hellip; <\/p>\n","protected":false},"author":2,"featured_media":21117,"comment_status":"closed","ping_status":"closed","sticky":false,"template":"","format":"standard","meta":{"footnotes":""},"categories":[14],"tags":[],"class_list":["post-21118","post","type-post","status-publish","format-standard","has-post-thumbnail","hentry","category-provinciales"],"yoast_head":"<!-- This site is optimized with the Yoast SEO plugin v27.4 - https:\/\/yoast.com\/product\/yoast-seo-wordpress\/ -->\n<title>El 32\u00b0 Encuentro Provincial de Artesanos comienza este fin de semana en Rawson - FM Patagonia Madryn<\/title>\n<meta name=\"robots\" content=\"index, follow, max-snippet:-1, max-image-preview:large, max-video-preview:-1\" \/>\n<link rel=\"canonical\" href=\"https:\/\/fmpatagoniamadryn.com.ar\/?p=21118\" \/>\n<meta property=\"og:locale\" content=\"es_ES\" \/>\n<meta property=\"og:type\" content=\"article\" \/>\n<meta property=\"og:title\" content=\"El 32\u00b0 Encuentro Provincial de Artesanos comienza este fin de semana en Rawson - FM Patagonia Madryn\" \/>\n<meta property=\"og:description\" content=\"La capital provincial ser\u00e1 sede de las primeras jornadas del tradicional evento que este a\u00f1o fue reestructurado y se desarrollar\u00e1 en tres localidades del Chubut. Habr\u00e1 feria, capacitaciones, emprendedores, propuestas&hellip;\" \/>\n<meta property=\"og:url\" content=\"https:\/\/fmpatagoniamadryn.com.ar\/?p=21118\" \/>\n<meta property=\"og:site_name\" content=\"FM Patagonia Madryn\" \/>\n<meta property=\"article:published_time\" content=\"2026-03-12T20:22:24+00:00\" \/>\n<meta property=\"og:image\" content=\"https:\/\/fmpatagoniamadryn.com.ar\/wp-content\/uploads\/2026\/03\/19e4840e-7d00-4116-ae4e-09423b1b7d45.jpg\" \/>\n\t<meta property=\"og:image:width\" content=\"1280\" \/>\n\t<meta property=\"og:image:height\" content=\"960\" \/>\n\t<meta property=\"og:image:type\" content=\"image\/jpeg\" \/>\n<meta name=\"author\" content=\"FM Patagonia\" \/>\n<meta name=\"twitter:card\" content=\"summary_large_image\" \/>\n<meta name=\"twitter:label1\" content=\"Escrito por\" \/>\n\t<meta name=\"twitter:data1\" content=\"FM Patagonia\" \/>\n\t<meta name=\"twitter:label2\" content=\"Tiempo de lectura\" \/>\n\t<meta name=\"twitter:data2\" content=\"4 minutos\" \/>\n<script type=\"application\/ld+json\" class=\"yoast-schema-graph\">{\"@context\":\"https:\\\/\\\/schema.org\",\"@graph\":[{\"@type\":\"Article\",\"@id\":\"https:\\\/\\\/fmpatagoniamadryn.com.ar\\\/?p=21118#article\",\"isPartOf\":{\"@id\":\"https:\\\/\\\/fmpatagoniamadryn.com.ar\\\/?p=21118\"},\"author\":{\"name\":\"FM Patagonia\",\"@id\":\"https:\\\/\\\/fmpatagoniamadryn.com.ar\\\/#\\\/schema\\\/person\\\/8a3de4ad7efceacab06c1641c50303b7\"},\"headline\":\"El 32\u00b0 Encuentro Provincial de Artesanos comienza este fin de semana en Rawson\",\"datePublished\":\"2026-03-12T20:22:24+00:00\",\"mainEntityOfPage\":{\"@id\":\"https:\\\/\\\/fmpatagoniamadryn.com.ar\\\/?p=21118\"},\"wordCount\":776,\"publisher\":{\"@id\":\"https:\\\/\\\/fmpatagoniamadryn.com.ar\\\/#organization\"},\"image\":{\"@id\":\"https:\\\/\\\/fmpatagoniamadryn.com.ar\\\/?p=21118#primaryimage\"},\"thumbnailUrl\":\"https:\\\/\\\/fmpatagoniamadryn.com.ar\\\/wp-content\\\/uploads\\\/2026\\\/03\\\/19e4840e-7d00-4116-ae4e-09423b1b7d45.jpg\",\"articleSection\":[\"Provinciales\"],\"inLanguage\":\"es\"},{\"@type\":\"WebPage\",\"@id\":\"https:\\\/\\\/fmpatagoniamadryn.com.ar\\\/?p=21118\",\"url\":\"https:\\\/\\\/fmpatagoniamadryn.com.ar\\\/?p=21118\",\"name\":\"El 32\u00b0 Encuentro Provincial de Artesanos comienza este fin de semana en Rawson - FM Patagonia Madryn\",\"isPartOf\":{\"@id\":\"https:\\\/\\\/fmpatagoniamadryn.com.ar\\\/#website\"},\"primaryImageOfPage\":{\"@id\":\"https:\\\/\\\/fmpatagoniamadryn.com.ar\\\/?p=21118#primaryimage\"},\"image\":{\"@id\":\"https:\\\/\\\/fmpatagoniamadryn.com.ar\\\/?p=21118#primaryimage\"},\"thumbnailUrl\":\"https:\\\/\\\/fmpatagoniamadryn.com.ar\\\/wp-content\\\/uploads\\\/2026\\\/03\\\/19e4840e-7d00-4116-ae4e-09423b1b7d45.jpg\",\"datePublished\":\"2026-03-12T20:22:24+00:00\",\"breadcrumb\":{\"@id\":\"https:\\\/\\\/fmpatagoniamadryn.com.ar\\\/?p=21118#breadcrumb\"},\"inLanguage\":\"es\",\"potentialAction\":[{\"@type\":\"ReadAction\",\"target\":[\"https:\\\/\\\/fmpatagoniamadryn.com.ar\\\/?p=21118\"]}]},{\"@type\":\"ImageObject\",\"inLanguage\":\"es\",\"@id\":\"https:\\\/\\\/fmpatagoniamadryn.com.ar\\\/?p=21118#primaryimage\",\"url\":\"https:\\\/\\\/fmpatagoniamadryn.com.ar\\\/wp-content\\\/uploads\\\/2026\\\/03\\\/19e4840e-7d00-4116-ae4e-09423b1b7d45.jpg\",\"contentUrl\":\"https:\\\/\\\/fmpatagoniamadryn.com.ar\\\/wp-content\\\/uploads\\\/2026\\\/03\\\/19e4840e-7d00-4116-ae4e-09423b1b7d45.jpg\",\"width\":1280,\"height\":960},{\"@type\":\"BreadcrumbList\",\"@id\":\"https:\\\/\\\/fmpatagoniamadryn.com.ar\\\/?p=21118#breadcrumb\",\"itemListElement\":[{\"@type\":\"ListItem\",\"position\":1,\"name\":\"Portada\",\"item\":\"https:\\\/\\\/fmpatagoniamadryn.com.ar\\\/\"},{\"@type\":\"ListItem\",\"position\":2,\"name\":\"El 32\u00b0 Encuentro Provincial de Artesanos comienza este fin de semana en Rawson\"}]},{\"@type\":\"WebSite\",\"@id\":\"https:\\\/\\\/fmpatagoniamadryn.com.ar\\\/#website\",\"url\":\"https:\\\/\\\/fmpatagoniamadryn.com.ar\\\/\",\"name\":\"FM Patagonia Madryn\",\"description\":\"Radio Patagonia 105.5\",\"publisher\":{\"@id\":\"https:\\\/\\\/fmpatagoniamadryn.com.ar\\\/#organization\"},\"potentialAction\":[{\"@type\":\"SearchAction\",\"target\":{\"@type\":\"EntryPoint\",\"urlTemplate\":\"https:\\\/\\\/fmpatagoniamadryn.com.ar\\\/?s={search_term_string}\"},\"query-input\":{\"@type\":\"PropertyValueSpecification\",\"valueRequired\":true,\"valueName\":\"search_term_string\"}}],\"inLanguage\":\"es\"},{\"@type\":\"Organization\",\"@id\":\"https:\\\/\\\/fmpatagoniamadryn.com.ar\\\/#organization\",\"name\":\"FM Patagonia Madryn\",\"url\":\"https:\\\/\\\/fmpatagoniamadryn.com.ar\\\/\",\"logo\":{\"@type\":\"ImageObject\",\"inLanguage\":\"es\",\"@id\":\"https:\\\/\\\/fmpatagoniamadryn.com.ar\\\/#\\\/schema\\\/logo\\\/image\\\/\",\"url\":\"https:\\\/\\\/fmpatagoniamadryn.com.ar\\\/wp-content\\\/uploads\\\/2023\\\/01\\\/cropped-Diseno-sin-titulo.png\",\"contentUrl\":\"https:\\\/\\\/fmpatagoniamadryn.com.ar\\\/wp-content\\\/uploads\\\/2023\\\/01\\\/cropped-Diseno-sin-titulo.png\",\"width\":6911,\"height\":2657,\"caption\":\"FM Patagonia Madryn\"},\"image\":{\"@id\":\"https:\\\/\\\/fmpatagoniamadryn.com.ar\\\/#\\\/schema\\\/logo\\\/image\\\/\"}},{\"@type\":\"Person\",\"@id\":\"https:\\\/\\\/fmpatagoniamadryn.com.ar\\\/#\\\/schema\\\/person\\\/8a3de4ad7efceacab06c1641c50303b7\",\"name\":\"FM Patagonia\",\"url\":\"https:\\\/\\\/fmpatagoniamadryn.com.ar\\\/?author=2\"}]}<\/script>\n<!-- \/ Yoast SEO plugin. -->","yoast_head_json":{"title":"El 32\u00b0 Encuentro Provincial de Artesanos comienza este fin de semana en Rawson - FM Patagonia Madryn","robots":{"index":"index","follow":"follow","max-snippet":"max-snippet:-1","max-image-preview":"max-image-preview:large","max-video-preview":"max-video-preview:-1"},"canonical":"https:\/\/fmpatagoniamadryn.com.ar\/?p=21118","og_locale":"es_ES","og_type":"article","og_title":"El 32\u00b0 Encuentro Provincial de Artesanos comienza este fin de semana en Rawson - FM Patagonia Madryn","og_description":"La capital provincial ser\u00e1 sede de las primeras jornadas del tradicional evento que este a\u00f1o fue reestructurado y se desarrollar\u00e1 en tres localidades del Chubut. Habr\u00e1 feria, capacitaciones, emprendedores, propuestas&hellip;","og_url":"https:\/\/fmpatagoniamadryn.com.ar\/?p=21118","og_site_name":"FM Patagonia Madryn","article_published_time":"2026-03-12T20:22:24+00:00","og_image":[{"width":1280,"height":960,"url":"https:\/\/fmpatagoniamadryn.com.ar\/wp-content\/uploads\/2026\/03\/19e4840e-7d00-4116-ae4e-09423b1b7d45.jpg","type":"image\/jpeg"}],"author":"FM Patagonia","twitter_card":"summary_large_image","twitter_misc":{"Escrito por":"FM Patagonia","Tiempo de lectura":"4 minutos"},"schema":{"@context":"https:\/\/schema.org","@graph":[{"@type":"Article","@id":"https:\/\/fmpatagoniamadryn.com.ar\/?p=21118#article","isPartOf":{"@id":"https:\/\/fmpatagoniamadryn.com.ar\/?p=21118"},"author":{"name":"FM Patagonia","@id":"https:\/\/fmpatagoniamadryn.com.ar\/#\/schema\/person\/8a3de4ad7efceacab06c1641c50303b7"},"headline":"El 32\u00b0 Encuentro Provincial de Artesanos comienza este fin de semana en Rawson","datePublished":"2026-03-12T20:22:24+00:00","mainEntityOfPage":{"@id":"https:\/\/fmpatagoniamadryn.com.ar\/?p=21118"},"wordCount":776,"publisher":{"@id":"https:\/\/fmpatagoniamadryn.com.ar\/#organization"},"image":{"@id":"https:\/\/fmpatagoniamadryn.com.ar\/?p=21118#primaryimage"},"thumbnailUrl":"https:\/\/fmpatagoniamadryn.com.ar\/wp-content\/uploads\/2026\/03\/19e4840e-7d00-4116-ae4e-09423b1b7d45.jpg","articleSection":["Provinciales"],"inLanguage":"es"},{"@type":"WebPage","@id":"https:\/\/fmpatagoniamadryn.com.ar\/?p=21118","url":"https:\/\/fmpatagoniamadryn.com.ar\/?p=21118","name":"El 32\u00b0 Encuentro Provincial de Artesanos comienza este fin de semana en Rawson - FM Patagonia Madryn","isPartOf":{"@id":"https:\/\/fmpatagoniamadryn.com.ar\/#website"},"primaryImageOfPage":{"@id":"https:\/\/fmpatagoniamadryn.com.ar\/?p=21118#primaryimage"},"image":{"@id":"https:\/\/fmpatagoniamadryn.com.ar\/?p=21118#primaryimage"},"thumbnailUrl":"https:\/\/fmpatagoniamadryn.com.ar\/wp-content\/uploads\/2026\/03\/19e4840e-7d00-4116-ae4e-09423b1b7d45.jpg","datePublished":"2026-03-12T20:22:24+00:00","breadcrumb":{"@id":"https:\/\/fmpatagoniamadryn.com.ar\/?p=21118#breadcrumb"},"inLanguage":"es","potentialAction":[{"@type":"ReadAction","target":["https:\/\/fmpatagoniamadryn.com.ar\/?p=21118"]}]},{"@type":"ImageObject","inLanguage":"es","@id":"https:\/\/fmpatagoniamadryn.com.ar\/?p=21118#primaryimage","url":"https:\/\/fmpatagoniamadryn.com.ar\/wp-content\/uploads\/2026\/03\/19e4840e-7d00-4116-ae4e-09423b1b7d45.jpg","contentUrl":"https:\/\/fmpatagoniamadryn.com.ar\/wp-content\/uploads\/2026\/03\/19e4840e-7d00-4116-ae4e-09423b1b7d45.jpg","width":1280,"height":960},{"@type":"BreadcrumbList","@id":"https:\/\/fmpatagoniamadryn.com.ar\/?p=21118#breadcrumb","itemListElement":[{"@type":"ListItem","position":1,"name":"Portada","item":"https:\/\/fmpatagoniamadryn.com.ar\/"},{"@type":"ListItem","position":2,"name":"El 32\u00b0 Encuentro Provincial de Artesanos comienza este fin de semana en Rawson"}]},{"@type":"WebSite","@id":"https:\/\/fmpatagoniamadryn.com.ar\/#website","url":"https:\/\/fmpatagoniamadryn.com.ar\/","name":"FM Patagonia Madryn","description":"Radio Patagonia 105.5","publisher":{"@id":"https:\/\/fmpatagoniamadryn.com.ar\/#organization"},"potentialAction":[{"@type":"SearchAction","target":{"@type":"EntryPoint","urlTemplate":"https:\/\/fmpatagoniamadryn.com.ar\/?s={search_term_string}"},"query-input":{"@type":"PropertyValueSpecification","valueRequired":true,"valueName":"search_term_string"}}],"inLanguage":"es"},{"@type":"Organization","@id":"https:\/\/fmpatagoniamadryn.com.ar\/#organization","name":"FM Patagonia Madryn","url":"https:\/\/fmpatagoniamadryn.com.ar\/","logo":{"@type":"ImageObject","inLanguage":"es","@id":"https:\/\/fmpatagoniamadryn.com.ar\/#\/schema\/logo\/image\/","url":"https:\/\/fmpatagoniamadryn.com.ar\/wp-content\/uploads\/2023\/01\/cropped-Diseno-sin-titulo.png","contentUrl":"https:\/\/fmpatagoniamadryn.com.ar\/wp-content\/uploads\/2023\/01\/cropped-Diseno-sin-titulo.png","width":6911,"height":2657,"caption":"FM Patagonia Madryn"},"image":{"@id":"https:\/\/fmpatagoniamadryn.com.ar\/#\/schema\/logo\/image\/"}},{"@type":"Person","@id":"https:\/\/fmpatagoniamadryn.com.ar\/#\/schema\/person\/8a3de4ad7efceacab06c1641c50303b7","name":"FM Patagonia","url":"https:\/\/fmpatagoniamadryn.com.ar\/?author=2"}]}},"jetpack_featured_media_url":"https:\/\/fmpatagoniamadryn.com.ar\/wp-content\/uploads\/2026\/03\/19e4840e-7d00-4116-ae4e-09423b1b7d45.jpg","_links":{"self":[{"href":"https:\/\/fmpatagoniamadryn.com.ar\/index.php?rest_route=\/wp\/v2\/posts\/21118","targetHints":{"allow":["GET"]}}],"collection":[{"href":"https:\/\/fmpatagoniamadryn.com.ar\/index.php?rest_route=\/wp\/v2\/posts"}],"about":[{"href":"https:\/\/fmpatagoniamadryn.com.ar\/index.php?rest_route=\/wp\/v2\/types\/post"}],"author":[{"embeddable":true,"href":"https:\/\/fmpatagoniamadryn.com.ar\/index.php?rest_route=\/wp\/v2\/users\/2"}],"replies":[{"embeddable":true,"href":"https:\/\/fmpatagoniamadryn.com.ar\/index.php?rest_route=%2Fwp%2Fv2%2Fcomments&post=21118"}],"version-history":[{"count":1,"href":"https:\/\/fmpatagoniamadryn.com.ar\/index.php?rest_route=\/wp\/v2\/posts\/21118\/revisions"}],"predecessor-version":[{"id":21119,"href":"https:\/\/fmpatagoniamadryn.com.ar\/index.php?rest_route=\/wp\/v2\/posts\/21118\/revisions\/21119"}],"wp:featuredmedia":[{"embeddable":true,"href":"https:\/\/fmpatagoniamadryn.com.ar\/index.php?rest_route=\/wp\/v2\/media\/21117"}],"wp:attachment":[{"href":"https:\/\/fmpatagoniamadryn.com.ar\/index.php?rest_route=%2Fwp%2Fv2%2Fmedia&parent=21118"}],"wp:term":[{"taxonomy":"category","embeddable":true,"href":"https:\/\/fmpatagoniamadryn.com.ar\/index.php?rest_route=%2Fwp%2Fv2%2Fcategories&post=21118"},{"taxonomy":"post_tag","embeddable":true,"href":"https:\/\/fmpatagoniamadryn.com.ar\/index.php?rest_route=%2Fwp%2Fv2%2Ftags&post=21118"}],"curies":[{"name":"wp","href":"https:\/\/api.w.org\/{rel}","templated":true}]}}