{"id":21144,"date":"2026-03-13T10:24:23","date_gmt":"2026-03-13T13:24:23","guid":{"rendered":"https:\/\/fmpatagoniamadryn.com.ar\/?p=21144"},"modified":"2026-03-13T10:24:23","modified_gmt":"2026-03-13T13:24:23","slug":"salud-confirmo-el-traslado-de-los-servicios-pediatricos-de-trelew-al-nuevo-hospital-maria-humphreys","status":"publish","type":"post","link":"https:\/\/fmpatagoniamadryn.com.ar\/?p=21144","title":{"rendered":"Salud confirm\u00f3 el traslado de los Servicios Pedi\u00e1tricos de Trelew al nuevo Hospital \u201cMar\u00eda Humphreys\u201d"},"content":{"rendered":"\n<p><\/p>\n\n\n\n<p><em>Tras realizarse una jornada de simulaci\u00f3n cl\u00ednica de la que participaron m\u00e1s de 40 trabajadores de la salud, la Secretar\u00eda de Salud del Chubut inform\u00f3 que la mudanza est\u00e1 planificada para el pr\u00f3ximo mi\u00e9rcoles 18 de marzo.<\/em><\/p>\n\n\n\n<p>En el marco del proceso de puesta en funcionamiento del Hospital \u201cMar\u00eda Humphreys\u201d (HMH) de Trelew, se llev\u00f3 adelante una jornada de simulacros pedi\u00e1tricos destinada a evaluar y fortalecer los circuitos de atenci\u00f3n antes de la segunda fase de apertura del establecimiento, que contempla la mudanza de los servicios de Pediatr\u00eda y de la Unidad de Cuidados Intensivos Pedi\u00e1tricos (UCIP) del Hospital Zonal \u201cDr. Adolfo Margara\u201d de la localidad.<\/p>\n\n\n\n<p>La actividad fue organizada por la Secretar\u00eda de Salud de la provincia, y cont\u00f3 con la participaci\u00f3n activa de 42 integrantes de los equipos de salud locales, entre profesionales m\u00e9dicos, personal de enfermer\u00eda, t\u00e9cnicos y personal administrativo.<\/p>\n\n\n\n<p><em>Alcances de la jornada<\/em><\/p>\n\n\n\n<p>Durante la jornada se desarrollaron distintos escenarios cl\u00ednicos simulados que representan situaciones habituales de atenci\u00f3n en una guardia pedi\u00e1trica, desde consultas de baja complejidad hasta emergencias de mayor gravedad.<\/p>\n\n\n\n<p>Estos ejercicios permiten evaluar en condiciones controladas el funcionamiento de los circuitos asistenciales, los tiempos de respuesta, la disponibilidad de recursos y la coordinaci\u00f3n entre los distintos equipos que intervienen en la atenci\u00f3n.<\/p>\n\n\n\n<p>Consultada al respecto, la directora provincial de Maternidad, Infancia y Adolescencia, Silvina Leiva, explic\u00f3 que \u201cla simulaci\u00f3n cl\u00ednica constituye una herramienta ampliamente utilizada en los sistemas de salud para mejorar la seguridad del paciente, fortalecer el trabajo en equipo y favorecer el aprendizaje continuo de los profesionales\u201d.<\/p>\n\n\n\n<p>En este contexto, precis\u00f3 que \u201csu implementaci\u00f3n permite identificar de manera anticipada posibles barreras operativas y realizar los ajustes necesarios antes del inicio pleno de las actividades\u201d.<\/p>\n\n\n\n<p><em>Circuitos de atenci\u00f3n seguros y coordinados<\/em><\/p>\n\n\n\n<p>Este tipo de instancias resulta especialmente relevante en la etapa actual de preparaci\u00f3n del Hospital \u201cMar\u00eda Humphreys\u201d, ya que posibilita revisar y consolidar los procesos de atenci\u00f3n que ser\u00e1n utilizados por los equipos cuando se concrete el traslado de los servicios pedi\u00e1tricos al nuevo establecimiento, que est\u00e1 planificado para el pr\u00f3ximo mi\u00e9rcoles 18 de marzo.<\/p>\n\n\n\n<p>Desde la Secretar\u00eda de Salud chubutense destacaron la importancia de este tipo de actividades para consolidar el trabajo interdisciplinario y mejorar la calidad de atenci\u00f3n, especialmente en lo que respecta a la salud de ni\u00f1as, ni\u00f1os y adolescentes de la regi\u00f3n.<\/p>\n","protected":false},"excerpt":{"rendered":"<p>Tras realizarse una jornada de simulaci\u00f3n cl\u00ednica de la que participaron m\u00e1s de 40 trabajadores de la salud, la Secretar\u00eda de Salud del Chubut inform\u00f3 que la mudanza est\u00e1 planificada&hellip; <\/p>\n","protected":false},"author":2,"featured_media":21143,"comment_status":"closed","ping_status":"closed","sticky":false,"template":"","format":"standard","meta":{"footnotes":""},"categories":[14],"tags":[],"class_list":["post-21144","post","type-post","status-publish","format-standard","has-post-thumbnail","hentry","category-provinciales"],"yoast_head":"<!-- This site is optimized with the Yoast SEO plugin v27.4 - https:\/\/yoast.com\/product\/yoast-seo-wordpress\/ -->\n<title>Salud confirm\u00f3 el traslado de los Servicios Pedi\u00e1tricos de Trelew al nuevo Hospital \u201cMar\u00eda Humphreys\u201d - FM Patagonia Madryn<\/title>\n<meta name=\"robots\" content=\"index, follow, max-snippet:-1, max-image-preview:large, max-video-preview:-1\" \/>\n<link rel=\"canonical\" href=\"https:\/\/fmpatagoniamadryn.com.ar\/?p=21144\" \/>\n<meta property=\"og:locale\" content=\"es_ES\" \/>\n<meta property=\"og:type\" content=\"article\" \/>\n<meta property=\"og:title\" content=\"Salud confirm\u00f3 el traslado de los Servicios Pedi\u00e1tricos de Trelew al nuevo Hospital \u201cMar\u00eda Humphreys\u201d - FM Patagonia Madryn\" \/>\n<meta property=\"og:description\" content=\"Tras realizarse una jornada de simulaci\u00f3n cl\u00ednica de la que participaron m\u00e1s de 40 trabajadores de la salud, la Secretar\u00eda de Salud del Chubut inform\u00f3 que la mudanza est\u00e1 planificada&hellip;\" \/>\n<meta property=\"og:url\" content=\"https:\/\/fmpatagoniamadryn.com.ar\/?p=21144\" \/>\n<meta property=\"og:site_name\" content=\"FM Patagonia Madryn\" \/>\n<meta property=\"article:published_time\" content=\"2026-03-13T13:24:23+00:00\" \/>\n<meta property=\"og:image\" content=\"https:\/\/fmpatagoniamadryn.com.ar\/wp-content\/uploads\/2026\/03\/818a0136-51c5-4b16-b1bb-f7bbbc9ba48f.jpg\" \/>\n\t<meta property=\"og:image:width\" content=\"900\" \/>\n\t<meta property=\"og:image:height\" content=\"1600\" \/>\n\t<meta property=\"og:image:type\" content=\"image\/jpeg\" \/>\n<meta name=\"author\" content=\"FM Patagonia\" \/>\n<meta name=\"twitter:card\" content=\"summary_large_image\" \/>\n<meta name=\"twitter:label1\" content=\"Escrito por\" \/>\n\t<meta name=\"twitter:data1\" content=\"FM Patagonia\" \/>\n\t<meta name=\"twitter:label2\" content=\"Tiempo de lectura\" \/>\n\t<meta name=\"twitter:data2\" content=\"2 minutos\" \/>\n<script type=\"application\/ld+json\" class=\"yoast-schema-graph\">{\"@context\":\"https:\\\/\\\/schema.org\",\"@graph\":[{\"@type\":\"Article\",\"@id\":\"https:\\\/\\\/fmpatagoniamadryn.com.ar\\\/?p=21144#article\",\"isPartOf\":{\"@id\":\"https:\\\/\\\/fmpatagoniamadryn.com.ar\\\/?p=21144\"},\"author\":{\"name\":\"FM Patagonia\",\"@id\":\"https:\\\/\\\/fmpatagoniamadryn.com.ar\\\/#\\\/schema\\\/person\\\/8a3de4ad7efceacab06c1641c50303b7\"},\"headline\":\"Salud confirm\u00f3 el traslado de los Servicios Pedi\u00e1tricos de Trelew al nuevo Hospital \u201cMar\u00eda Humphreys\u201d\",\"datePublished\":\"2026-03-13T13:24:23+00:00\",\"mainEntityOfPage\":{\"@id\":\"https:\\\/\\\/fmpatagoniamadryn.com.ar\\\/?p=21144\"},\"wordCount\":435,\"publisher\":{\"@id\":\"https:\\\/\\\/fmpatagoniamadryn.com.ar\\\/#organization\"},\"image\":{\"@id\":\"https:\\\/\\\/fmpatagoniamadryn.com.ar\\\/?p=21144#primaryimage\"},\"thumbnailUrl\":\"https:\\\/\\\/fmpatagoniamadryn.com.ar\\\/wp-content\\\/uploads\\\/2026\\\/03\\\/818a0136-51c5-4b16-b1bb-f7bbbc9ba48f.jpg\",\"articleSection\":[\"Provinciales\"],\"inLanguage\":\"es\"},{\"@type\":\"WebPage\",\"@id\":\"https:\\\/\\\/fmpatagoniamadryn.com.ar\\\/?p=21144\",\"url\":\"https:\\\/\\\/fmpatagoniamadryn.com.ar\\\/?p=21144\",\"name\":\"Salud confirm\u00f3 el traslado de los Servicios Pedi\u00e1tricos de Trelew al nuevo Hospital \u201cMar\u00eda Humphreys\u201d - FM Patagonia Madryn\",\"isPartOf\":{\"@id\":\"https:\\\/\\\/fmpatagoniamadryn.com.ar\\\/#website\"},\"primaryImageOfPage\":{\"@id\":\"https:\\\/\\\/fmpatagoniamadryn.com.ar\\\/?p=21144#primaryimage\"},\"image\":{\"@id\":\"https:\\\/\\\/fmpatagoniamadryn.com.ar\\\/?p=21144#primaryimage\"},\"thumbnailUrl\":\"https:\\\/\\\/fmpatagoniamadryn.com.ar\\\/wp-content\\\/uploads\\\/2026\\\/03\\\/818a0136-51c5-4b16-b1bb-f7bbbc9ba48f.jpg\",\"datePublished\":\"2026-03-13T13:24:23+00:00\",\"breadcrumb\":{\"@id\":\"https:\\\/\\\/fmpatagoniamadryn.com.ar\\\/?p=21144#breadcrumb\"},\"inLanguage\":\"es\",\"potentialAction\":[{\"@type\":\"ReadAction\",\"target\":[\"https:\\\/\\\/fmpatagoniamadryn.com.ar\\\/?p=21144\"]}]},{\"@type\":\"ImageObject\",\"inLanguage\":\"es\",\"@id\":\"https:\\\/\\\/fmpatagoniamadryn.com.ar\\\/?p=21144#primaryimage\",\"url\":\"https:\\\/\\\/fmpatagoniamadryn.com.ar\\\/wp-content\\\/uploads\\\/2026\\\/03\\\/818a0136-51c5-4b16-b1bb-f7bbbc9ba48f.jpg\",\"contentUrl\":\"https:\\\/\\\/fmpatagoniamadryn.com.ar\\\/wp-content\\\/uploads\\\/2026\\\/03\\\/818a0136-51c5-4b16-b1bb-f7bbbc9ba48f.jpg\",\"width\":900,\"height\":1600},{\"@type\":\"BreadcrumbList\",\"@id\":\"https:\\\/\\\/fmpatagoniamadryn.com.ar\\\/?p=21144#breadcrumb\",\"itemListElement\":[{\"@type\":\"ListItem\",\"position\":1,\"name\":\"Portada\",\"item\":\"https:\\\/\\\/fmpatagoniamadryn.com.ar\\\/\"},{\"@type\":\"ListItem\",\"position\":2,\"name\":\"Salud confirm\u00f3 el traslado de los Servicios Pedi\u00e1tricos de Trelew al nuevo Hospital \u201cMar\u00eda Humphreys\u201d\"}]},{\"@type\":\"WebSite\",\"@id\":\"https:\\\/\\\/fmpatagoniamadryn.com.ar\\\/#website\",\"url\":\"https:\\\/\\\/fmpatagoniamadryn.com.ar\\\/\",\"name\":\"FM Patagonia Madryn\",\"description\":\"Radio Patagonia 105.5\",\"publisher\":{\"@id\":\"https:\\\/\\\/fmpatagoniamadryn.com.ar\\\/#organization\"},\"potentialAction\":[{\"@type\":\"SearchAction\",\"target\":{\"@type\":\"EntryPoint\",\"urlTemplate\":\"https:\\\/\\\/fmpatagoniamadryn.com.ar\\\/?s={search_term_string}\"},\"query-input\":{\"@type\":\"PropertyValueSpecification\",\"valueRequired\":true,\"valueName\":\"search_term_string\"}}],\"inLanguage\":\"es\"},{\"@type\":\"Organization\",\"@id\":\"https:\\\/\\\/fmpatagoniamadryn.com.ar\\\/#organization\",\"name\":\"FM Patagonia Madryn\",\"url\":\"https:\\\/\\\/fmpatagoniamadryn.com.ar\\\/\",\"logo\":{\"@type\":\"ImageObject\",\"inLanguage\":\"es\",\"@id\":\"https:\\\/\\\/fmpatagoniamadryn.com.ar\\\/#\\\/schema\\\/logo\\\/image\\\/\",\"url\":\"https:\\\/\\\/fmpatagoniamadryn.com.ar\\\/wp-content\\\/uploads\\\/2023\\\/01\\\/cropped-Diseno-sin-titulo.png\",\"contentUrl\":\"https:\\\/\\\/fmpatagoniamadryn.com.ar\\\/wp-content\\\/uploads\\\/2023\\\/01\\\/cropped-Diseno-sin-titulo.png\",\"width\":6911,\"height\":2657,\"caption\":\"FM Patagonia Madryn\"},\"image\":{\"@id\":\"https:\\\/\\\/fmpatagoniamadryn.com.ar\\\/#\\\/schema\\\/logo\\\/image\\\/\"}},{\"@type\":\"Person\",\"@id\":\"https:\\\/\\\/fmpatagoniamadryn.com.ar\\\/#\\\/schema\\\/person\\\/8a3de4ad7efceacab06c1641c50303b7\",\"name\":\"FM Patagonia\",\"url\":\"https:\\\/\\\/fmpatagoniamadryn.com.ar\\\/?author=2\"}]}<\/script>\n<!-- \/ Yoast SEO plugin. -->","yoast_head_json":{"title":"Salud confirm\u00f3 el traslado de los Servicios Pedi\u00e1tricos de Trelew al nuevo Hospital \u201cMar\u00eda Humphreys\u201d - FM Patagonia Madryn","robots":{"index":"index","follow":"follow","max-snippet":"max-snippet:-1","max-image-preview":"max-image-preview:large","max-video-preview":"max-video-preview:-1"},"canonical":"https:\/\/fmpatagoniamadryn.com.ar\/?p=21144","og_locale":"es_ES","og_type":"article","og_title":"Salud confirm\u00f3 el traslado de los Servicios Pedi\u00e1tricos de Trelew al nuevo Hospital \u201cMar\u00eda Humphreys\u201d - FM Patagonia Madryn","og_description":"Tras realizarse una jornada de simulaci\u00f3n cl\u00ednica de la que participaron m\u00e1s de 40 trabajadores de la salud, la Secretar\u00eda de Salud del Chubut inform\u00f3 que la mudanza est\u00e1 planificada&hellip;","og_url":"https:\/\/fmpatagoniamadryn.com.ar\/?p=21144","og_site_name":"FM Patagonia Madryn","article_published_time":"2026-03-13T13:24:23+00:00","og_image":[{"width":900,"height":1600,"url":"https:\/\/fmpatagoniamadryn.com.ar\/wp-content\/uploads\/2026\/03\/818a0136-51c5-4b16-b1bb-f7bbbc9ba48f.jpg","type":"image\/jpeg"}],"author":"FM Patagonia","twitter_card":"summary_large_image","twitter_misc":{"Escrito por":"FM Patagonia","Tiempo de lectura":"2 minutos"},"schema":{"@context":"https:\/\/schema.org","@graph":[{"@type":"Article","@id":"https:\/\/fmpatagoniamadryn.com.ar\/?p=21144#article","isPartOf":{"@id":"https:\/\/fmpatagoniamadryn.com.ar\/?p=21144"},"author":{"name":"FM Patagonia","@id":"https:\/\/fmpatagoniamadryn.com.ar\/#\/schema\/person\/8a3de4ad7efceacab06c1641c50303b7"},"headline":"Salud confirm\u00f3 el traslado de los Servicios Pedi\u00e1tricos de Trelew al nuevo Hospital \u201cMar\u00eda Humphreys\u201d","datePublished":"2026-03-13T13:24:23+00:00","mainEntityOfPage":{"@id":"https:\/\/fmpatagoniamadryn.com.ar\/?p=21144"},"wordCount":435,"publisher":{"@id":"https:\/\/fmpatagoniamadryn.com.ar\/#organization"},"image":{"@id":"https:\/\/fmpatagoniamadryn.com.ar\/?p=21144#primaryimage"},"thumbnailUrl":"https:\/\/fmpatagoniamadryn.com.ar\/wp-content\/uploads\/2026\/03\/818a0136-51c5-4b16-b1bb-f7bbbc9ba48f.jpg","articleSection":["Provinciales"],"inLanguage":"es"},{"@type":"WebPage","@id":"https:\/\/fmpatagoniamadryn.com.ar\/?p=21144","url":"https:\/\/fmpatagoniamadryn.com.ar\/?p=21144","name":"Salud confirm\u00f3 el traslado de los Servicios Pedi\u00e1tricos de Trelew al nuevo Hospital \u201cMar\u00eda Humphreys\u201d - FM Patagonia Madryn","isPartOf":{"@id":"https:\/\/fmpatagoniamadryn.com.ar\/#website"},"primaryImageOfPage":{"@id":"https:\/\/fmpatagoniamadryn.com.ar\/?p=21144#primaryimage"},"image":{"@id":"https:\/\/fmpatagoniamadryn.com.ar\/?p=21144#primaryimage"},"thumbnailUrl":"https:\/\/fmpatagoniamadryn.com.ar\/wp-content\/uploads\/2026\/03\/818a0136-51c5-4b16-b1bb-f7bbbc9ba48f.jpg","datePublished":"2026-03-13T13:24:23+00:00","breadcrumb":{"@id":"https:\/\/fmpatagoniamadryn.com.ar\/?p=21144#breadcrumb"},"inLanguage":"es","potentialAction":[{"@type":"ReadAction","target":["https:\/\/fmpatagoniamadryn.com.ar\/?p=21144"]}]},{"@type":"ImageObject","inLanguage":"es","@id":"https:\/\/fmpatagoniamadryn.com.ar\/?p=21144#primaryimage","url":"https:\/\/fmpatagoniamadryn.com.ar\/wp-content\/uploads\/2026\/03\/818a0136-51c5-4b16-b1bb-f7bbbc9ba48f.jpg","contentUrl":"https:\/\/fmpatagoniamadryn.com.ar\/wp-content\/uploads\/2026\/03\/818a0136-51c5-4b16-b1bb-f7bbbc9ba48f.jpg","width":900,"height":1600},{"@type":"BreadcrumbList","@id":"https:\/\/fmpatagoniamadryn.com.ar\/?p=21144#breadcrumb","itemListElement":[{"@type":"ListItem","position":1,"name":"Portada","item":"https:\/\/fmpatagoniamadryn.com.ar\/"},{"@type":"ListItem","position":2,"name":"Salud confirm\u00f3 el traslado de los Servicios Pedi\u00e1tricos de Trelew al nuevo Hospital \u201cMar\u00eda Humphreys\u201d"}]},{"@type":"WebSite","@id":"https:\/\/fmpatagoniamadryn.com.ar\/#website","url":"https:\/\/fmpatagoniamadryn.com.ar\/","name":"FM Patagonia Madryn","description":"Radio Patagonia 105.5","publisher":{"@id":"https:\/\/fmpatagoniamadryn.com.ar\/#organization"},"potentialAction":[{"@type":"SearchAction","target":{"@type":"EntryPoint","urlTemplate":"https:\/\/fmpatagoniamadryn.com.ar\/?s={search_term_string}"},"query-input":{"@type":"PropertyValueSpecification","valueRequired":true,"valueName":"search_term_string"}}],"inLanguage":"es"},{"@type":"Organization","@id":"https:\/\/fmpatagoniamadryn.com.ar\/#organization","name":"FM Patagonia Madryn","url":"https:\/\/fmpatagoniamadryn.com.ar\/","logo":{"@type":"ImageObject","inLanguage":"es","@id":"https:\/\/fmpatagoniamadryn.com.ar\/#\/schema\/logo\/image\/","url":"https:\/\/fmpatagoniamadryn.com.ar\/wp-content\/uploads\/2023\/01\/cropped-Diseno-sin-titulo.png","contentUrl":"https:\/\/fmpatagoniamadryn.com.ar\/wp-content\/uploads\/2023\/01\/cropped-Diseno-sin-titulo.png","width":6911,"height":2657,"caption":"FM Patagonia Madryn"},"image":{"@id":"https:\/\/fmpatagoniamadryn.com.ar\/#\/schema\/logo\/image\/"}},{"@type":"Person","@id":"https:\/\/fmpatagoniamadryn.com.ar\/#\/schema\/person\/8a3de4ad7efceacab06c1641c50303b7","name":"FM Patagonia","url":"https:\/\/fmpatagoniamadryn.com.ar\/?author=2"}]}},"jetpack_featured_media_url":"https:\/\/fmpatagoniamadryn.com.ar\/wp-content\/uploads\/2026\/03\/818a0136-51c5-4b16-b1bb-f7bbbc9ba48f.jpg","_links":{"self":[{"href":"https:\/\/fmpatagoniamadryn.com.ar\/index.php?rest_route=\/wp\/v2\/posts\/21144","targetHints":{"allow":["GET"]}}],"collection":[{"href":"https:\/\/fmpatagoniamadryn.com.ar\/index.php?rest_route=\/wp\/v2\/posts"}],"about":[{"href":"https:\/\/fmpatagoniamadryn.com.ar\/index.php?rest_route=\/wp\/v2\/types\/post"}],"author":[{"embeddable":true,"href":"https:\/\/fmpatagoniamadryn.com.ar\/index.php?rest_route=\/wp\/v2\/users\/2"}],"replies":[{"embeddable":true,"href":"https:\/\/fmpatagoniamadryn.com.ar\/index.php?rest_route=%2Fwp%2Fv2%2Fcomments&post=21144"}],"version-history":[{"count":1,"href":"https:\/\/fmpatagoniamadryn.com.ar\/index.php?rest_route=\/wp\/v2\/posts\/21144\/revisions"}],"predecessor-version":[{"id":21145,"href":"https:\/\/fmpatagoniamadryn.com.ar\/index.php?rest_route=\/wp\/v2\/posts\/21144\/revisions\/21145"}],"wp:featuredmedia":[{"embeddable":true,"href":"https:\/\/fmpatagoniamadryn.com.ar\/index.php?rest_route=\/wp\/v2\/media\/21143"}],"wp:attachment":[{"href":"https:\/\/fmpatagoniamadryn.com.ar\/index.php?rest_route=%2Fwp%2Fv2%2Fmedia&parent=21144"}],"wp:term":[{"taxonomy":"category","embeddable":true,"href":"https:\/\/fmpatagoniamadryn.com.ar\/index.php?rest_route=%2Fwp%2Fv2%2Fcategories&post=21144"},{"taxonomy":"post_tag","embeddable":true,"href":"https:\/\/fmpatagoniamadryn.com.ar\/index.php?rest_route=%2Fwp%2Fv2%2Ftags&post=21144"}],"curies":[{"name":"wp","href":"https:\/\/api.w.org\/{rel}","templated":true}]}}