{"id":21147,"date":"2026-03-13T11:45:00","date_gmt":"2026-03-13T14:45:00","guid":{"rendered":"https:\/\/fmpatagoniamadryn.com.ar\/?p=21147"},"modified":"2026-03-13T10:42:55","modified_gmt":"2026-03-13T13:42:55","slug":"franco-colapinto-largara-16-en-el-sprint-del-gp-de-china-de-la-formula-1","status":"publish","type":"post","link":"https:\/\/fmpatagoniamadryn.com.ar\/?p=21147","title":{"rendered":"Franco Colapinto largar\u00e1 16\u00b0 en el Sprint del GP de China de la F\u00f3rmula 1"},"content":{"rendered":"\n<p>En otra jornada marcada por la supremac\u00eda de Mercedes,&nbsp;<strong>Franco Colapinto pas\u00f3 a la SQ2 del Gran Premio de China y largar\u00e1 16\u00b0 con su Alpine en la grilla de la primera carrera Sprint del a\u00f1o para la F\u00f3rmula 1<\/strong>, que se correr\u00e1 desde las 00.00 del s\u00e1bado.<\/p>\n\n\n\n<p>Si bien el argentino super\u00f3 el primer corte,&nbsp;<strong>lo cierto es que todav\u00eda sigue lejos de Pierre Gasly, su compa\u00f1ero, algo de lo que tom\u00f3 nota tras la clasificaci\u00f3n.&nbsp;<\/strong>El franc\u00e9s fue 7\u00b0, 1s439 m\u00e1s r\u00e1pido que el n\u00famero 43.<\/p>\n\n\n\n<p>El brit\u00e1nico&nbsp;<strong>George Russell volvi\u00f3 a hacerse con la pole, con un mejor tiempo de 1m31s520<\/strong>&nbsp;en su Mercedes. Su compa\u00f1ero de equipo, el italiano Kimi Antonelli, largar\u00e1 segundo, en tanto que Lando Norris, de McLaren, completar\u00e1 la segunda fila junto a Lewis Hamilton (Ferrari).<\/p>\n\n\n\n<p>Si bien logr\u00f3 superar el primer corte,&nbsp;<strong>el rendimiento de Colapinto todav\u00eda dista de las aspiraciones de Alpine<\/strong>. El pilarense logr\u00f3 avanzar a la segunda tanda de clasificaci\u00f3n con lo justo,&nbsp;<strong>a poco m\u00e1s de medio segundo de Gasly<\/strong>.<\/p>\n\n\n\n<p>Ya en la SQ2,&nbsp;<strong>termin\u00f3 con un tiempo a 0s707 de Isack Hadjar, quien marc\u00f3 el corte en la 10\u00b0 posici\u00f3n<\/strong>. En tanto,&nbsp;<strong>Gasly se meti\u00f3 de lleno en la pelea por los puntos y largar\u00e1 s\u00e9ptimo, con un mejor tiempo de 1m33s495.<\/strong><\/p>\n\n\n\n<h2 class=\"wp-block-heading\">C\u00f3mo es el Circuito Internacional de Shanghai de la F1<\/h2>\n\n\n\n<p><strong>El GP de China se corre en el Circuito Internacional de Shangai, cuya construcci\u00f3n finaliz\u00f3 en 2004 y ese a\u00f1o tuvo su estreno en la M\u00e1xima.<\/strong>&nbsp;El dise\u00f1o de la pista visto desde el aire se asemeja al s\u00edmbolo chino \u00abshang\u00bb, que significa \u00abarriba\u00bb. El circuito tiene la particularidad de que los pilotos inician con las curvas 1 y 2, antes de girar a la izquierda en las curvas 3 y 4.<\/p>\n\n\n\n<ul class=\"wp-block-list\">\n<li>N\u00famero de vueltas:\u00a056<\/li>\n\n\n\n<li>Longitud del circuito:\u00a05.451 kil\u00f3metros<\/li>\n\n\n\n<li>Distancia de carrera:\u00a0305.066 kil\u00f3metros<\/li>\n\n\n\n<li>R\u00e9cord de vuelta: Michael Schumacher con 1:32.238 (2004)<\/li>\n<\/ul>\n","protected":false},"excerpt":{"rendered":"<p>El rendimiento del n\u00famero 43 todav\u00eda dista de las aspiraciones de Alpine, tras quedar a ocho d\u00e9cimas de su compa\u00f1ero Gasly (7\u00b0). Se larga a la medianoche argentina en Shanghai.<\/p>\n","protected":false},"author":5,"featured_media":21148,"comment_status":"closed","ping_status":"closed","sticky":false,"template":"","format":"standard","meta":{"footnotes":""},"categories":[4],"tags":[62],"class_list":["post-21147","post","type-post","status-publish","format-standard","has-post-thumbnail","hentry","category-deportes","tag-formula-1"],"yoast_head":"<!-- This site is optimized with the Yoast SEO plugin v27.4 - https:\/\/yoast.com\/product\/yoast-seo-wordpress\/ -->\n<title>Franco Colapinto largar\u00e1 16\u00b0 en el Sprint del GP de China de la F\u00f3rmula 1 - FM Patagonia Madryn<\/title>\n<meta name=\"robots\" content=\"index, follow, max-snippet:-1, max-image-preview:large, max-video-preview:-1\" \/>\n<link rel=\"canonical\" href=\"https:\/\/fmpatagoniamadryn.com.ar\/?p=21147\" \/>\n<meta property=\"og:locale\" content=\"es_ES\" \/>\n<meta property=\"og:type\" content=\"article\" \/>\n<meta property=\"og:title\" content=\"Franco Colapinto largar\u00e1 16\u00b0 en el Sprint del GP de China de la F\u00f3rmula 1 - FM Patagonia Madryn\" \/>\n<meta property=\"og:description\" content=\"El rendimiento del n\u00famero 43 todav\u00eda dista de las aspiraciones de Alpine, tras quedar a ocho d\u00e9cimas de su compa\u00f1ero Gasly (7\u00b0). Se larga a la medianoche argentina en Shanghai.\" \/>\n<meta property=\"og:url\" content=\"https:\/\/fmpatagoniamadryn.com.ar\/?p=21147\" \/>\n<meta property=\"og:site_name\" content=\"FM Patagonia Madryn\" \/>\n<meta property=\"article:published_time\" content=\"2026-03-13T14:45:00+00:00\" \/>\n<meta property=\"og:image\" content=\"https:\/\/fmpatagoniamadryn.com.ar\/wp-content\/uploads\/2026\/03\/colapinto-gp-de-china.webp\" \/>\n\t<meta property=\"og:image:width\" content=\"862\" \/>\n\t<meta property=\"og:image:height\" content=\"485\" \/>\n\t<meta property=\"og:image:type\" content=\"image\/webp\" \/>\n<meta name=\"author\" content=\"FM Patagonia\" \/>\n<meta name=\"twitter:card\" content=\"summary_large_image\" \/>\n<meta name=\"twitter:label1\" content=\"Escrito por\" \/>\n\t<meta name=\"twitter:data1\" content=\"FM Patagonia\" \/>\n\t<meta name=\"twitter:label2\" content=\"Tiempo de lectura\" \/>\n\t<meta name=\"twitter:data2\" content=\"2 minutos\" \/>\n<script type=\"application\/ld+json\" class=\"yoast-schema-graph\">{\"@context\":\"https:\\\/\\\/schema.org\",\"@graph\":[{\"@type\":\"Article\",\"@id\":\"https:\\\/\\\/fmpatagoniamadryn.com.ar\\\/?p=21147#article\",\"isPartOf\":{\"@id\":\"https:\\\/\\\/fmpatagoniamadryn.com.ar\\\/?p=21147\"},\"author\":{\"name\":\"FM Patagonia\",\"@id\":\"https:\\\/\\\/fmpatagoniamadryn.com.ar\\\/#\\\/schema\\\/person\\\/d1eaeab8ab628617785f4d9ef0e8d5d8\"},\"headline\":\"Franco Colapinto largar\u00e1 16\u00b0 en el Sprint del GP de China de la F\u00f3rmula 1\",\"datePublished\":\"2026-03-13T14:45:00+00:00\",\"mainEntityOfPage\":{\"@id\":\"https:\\\/\\\/fmpatagoniamadryn.com.ar\\\/?p=21147\"},\"wordCount\":357,\"publisher\":{\"@id\":\"https:\\\/\\\/fmpatagoniamadryn.com.ar\\\/#organization\"},\"image\":{\"@id\":\"https:\\\/\\\/fmpatagoniamadryn.com.ar\\\/?p=21147#primaryimage\"},\"thumbnailUrl\":\"https:\\\/\\\/fmpatagoniamadryn.com.ar\\\/wp-content\\\/uploads\\\/2026\\\/03\\\/colapinto-gp-de-china.webp\",\"keywords\":[\"F\u00f3rmula 1\"],\"articleSection\":[\"Deportes\"],\"inLanguage\":\"es\"},{\"@type\":\"WebPage\",\"@id\":\"https:\\\/\\\/fmpatagoniamadryn.com.ar\\\/?p=21147\",\"url\":\"https:\\\/\\\/fmpatagoniamadryn.com.ar\\\/?p=21147\",\"name\":\"Franco Colapinto largar\u00e1 16\u00b0 en el Sprint del GP de China de la F\u00f3rmula 1 - FM Patagonia Madryn\",\"isPartOf\":{\"@id\":\"https:\\\/\\\/fmpatagoniamadryn.com.ar\\\/#website\"},\"primaryImageOfPage\":{\"@id\":\"https:\\\/\\\/fmpatagoniamadryn.com.ar\\\/?p=21147#primaryimage\"},\"image\":{\"@id\":\"https:\\\/\\\/fmpatagoniamadryn.com.ar\\\/?p=21147#primaryimage\"},\"thumbnailUrl\":\"https:\\\/\\\/fmpatagoniamadryn.com.ar\\\/wp-content\\\/uploads\\\/2026\\\/03\\\/colapinto-gp-de-china.webp\",\"datePublished\":\"2026-03-13T14:45:00+00:00\",\"breadcrumb\":{\"@id\":\"https:\\\/\\\/fmpatagoniamadryn.com.ar\\\/?p=21147#breadcrumb\"},\"inLanguage\":\"es\",\"potentialAction\":[{\"@type\":\"ReadAction\",\"target\":[\"https:\\\/\\\/fmpatagoniamadryn.com.ar\\\/?p=21147\"]}]},{\"@type\":\"ImageObject\",\"inLanguage\":\"es\",\"@id\":\"https:\\\/\\\/fmpatagoniamadryn.com.ar\\\/?p=21147#primaryimage\",\"url\":\"https:\\\/\\\/fmpatagoniamadryn.com.ar\\\/wp-content\\\/uploads\\\/2026\\\/03\\\/colapinto-gp-de-china.webp\",\"contentUrl\":\"https:\\\/\\\/fmpatagoniamadryn.com.ar\\\/wp-content\\\/uploads\\\/2026\\\/03\\\/colapinto-gp-de-china.webp\",\"width\":862,\"height\":485},{\"@type\":\"BreadcrumbList\",\"@id\":\"https:\\\/\\\/fmpatagoniamadryn.com.ar\\\/?p=21147#breadcrumb\",\"itemListElement\":[{\"@type\":\"ListItem\",\"position\":1,\"name\":\"Portada\",\"item\":\"https:\\\/\\\/fmpatagoniamadryn.com.ar\\\/\"},{\"@type\":\"ListItem\",\"position\":2,\"name\":\"Franco Colapinto largar\u00e1 16\u00b0 en el Sprint del GP de China de la F\u00f3rmula 1\"}]},{\"@type\":\"WebSite\",\"@id\":\"https:\\\/\\\/fmpatagoniamadryn.com.ar\\\/#website\",\"url\":\"https:\\\/\\\/fmpatagoniamadryn.com.ar\\\/\",\"name\":\"FM Patagonia Madryn\",\"description\":\"Radio Patagonia 105.5\",\"publisher\":{\"@id\":\"https:\\\/\\\/fmpatagoniamadryn.com.ar\\\/#organization\"},\"potentialAction\":[{\"@type\":\"SearchAction\",\"target\":{\"@type\":\"EntryPoint\",\"urlTemplate\":\"https:\\\/\\\/fmpatagoniamadryn.com.ar\\\/?s={search_term_string}\"},\"query-input\":{\"@type\":\"PropertyValueSpecification\",\"valueRequired\":true,\"valueName\":\"search_term_string\"}}],\"inLanguage\":\"es\"},{\"@type\":\"Organization\",\"@id\":\"https:\\\/\\\/fmpatagoniamadryn.com.ar\\\/#organization\",\"name\":\"FM Patagonia Madryn\",\"url\":\"https:\\\/\\\/fmpatagoniamadryn.com.ar\\\/\",\"logo\":{\"@type\":\"ImageObject\",\"inLanguage\":\"es\",\"@id\":\"https:\\\/\\\/fmpatagoniamadryn.com.ar\\\/#\\\/schema\\\/logo\\\/image\\\/\",\"url\":\"https:\\\/\\\/fmpatagoniamadryn.com.ar\\\/wp-content\\\/uploads\\\/2023\\\/01\\\/cropped-Diseno-sin-titulo.png\",\"contentUrl\":\"https:\\\/\\\/fmpatagoniamadryn.com.ar\\\/wp-content\\\/uploads\\\/2023\\\/01\\\/cropped-Diseno-sin-titulo.png\",\"width\":6911,\"height\":2657,\"caption\":\"FM Patagonia Madryn\"},\"image\":{\"@id\":\"https:\\\/\\\/fmpatagoniamadryn.com.ar\\\/#\\\/schema\\\/logo\\\/image\\\/\"}},{\"@type\":\"Person\",\"@id\":\"https:\\\/\\\/fmpatagoniamadryn.com.ar\\\/#\\\/schema\\\/person\\\/d1eaeab8ab628617785f4d9ef0e8d5d8\",\"name\":\"FM Patagonia\",\"url\":\"https:\\\/\\\/fmpatagoniamadryn.com.ar\\\/?author=5\"}]}<\/script>\n<!-- \/ Yoast SEO plugin. -->","yoast_head_json":{"title":"Franco Colapinto largar\u00e1 16\u00b0 en el Sprint del GP de China de la F\u00f3rmula 1 - FM Patagonia Madryn","robots":{"index":"index","follow":"follow","max-snippet":"max-snippet:-1","max-image-preview":"max-image-preview:large","max-video-preview":"max-video-preview:-1"},"canonical":"https:\/\/fmpatagoniamadryn.com.ar\/?p=21147","og_locale":"es_ES","og_type":"article","og_title":"Franco Colapinto largar\u00e1 16\u00b0 en el Sprint del GP de China de la F\u00f3rmula 1 - FM Patagonia Madryn","og_description":"El rendimiento del n\u00famero 43 todav\u00eda dista de las aspiraciones de Alpine, tras quedar a ocho d\u00e9cimas de su compa\u00f1ero Gasly (7\u00b0). Se larga a la medianoche argentina en Shanghai.","og_url":"https:\/\/fmpatagoniamadryn.com.ar\/?p=21147","og_site_name":"FM Patagonia Madryn","article_published_time":"2026-03-13T14:45:00+00:00","og_image":[{"width":862,"height":485,"url":"https:\/\/fmpatagoniamadryn.com.ar\/wp-content\/uploads\/2026\/03\/colapinto-gp-de-china.webp","type":"image\/webp"}],"author":"FM Patagonia","twitter_card":"summary_large_image","twitter_misc":{"Escrito por":"FM Patagonia","Tiempo de lectura":"2 minutos"},"schema":{"@context":"https:\/\/schema.org","@graph":[{"@type":"Article","@id":"https:\/\/fmpatagoniamadryn.com.ar\/?p=21147#article","isPartOf":{"@id":"https:\/\/fmpatagoniamadryn.com.ar\/?p=21147"},"author":{"name":"FM Patagonia","@id":"https:\/\/fmpatagoniamadryn.com.ar\/#\/schema\/person\/d1eaeab8ab628617785f4d9ef0e8d5d8"},"headline":"Franco Colapinto largar\u00e1 16\u00b0 en el Sprint del GP de China de la F\u00f3rmula 1","datePublished":"2026-03-13T14:45:00+00:00","mainEntityOfPage":{"@id":"https:\/\/fmpatagoniamadryn.com.ar\/?p=21147"},"wordCount":357,"publisher":{"@id":"https:\/\/fmpatagoniamadryn.com.ar\/#organization"},"image":{"@id":"https:\/\/fmpatagoniamadryn.com.ar\/?p=21147#primaryimage"},"thumbnailUrl":"https:\/\/fmpatagoniamadryn.com.ar\/wp-content\/uploads\/2026\/03\/colapinto-gp-de-china.webp","keywords":["F\u00f3rmula 1"],"articleSection":["Deportes"],"inLanguage":"es"},{"@type":"WebPage","@id":"https:\/\/fmpatagoniamadryn.com.ar\/?p=21147","url":"https:\/\/fmpatagoniamadryn.com.ar\/?p=21147","name":"Franco Colapinto largar\u00e1 16\u00b0 en el Sprint del GP de China de la F\u00f3rmula 1 - FM Patagonia Madryn","isPartOf":{"@id":"https:\/\/fmpatagoniamadryn.com.ar\/#website"},"primaryImageOfPage":{"@id":"https:\/\/fmpatagoniamadryn.com.ar\/?p=21147#primaryimage"},"image":{"@id":"https:\/\/fmpatagoniamadryn.com.ar\/?p=21147#primaryimage"},"thumbnailUrl":"https:\/\/fmpatagoniamadryn.com.ar\/wp-content\/uploads\/2026\/03\/colapinto-gp-de-china.webp","datePublished":"2026-03-13T14:45:00+00:00","breadcrumb":{"@id":"https:\/\/fmpatagoniamadryn.com.ar\/?p=21147#breadcrumb"},"inLanguage":"es","potentialAction":[{"@type":"ReadAction","target":["https:\/\/fmpatagoniamadryn.com.ar\/?p=21147"]}]},{"@type":"ImageObject","inLanguage":"es","@id":"https:\/\/fmpatagoniamadryn.com.ar\/?p=21147#primaryimage","url":"https:\/\/fmpatagoniamadryn.com.ar\/wp-content\/uploads\/2026\/03\/colapinto-gp-de-china.webp","contentUrl":"https:\/\/fmpatagoniamadryn.com.ar\/wp-content\/uploads\/2026\/03\/colapinto-gp-de-china.webp","width":862,"height":485},{"@type":"BreadcrumbList","@id":"https:\/\/fmpatagoniamadryn.com.ar\/?p=21147#breadcrumb","itemListElement":[{"@type":"ListItem","position":1,"name":"Portada","item":"https:\/\/fmpatagoniamadryn.com.ar\/"},{"@type":"ListItem","position":2,"name":"Franco Colapinto largar\u00e1 16\u00b0 en el Sprint del GP de China de la F\u00f3rmula 1"}]},{"@type":"WebSite","@id":"https:\/\/fmpatagoniamadryn.com.ar\/#website","url":"https:\/\/fmpatagoniamadryn.com.ar\/","name":"FM Patagonia Madryn","description":"Radio Patagonia 105.5","publisher":{"@id":"https:\/\/fmpatagoniamadryn.com.ar\/#organization"},"potentialAction":[{"@type":"SearchAction","target":{"@type":"EntryPoint","urlTemplate":"https:\/\/fmpatagoniamadryn.com.ar\/?s={search_term_string}"},"query-input":{"@type":"PropertyValueSpecification","valueRequired":true,"valueName":"search_term_string"}}],"inLanguage":"es"},{"@type":"Organization","@id":"https:\/\/fmpatagoniamadryn.com.ar\/#organization","name":"FM Patagonia Madryn","url":"https:\/\/fmpatagoniamadryn.com.ar\/","logo":{"@type":"ImageObject","inLanguage":"es","@id":"https:\/\/fmpatagoniamadryn.com.ar\/#\/schema\/logo\/image\/","url":"https:\/\/fmpatagoniamadryn.com.ar\/wp-content\/uploads\/2023\/01\/cropped-Diseno-sin-titulo.png","contentUrl":"https:\/\/fmpatagoniamadryn.com.ar\/wp-content\/uploads\/2023\/01\/cropped-Diseno-sin-titulo.png","width":6911,"height":2657,"caption":"FM Patagonia Madryn"},"image":{"@id":"https:\/\/fmpatagoniamadryn.com.ar\/#\/schema\/logo\/image\/"}},{"@type":"Person","@id":"https:\/\/fmpatagoniamadryn.com.ar\/#\/schema\/person\/d1eaeab8ab628617785f4d9ef0e8d5d8","name":"FM Patagonia","url":"https:\/\/fmpatagoniamadryn.com.ar\/?author=5"}]}},"jetpack_featured_media_url":"https:\/\/fmpatagoniamadryn.com.ar\/wp-content\/uploads\/2026\/03\/colapinto-gp-de-china.webp","_links":{"self":[{"href":"https:\/\/fmpatagoniamadryn.com.ar\/index.php?rest_route=\/wp\/v2\/posts\/21147","targetHints":{"allow":["GET"]}}],"collection":[{"href":"https:\/\/fmpatagoniamadryn.com.ar\/index.php?rest_route=\/wp\/v2\/posts"}],"about":[{"href":"https:\/\/fmpatagoniamadryn.com.ar\/index.php?rest_route=\/wp\/v2\/types\/post"}],"author":[{"embeddable":true,"href":"https:\/\/fmpatagoniamadryn.com.ar\/index.php?rest_route=\/wp\/v2\/users\/5"}],"replies":[{"embeddable":true,"href":"https:\/\/fmpatagoniamadryn.com.ar\/index.php?rest_route=%2Fwp%2Fv2%2Fcomments&post=21147"}],"version-history":[{"count":1,"href":"https:\/\/fmpatagoniamadryn.com.ar\/index.php?rest_route=\/wp\/v2\/posts\/21147\/revisions"}],"predecessor-version":[{"id":21149,"href":"https:\/\/fmpatagoniamadryn.com.ar\/index.php?rest_route=\/wp\/v2\/posts\/21147\/revisions\/21149"}],"wp:featuredmedia":[{"embeddable":true,"href":"https:\/\/fmpatagoniamadryn.com.ar\/index.php?rest_route=\/wp\/v2\/media\/21148"}],"wp:attachment":[{"href":"https:\/\/fmpatagoniamadryn.com.ar\/index.php?rest_route=%2Fwp%2Fv2%2Fmedia&parent=21147"}],"wp:term":[{"taxonomy":"category","embeddable":true,"href":"https:\/\/fmpatagoniamadryn.com.ar\/index.php?rest_route=%2Fwp%2Fv2%2Fcategories&post=21147"},{"taxonomy":"post_tag","embeddable":true,"href":"https:\/\/fmpatagoniamadryn.com.ar\/index.php?rest_route=%2Fwp%2Fv2%2Ftags&post=21147"}],"curies":[{"name":"wp","href":"https:\/\/api.w.org\/{rel}","templated":true}]}}