{"id":21162,"date":"2026-03-13T13:21:05","date_gmt":"2026-03-13T16:21:05","guid":{"rendered":"https:\/\/fmpatagoniamadryn.com.ar\/?p=21162"},"modified":"2026-03-13T13:21:06","modified_gmt":"2026-03-13T16:21:06","slug":"aldea-epulef-celebra-este-fin-de-semana-la-fiesta-provincial-de-la-marcacion","status":"publish","type":"post","link":"https:\/\/fmpatagoniamadryn.com.ar\/?p=21162","title":{"rendered":"Aldea Epulef celebra este fin de semana la Fiesta Provincial de la Marcaci\u00f3n"},"content":{"rendered":"\n<p>Aldea Epulef celebra este fin de semana la Fiesta Provincial de la Marcaci\u00f3n<\/p>\n\n\n\n<p>La comuna llevar\u00e1 adelante una nueva edici\u00f3n de esta celebraci\u00f3n tradicional que pone en valor la cultura gaucha, el trabajo rural y la identidad del interior chubutense.<\/p>\n\n\n\n<p>El Gobierno del Chubut, a trav\u00e9s de la Subsecretar\u00eda de Cultura, invita a participar este fin de semana de la Fiesta de la Marcaci\u00f3n en Aldea Epulef, una celebraci\u00f3n que forma parte del calendario de fiestas populares chubutenses y que se desarrollar\u00e1 este s\u00e1bado 14 y domingo 15 de marzo con actividades culturales, jineteadas, m\u00fasica en vivo y encuentros comunitarios que reflejan la identidad y las costumbres de los pueblos del interior.<\/p>\n\n\n\n<p>En Aldea Epulef, localidad ubicada a unos 70 kil\u00f3metros de la ciudad de El Mait\u00e9n, se llevar\u00e1 adelante una nueva edici\u00f3n de esta fiesta que rescata una de las pr\u00e1cticas m\u00e1s tradicionales del trabajo rural patag\u00f3nico: la marcaci\u00f3n del ganado.<\/p>\n\n\n\n<p>Esta actividad, profundamente ligada a la vida de los productores y pobladores rurales, simboliza el esfuerzo del campo y se convirti\u00f3 con el paso de los a\u00f1os en un motivo de encuentro comunitario que convoca a vecinos y visitantes. La peque\u00f1a localidad, fundada a partir del asentamiento de familias rurales dedicadas a la ganader\u00eda, mantiene vivas las costumbres gauchas y el esp\u00edritu solidario de las comunidades cordilleranas.<\/p>\n\n\n\n<p><strong>Variada actividad<\/strong><\/p>\n\n\n\n<p>Las actividades comenzar\u00e1n este s\u00e1bado 14 desde las 10:30 con el desfile gaucho. A las 11 horas ser\u00e1 el acto inaugural, seguido por una demostraci\u00f3n de marcaci\u00f3n a las 11:30.<\/p>\n\n\n\n<p>En tanto, a las 13 se realizar\u00e1 el almuerzo popular y por la tarde habr\u00e1 pialada puerta afuera a las 14, rueda en categor\u00eda gurupa a las 16, desfile de candidatas a reina con pilchas gauchas a las 18, gran bingo a las 18:30 y, desde las 22 horas, desfile de mini gauchita, mini gauchito y reinas con pasada de gala.<\/p>\n\n\n\n<p>La jornada continuar\u00e1 con la presentaci\u00f3n de m\u00fasicos locales y culminar\u00e1 a la medianoche con un gran baile popular a cargo de Amistad Campera y Grupo Ilusi\u00f3n.<\/p>\n\n\n\n<p>El domingo 15 las actividades continuar\u00e1n desde las 11 con rueda de petizos, mientras que a las 14 se realizar\u00e1 el gran broche de oro con recado y a las 15 el desaf\u00edo en categor\u00eda bastos. A las 18 se llevar\u00e1 adelante la premiaci\u00f3n, con importantes premios en efectivo para los participantes. El valor de la entrada ser\u00e1 de 10 mil pesos por d\u00eda.<\/p>\n\n\n\n<p>El Gobierno del Chubut contin\u00faa acompa\u00f1ando y promoviendo las fiestas populares que forman parte de la identidad cultural de la provincia, fortaleciendo el turismo regional y poniendo en valor las tradiciones que caracterizan a las comunidades del interior.<\/p>\n","protected":false},"excerpt":{"rendered":"<p>Aldea Epulef celebra este fin de semana la Fiesta Provincial de la Marcaci\u00f3n La comuna llevar\u00e1 adelante una nueva edici\u00f3n de esta celebraci\u00f3n tradicional que pone en valor la cultura&hellip; <\/p>\n","protected":false},"author":2,"featured_media":21164,"comment_status":"closed","ping_status":"closed","sticky":false,"template":"","format":"standard","meta":{"footnotes":""},"categories":[1],"tags":[],"class_list":["post-21162","post","type-post","status-publish","format-standard","has-post-thumbnail","hentry","category-uncategorized"],"yoast_head":"<!-- This site is optimized with the Yoast SEO plugin v27.4 - https:\/\/yoast.com\/product\/yoast-seo-wordpress\/ -->\n<title>Aldea Epulef celebra este fin de semana la Fiesta Provincial de la Marcaci\u00f3n - FM Patagonia Madryn<\/title>\n<meta name=\"robots\" content=\"index, follow, max-snippet:-1, max-image-preview:large, max-video-preview:-1\" \/>\n<link rel=\"canonical\" href=\"https:\/\/fmpatagoniamadryn.com.ar\/?p=21162\" \/>\n<meta property=\"og:locale\" content=\"es_ES\" \/>\n<meta property=\"og:type\" content=\"article\" \/>\n<meta property=\"og:title\" content=\"Aldea Epulef celebra este fin de semana la Fiesta Provincial de la Marcaci\u00f3n - FM Patagonia Madryn\" \/>\n<meta property=\"og:description\" content=\"Aldea Epulef celebra este fin de semana la Fiesta Provincial de la Marcaci\u00f3n La comuna llevar\u00e1 adelante una nueva edici\u00f3n de esta celebraci\u00f3n tradicional que pone en valor la cultura&hellip;\" \/>\n<meta property=\"og:url\" content=\"https:\/\/fmpatagoniamadryn.com.ar\/?p=21162\" \/>\n<meta property=\"og:site_name\" content=\"FM Patagonia Madryn\" \/>\n<meta property=\"article:published_time\" content=\"2026-03-13T16:21:05+00:00\" \/>\n<meta property=\"article:modified_time\" content=\"2026-03-13T16:21:06+00:00\" \/>\n<meta property=\"og:image\" content=\"https:\/\/fmpatagoniamadryn.com.ar\/wp-content\/uploads\/2026\/03\/WhatsApp-Image-2026-03-13-at-12.16.40-PM-1.jpeg\" \/>\n\t<meta property=\"og:image:width\" content=\"1280\" \/>\n\t<meta property=\"og:image:height\" content=\"853\" \/>\n\t<meta property=\"og:image:type\" content=\"image\/jpeg\" \/>\n<meta name=\"author\" content=\"FM Patagonia\" \/>\n<meta name=\"twitter:card\" content=\"summary_large_image\" \/>\n<meta name=\"twitter:label1\" content=\"Escrito por\" \/>\n\t<meta name=\"twitter:data1\" content=\"FM Patagonia\" \/>\n\t<meta name=\"twitter:label2\" content=\"Tiempo de lectura\" \/>\n\t<meta name=\"twitter:data2\" content=\"3 minutos\" \/>\n<script type=\"application\/ld+json\" class=\"yoast-schema-graph\">{\"@context\":\"https:\\\/\\\/schema.org\",\"@graph\":[{\"@type\":\"Article\",\"@id\":\"https:\\\/\\\/fmpatagoniamadryn.com.ar\\\/?p=21162#article\",\"isPartOf\":{\"@id\":\"https:\\\/\\\/fmpatagoniamadryn.com.ar\\\/?p=21162\"},\"author\":{\"name\":\"FM Patagonia\",\"@id\":\"https:\\\/\\\/fmpatagoniamadryn.com.ar\\\/#\\\/schema\\\/person\\\/8a3de4ad7efceacab06c1641c50303b7\"},\"headline\":\"Aldea Epulef celebra este fin de semana la Fiesta Provincial de la Marcaci\u00f3n\",\"datePublished\":\"2026-03-13T16:21:05+00:00\",\"dateModified\":\"2026-03-13T16:21:06+00:00\",\"mainEntityOfPage\":{\"@id\":\"https:\\\/\\\/fmpatagoniamadryn.com.ar\\\/?p=21162\"},\"wordCount\":471,\"publisher\":{\"@id\":\"https:\\\/\\\/fmpatagoniamadryn.com.ar\\\/#organization\"},\"image\":{\"@id\":\"https:\\\/\\\/fmpatagoniamadryn.com.ar\\\/?p=21162#primaryimage\"},\"thumbnailUrl\":\"https:\\\/\\\/fmpatagoniamadryn.com.ar\\\/wp-content\\\/uploads\\\/2026\\\/03\\\/WhatsApp-Image-2026-03-13-at-12.16.40-PM-1.jpeg\",\"articleSection\":[\"Uncategorized\"],\"inLanguage\":\"es\"},{\"@type\":\"WebPage\",\"@id\":\"https:\\\/\\\/fmpatagoniamadryn.com.ar\\\/?p=21162\",\"url\":\"https:\\\/\\\/fmpatagoniamadryn.com.ar\\\/?p=21162\",\"name\":\"Aldea Epulef celebra este fin de semana la Fiesta Provincial de la Marcaci\u00f3n - FM Patagonia Madryn\",\"isPartOf\":{\"@id\":\"https:\\\/\\\/fmpatagoniamadryn.com.ar\\\/#website\"},\"primaryImageOfPage\":{\"@id\":\"https:\\\/\\\/fmpatagoniamadryn.com.ar\\\/?p=21162#primaryimage\"},\"image\":{\"@id\":\"https:\\\/\\\/fmpatagoniamadryn.com.ar\\\/?p=21162#primaryimage\"},\"thumbnailUrl\":\"https:\\\/\\\/fmpatagoniamadryn.com.ar\\\/wp-content\\\/uploads\\\/2026\\\/03\\\/WhatsApp-Image-2026-03-13-at-12.16.40-PM-1.jpeg\",\"datePublished\":\"2026-03-13T16:21:05+00:00\",\"dateModified\":\"2026-03-13T16:21:06+00:00\",\"breadcrumb\":{\"@id\":\"https:\\\/\\\/fmpatagoniamadryn.com.ar\\\/?p=21162#breadcrumb\"},\"inLanguage\":\"es\",\"potentialAction\":[{\"@type\":\"ReadAction\",\"target\":[\"https:\\\/\\\/fmpatagoniamadryn.com.ar\\\/?p=21162\"]}]},{\"@type\":\"ImageObject\",\"inLanguage\":\"es\",\"@id\":\"https:\\\/\\\/fmpatagoniamadryn.com.ar\\\/?p=21162#primaryimage\",\"url\":\"https:\\\/\\\/fmpatagoniamadryn.com.ar\\\/wp-content\\\/uploads\\\/2026\\\/03\\\/WhatsApp-Image-2026-03-13-at-12.16.40-PM-1.jpeg\",\"contentUrl\":\"https:\\\/\\\/fmpatagoniamadryn.com.ar\\\/wp-content\\\/uploads\\\/2026\\\/03\\\/WhatsApp-Image-2026-03-13-at-12.16.40-PM-1.jpeg\",\"width\":1280,\"height\":853},{\"@type\":\"BreadcrumbList\",\"@id\":\"https:\\\/\\\/fmpatagoniamadryn.com.ar\\\/?p=21162#breadcrumb\",\"itemListElement\":[{\"@type\":\"ListItem\",\"position\":1,\"name\":\"Portada\",\"item\":\"https:\\\/\\\/fmpatagoniamadryn.com.ar\\\/\"},{\"@type\":\"ListItem\",\"position\":2,\"name\":\"Aldea Epulef celebra este fin de semana la Fiesta Provincial de la Marcaci\u00f3n\"}]},{\"@type\":\"WebSite\",\"@id\":\"https:\\\/\\\/fmpatagoniamadryn.com.ar\\\/#website\",\"url\":\"https:\\\/\\\/fmpatagoniamadryn.com.ar\\\/\",\"name\":\"FM Patagonia Madryn\",\"description\":\"Radio Patagonia 105.5\",\"publisher\":{\"@id\":\"https:\\\/\\\/fmpatagoniamadryn.com.ar\\\/#organization\"},\"potentialAction\":[{\"@type\":\"SearchAction\",\"target\":{\"@type\":\"EntryPoint\",\"urlTemplate\":\"https:\\\/\\\/fmpatagoniamadryn.com.ar\\\/?s={search_term_string}\"},\"query-input\":{\"@type\":\"PropertyValueSpecification\",\"valueRequired\":true,\"valueName\":\"search_term_string\"}}],\"inLanguage\":\"es\"},{\"@type\":\"Organization\",\"@id\":\"https:\\\/\\\/fmpatagoniamadryn.com.ar\\\/#organization\",\"name\":\"FM Patagonia Madryn\",\"url\":\"https:\\\/\\\/fmpatagoniamadryn.com.ar\\\/\",\"logo\":{\"@type\":\"ImageObject\",\"inLanguage\":\"es\",\"@id\":\"https:\\\/\\\/fmpatagoniamadryn.com.ar\\\/#\\\/schema\\\/logo\\\/image\\\/\",\"url\":\"https:\\\/\\\/fmpatagoniamadryn.com.ar\\\/wp-content\\\/uploads\\\/2023\\\/01\\\/cropped-Diseno-sin-titulo.png\",\"contentUrl\":\"https:\\\/\\\/fmpatagoniamadryn.com.ar\\\/wp-content\\\/uploads\\\/2023\\\/01\\\/cropped-Diseno-sin-titulo.png\",\"width\":6911,\"height\":2657,\"caption\":\"FM Patagonia Madryn\"},\"image\":{\"@id\":\"https:\\\/\\\/fmpatagoniamadryn.com.ar\\\/#\\\/schema\\\/logo\\\/image\\\/\"}},{\"@type\":\"Person\",\"@id\":\"https:\\\/\\\/fmpatagoniamadryn.com.ar\\\/#\\\/schema\\\/person\\\/8a3de4ad7efceacab06c1641c50303b7\",\"name\":\"FM Patagonia\",\"url\":\"https:\\\/\\\/fmpatagoniamadryn.com.ar\\\/?author=2\"}]}<\/script>\n<!-- \/ Yoast SEO plugin. -->","yoast_head_json":{"title":"Aldea Epulef celebra este fin de semana la Fiesta Provincial de la Marcaci\u00f3n - FM Patagonia Madryn","robots":{"index":"index","follow":"follow","max-snippet":"max-snippet:-1","max-image-preview":"max-image-preview:large","max-video-preview":"max-video-preview:-1"},"canonical":"https:\/\/fmpatagoniamadryn.com.ar\/?p=21162","og_locale":"es_ES","og_type":"article","og_title":"Aldea Epulef celebra este fin de semana la Fiesta Provincial de la Marcaci\u00f3n - FM Patagonia Madryn","og_description":"Aldea Epulef celebra este fin de semana la Fiesta Provincial de la Marcaci\u00f3n La comuna llevar\u00e1 adelante una nueva edici\u00f3n de esta celebraci\u00f3n tradicional que pone en valor la cultura&hellip;","og_url":"https:\/\/fmpatagoniamadryn.com.ar\/?p=21162","og_site_name":"FM Patagonia Madryn","article_published_time":"2026-03-13T16:21:05+00:00","article_modified_time":"2026-03-13T16:21:06+00:00","og_image":[{"width":1280,"height":853,"url":"https:\/\/fmpatagoniamadryn.com.ar\/wp-content\/uploads\/2026\/03\/WhatsApp-Image-2026-03-13-at-12.16.40-PM-1.jpeg","type":"image\/jpeg"}],"author":"FM Patagonia","twitter_card":"summary_large_image","twitter_misc":{"Escrito por":"FM Patagonia","Tiempo de lectura":"3 minutos"},"schema":{"@context":"https:\/\/schema.org","@graph":[{"@type":"Article","@id":"https:\/\/fmpatagoniamadryn.com.ar\/?p=21162#article","isPartOf":{"@id":"https:\/\/fmpatagoniamadryn.com.ar\/?p=21162"},"author":{"name":"FM Patagonia","@id":"https:\/\/fmpatagoniamadryn.com.ar\/#\/schema\/person\/8a3de4ad7efceacab06c1641c50303b7"},"headline":"Aldea Epulef celebra este fin de semana la Fiesta Provincial de la Marcaci\u00f3n","datePublished":"2026-03-13T16:21:05+00:00","dateModified":"2026-03-13T16:21:06+00:00","mainEntityOfPage":{"@id":"https:\/\/fmpatagoniamadryn.com.ar\/?p=21162"},"wordCount":471,"publisher":{"@id":"https:\/\/fmpatagoniamadryn.com.ar\/#organization"},"image":{"@id":"https:\/\/fmpatagoniamadryn.com.ar\/?p=21162#primaryimage"},"thumbnailUrl":"https:\/\/fmpatagoniamadryn.com.ar\/wp-content\/uploads\/2026\/03\/WhatsApp-Image-2026-03-13-at-12.16.40-PM-1.jpeg","articleSection":["Uncategorized"],"inLanguage":"es"},{"@type":"WebPage","@id":"https:\/\/fmpatagoniamadryn.com.ar\/?p=21162","url":"https:\/\/fmpatagoniamadryn.com.ar\/?p=21162","name":"Aldea Epulef celebra este fin de semana la Fiesta Provincial de la Marcaci\u00f3n - FM Patagonia Madryn","isPartOf":{"@id":"https:\/\/fmpatagoniamadryn.com.ar\/#website"},"primaryImageOfPage":{"@id":"https:\/\/fmpatagoniamadryn.com.ar\/?p=21162#primaryimage"},"image":{"@id":"https:\/\/fmpatagoniamadryn.com.ar\/?p=21162#primaryimage"},"thumbnailUrl":"https:\/\/fmpatagoniamadryn.com.ar\/wp-content\/uploads\/2026\/03\/WhatsApp-Image-2026-03-13-at-12.16.40-PM-1.jpeg","datePublished":"2026-03-13T16:21:05+00:00","dateModified":"2026-03-13T16:21:06+00:00","breadcrumb":{"@id":"https:\/\/fmpatagoniamadryn.com.ar\/?p=21162#breadcrumb"},"inLanguage":"es","potentialAction":[{"@type":"ReadAction","target":["https:\/\/fmpatagoniamadryn.com.ar\/?p=21162"]}]},{"@type":"ImageObject","inLanguage":"es","@id":"https:\/\/fmpatagoniamadryn.com.ar\/?p=21162#primaryimage","url":"https:\/\/fmpatagoniamadryn.com.ar\/wp-content\/uploads\/2026\/03\/WhatsApp-Image-2026-03-13-at-12.16.40-PM-1.jpeg","contentUrl":"https:\/\/fmpatagoniamadryn.com.ar\/wp-content\/uploads\/2026\/03\/WhatsApp-Image-2026-03-13-at-12.16.40-PM-1.jpeg","width":1280,"height":853},{"@type":"BreadcrumbList","@id":"https:\/\/fmpatagoniamadryn.com.ar\/?p=21162#breadcrumb","itemListElement":[{"@type":"ListItem","position":1,"name":"Portada","item":"https:\/\/fmpatagoniamadryn.com.ar\/"},{"@type":"ListItem","position":2,"name":"Aldea Epulef celebra este fin de semana la Fiesta Provincial de la Marcaci\u00f3n"}]},{"@type":"WebSite","@id":"https:\/\/fmpatagoniamadryn.com.ar\/#website","url":"https:\/\/fmpatagoniamadryn.com.ar\/","name":"FM Patagonia Madryn","description":"Radio Patagonia 105.5","publisher":{"@id":"https:\/\/fmpatagoniamadryn.com.ar\/#organization"},"potentialAction":[{"@type":"SearchAction","target":{"@type":"EntryPoint","urlTemplate":"https:\/\/fmpatagoniamadryn.com.ar\/?s={search_term_string}"},"query-input":{"@type":"PropertyValueSpecification","valueRequired":true,"valueName":"search_term_string"}}],"inLanguage":"es"},{"@type":"Organization","@id":"https:\/\/fmpatagoniamadryn.com.ar\/#organization","name":"FM Patagonia Madryn","url":"https:\/\/fmpatagoniamadryn.com.ar\/","logo":{"@type":"ImageObject","inLanguage":"es","@id":"https:\/\/fmpatagoniamadryn.com.ar\/#\/schema\/logo\/image\/","url":"https:\/\/fmpatagoniamadryn.com.ar\/wp-content\/uploads\/2023\/01\/cropped-Diseno-sin-titulo.png","contentUrl":"https:\/\/fmpatagoniamadryn.com.ar\/wp-content\/uploads\/2023\/01\/cropped-Diseno-sin-titulo.png","width":6911,"height":2657,"caption":"FM Patagonia Madryn"},"image":{"@id":"https:\/\/fmpatagoniamadryn.com.ar\/#\/schema\/logo\/image\/"}},{"@type":"Person","@id":"https:\/\/fmpatagoniamadryn.com.ar\/#\/schema\/person\/8a3de4ad7efceacab06c1641c50303b7","name":"FM Patagonia","url":"https:\/\/fmpatagoniamadryn.com.ar\/?author=2"}]}},"jetpack_featured_media_url":"https:\/\/fmpatagoniamadryn.com.ar\/wp-content\/uploads\/2026\/03\/WhatsApp-Image-2026-03-13-at-12.16.40-PM-1.jpeg","_links":{"self":[{"href":"https:\/\/fmpatagoniamadryn.com.ar\/index.php?rest_route=\/wp\/v2\/posts\/21162","targetHints":{"allow":["GET"]}}],"collection":[{"href":"https:\/\/fmpatagoniamadryn.com.ar\/index.php?rest_route=\/wp\/v2\/posts"}],"about":[{"href":"https:\/\/fmpatagoniamadryn.com.ar\/index.php?rest_route=\/wp\/v2\/types\/post"}],"author":[{"embeddable":true,"href":"https:\/\/fmpatagoniamadryn.com.ar\/index.php?rest_route=\/wp\/v2\/users\/2"}],"replies":[{"embeddable":true,"href":"https:\/\/fmpatagoniamadryn.com.ar\/index.php?rest_route=%2Fwp%2Fv2%2Fcomments&post=21162"}],"version-history":[{"count":1,"href":"https:\/\/fmpatagoniamadryn.com.ar\/index.php?rest_route=\/wp\/v2\/posts\/21162\/revisions"}],"predecessor-version":[{"id":21165,"href":"https:\/\/fmpatagoniamadryn.com.ar\/index.php?rest_route=\/wp\/v2\/posts\/21162\/revisions\/21165"}],"wp:featuredmedia":[{"embeddable":true,"href":"https:\/\/fmpatagoniamadryn.com.ar\/index.php?rest_route=\/wp\/v2\/media\/21164"}],"wp:attachment":[{"href":"https:\/\/fmpatagoniamadryn.com.ar\/index.php?rest_route=%2Fwp%2Fv2%2Fmedia&parent=21162"}],"wp:term":[{"taxonomy":"category","embeddable":true,"href":"https:\/\/fmpatagoniamadryn.com.ar\/index.php?rest_route=%2Fwp%2Fv2%2Fcategories&post=21162"},{"taxonomy":"post_tag","embeddable":true,"href":"https:\/\/fmpatagoniamadryn.com.ar\/index.php?rest_route=%2Fwp%2Fv2%2Ftags&post=21162"}],"curies":[{"name":"wp","href":"https:\/\/api.w.org\/{rel}","templated":true}]}}