{"id":21168,"date":"2026-03-14T09:46:32","date_gmt":"2026-03-14T12:46:32","guid":{"rendered":"https:\/\/fmpatagoniamadryn.com.ar\/?p=21168"},"modified":"2026-03-14T09:47:03","modified_gmt":"2026-03-14T12:47:03","slug":"franco-colapinto-largara-12-en-el-gran-premio-de-china-de-la-formula-1","status":"publish","type":"post","link":"https:\/\/fmpatagoniamadryn.com.ar\/?p=21168","title":{"rendered":"Franco Colapinto largar\u00e1 12\u00b0 en el Gran Premio de China de la F\u00f3rmula 1"},"content":{"rendered":"\n<p><strong>Franco Colapinto se qued\u00f3 en las puertas de la Q3 y clasific\u00f3 12\u00b0<\/strong>\u00a0con el Alpine para el\u00a0Gran Premio de China de la F\u00f3rmula 1, que se largar\u00e1 este domingo desde las 4 de la ma\u00f1ana (hora argentina) con Kimi Antonelli, el poleman m\u00e1s joven de la historia (19 a\u00f1os, 6 meses y 17 d\u00edas) y su Mercedes desde el primer caj\u00f3n de partida.<\/p>\n\n\n\n<p>Despu\u00e9s de terminar el Sprint en el 14\u00b0 lugar, el piloto del #43 pas\u00f3 el primer corte en el 10\u00b0 puesto, adelante de Pierre Gasly, su principal medida. Marc\u00f3 1m33s634, una d\u00e9cima y media m\u00e1s r\u00e1pido que el otro A526.<\/p>\n\n\n\n<p>Ya en la segunda tanda, Colapinto mejor\u00f3 a 1m33s357,&nbsp;<strong>apenas cinco mil\u00e9simas m\u00e1s lento que Isack Hadjar (Red Bull), el \u00faltimo que logr\u00f3 meterse a la Q3<\/strong>. Y qued\u00f3 tres d\u00e9cimas por detr\u00e1s de su compa\u00f1ero de equipo.<\/p>\n\n\n\n<p>As\u00ed, el argentino<strong>&nbsp;logr\u00f3 una mejora sustancial respecto de la clasificaci\u00f3n sprint del viernes<\/strong>, que lo hab\u00eda dejado 16\u00b0 y lejos de Gasly, en una dif\u00edcil adaptaci\u00f3n al t\u00e9cnico circuito de Shangh\u00e1i.&nbsp;Le vali\u00f3 una felicitaci\u00f3n del implacable Flavio Briatore, jefe de Alpine, que no es poco.<\/p>\n\n\n\n<p><em><u>\u00abCuando te qued\u00e1s afuera por tan poco da mucha bronca\u00bb<\/u><\/em>, expres\u00f3 el argentino, aunque se qued\u00f3 conforme con su 12\u00b0 lugar y valor\u00f3 que&nbsp;<em>\u00abfueron encontrando los problemas\u00bb<\/em>. Tambi\u00e9n, se ilusion\u00f3 con que&nbsp;<em>\u00abhay m\u00e1s por venir\u00bb&nbsp;<\/em>y resalt\u00f3 que queda mucho margen de progreso.<\/p>\n\n\n\n<p>Despu\u00e9s,<strong>&nbsp;la Q3 tuvo problemas en su inicio para George Russell<\/strong>, el gran favorito con Mercedes, ganador en Australia y el Sprint de China, que sufri\u00f3 una falla mec\u00e1nica en su vuelta de salida.&nbsp;<strong>Y la pole fue para su compa\u00f1ero, el italiano Antonelli<\/strong>, aunque el ingl\u00e9s logr\u00f3 girar y firm\u00f3 el &#8216;2&#8217;.<\/p>\n\n\n\n<p><strong>La segunda fila ser\u00e1 para Ferrari<\/strong>, con Lewis Hamilton delante de Charles Leclerc, y la tercera tendr\u00e1 a los dos McLaren de Oscar Piastri y Lando Norris, el campe\u00f3n.<strong>&nbsp;7\u00b0 partir\u00e1 Gasly con el Alpine<\/strong>, luego los dos Red Bull (Hadjar y Max Verstappen) y cierra el top-10 Ollie Bearman (Haas).<\/p>\n\n\n\n<h2 class=\"wp-block-heading\">As\u00ed qued\u00f3 la clasificaci\u00f3n de la F1 en China<\/h2>\n\n\n\n<ol class=\"wp-block-list\">\n<li><strong>Kimi Antonelli\u00a0<\/strong>(Mercedes) &#8211; 1m32s064<\/li>\n\n\n\n<li><strong>George Russell\u00a0<\/strong>(Mercedes) &#8211; 1m32s286 (+0s222)<\/li>\n\n\n\n<li><strong>Lewis Hamilton\u00a0<\/strong>(Ferrari) &#8211; 1m32s415 (+0s351)<\/li>\n\n\n\n<li><strong>Charles Leclerc\u00a0<\/strong>(Ferrari) &#8211; 1m32s428 (+0s364)<\/li>\n\n\n\n<li><strong>Oscar Piastri\u00a0<\/strong>(McLaren) &#8211; 1m32s550 (+0s486)<\/li>\n\n\n\n<li><strong>Lando Norris\u00a0<\/strong>(McLaren) &#8211; 1m32s608 (+0s544)<\/li>\n\n\n\n<li><strong>Pierre Gasly\u00a0<\/strong>(Alpine) &#8211; 1m32s873 (+0s809)<\/li>\n\n\n\n<li><strong>Max Verstappen\u00a0<\/strong>(Red Bull) &#8211; 1m33s002 (+0s938)<\/li>\n\n\n\n<li><strong>Isack Hadjar\u00a0<\/strong>(Red Bull) &#8211; 1m33s121 (+1s057)<\/li>\n\n\n\n<li><strong>Oliver Bearman\u00a0<\/strong>(Haas) &#8211; 1m33s292 (+1s228)<\/li>\n\n\n\n<li><strong>Nico H\u00fclkenberg\u00a0<\/strong>(Audi) &#8211; 1m33s354 (+1s290)<\/li>\n\n\n\n<li><strong>Franco Colapinto\u00a0<\/strong>(Alpine) &#8211; 1m33s357 (+1s293)<\/li>\n\n\n\n<li><strong>Esteban Ocon\u00a0<\/strong>(Haas) &#8211; 1m33s538 (+1s474)<\/li>\n\n\n\n<li><strong>Liam Lawson\u00a0<\/strong>(Racing Bulls) &#8211; 1m33s765 (+1s701)<\/li>\n\n\n\n<li><strong>Arvid Lindblad\u00a0<\/strong>(Racing Bulls) &#8211; 1m33s784 (+1s720)<\/li>\n\n\n\n<li><strong>Gabriel Bortoleto\u00a0<\/strong>(Audi) &#8211; 1m33s965 (+1s901)<\/li>\n\n\n\n<li><strong>Carlos Sainz Jr.<\/strong>\u00a0(Williams) &#8211; 1m34s317 (+2s253)<\/li>\n\n\n\n<li><strong>Alexander Albon\u00a0<\/strong>(Williams) &#8211; 1m34s772 (+2s708)<\/li>\n\n\n\n<li><strong>Fernando Alonso\u00a0<\/strong>(Aston Martin) &#8211; 1m35s203 (+3s139)<\/li>\n\n\n\n<li><strong>Valtteri Bottas\u00a0<\/strong>(Cadillac) &#8211; 1m35s436 (+3s372)<\/li>\n\n\n\n<li><strong>Lance Stroll\u00a0<\/strong>(Aston Martin) &#8211; 1m35s995 (+3s931)<\/li>\n\n\n\n<li><strong>Sergio P\u00e9rez\u00a0<\/strong>(Cadillac) &#8211; 1m36s906 (+4s842)<\/li>\n<\/ol>\n","protected":false},"excerpt":{"rendered":"<p>El piloto argentino qued\u00f3 a solamente cinco mil\u00e9simas de la Q3 en Shanghai. Gasly fue 7\u00b0 y la pole qued\u00f3 en manos de Antonelli.<\/p>\n","protected":false},"author":5,"featured_media":21169,"comment_status":"closed","ping_status":"closed","sticky":false,"template":"","format":"standard","meta":{"footnotes":""},"categories":[4],"tags":[62],"class_list":["post-21168","post","type-post","status-publish","format-standard","has-post-thumbnail","hentry","category-deportes","tag-formula-1"],"yoast_head":"<!-- This site is optimized with the Yoast SEO plugin v27.4 - https:\/\/yoast.com\/product\/yoast-seo-wordpress\/ -->\n<title>Franco Colapinto largar\u00e1 12\u00b0 en el Gran Premio de China de la F\u00f3rmula 1 - FM Patagonia Madryn<\/title>\n<meta name=\"robots\" content=\"index, follow, max-snippet:-1, max-image-preview:large, max-video-preview:-1\" \/>\n<link rel=\"canonical\" href=\"https:\/\/fmpatagoniamadryn.com.ar\/?p=21168\" \/>\n<meta property=\"og:locale\" content=\"es_ES\" \/>\n<meta property=\"og:type\" content=\"article\" \/>\n<meta property=\"og:title\" content=\"Franco Colapinto largar\u00e1 12\u00b0 en el Gran Premio de China de la F\u00f3rmula 1 - FM Patagonia Madryn\" \/>\n<meta property=\"og:description\" content=\"El piloto argentino qued\u00f3 a solamente cinco mil\u00e9simas de la Q3 en Shanghai. Gasly fue 7\u00b0 y la pole qued\u00f3 en manos de Antonelli.\" \/>\n<meta property=\"og:url\" content=\"https:\/\/fmpatagoniamadryn.com.ar\/?p=21168\" \/>\n<meta property=\"og:site_name\" content=\"FM Patagonia Madryn\" \/>\n<meta property=\"article:published_time\" content=\"2026-03-14T12:46:32+00:00\" \/>\n<meta property=\"article:modified_time\" content=\"2026-03-14T12:47:03+00:00\" \/>\n<meta property=\"og:image\" content=\"https:\/\/fmpatagoniamadryn.com.ar\/wp-content\/uploads\/2026\/03\/colapinto-larga-12-en-china.webp\" \/>\n\t<meta property=\"og:image:width\" content=\"862\" \/>\n\t<meta property=\"og:image:height\" content=\"485\" \/>\n\t<meta property=\"og:image:type\" content=\"image\/webp\" \/>\n<meta name=\"author\" content=\"FM Patagonia\" \/>\n<meta name=\"twitter:card\" content=\"summary_large_image\" \/>\n<meta name=\"twitter:label1\" content=\"Escrito por\" \/>\n\t<meta name=\"twitter:data1\" content=\"FM Patagonia\" \/>\n\t<meta name=\"twitter:label2\" content=\"Tiempo de lectura\" \/>\n\t<meta name=\"twitter:data2\" content=\"3 minutos\" \/>\n<script type=\"application\/ld+json\" class=\"yoast-schema-graph\">{\"@context\":\"https:\\\/\\\/schema.org\",\"@graph\":[{\"@type\":\"Article\",\"@id\":\"https:\\\/\\\/fmpatagoniamadryn.com.ar\\\/?p=21168#article\",\"isPartOf\":{\"@id\":\"https:\\\/\\\/fmpatagoniamadryn.com.ar\\\/?p=21168\"},\"author\":{\"name\":\"FM Patagonia\",\"@id\":\"https:\\\/\\\/fmpatagoniamadryn.com.ar\\\/#\\\/schema\\\/person\\\/d1eaeab8ab628617785f4d9ef0e8d5d8\"},\"headline\":\"Franco Colapinto largar\u00e1 12\u00b0 en el Gran Premio de China de la F\u00f3rmula 1\",\"datePublished\":\"2026-03-14T12:46:32+00:00\",\"dateModified\":\"2026-03-14T12:47:03+00:00\",\"mainEntityOfPage\":{\"@id\":\"https:\\\/\\\/fmpatagoniamadryn.com.ar\\\/?p=21168\"},\"wordCount\":552,\"publisher\":{\"@id\":\"https:\\\/\\\/fmpatagoniamadryn.com.ar\\\/#organization\"},\"image\":{\"@id\":\"https:\\\/\\\/fmpatagoniamadryn.com.ar\\\/?p=21168#primaryimage\"},\"thumbnailUrl\":\"https:\\\/\\\/fmpatagoniamadryn.com.ar\\\/wp-content\\\/uploads\\\/2026\\\/03\\\/colapinto-larga-12-en-china.webp\",\"keywords\":[\"F\u00f3rmula 1\"],\"articleSection\":[\"Deportes\"],\"inLanguage\":\"es\"},{\"@type\":\"WebPage\",\"@id\":\"https:\\\/\\\/fmpatagoniamadryn.com.ar\\\/?p=21168\",\"url\":\"https:\\\/\\\/fmpatagoniamadryn.com.ar\\\/?p=21168\",\"name\":\"Franco Colapinto largar\u00e1 12\u00b0 en el Gran Premio de China de la F\u00f3rmula 1 - FM Patagonia Madryn\",\"isPartOf\":{\"@id\":\"https:\\\/\\\/fmpatagoniamadryn.com.ar\\\/#website\"},\"primaryImageOfPage\":{\"@id\":\"https:\\\/\\\/fmpatagoniamadryn.com.ar\\\/?p=21168#primaryimage\"},\"image\":{\"@id\":\"https:\\\/\\\/fmpatagoniamadryn.com.ar\\\/?p=21168#primaryimage\"},\"thumbnailUrl\":\"https:\\\/\\\/fmpatagoniamadryn.com.ar\\\/wp-content\\\/uploads\\\/2026\\\/03\\\/colapinto-larga-12-en-china.webp\",\"datePublished\":\"2026-03-14T12:46:32+00:00\",\"dateModified\":\"2026-03-14T12:47:03+00:00\",\"breadcrumb\":{\"@id\":\"https:\\\/\\\/fmpatagoniamadryn.com.ar\\\/?p=21168#breadcrumb\"},\"inLanguage\":\"es\",\"potentialAction\":[{\"@type\":\"ReadAction\",\"target\":[\"https:\\\/\\\/fmpatagoniamadryn.com.ar\\\/?p=21168\"]}]},{\"@type\":\"ImageObject\",\"inLanguage\":\"es\",\"@id\":\"https:\\\/\\\/fmpatagoniamadryn.com.ar\\\/?p=21168#primaryimage\",\"url\":\"https:\\\/\\\/fmpatagoniamadryn.com.ar\\\/wp-content\\\/uploads\\\/2026\\\/03\\\/colapinto-larga-12-en-china.webp\",\"contentUrl\":\"https:\\\/\\\/fmpatagoniamadryn.com.ar\\\/wp-content\\\/uploads\\\/2026\\\/03\\\/colapinto-larga-12-en-china.webp\",\"width\":862,\"height\":485},{\"@type\":\"BreadcrumbList\",\"@id\":\"https:\\\/\\\/fmpatagoniamadryn.com.ar\\\/?p=21168#breadcrumb\",\"itemListElement\":[{\"@type\":\"ListItem\",\"position\":1,\"name\":\"Portada\",\"item\":\"https:\\\/\\\/fmpatagoniamadryn.com.ar\\\/\"},{\"@type\":\"ListItem\",\"position\":2,\"name\":\"Franco Colapinto largar\u00e1 12\u00b0 en el Gran Premio de China de la F\u00f3rmula 1\"}]},{\"@type\":\"WebSite\",\"@id\":\"https:\\\/\\\/fmpatagoniamadryn.com.ar\\\/#website\",\"url\":\"https:\\\/\\\/fmpatagoniamadryn.com.ar\\\/\",\"name\":\"FM Patagonia Madryn\",\"description\":\"Radio Patagonia 105.5\",\"publisher\":{\"@id\":\"https:\\\/\\\/fmpatagoniamadryn.com.ar\\\/#organization\"},\"potentialAction\":[{\"@type\":\"SearchAction\",\"target\":{\"@type\":\"EntryPoint\",\"urlTemplate\":\"https:\\\/\\\/fmpatagoniamadryn.com.ar\\\/?s={search_term_string}\"},\"query-input\":{\"@type\":\"PropertyValueSpecification\",\"valueRequired\":true,\"valueName\":\"search_term_string\"}}],\"inLanguage\":\"es\"},{\"@type\":\"Organization\",\"@id\":\"https:\\\/\\\/fmpatagoniamadryn.com.ar\\\/#organization\",\"name\":\"FM Patagonia Madryn\",\"url\":\"https:\\\/\\\/fmpatagoniamadryn.com.ar\\\/\",\"logo\":{\"@type\":\"ImageObject\",\"inLanguage\":\"es\",\"@id\":\"https:\\\/\\\/fmpatagoniamadryn.com.ar\\\/#\\\/schema\\\/logo\\\/image\\\/\",\"url\":\"https:\\\/\\\/fmpatagoniamadryn.com.ar\\\/wp-content\\\/uploads\\\/2023\\\/01\\\/cropped-Diseno-sin-titulo.png\",\"contentUrl\":\"https:\\\/\\\/fmpatagoniamadryn.com.ar\\\/wp-content\\\/uploads\\\/2023\\\/01\\\/cropped-Diseno-sin-titulo.png\",\"width\":6911,\"height\":2657,\"caption\":\"FM Patagonia Madryn\"},\"image\":{\"@id\":\"https:\\\/\\\/fmpatagoniamadryn.com.ar\\\/#\\\/schema\\\/logo\\\/image\\\/\"}},{\"@type\":\"Person\",\"@id\":\"https:\\\/\\\/fmpatagoniamadryn.com.ar\\\/#\\\/schema\\\/person\\\/d1eaeab8ab628617785f4d9ef0e8d5d8\",\"name\":\"FM Patagonia\",\"url\":\"https:\\\/\\\/fmpatagoniamadryn.com.ar\\\/?author=5\"}]}<\/script>\n<!-- \/ Yoast SEO plugin. -->","yoast_head_json":{"title":"Franco Colapinto largar\u00e1 12\u00b0 en el Gran Premio de China de la F\u00f3rmula 1 - FM Patagonia Madryn","robots":{"index":"index","follow":"follow","max-snippet":"max-snippet:-1","max-image-preview":"max-image-preview:large","max-video-preview":"max-video-preview:-1"},"canonical":"https:\/\/fmpatagoniamadryn.com.ar\/?p=21168","og_locale":"es_ES","og_type":"article","og_title":"Franco Colapinto largar\u00e1 12\u00b0 en el Gran Premio de China de la F\u00f3rmula 1 - FM Patagonia Madryn","og_description":"El piloto argentino qued\u00f3 a solamente cinco mil\u00e9simas de la Q3 en Shanghai. Gasly fue 7\u00b0 y la pole qued\u00f3 en manos de Antonelli.","og_url":"https:\/\/fmpatagoniamadryn.com.ar\/?p=21168","og_site_name":"FM Patagonia Madryn","article_published_time":"2026-03-14T12:46:32+00:00","article_modified_time":"2026-03-14T12:47:03+00:00","og_image":[{"width":862,"height":485,"url":"https:\/\/fmpatagoniamadryn.com.ar\/wp-content\/uploads\/2026\/03\/colapinto-larga-12-en-china.webp","type":"image\/webp"}],"author":"FM Patagonia","twitter_card":"summary_large_image","twitter_misc":{"Escrito por":"FM Patagonia","Tiempo de lectura":"3 minutos"},"schema":{"@context":"https:\/\/schema.org","@graph":[{"@type":"Article","@id":"https:\/\/fmpatagoniamadryn.com.ar\/?p=21168#article","isPartOf":{"@id":"https:\/\/fmpatagoniamadryn.com.ar\/?p=21168"},"author":{"name":"FM Patagonia","@id":"https:\/\/fmpatagoniamadryn.com.ar\/#\/schema\/person\/d1eaeab8ab628617785f4d9ef0e8d5d8"},"headline":"Franco Colapinto largar\u00e1 12\u00b0 en el Gran Premio de China de la F\u00f3rmula 1","datePublished":"2026-03-14T12:46:32+00:00","dateModified":"2026-03-14T12:47:03+00:00","mainEntityOfPage":{"@id":"https:\/\/fmpatagoniamadryn.com.ar\/?p=21168"},"wordCount":552,"publisher":{"@id":"https:\/\/fmpatagoniamadryn.com.ar\/#organization"},"image":{"@id":"https:\/\/fmpatagoniamadryn.com.ar\/?p=21168#primaryimage"},"thumbnailUrl":"https:\/\/fmpatagoniamadryn.com.ar\/wp-content\/uploads\/2026\/03\/colapinto-larga-12-en-china.webp","keywords":["F\u00f3rmula 1"],"articleSection":["Deportes"],"inLanguage":"es"},{"@type":"WebPage","@id":"https:\/\/fmpatagoniamadryn.com.ar\/?p=21168","url":"https:\/\/fmpatagoniamadryn.com.ar\/?p=21168","name":"Franco Colapinto largar\u00e1 12\u00b0 en el Gran Premio de China de la F\u00f3rmula 1 - FM Patagonia Madryn","isPartOf":{"@id":"https:\/\/fmpatagoniamadryn.com.ar\/#website"},"primaryImageOfPage":{"@id":"https:\/\/fmpatagoniamadryn.com.ar\/?p=21168#primaryimage"},"image":{"@id":"https:\/\/fmpatagoniamadryn.com.ar\/?p=21168#primaryimage"},"thumbnailUrl":"https:\/\/fmpatagoniamadryn.com.ar\/wp-content\/uploads\/2026\/03\/colapinto-larga-12-en-china.webp","datePublished":"2026-03-14T12:46:32+00:00","dateModified":"2026-03-14T12:47:03+00:00","breadcrumb":{"@id":"https:\/\/fmpatagoniamadryn.com.ar\/?p=21168#breadcrumb"},"inLanguage":"es","potentialAction":[{"@type":"ReadAction","target":["https:\/\/fmpatagoniamadryn.com.ar\/?p=21168"]}]},{"@type":"ImageObject","inLanguage":"es","@id":"https:\/\/fmpatagoniamadryn.com.ar\/?p=21168#primaryimage","url":"https:\/\/fmpatagoniamadryn.com.ar\/wp-content\/uploads\/2026\/03\/colapinto-larga-12-en-china.webp","contentUrl":"https:\/\/fmpatagoniamadryn.com.ar\/wp-content\/uploads\/2026\/03\/colapinto-larga-12-en-china.webp","width":862,"height":485},{"@type":"BreadcrumbList","@id":"https:\/\/fmpatagoniamadryn.com.ar\/?p=21168#breadcrumb","itemListElement":[{"@type":"ListItem","position":1,"name":"Portada","item":"https:\/\/fmpatagoniamadryn.com.ar\/"},{"@type":"ListItem","position":2,"name":"Franco Colapinto largar\u00e1 12\u00b0 en el Gran Premio de China de la F\u00f3rmula 1"}]},{"@type":"WebSite","@id":"https:\/\/fmpatagoniamadryn.com.ar\/#website","url":"https:\/\/fmpatagoniamadryn.com.ar\/","name":"FM Patagonia Madryn","description":"Radio Patagonia 105.5","publisher":{"@id":"https:\/\/fmpatagoniamadryn.com.ar\/#organization"},"potentialAction":[{"@type":"SearchAction","target":{"@type":"EntryPoint","urlTemplate":"https:\/\/fmpatagoniamadryn.com.ar\/?s={search_term_string}"},"query-input":{"@type":"PropertyValueSpecification","valueRequired":true,"valueName":"search_term_string"}}],"inLanguage":"es"},{"@type":"Organization","@id":"https:\/\/fmpatagoniamadryn.com.ar\/#organization","name":"FM Patagonia Madryn","url":"https:\/\/fmpatagoniamadryn.com.ar\/","logo":{"@type":"ImageObject","inLanguage":"es","@id":"https:\/\/fmpatagoniamadryn.com.ar\/#\/schema\/logo\/image\/","url":"https:\/\/fmpatagoniamadryn.com.ar\/wp-content\/uploads\/2023\/01\/cropped-Diseno-sin-titulo.png","contentUrl":"https:\/\/fmpatagoniamadryn.com.ar\/wp-content\/uploads\/2023\/01\/cropped-Diseno-sin-titulo.png","width":6911,"height":2657,"caption":"FM Patagonia Madryn"},"image":{"@id":"https:\/\/fmpatagoniamadryn.com.ar\/#\/schema\/logo\/image\/"}},{"@type":"Person","@id":"https:\/\/fmpatagoniamadryn.com.ar\/#\/schema\/person\/d1eaeab8ab628617785f4d9ef0e8d5d8","name":"FM Patagonia","url":"https:\/\/fmpatagoniamadryn.com.ar\/?author=5"}]}},"jetpack_featured_media_url":"https:\/\/fmpatagoniamadryn.com.ar\/wp-content\/uploads\/2026\/03\/colapinto-larga-12-en-china.webp","_links":{"self":[{"href":"https:\/\/fmpatagoniamadryn.com.ar\/index.php?rest_route=\/wp\/v2\/posts\/21168","targetHints":{"allow":["GET"]}}],"collection":[{"href":"https:\/\/fmpatagoniamadryn.com.ar\/index.php?rest_route=\/wp\/v2\/posts"}],"about":[{"href":"https:\/\/fmpatagoniamadryn.com.ar\/index.php?rest_route=\/wp\/v2\/types\/post"}],"author":[{"embeddable":true,"href":"https:\/\/fmpatagoniamadryn.com.ar\/index.php?rest_route=\/wp\/v2\/users\/5"}],"replies":[{"embeddable":true,"href":"https:\/\/fmpatagoniamadryn.com.ar\/index.php?rest_route=%2Fwp%2Fv2%2Fcomments&post=21168"}],"version-history":[{"count":1,"href":"https:\/\/fmpatagoniamadryn.com.ar\/index.php?rest_route=\/wp\/v2\/posts\/21168\/revisions"}],"predecessor-version":[{"id":21170,"href":"https:\/\/fmpatagoniamadryn.com.ar\/index.php?rest_route=\/wp\/v2\/posts\/21168\/revisions\/21170"}],"wp:featuredmedia":[{"embeddable":true,"href":"https:\/\/fmpatagoniamadryn.com.ar\/index.php?rest_route=\/wp\/v2\/media\/21169"}],"wp:attachment":[{"href":"https:\/\/fmpatagoniamadryn.com.ar\/index.php?rest_route=%2Fwp%2Fv2%2Fmedia&parent=21168"}],"wp:term":[{"taxonomy":"category","embeddable":true,"href":"https:\/\/fmpatagoniamadryn.com.ar\/index.php?rest_route=%2Fwp%2Fv2%2Fcategories&post=21168"},{"taxonomy":"post_tag","embeddable":true,"href":"https:\/\/fmpatagoniamadryn.com.ar\/index.php?rest_route=%2Fwp%2Fv2%2Ftags&post=21168"}],"curies":[{"name":"wp","href":"https:\/\/api.w.org\/{rel}","templated":true}]}}