{"id":21188,"date":"2026-03-14T18:00:00","date_gmt":"2026-03-14T21:00:00","guid":{"rendered":"https:\/\/fmpatagoniamadryn.com.ar\/?p=21188"},"modified":"2026-03-15T09:58:18","modified_gmt":"2026-03-15T12:58:18","slug":"oficial-la-formula-1-suspendio-los-grandes-premios-de-arabia-saudita-y-barein","status":"publish","type":"post","link":"https:\/\/fmpatagoniamadryn.com.ar\/?p=21188","title":{"rendered":"Oficial: la F\u00f3rmula 1 suspendi\u00f3 los Grandes Premios de Arabia Saudita y Bar\u00e9in"},"content":{"rendered":"\n<p><strong>El Gran Premio de Bar\u00e9in y el de Arabia Saudita, la cuarta y la quinta prueba, respectivamente, del campeonato de la F\u00f3rmula 1&nbsp;<em>\u00abno se disputar\u00e1n en abril\u00bb<\/em>,<\/strong>&nbsp;seg\u00fan acaba de anunciar, a trav\u00e9s de un comunicado, la FIA (Federaci\u00f3n Internacional del Autom\u00f3vil).<\/p>\n\n\n\n<p><strong>La primera cita estaba prevista entre el 10 y 12 de abril en Sakhir, mientras que la segunda iba a tener lugar en Yeda del 17 al 19, pero el conflicto b\u00e9lico desatado en Medio Oriente&nbsp;<\/strong>entre Estados Unidos, Israel e Ir\u00e1n han motivado la suspensi\u00f3n.<\/p>\n\n\n\n<p><em>\u00abLos Grandes Premios de Bar\u00e9in y Arabia Saudita no se celebrar\u00e1n en abril. Debido a la situaci\u00f3n actual en Medio Oriente, los Grandes Premios, junto con las rondas de la F2, la F3 y la Academia de la F1, no se llevar\u00e1n a cabo seg\u00fan lo previsto.&nbsp;<strong>Si bien se consideraron alternativas, no se realizar\u00e1n sustituciones en abril<\/strong>\u00ab<\/em>, expres\u00f3 el breve comunicado.<\/p>\n\n\n\n<p>Seg\u00fan inform\u00f3 Sky Sports el viernes pasado, se analizaron alternativas para cubrir el hueco en el calendario, con los circuitos de Portimao, en Portugal, e Imola, en Italia, entre las opciones evaluadas.&nbsp;<strong>Sin embargo, la posibilidad finalmente fue descartada y no habr\u00e1 reemplazo para esa fecha.<\/strong><\/p>\n\n\n\n<p>De este modo,<strong>\u00a0la F\u00f3rmula 1 tendr\u00e1 un receso de cinco semanas entre el GP de Jap\u00f3n (29 de marzo) y el GP de Miami (3 de mayo), lo que implica que no se disputar\u00e1n carreras durante todo abril.<\/strong>\u00a0La \u00faltima vez que se anul\u00f3 una cita con tanta anticipaci\u00f3n f<strong>ue el Gran Premio de Emilia Roma\u00f1a 2023, suspendido por las inundaciones que dejaron al menos cinco v\u00edctimas fatales en el norte italiano<\/strong>.<\/p>\n\n\n\n<p><strong>Mientras tanto,\u00a0la acci\u00f3n contin\u00faa este fin de semana con el Gran Premio de China.\u00a0El\u00a0domingo 15 de marzo a las 4 horas se correr\u00e1 en el Circuito Internacional de Shangai, con\u00a0Franco Colapinto desde el 12\u00b0 lugar de la parrilla, tras la gran clasificaci\u00f3n\u00a0que realiz\u00f3 este s\u00e1bado.<\/strong><\/p>\n","protected":false},"excerpt":{"rendered":"<p>A trav\u00e9s de las redes sociales, la F1 emiti\u00f3 un breve comunicado en el que anunci\u00f3 que las carreras no se disputar\u00e1n en abril y que tampoco se las reemplazar\u00e1 en dicho mes.<\/p>\n","protected":false},"author":5,"featured_media":21189,"comment_status":"closed","ping_status":"closed","sticky":false,"template":"","format":"standard","meta":{"footnotes":""},"categories":[4],"tags":[62],"class_list":["post-21188","post","type-post","status-publish","format-standard","has-post-thumbnail","hentry","category-deportes","tag-formula-1"],"yoast_head":"<!-- This site is optimized with the Yoast SEO plugin v27.4 - https:\/\/yoast.com\/product\/yoast-seo-wordpress\/ -->\n<title>Oficial: la F\u00f3rmula 1 suspendi\u00f3 los Grandes Premios de Arabia Saudita y Bar\u00e9in - FM Patagonia Madryn<\/title>\n<meta name=\"robots\" content=\"index, follow, max-snippet:-1, max-image-preview:large, max-video-preview:-1\" \/>\n<link rel=\"canonical\" href=\"https:\/\/fmpatagoniamadryn.com.ar\/?p=21188\" \/>\n<meta property=\"og:locale\" content=\"es_ES\" \/>\n<meta property=\"og:type\" content=\"article\" \/>\n<meta property=\"og:title\" content=\"Oficial: la F\u00f3rmula 1 suspendi\u00f3 los Grandes Premios de Arabia Saudita y Bar\u00e9in - FM Patagonia Madryn\" \/>\n<meta property=\"og:description\" content=\"A trav\u00e9s de las redes sociales, la F1 emiti\u00f3 un breve comunicado en el que anunci\u00f3 que las carreras no se disputar\u00e1n en abril y que tampoco se las reemplazar\u00e1 en dicho mes.\" \/>\n<meta property=\"og:url\" content=\"https:\/\/fmpatagoniamadryn.com.ar\/?p=21188\" \/>\n<meta property=\"og:site_name\" content=\"FM Patagonia Madryn\" \/>\n<meta property=\"article:published_time\" content=\"2026-03-14T21:00:00+00:00\" \/>\n<meta property=\"article:modified_time\" content=\"2026-03-15T12:58:18+00:00\" \/>\n<meta property=\"og:image\" content=\"https:\/\/fmpatagoniamadryn.com.ar\/wp-content\/uploads\/2026\/03\/formula-1-barein-y-arabia.webp\" \/>\n\t<meta property=\"og:image:width\" content=\"862\" \/>\n\t<meta property=\"og:image:height\" content=\"485\" \/>\n\t<meta property=\"og:image:type\" content=\"image\/webp\" \/>\n<meta name=\"author\" content=\"FM Patagonia\" \/>\n<meta name=\"twitter:card\" content=\"summary_large_image\" \/>\n<meta name=\"twitter:label1\" content=\"Escrito por\" \/>\n\t<meta name=\"twitter:data1\" content=\"FM Patagonia\" \/>\n\t<meta name=\"twitter:label2\" content=\"Tiempo de lectura\" \/>\n\t<meta name=\"twitter:data2\" content=\"2 minutos\" \/>\n<script type=\"application\/ld+json\" class=\"yoast-schema-graph\">{\"@context\":\"https:\\\/\\\/schema.org\",\"@graph\":[{\"@type\":\"Article\",\"@id\":\"https:\\\/\\\/fmpatagoniamadryn.com.ar\\\/?p=21188#article\",\"isPartOf\":{\"@id\":\"https:\\\/\\\/fmpatagoniamadryn.com.ar\\\/?p=21188\"},\"author\":{\"name\":\"FM Patagonia\",\"@id\":\"https:\\\/\\\/fmpatagoniamadryn.com.ar\\\/#\\\/schema\\\/person\\\/d1eaeab8ab628617785f4d9ef0e8d5d8\"},\"headline\":\"Oficial: la F\u00f3rmula 1 suspendi\u00f3 los Grandes Premios de Arabia Saudita y Bar\u00e9in\",\"datePublished\":\"2026-03-14T21:00:00+00:00\",\"dateModified\":\"2026-03-15T12:58:18+00:00\",\"mainEntityOfPage\":{\"@id\":\"https:\\\/\\\/fmpatagoniamadryn.com.ar\\\/?p=21188\"},\"wordCount\":354,\"publisher\":{\"@id\":\"https:\\\/\\\/fmpatagoniamadryn.com.ar\\\/#organization\"},\"image\":{\"@id\":\"https:\\\/\\\/fmpatagoniamadryn.com.ar\\\/?p=21188#primaryimage\"},\"thumbnailUrl\":\"https:\\\/\\\/fmpatagoniamadryn.com.ar\\\/wp-content\\\/uploads\\\/2026\\\/03\\\/formula-1-barein-y-arabia.webp\",\"keywords\":[\"F\u00f3rmula 1\"],\"articleSection\":[\"Deportes\"],\"inLanguage\":\"es\"},{\"@type\":\"WebPage\",\"@id\":\"https:\\\/\\\/fmpatagoniamadryn.com.ar\\\/?p=21188\",\"url\":\"https:\\\/\\\/fmpatagoniamadryn.com.ar\\\/?p=21188\",\"name\":\"Oficial: la F\u00f3rmula 1 suspendi\u00f3 los Grandes Premios de Arabia Saudita y Bar\u00e9in - FM Patagonia Madryn\",\"isPartOf\":{\"@id\":\"https:\\\/\\\/fmpatagoniamadryn.com.ar\\\/#website\"},\"primaryImageOfPage\":{\"@id\":\"https:\\\/\\\/fmpatagoniamadryn.com.ar\\\/?p=21188#primaryimage\"},\"image\":{\"@id\":\"https:\\\/\\\/fmpatagoniamadryn.com.ar\\\/?p=21188#primaryimage\"},\"thumbnailUrl\":\"https:\\\/\\\/fmpatagoniamadryn.com.ar\\\/wp-content\\\/uploads\\\/2026\\\/03\\\/formula-1-barein-y-arabia.webp\",\"datePublished\":\"2026-03-14T21:00:00+00:00\",\"dateModified\":\"2026-03-15T12:58:18+00:00\",\"breadcrumb\":{\"@id\":\"https:\\\/\\\/fmpatagoniamadryn.com.ar\\\/?p=21188#breadcrumb\"},\"inLanguage\":\"es\",\"potentialAction\":[{\"@type\":\"ReadAction\",\"target\":[\"https:\\\/\\\/fmpatagoniamadryn.com.ar\\\/?p=21188\"]}]},{\"@type\":\"ImageObject\",\"inLanguage\":\"es\",\"@id\":\"https:\\\/\\\/fmpatagoniamadryn.com.ar\\\/?p=21188#primaryimage\",\"url\":\"https:\\\/\\\/fmpatagoniamadryn.com.ar\\\/wp-content\\\/uploads\\\/2026\\\/03\\\/formula-1-barein-y-arabia.webp\",\"contentUrl\":\"https:\\\/\\\/fmpatagoniamadryn.com.ar\\\/wp-content\\\/uploads\\\/2026\\\/03\\\/formula-1-barein-y-arabia.webp\",\"width\":862,\"height\":485},{\"@type\":\"BreadcrumbList\",\"@id\":\"https:\\\/\\\/fmpatagoniamadryn.com.ar\\\/?p=21188#breadcrumb\",\"itemListElement\":[{\"@type\":\"ListItem\",\"position\":1,\"name\":\"Portada\",\"item\":\"https:\\\/\\\/fmpatagoniamadryn.com.ar\\\/\"},{\"@type\":\"ListItem\",\"position\":2,\"name\":\"Oficial: la F\u00f3rmula 1 suspendi\u00f3 los Grandes Premios de Arabia Saudita y Bar\u00e9in\"}]},{\"@type\":\"WebSite\",\"@id\":\"https:\\\/\\\/fmpatagoniamadryn.com.ar\\\/#website\",\"url\":\"https:\\\/\\\/fmpatagoniamadryn.com.ar\\\/\",\"name\":\"FM Patagonia Madryn\",\"description\":\"Radio Patagonia 105.5\",\"publisher\":{\"@id\":\"https:\\\/\\\/fmpatagoniamadryn.com.ar\\\/#organization\"},\"potentialAction\":[{\"@type\":\"SearchAction\",\"target\":{\"@type\":\"EntryPoint\",\"urlTemplate\":\"https:\\\/\\\/fmpatagoniamadryn.com.ar\\\/?s={search_term_string}\"},\"query-input\":{\"@type\":\"PropertyValueSpecification\",\"valueRequired\":true,\"valueName\":\"search_term_string\"}}],\"inLanguage\":\"es\"},{\"@type\":\"Organization\",\"@id\":\"https:\\\/\\\/fmpatagoniamadryn.com.ar\\\/#organization\",\"name\":\"FM Patagonia Madryn\",\"url\":\"https:\\\/\\\/fmpatagoniamadryn.com.ar\\\/\",\"logo\":{\"@type\":\"ImageObject\",\"inLanguage\":\"es\",\"@id\":\"https:\\\/\\\/fmpatagoniamadryn.com.ar\\\/#\\\/schema\\\/logo\\\/image\\\/\",\"url\":\"https:\\\/\\\/fmpatagoniamadryn.com.ar\\\/wp-content\\\/uploads\\\/2023\\\/01\\\/cropped-Diseno-sin-titulo.png\",\"contentUrl\":\"https:\\\/\\\/fmpatagoniamadryn.com.ar\\\/wp-content\\\/uploads\\\/2023\\\/01\\\/cropped-Diseno-sin-titulo.png\",\"width\":6911,\"height\":2657,\"caption\":\"FM Patagonia Madryn\"},\"image\":{\"@id\":\"https:\\\/\\\/fmpatagoniamadryn.com.ar\\\/#\\\/schema\\\/logo\\\/image\\\/\"}},{\"@type\":\"Person\",\"@id\":\"https:\\\/\\\/fmpatagoniamadryn.com.ar\\\/#\\\/schema\\\/person\\\/d1eaeab8ab628617785f4d9ef0e8d5d8\",\"name\":\"FM Patagonia\",\"url\":\"https:\\\/\\\/fmpatagoniamadryn.com.ar\\\/?author=5\"}]}<\/script>\n<!-- \/ Yoast SEO plugin. -->","yoast_head_json":{"title":"Oficial: la F\u00f3rmula 1 suspendi\u00f3 los Grandes Premios de Arabia Saudita y Bar\u00e9in - FM Patagonia Madryn","robots":{"index":"index","follow":"follow","max-snippet":"max-snippet:-1","max-image-preview":"max-image-preview:large","max-video-preview":"max-video-preview:-1"},"canonical":"https:\/\/fmpatagoniamadryn.com.ar\/?p=21188","og_locale":"es_ES","og_type":"article","og_title":"Oficial: la F\u00f3rmula 1 suspendi\u00f3 los Grandes Premios de Arabia Saudita y Bar\u00e9in - FM Patagonia Madryn","og_description":"A trav\u00e9s de las redes sociales, la F1 emiti\u00f3 un breve comunicado en el que anunci\u00f3 que las carreras no se disputar\u00e1n en abril y que tampoco se las reemplazar\u00e1 en dicho mes.","og_url":"https:\/\/fmpatagoniamadryn.com.ar\/?p=21188","og_site_name":"FM Patagonia Madryn","article_published_time":"2026-03-14T21:00:00+00:00","article_modified_time":"2026-03-15T12:58:18+00:00","og_image":[{"width":862,"height":485,"url":"https:\/\/fmpatagoniamadryn.com.ar\/wp-content\/uploads\/2026\/03\/formula-1-barein-y-arabia.webp","type":"image\/webp"}],"author":"FM Patagonia","twitter_card":"summary_large_image","twitter_misc":{"Escrito por":"FM Patagonia","Tiempo de lectura":"2 minutos"},"schema":{"@context":"https:\/\/schema.org","@graph":[{"@type":"Article","@id":"https:\/\/fmpatagoniamadryn.com.ar\/?p=21188#article","isPartOf":{"@id":"https:\/\/fmpatagoniamadryn.com.ar\/?p=21188"},"author":{"name":"FM Patagonia","@id":"https:\/\/fmpatagoniamadryn.com.ar\/#\/schema\/person\/d1eaeab8ab628617785f4d9ef0e8d5d8"},"headline":"Oficial: la F\u00f3rmula 1 suspendi\u00f3 los Grandes Premios de Arabia Saudita y Bar\u00e9in","datePublished":"2026-03-14T21:00:00+00:00","dateModified":"2026-03-15T12:58:18+00:00","mainEntityOfPage":{"@id":"https:\/\/fmpatagoniamadryn.com.ar\/?p=21188"},"wordCount":354,"publisher":{"@id":"https:\/\/fmpatagoniamadryn.com.ar\/#organization"},"image":{"@id":"https:\/\/fmpatagoniamadryn.com.ar\/?p=21188#primaryimage"},"thumbnailUrl":"https:\/\/fmpatagoniamadryn.com.ar\/wp-content\/uploads\/2026\/03\/formula-1-barein-y-arabia.webp","keywords":["F\u00f3rmula 1"],"articleSection":["Deportes"],"inLanguage":"es"},{"@type":"WebPage","@id":"https:\/\/fmpatagoniamadryn.com.ar\/?p=21188","url":"https:\/\/fmpatagoniamadryn.com.ar\/?p=21188","name":"Oficial: la F\u00f3rmula 1 suspendi\u00f3 los Grandes Premios de Arabia Saudita y Bar\u00e9in - FM Patagonia Madryn","isPartOf":{"@id":"https:\/\/fmpatagoniamadryn.com.ar\/#website"},"primaryImageOfPage":{"@id":"https:\/\/fmpatagoniamadryn.com.ar\/?p=21188#primaryimage"},"image":{"@id":"https:\/\/fmpatagoniamadryn.com.ar\/?p=21188#primaryimage"},"thumbnailUrl":"https:\/\/fmpatagoniamadryn.com.ar\/wp-content\/uploads\/2026\/03\/formula-1-barein-y-arabia.webp","datePublished":"2026-03-14T21:00:00+00:00","dateModified":"2026-03-15T12:58:18+00:00","breadcrumb":{"@id":"https:\/\/fmpatagoniamadryn.com.ar\/?p=21188#breadcrumb"},"inLanguage":"es","potentialAction":[{"@type":"ReadAction","target":["https:\/\/fmpatagoniamadryn.com.ar\/?p=21188"]}]},{"@type":"ImageObject","inLanguage":"es","@id":"https:\/\/fmpatagoniamadryn.com.ar\/?p=21188#primaryimage","url":"https:\/\/fmpatagoniamadryn.com.ar\/wp-content\/uploads\/2026\/03\/formula-1-barein-y-arabia.webp","contentUrl":"https:\/\/fmpatagoniamadryn.com.ar\/wp-content\/uploads\/2026\/03\/formula-1-barein-y-arabia.webp","width":862,"height":485},{"@type":"BreadcrumbList","@id":"https:\/\/fmpatagoniamadryn.com.ar\/?p=21188#breadcrumb","itemListElement":[{"@type":"ListItem","position":1,"name":"Portada","item":"https:\/\/fmpatagoniamadryn.com.ar\/"},{"@type":"ListItem","position":2,"name":"Oficial: la F\u00f3rmula 1 suspendi\u00f3 los Grandes Premios de Arabia Saudita y Bar\u00e9in"}]},{"@type":"WebSite","@id":"https:\/\/fmpatagoniamadryn.com.ar\/#website","url":"https:\/\/fmpatagoniamadryn.com.ar\/","name":"FM Patagonia Madryn","description":"Radio Patagonia 105.5","publisher":{"@id":"https:\/\/fmpatagoniamadryn.com.ar\/#organization"},"potentialAction":[{"@type":"SearchAction","target":{"@type":"EntryPoint","urlTemplate":"https:\/\/fmpatagoniamadryn.com.ar\/?s={search_term_string}"},"query-input":{"@type":"PropertyValueSpecification","valueRequired":true,"valueName":"search_term_string"}}],"inLanguage":"es"},{"@type":"Organization","@id":"https:\/\/fmpatagoniamadryn.com.ar\/#organization","name":"FM Patagonia Madryn","url":"https:\/\/fmpatagoniamadryn.com.ar\/","logo":{"@type":"ImageObject","inLanguage":"es","@id":"https:\/\/fmpatagoniamadryn.com.ar\/#\/schema\/logo\/image\/","url":"https:\/\/fmpatagoniamadryn.com.ar\/wp-content\/uploads\/2023\/01\/cropped-Diseno-sin-titulo.png","contentUrl":"https:\/\/fmpatagoniamadryn.com.ar\/wp-content\/uploads\/2023\/01\/cropped-Diseno-sin-titulo.png","width":6911,"height":2657,"caption":"FM Patagonia Madryn"},"image":{"@id":"https:\/\/fmpatagoniamadryn.com.ar\/#\/schema\/logo\/image\/"}},{"@type":"Person","@id":"https:\/\/fmpatagoniamadryn.com.ar\/#\/schema\/person\/d1eaeab8ab628617785f4d9ef0e8d5d8","name":"FM Patagonia","url":"https:\/\/fmpatagoniamadryn.com.ar\/?author=5"}]}},"jetpack_featured_media_url":"https:\/\/fmpatagoniamadryn.com.ar\/wp-content\/uploads\/2026\/03\/formula-1-barein-y-arabia.webp","_links":{"self":[{"href":"https:\/\/fmpatagoniamadryn.com.ar\/index.php?rest_route=\/wp\/v2\/posts\/21188","targetHints":{"allow":["GET"]}}],"collection":[{"href":"https:\/\/fmpatagoniamadryn.com.ar\/index.php?rest_route=\/wp\/v2\/posts"}],"about":[{"href":"https:\/\/fmpatagoniamadryn.com.ar\/index.php?rest_route=\/wp\/v2\/types\/post"}],"author":[{"embeddable":true,"href":"https:\/\/fmpatagoniamadryn.com.ar\/index.php?rest_route=\/wp\/v2\/users\/5"}],"replies":[{"embeddable":true,"href":"https:\/\/fmpatagoniamadryn.com.ar\/index.php?rest_route=%2Fwp%2Fv2%2Fcomments&post=21188"}],"version-history":[{"count":1,"href":"https:\/\/fmpatagoniamadryn.com.ar\/index.php?rest_route=\/wp\/v2\/posts\/21188\/revisions"}],"predecessor-version":[{"id":21190,"href":"https:\/\/fmpatagoniamadryn.com.ar\/index.php?rest_route=\/wp\/v2\/posts\/21188\/revisions\/21190"}],"wp:featuredmedia":[{"embeddable":true,"href":"https:\/\/fmpatagoniamadryn.com.ar\/index.php?rest_route=\/wp\/v2\/media\/21189"}],"wp:attachment":[{"href":"https:\/\/fmpatagoniamadryn.com.ar\/index.php?rest_route=%2Fwp%2Fv2%2Fmedia&parent=21188"}],"wp:term":[{"taxonomy":"category","embeddable":true,"href":"https:\/\/fmpatagoniamadryn.com.ar\/index.php?rest_route=%2Fwp%2Fv2%2Fcategories&post=21188"},{"taxonomy":"post_tag","embeddable":true,"href":"https:\/\/fmpatagoniamadryn.com.ar\/index.php?rest_route=%2Fwp%2Fv2%2Ftags&post=21188"}],"curies":[{"name":"wp","href":"https:\/\/api.w.org\/{rel}","templated":true}]}}