{"id":21203,"date":"2026-03-15T14:59:47","date_gmt":"2026-03-15T17:59:47","guid":{"rendered":"https:\/\/fmpatagoniamadryn.com.ar\/?p=21203"},"modified":"2026-03-15T14:59:49","modified_gmt":"2026-03-15T17:59:49","slug":"la-dura-respuesta-de-afa-y-conmebol-tras-la-suspension-de-la-finalissima","status":"publish","type":"post","link":"https:\/\/fmpatagoniamadryn.com.ar\/?p=21203","title":{"rendered":"La dura respuesta de AFA y Conmebol tras la suspensi\u00f3n de la Finalissima"},"content":{"rendered":"\n<p>La<strong>\u00a0AFA y Conmebol\u00a0<\/strong>emitieron fuertes comunicados -pr\u00e1cticamente id\u00e9nticos y en simult\u00e1neo- y\u00a0<strong>responsabilizaron a la UEFA<\/strong>\u00a0por la\u00a0cancelaci\u00f3n de la Finalissima entre la Selecci\u00f3n Argentina y Espa\u00f1a, que originalmente iba a disputarse el 27 de de marzo en Qatar y\u00a0<strong>fue suspendida por la guerra en Medio Oriente.<\/strong><\/p>\n\n\n\n<p>Las entidades que presiden el Chiqui Tapia y Alejandro Dom\u00ednguez remarcaron que ten\u00eda<em><strong>n \u00abvoluntad de disputar la Finalissima en terreno neutral y aceptaron la sede propuesta despu\u00e9s de una larga insistencia por parte de UEFA para jugarse en Madrid\u00bb.<\/strong><\/em>&nbsp;Aunque luego todas las partes aceptaron a&nbsp;<strong>Italia como posible escenario<\/strong>, tuvieron diferencias con la fecha:<em>&nbsp;\u00abLamentablemente, no fue posible alcanzar un acuerdo final para la realizaci\u00f3n del partido al no aceptarse la alternativa de fecha solicitada dado el poco tiempo disponible\u00bb.<\/em><\/p>\n\n\n\n<p><em>\u00abUna vez descartada la posibilidad de jugar en Qatar, ambas confederaciones -as\u00ed como las federaciones de Argentina y Espa\u00f1a- se abocaron a la b\u00fasqueda de una soluci\u00f3n para satisfacci\u00f3n de todas las partes.&nbsp;<strong>En este marco, salta a la vista que el planteamiento de realizar un \u00fanico partido en Madrid faltar\u00eda al principio de equidad deportiva por no tratarse de una SEDE NEUTRAL\u00bb<\/strong><\/em><strong>,<\/strong>&nbsp;expresaron desde la AFA en el comunicado.<\/p>\n","protected":false},"excerpt":{"rendered":"<p>Las entidades emitieron comunicados id\u00e9nticos y responsabilizaron a la UEFA por la cancelaci\u00f3n del duelo de la Selecci\u00f3n Argentina con Espa\u00f1a.<\/p>\n","protected":false},"author":5,"featured_media":21204,"comment_status":"closed","ping_status":"closed","sticky":false,"template":"","format":"standard","meta":{"footnotes":""},"categories":[4],"tags":[79],"class_list":["post-21203","post","type-post","status-publish","format-standard","has-post-thumbnail","hentry","category-deportes","tag-finalissima"],"yoast_head":"<!-- This site is optimized with the Yoast SEO plugin v27.4 - https:\/\/yoast.com\/product\/yoast-seo-wordpress\/ -->\n<title>La dura respuesta de AFA y Conmebol tras la suspensi\u00f3n de la Finalissima - FM Patagonia Madryn<\/title>\n<meta name=\"robots\" content=\"index, follow, max-snippet:-1, max-image-preview:large, max-video-preview:-1\" \/>\n<link rel=\"canonical\" href=\"https:\/\/fmpatagoniamadryn.com.ar\/?p=21203\" \/>\n<meta property=\"og:locale\" content=\"es_ES\" \/>\n<meta property=\"og:type\" content=\"article\" \/>\n<meta property=\"og:title\" content=\"La dura respuesta de AFA y Conmebol tras la suspensi\u00f3n de la Finalissima - FM Patagonia Madryn\" \/>\n<meta property=\"og:description\" content=\"Las entidades emitieron comunicados id\u00e9nticos y responsabilizaron a la UEFA por la cancelaci\u00f3n del duelo de la Selecci\u00f3n Argentina con Espa\u00f1a.\" \/>\n<meta property=\"og:url\" content=\"https:\/\/fmpatagoniamadryn.com.ar\/?p=21203\" \/>\n<meta property=\"og:site_name\" content=\"FM Patagonia Madryn\" \/>\n<meta property=\"article:published_time\" content=\"2026-03-15T17:59:47+00:00\" \/>\n<meta property=\"article:modified_time\" content=\"2026-03-15T17:59:49+00:00\" \/>\n<meta property=\"og:image\" content=\"https:\/\/fmpatagoniamadryn.com.ar\/wp-content\/uploads\/2026\/03\/afa-y-conmebol-finalissima.webp\" \/>\n\t<meta property=\"og:image:width\" content=\"862\" \/>\n\t<meta property=\"og:image:height\" content=\"485\" \/>\n\t<meta property=\"og:image:type\" content=\"image\/webp\" \/>\n<meta name=\"author\" content=\"FM Patagonia\" \/>\n<meta name=\"twitter:card\" content=\"summary_large_image\" \/>\n<meta name=\"twitter:label1\" content=\"Escrito por\" \/>\n\t<meta name=\"twitter:data1\" content=\"FM Patagonia\" \/>\n\t<meta name=\"twitter:label2\" content=\"Tiempo de lectura\" \/>\n\t<meta name=\"twitter:data2\" content=\"2 minutos\" \/>\n<script type=\"application\/ld+json\" class=\"yoast-schema-graph\">{\"@context\":\"https:\\\/\\\/schema.org\",\"@graph\":[{\"@type\":\"Article\",\"@id\":\"https:\\\/\\\/fmpatagoniamadryn.com.ar\\\/?p=21203#article\",\"isPartOf\":{\"@id\":\"https:\\\/\\\/fmpatagoniamadryn.com.ar\\\/?p=21203\"},\"author\":{\"name\":\"FM Patagonia\",\"@id\":\"https:\\\/\\\/fmpatagoniamadryn.com.ar\\\/#\\\/schema\\\/person\\\/d1eaeab8ab628617785f4d9ef0e8d5d8\"},\"headline\":\"La dura respuesta de AFA y Conmebol tras la suspensi\u00f3n de la Finalissima\",\"datePublished\":\"2026-03-15T17:59:47+00:00\",\"dateModified\":\"2026-03-15T17:59:49+00:00\",\"mainEntityOfPage\":{\"@id\":\"https:\\\/\\\/fmpatagoniamadryn.com.ar\\\/?p=21203\"},\"wordCount\":235,\"publisher\":{\"@id\":\"https:\\\/\\\/fmpatagoniamadryn.com.ar\\\/#organization\"},\"image\":{\"@id\":\"https:\\\/\\\/fmpatagoniamadryn.com.ar\\\/?p=21203#primaryimage\"},\"thumbnailUrl\":\"https:\\\/\\\/fmpatagoniamadryn.com.ar\\\/wp-content\\\/uploads\\\/2026\\\/03\\\/afa-y-conmebol-finalissima.webp\",\"keywords\":[\"Finalissima\"],\"articleSection\":[\"Deportes\"],\"inLanguage\":\"es\"},{\"@type\":\"WebPage\",\"@id\":\"https:\\\/\\\/fmpatagoniamadryn.com.ar\\\/?p=21203\",\"url\":\"https:\\\/\\\/fmpatagoniamadryn.com.ar\\\/?p=21203\",\"name\":\"La dura respuesta de AFA y Conmebol tras la suspensi\u00f3n de la Finalissima - FM Patagonia Madryn\",\"isPartOf\":{\"@id\":\"https:\\\/\\\/fmpatagoniamadryn.com.ar\\\/#website\"},\"primaryImageOfPage\":{\"@id\":\"https:\\\/\\\/fmpatagoniamadryn.com.ar\\\/?p=21203#primaryimage\"},\"image\":{\"@id\":\"https:\\\/\\\/fmpatagoniamadryn.com.ar\\\/?p=21203#primaryimage\"},\"thumbnailUrl\":\"https:\\\/\\\/fmpatagoniamadryn.com.ar\\\/wp-content\\\/uploads\\\/2026\\\/03\\\/afa-y-conmebol-finalissima.webp\",\"datePublished\":\"2026-03-15T17:59:47+00:00\",\"dateModified\":\"2026-03-15T17:59:49+00:00\",\"breadcrumb\":{\"@id\":\"https:\\\/\\\/fmpatagoniamadryn.com.ar\\\/?p=21203#breadcrumb\"},\"inLanguage\":\"es\",\"potentialAction\":[{\"@type\":\"ReadAction\",\"target\":[\"https:\\\/\\\/fmpatagoniamadryn.com.ar\\\/?p=21203\"]}]},{\"@type\":\"ImageObject\",\"inLanguage\":\"es\",\"@id\":\"https:\\\/\\\/fmpatagoniamadryn.com.ar\\\/?p=21203#primaryimage\",\"url\":\"https:\\\/\\\/fmpatagoniamadryn.com.ar\\\/wp-content\\\/uploads\\\/2026\\\/03\\\/afa-y-conmebol-finalissima.webp\",\"contentUrl\":\"https:\\\/\\\/fmpatagoniamadryn.com.ar\\\/wp-content\\\/uploads\\\/2026\\\/03\\\/afa-y-conmebol-finalissima.webp\",\"width\":862,\"height\":485},{\"@type\":\"BreadcrumbList\",\"@id\":\"https:\\\/\\\/fmpatagoniamadryn.com.ar\\\/?p=21203#breadcrumb\",\"itemListElement\":[{\"@type\":\"ListItem\",\"position\":1,\"name\":\"Portada\",\"item\":\"https:\\\/\\\/fmpatagoniamadryn.com.ar\\\/\"},{\"@type\":\"ListItem\",\"position\":2,\"name\":\"La dura respuesta de AFA y Conmebol tras la suspensi\u00f3n de la Finalissima\"}]},{\"@type\":\"WebSite\",\"@id\":\"https:\\\/\\\/fmpatagoniamadryn.com.ar\\\/#website\",\"url\":\"https:\\\/\\\/fmpatagoniamadryn.com.ar\\\/\",\"name\":\"FM Patagonia Madryn\",\"description\":\"Radio Patagonia 105.5\",\"publisher\":{\"@id\":\"https:\\\/\\\/fmpatagoniamadryn.com.ar\\\/#organization\"},\"potentialAction\":[{\"@type\":\"SearchAction\",\"target\":{\"@type\":\"EntryPoint\",\"urlTemplate\":\"https:\\\/\\\/fmpatagoniamadryn.com.ar\\\/?s={search_term_string}\"},\"query-input\":{\"@type\":\"PropertyValueSpecification\",\"valueRequired\":true,\"valueName\":\"search_term_string\"}}],\"inLanguage\":\"es\"},{\"@type\":\"Organization\",\"@id\":\"https:\\\/\\\/fmpatagoniamadryn.com.ar\\\/#organization\",\"name\":\"FM Patagonia Madryn\",\"url\":\"https:\\\/\\\/fmpatagoniamadryn.com.ar\\\/\",\"logo\":{\"@type\":\"ImageObject\",\"inLanguage\":\"es\",\"@id\":\"https:\\\/\\\/fmpatagoniamadryn.com.ar\\\/#\\\/schema\\\/logo\\\/image\\\/\",\"url\":\"https:\\\/\\\/fmpatagoniamadryn.com.ar\\\/wp-content\\\/uploads\\\/2023\\\/01\\\/cropped-Diseno-sin-titulo.png\",\"contentUrl\":\"https:\\\/\\\/fmpatagoniamadryn.com.ar\\\/wp-content\\\/uploads\\\/2023\\\/01\\\/cropped-Diseno-sin-titulo.png\",\"width\":6911,\"height\":2657,\"caption\":\"FM Patagonia Madryn\"},\"image\":{\"@id\":\"https:\\\/\\\/fmpatagoniamadryn.com.ar\\\/#\\\/schema\\\/logo\\\/image\\\/\"}},{\"@type\":\"Person\",\"@id\":\"https:\\\/\\\/fmpatagoniamadryn.com.ar\\\/#\\\/schema\\\/person\\\/d1eaeab8ab628617785f4d9ef0e8d5d8\",\"name\":\"FM Patagonia\",\"url\":\"https:\\\/\\\/fmpatagoniamadryn.com.ar\\\/?author=5\"}]}<\/script>\n<!-- \/ Yoast SEO plugin. -->","yoast_head_json":{"title":"La dura respuesta de AFA y Conmebol tras la suspensi\u00f3n de la Finalissima - FM Patagonia Madryn","robots":{"index":"index","follow":"follow","max-snippet":"max-snippet:-1","max-image-preview":"max-image-preview:large","max-video-preview":"max-video-preview:-1"},"canonical":"https:\/\/fmpatagoniamadryn.com.ar\/?p=21203","og_locale":"es_ES","og_type":"article","og_title":"La dura respuesta de AFA y Conmebol tras la suspensi\u00f3n de la Finalissima - FM Patagonia Madryn","og_description":"Las entidades emitieron comunicados id\u00e9nticos y responsabilizaron a la UEFA por la cancelaci\u00f3n del duelo de la Selecci\u00f3n Argentina con Espa\u00f1a.","og_url":"https:\/\/fmpatagoniamadryn.com.ar\/?p=21203","og_site_name":"FM Patagonia Madryn","article_published_time":"2026-03-15T17:59:47+00:00","article_modified_time":"2026-03-15T17:59:49+00:00","og_image":[{"width":862,"height":485,"url":"https:\/\/fmpatagoniamadryn.com.ar\/wp-content\/uploads\/2026\/03\/afa-y-conmebol-finalissima.webp","type":"image\/webp"}],"author":"FM Patagonia","twitter_card":"summary_large_image","twitter_misc":{"Escrito por":"FM Patagonia","Tiempo de lectura":"2 minutos"},"schema":{"@context":"https:\/\/schema.org","@graph":[{"@type":"Article","@id":"https:\/\/fmpatagoniamadryn.com.ar\/?p=21203#article","isPartOf":{"@id":"https:\/\/fmpatagoniamadryn.com.ar\/?p=21203"},"author":{"name":"FM Patagonia","@id":"https:\/\/fmpatagoniamadryn.com.ar\/#\/schema\/person\/d1eaeab8ab628617785f4d9ef0e8d5d8"},"headline":"La dura respuesta de AFA y Conmebol tras la suspensi\u00f3n de la Finalissima","datePublished":"2026-03-15T17:59:47+00:00","dateModified":"2026-03-15T17:59:49+00:00","mainEntityOfPage":{"@id":"https:\/\/fmpatagoniamadryn.com.ar\/?p=21203"},"wordCount":235,"publisher":{"@id":"https:\/\/fmpatagoniamadryn.com.ar\/#organization"},"image":{"@id":"https:\/\/fmpatagoniamadryn.com.ar\/?p=21203#primaryimage"},"thumbnailUrl":"https:\/\/fmpatagoniamadryn.com.ar\/wp-content\/uploads\/2026\/03\/afa-y-conmebol-finalissima.webp","keywords":["Finalissima"],"articleSection":["Deportes"],"inLanguage":"es"},{"@type":"WebPage","@id":"https:\/\/fmpatagoniamadryn.com.ar\/?p=21203","url":"https:\/\/fmpatagoniamadryn.com.ar\/?p=21203","name":"La dura respuesta de AFA y Conmebol tras la suspensi\u00f3n de la Finalissima - FM Patagonia Madryn","isPartOf":{"@id":"https:\/\/fmpatagoniamadryn.com.ar\/#website"},"primaryImageOfPage":{"@id":"https:\/\/fmpatagoniamadryn.com.ar\/?p=21203#primaryimage"},"image":{"@id":"https:\/\/fmpatagoniamadryn.com.ar\/?p=21203#primaryimage"},"thumbnailUrl":"https:\/\/fmpatagoniamadryn.com.ar\/wp-content\/uploads\/2026\/03\/afa-y-conmebol-finalissima.webp","datePublished":"2026-03-15T17:59:47+00:00","dateModified":"2026-03-15T17:59:49+00:00","breadcrumb":{"@id":"https:\/\/fmpatagoniamadryn.com.ar\/?p=21203#breadcrumb"},"inLanguage":"es","potentialAction":[{"@type":"ReadAction","target":["https:\/\/fmpatagoniamadryn.com.ar\/?p=21203"]}]},{"@type":"ImageObject","inLanguage":"es","@id":"https:\/\/fmpatagoniamadryn.com.ar\/?p=21203#primaryimage","url":"https:\/\/fmpatagoniamadryn.com.ar\/wp-content\/uploads\/2026\/03\/afa-y-conmebol-finalissima.webp","contentUrl":"https:\/\/fmpatagoniamadryn.com.ar\/wp-content\/uploads\/2026\/03\/afa-y-conmebol-finalissima.webp","width":862,"height":485},{"@type":"BreadcrumbList","@id":"https:\/\/fmpatagoniamadryn.com.ar\/?p=21203#breadcrumb","itemListElement":[{"@type":"ListItem","position":1,"name":"Portada","item":"https:\/\/fmpatagoniamadryn.com.ar\/"},{"@type":"ListItem","position":2,"name":"La dura respuesta de AFA y Conmebol tras la suspensi\u00f3n de la Finalissima"}]},{"@type":"WebSite","@id":"https:\/\/fmpatagoniamadryn.com.ar\/#website","url":"https:\/\/fmpatagoniamadryn.com.ar\/","name":"FM Patagonia Madryn","description":"Radio Patagonia 105.5","publisher":{"@id":"https:\/\/fmpatagoniamadryn.com.ar\/#organization"},"potentialAction":[{"@type":"SearchAction","target":{"@type":"EntryPoint","urlTemplate":"https:\/\/fmpatagoniamadryn.com.ar\/?s={search_term_string}"},"query-input":{"@type":"PropertyValueSpecification","valueRequired":true,"valueName":"search_term_string"}}],"inLanguage":"es"},{"@type":"Organization","@id":"https:\/\/fmpatagoniamadryn.com.ar\/#organization","name":"FM Patagonia Madryn","url":"https:\/\/fmpatagoniamadryn.com.ar\/","logo":{"@type":"ImageObject","inLanguage":"es","@id":"https:\/\/fmpatagoniamadryn.com.ar\/#\/schema\/logo\/image\/","url":"https:\/\/fmpatagoniamadryn.com.ar\/wp-content\/uploads\/2023\/01\/cropped-Diseno-sin-titulo.png","contentUrl":"https:\/\/fmpatagoniamadryn.com.ar\/wp-content\/uploads\/2023\/01\/cropped-Diseno-sin-titulo.png","width":6911,"height":2657,"caption":"FM Patagonia Madryn"},"image":{"@id":"https:\/\/fmpatagoniamadryn.com.ar\/#\/schema\/logo\/image\/"}},{"@type":"Person","@id":"https:\/\/fmpatagoniamadryn.com.ar\/#\/schema\/person\/d1eaeab8ab628617785f4d9ef0e8d5d8","name":"FM Patagonia","url":"https:\/\/fmpatagoniamadryn.com.ar\/?author=5"}]}},"jetpack_featured_media_url":"https:\/\/fmpatagoniamadryn.com.ar\/wp-content\/uploads\/2026\/03\/afa-y-conmebol-finalissima.webp","_links":{"self":[{"href":"https:\/\/fmpatagoniamadryn.com.ar\/index.php?rest_route=\/wp\/v2\/posts\/21203","targetHints":{"allow":["GET"]}}],"collection":[{"href":"https:\/\/fmpatagoniamadryn.com.ar\/index.php?rest_route=\/wp\/v2\/posts"}],"about":[{"href":"https:\/\/fmpatagoniamadryn.com.ar\/index.php?rest_route=\/wp\/v2\/types\/post"}],"author":[{"embeddable":true,"href":"https:\/\/fmpatagoniamadryn.com.ar\/index.php?rest_route=\/wp\/v2\/users\/5"}],"replies":[{"embeddable":true,"href":"https:\/\/fmpatagoniamadryn.com.ar\/index.php?rest_route=%2Fwp%2Fv2%2Fcomments&post=21203"}],"version-history":[{"count":1,"href":"https:\/\/fmpatagoniamadryn.com.ar\/index.php?rest_route=\/wp\/v2\/posts\/21203\/revisions"}],"predecessor-version":[{"id":21205,"href":"https:\/\/fmpatagoniamadryn.com.ar\/index.php?rest_route=\/wp\/v2\/posts\/21203\/revisions\/21205"}],"wp:featuredmedia":[{"embeddable":true,"href":"https:\/\/fmpatagoniamadryn.com.ar\/index.php?rest_route=\/wp\/v2\/media\/21204"}],"wp:attachment":[{"href":"https:\/\/fmpatagoniamadryn.com.ar\/index.php?rest_route=%2Fwp%2Fv2%2Fmedia&parent=21203"}],"wp:term":[{"taxonomy":"category","embeddable":true,"href":"https:\/\/fmpatagoniamadryn.com.ar\/index.php?rest_route=%2Fwp%2Fv2%2Fcategories&post=21203"},{"taxonomy":"post_tag","embeddable":true,"href":"https:\/\/fmpatagoniamadryn.com.ar\/index.php?rest_route=%2Fwp%2Fv2%2Ftags&post=21203"}],"curies":[{"name":"wp","href":"https:\/\/api.w.org\/{rel}","templated":true}]}}