{"id":21241,"date":"2026-03-16T18:55:00","date_gmt":"2026-03-16T21:55:00","guid":{"rendered":"https:\/\/fmpatagoniamadryn.com.ar\/?p=21241"},"modified":"2026-03-16T16:58:38","modified_gmt":"2026-03-16T19:58:38","slug":"colapinto-podria-hacer-dos-exhibiciones-en-argentina-lo-estamos-terminando-de-ver-con-alpine","status":"publish","type":"post","link":"https:\/\/fmpatagoniamadryn.com.ar\/?p=21241","title":{"rendered":"Colapinto podr\u00eda hacer dos exhibiciones en Argentina: \u201cLo estamos terminando de ver con Alpine\u201d"},"content":{"rendered":"\n<p>Lo que parec\u00eda ser el sue\u00f1o de miles fan\u00e1ticos a lo largo y ancho del pa\u00eds, est\u00e1 a detalles de convertirse en una realidad: Franco Colapinto,\u00a0envalentonado tras sumar su primer punto\u00a0de la temporada de la F\u00f3rmula 1 en el \u00faltimo GP de China,\u00a0<strong>podr\u00eda viajar a Argentina para hacer dos exhibiciones, la primera en abril.\u00a0<\/strong><\/p>\n\n\n\n<p>As\u00ed lo reconocieron desde la Ciudad de Buenos Aires y no tardaron en desatar el furor popular.&nbsp;<em><strong>\u201cPosiblemente el mes pr\u00f3ximo venga Alpine a la Argentina. Lo estamos terminando de ver con Alpine y con el equipo de Franco. Son todos procesos de intentar llegar a esa F\u00f3rmula 1\u201d<\/strong><\/em>, asegur\u00f3 el secretario de Deportes, Fabi\u00e1n Turnes, en di\u00e1logo con Marketing Registrado.<\/p>\n\n\n\n<p>Seg\u00fan inform\u00f3 Carburando,&nbsp;<strong>este&nbsp;evento promocional se llevar\u00eda a cabo entre el 23 y 26 de abril, muy posiblemente en el Monumento a los Espa\u00f1oles<\/strong>, ubicado en la intersecci\u00f3n de la Avenida del Libertador y la Avenida General Sarmiento. A su vez,&nbsp;<strong>podr\u00eda desarrollarse otra exhibici\u00f3n en octubre, con el recinto a confirmar por la Ciudad de Buenos Aires.<\/strong><\/p>\n\n\n\n<p>En caso de que las negociaciones lleguen a destino, esta posible vuelta de Colapinto a Argentina, no para disfrutar sus vacaciones sino para hacer rugir los motores, le permitir\u00e1 acercarse a su gente y&nbsp;<strong>tambi\u00e9n posicionar nuevamente a Buenos Aires dentro del mapa de la F\u00f3rmula 1<\/strong>. La intenci\u00f3n de las autoridades es albergar en el futuro cercano un Gran Premio. La \u00faltima vez hab\u00eda sido el 12 de abril de 1998.<\/p>\n\n\n\n<p>El propio Turnes pact\u00f3 para mayo una reuni\u00f3n con Liberty Media (mientras busca la manera de reprogramar los GP de Bar\u00e9in y Arabia Saudita, cancelados por el conflicto b\u00e9lico en Medio Oriente) conel objetivo acelerar este regreso tan esperado.&nbsp;<strong>La carta fuerte es mostrar los avances de la ambiciosa remodelaci\u00f3n que est\u00e1 teniendo el Aut\u00f3dromo Oscar y Juan Galvez, que en 2027 recibir\u00e1 el MotoGP.<\/strong><\/p>\n","protected":false},"excerpt":{"rendered":"<p>Fabi\u00e1n Turnes, secretario de Deportes de la Ciudad de Buenos Aires, reconoci\u00f3 las gestiones para que el piloto se suba a su monoplaza el pr\u00f3ximo mes en el pa\u00eds.<\/p>\n","protected":false},"author":5,"featured_media":21242,"comment_status":"closed","ping_status":"closed","sticky":false,"template":"","format":"standard","meta":{"footnotes":""},"categories":[4],"tags":[66],"class_list":["post-21241","post","type-post","status-publish","format-standard","has-post-thumbnail","hentry","category-deportes","tag-franco-colapinto"],"yoast_head":"<!-- This site is optimized with the Yoast SEO plugin v27.5 - https:\/\/yoast.com\/product\/yoast-seo-wordpress\/ -->\n<title>Colapinto podr\u00eda hacer dos exhibiciones en Argentina: \u201cLo estamos terminando de ver con Alpine\u201d - FM Patagonia Madryn<\/title>\n<meta name=\"robots\" content=\"index, follow, max-snippet:-1, max-image-preview:large, max-video-preview:-1\" \/>\n<link rel=\"canonical\" href=\"https:\/\/fmpatagoniamadryn.com.ar\/?p=21241\" \/>\n<meta property=\"og:locale\" content=\"es_ES\" \/>\n<meta property=\"og:type\" content=\"article\" \/>\n<meta property=\"og:title\" content=\"Colapinto podr\u00eda hacer dos exhibiciones en Argentina: \u201cLo estamos terminando de ver con Alpine\u201d - FM Patagonia Madryn\" \/>\n<meta property=\"og:description\" content=\"Fabi\u00e1n Turnes, secretario de Deportes de la Ciudad de Buenos Aires, reconoci\u00f3 las gestiones para que el piloto se suba a su monoplaza el pr\u00f3ximo mes en el pa\u00eds.\" \/>\n<meta property=\"og:url\" content=\"https:\/\/fmpatagoniamadryn.com.ar\/?p=21241\" \/>\n<meta property=\"og:site_name\" content=\"FM Patagonia Madryn\" \/>\n<meta property=\"article:published_time\" content=\"2026-03-16T21:55:00+00:00\" \/>\n<meta property=\"og:image\" content=\"https:\/\/fmpatagoniamadryn.com.ar\/wp-content\/uploads\/2026\/03\/colapinto-en-bs-as.webp\" \/>\n\t<meta property=\"og:image:width\" content=\"862\" \/>\n\t<meta property=\"og:image:height\" content=\"485\" \/>\n\t<meta property=\"og:image:type\" content=\"image\/webp\" \/>\n<meta name=\"author\" content=\"FM Patagonia\" \/>\n<meta name=\"twitter:card\" content=\"summary_large_image\" \/>\n<meta name=\"twitter:label1\" content=\"Escrito por\" \/>\n\t<meta name=\"twitter:data1\" content=\"FM Patagonia\" \/>\n\t<meta name=\"twitter:label2\" content=\"Tiempo de lectura\" \/>\n\t<meta name=\"twitter:data2\" content=\"2 minutos\" \/>\n<script type=\"application\/ld+json\" class=\"yoast-schema-graph\">{\"@context\":\"https:\\\/\\\/schema.org\",\"@graph\":[{\"@type\":\"Article\",\"@id\":\"https:\\\/\\\/fmpatagoniamadryn.com.ar\\\/?p=21241#article\",\"isPartOf\":{\"@id\":\"https:\\\/\\\/fmpatagoniamadryn.com.ar\\\/?p=21241\"},\"author\":{\"name\":\"FM Patagonia\",\"@id\":\"https:\\\/\\\/fmpatagoniamadryn.com.ar\\\/#\\\/schema\\\/person\\\/d1eaeab8ab628617785f4d9ef0e8d5d8\"},\"headline\":\"Colapinto podr\u00eda hacer dos exhibiciones en Argentina: \u201cLo estamos terminando de ver con Alpine\u201d\",\"datePublished\":\"2026-03-16T21:55:00+00:00\",\"mainEntityOfPage\":{\"@id\":\"https:\\\/\\\/fmpatagoniamadryn.com.ar\\\/?p=21241\"},\"wordCount\":352,\"publisher\":{\"@id\":\"https:\\\/\\\/fmpatagoniamadryn.com.ar\\\/#organization\"},\"image\":{\"@id\":\"https:\\\/\\\/fmpatagoniamadryn.com.ar\\\/?p=21241#primaryimage\"},\"thumbnailUrl\":\"https:\\\/\\\/fmpatagoniamadryn.com.ar\\\/wp-content\\\/uploads\\\/2026\\\/03\\\/colapinto-en-bs-as.webp\",\"keywords\":[\"Franco Colapinto\"],\"articleSection\":[\"Deportes\"],\"inLanguage\":\"es\"},{\"@type\":\"WebPage\",\"@id\":\"https:\\\/\\\/fmpatagoniamadryn.com.ar\\\/?p=21241\",\"url\":\"https:\\\/\\\/fmpatagoniamadryn.com.ar\\\/?p=21241\",\"name\":\"Colapinto podr\u00eda hacer dos exhibiciones en Argentina: \u201cLo estamos terminando de ver con Alpine\u201d - FM Patagonia Madryn\",\"isPartOf\":{\"@id\":\"https:\\\/\\\/fmpatagoniamadryn.com.ar\\\/#website\"},\"primaryImageOfPage\":{\"@id\":\"https:\\\/\\\/fmpatagoniamadryn.com.ar\\\/?p=21241#primaryimage\"},\"image\":{\"@id\":\"https:\\\/\\\/fmpatagoniamadryn.com.ar\\\/?p=21241#primaryimage\"},\"thumbnailUrl\":\"https:\\\/\\\/fmpatagoniamadryn.com.ar\\\/wp-content\\\/uploads\\\/2026\\\/03\\\/colapinto-en-bs-as.webp\",\"datePublished\":\"2026-03-16T21:55:00+00:00\",\"breadcrumb\":{\"@id\":\"https:\\\/\\\/fmpatagoniamadryn.com.ar\\\/?p=21241#breadcrumb\"},\"inLanguage\":\"es\",\"potentialAction\":[{\"@type\":\"ReadAction\",\"target\":[\"https:\\\/\\\/fmpatagoniamadryn.com.ar\\\/?p=21241\"]}]},{\"@type\":\"ImageObject\",\"inLanguage\":\"es\",\"@id\":\"https:\\\/\\\/fmpatagoniamadryn.com.ar\\\/?p=21241#primaryimage\",\"url\":\"https:\\\/\\\/fmpatagoniamadryn.com.ar\\\/wp-content\\\/uploads\\\/2026\\\/03\\\/colapinto-en-bs-as.webp\",\"contentUrl\":\"https:\\\/\\\/fmpatagoniamadryn.com.ar\\\/wp-content\\\/uploads\\\/2026\\\/03\\\/colapinto-en-bs-as.webp\",\"width\":862,\"height\":485},{\"@type\":\"BreadcrumbList\",\"@id\":\"https:\\\/\\\/fmpatagoniamadryn.com.ar\\\/?p=21241#breadcrumb\",\"itemListElement\":[{\"@type\":\"ListItem\",\"position\":1,\"name\":\"Portada\",\"item\":\"https:\\\/\\\/fmpatagoniamadryn.com.ar\\\/\"},{\"@type\":\"ListItem\",\"position\":2,\"name\":\"Colapinto podr\u00eda hacer dos exhibiciones en Argentina: \u201cLo estamos terminando de ver con Alpine\u201d\"}]},{\"@type\":\"WebSite\",\"@id\":\"https:\\\/\\\/fmpatagoniamadryn.com.ar\\\/#website\",\"url\":\"https:\\\/\\\/fmpatagoniamadryn.com.ar\\\/\",\"name\":\"FM Patagonia Madryn\",\"description\":\"Radio Patagonia 105.5\",\"publisher\":{\"@id\":\"https:\\\/\\\/fmpatagoniamadryn.com.ar\\\/#organization\"},\"potentialAction\":[{\"@type\":\"SearchAction\",\"target\":{\"@type\":\"EntryPoint\",\"urlTemplate\":\"https:\\\/\\\/fmpatagoniamadryn.com.ar\\\/?s={search_term_string}\"},\"query-input\":{\"@type\":\"PropertyValueSpecification\",\"valueRequired\":true,\"valueName\":\"search_term_string\"}}],\"inLanguage\":\"es\"},{\"@type\":\"Organization\",\"@id\":\"https:\\\/\\\/fmpatagoniamadryn.com.ar\\\/#organization\",\"name\":\"FM Patagonia Madryn\",\"url\":\"https:\\\/\\\/fmpatagoniamadryn.com.ar\\\/\",\"logo\":{\"@type\":\"ImageObject\",\"inLanguage\":\"es\",\"@id\":\"https:\\\/\\\/fmpatagoniamadryn.com.ar\\\/#\\\/schema\\\/logo\\\/image\\\/\",\"url\":\"https:\\\/\\\/fmpatagoniamadryn.com.ar\\\/wp-content\\\/uploads\\\/2023\\\/01\\\/cropped-Diseno-sin-titulo.png\",\"contentUrl\":\"https:\\\/\\\/fmpatagoniamadryn.com.ar\\\/wp-content\\\/uploads\\\/2023\\\/01\\\/cropped-Diseno-sin-titulo.png\",\"width\":6911,\"height\":2657,\"caption\":\"FM Patagonia Madryn\"},\"image\":{\"@id\":\"https:\\\/\\\/fmpatagoniamadryn.com.ar\\\/#\\\/schema\\\/logo\\\/image\\\/\"}},{\"@type\":\"Person\",\"@id\":\"https:\\\/\\\/fmpatagoniamadryn.com.ar\\\/#\\\/schema\\\/person\\\/d1eaeab8ab628617785f4d9ef0e8d5d8\",\"name\":\"FM Patagonia\",\"url\":\"https:\\\/\\\/fmpatagoniamadryn.com.ar\\\/?author=5\"}]}<\/script>\n<!-- \/ Yoast SEO plugin. -->","yoast_head_json":{"title":"Colapinto podr\u00eda hacer dos exhibiciones en Argentina: \u201cLo estamos terminando de ver con Alpine\u201d - FM Patagonia Madryn","robots":{"index":"index","follow":"follow","max-snippet":"max-snippet:-1","max-image-preview":"max-image-preview:large","max-video-preview":"max-video-preview:-1"},"canonical":"https:\/\/fmpatagoniamadryn.com.ar\/?p=21241","og_locale":"es_ES","og_type":"article","og_title":"Colapinto podr\u00eda hacer dos exhibiciones en Argentina: \u201cLo estamos terminando de ver con Alpine\u201d - FM Patagonia Madryn","og_description":"Fabi\u00e1n Turnes, secretario de Deportes de la Ciudad de Buenos Aires, reconoci\u00f3 las gestiones para que el piloto se suba a su monoplaza el pr\u00f3ximo mes en el pa\u00eds.","og_url":"https:\/\/fmpatagoniamadryn.com.ar\/?p=21241","og_site_name":"FM Patagonia Madryn","article_published_time":"2026-03-16T21:55:00+00:00","og_image":[{"width":862,"height":485,"url":"https:\/\/fmpatagoniamadryn.com.ar\/wp-content\/uploads\/2026\/03\/colapinto-en-bs-as.webp","type":"image\/webp"}],"author":"FM Patagonia","twitter_card":"summary_large_image","twitter_misc":{"Escrito por":"FM Patagonia","Tiempo de lectura":"2 minutos"},"schema":{"@context":"https:\/\/schema.org","@graph":[{"@type":"Article","@id":"https:\/\/fmpatagoniamadryn.com.ar\/?p=21241#article","isPartOf":{"@id":"https:\/\/fmpatagoniamadryn.com.ar\/?p=21241"},"author":{"name":"FM Patagonia","@id":"https:\/\/fmpatagoniamadryn.com.ar\/#\/schema\/person\/d1eaeab8ab628617785f4d9ef0e8d5d8"},"headline":"Colapinto podr\u00eda hacer dos exhibiciones en Argentina: \u201cLo estamos terminando de ver con Alpine\u201d","datePublished":"2026-03-16T21:55:00+00:00","mainEntityOfPage":{"@id":"https:\/\/fmpatagoniamadryn.com.ar\/?p=21241"},"wordCount":352,"publisher":{"@id":"https:\/\/fmpatagoniamadryn.com.ar\/#organization"},"image":{"@id":"https:\/\/fmpatagoniamadryn.com.ar\/?p=21241#primaryimage"},"thumbnailUrl":"https:\/\/fmpatagoniamadryn.com.ar\/wp-content\/uploads\/2026\/03\/colapinto-en-bs-as.webp","keywords":["Franco Colapinto"],"articleSection":["Deportes"],"inLanguage":"es"},{"@type":"WebPage","@id":"https:\/\/fmpatagoniamadryn.com.ar\/?p=21241","url":"https:\/\/fmpatagoniamadryn.com.ar\/?p=21241","name":"Colapinto podr\u00eda hacer dos exhibiciones en Argentina: \u201cLo estamos terminando de ver con Alpine\u201d - FM Patagonia Madryn","isPartOf":{"@id":"https:\/\/fmpatagoniamadryn.com.ar\/#website"},"primaryImageOfPage":{"@id":"https:\/\/fmpatagoniamadryn.com.ar\/?p=21241#primaryimage"},"image":{"@id":"https:\/\/fmpatagoniamadryn.com.ar\/?p=21241#primaryimage"},"thumbnailUrl":"https:\/\/fmpatagoniamadryn.com.ar\/wp-content\/uploads\/2026\/03\/colapinto-en-bs-as.webp","datePublished":"2026-03-16T21:55:00+00:00","breadcrumb":{"@id":"https:\/\/fmpatagoniamadryn.com.ar\/?p=21241#breadcrumb"},"inLanguage":"es","potentialAction":[{"@type":"ReadAction","target":["https:\/\/fmpatagoniamadryn.com.ar\/?p=21241"]}]},{"@type":"ImageObject","inLanguage":"es","@id":"https:\/\/fmpatagoniamadryn.com.ar\/?p=21241#primaryimage","url":"https:\/\/fmpatagoniamadryn.com.ar\/wp-content\/uploads\/2026\/03\/colapinto-en-bs-as.webp","contentUrl":"https:\/\/fmpatagoniamadryn.com.ar\/wp-content\/uploads\/2026\/03\/colapinto-en-bs-as.webp","width":862,"height":485},{"@type":"BreadcrumbList","@id":"https:\/\/fmpatagoniamadryn.com.ar\/?p=21241#breadcrumb","itemListElement":[{"@type":"ListItem","position":1,"name":"Portada","item":"https:\/\/fmpatagoniamadryn.com.ar\/"},{"@type":"ListItem","position":2,"name":"Colapinto podr\u00eda hacer dos exhibiciones en Argentina: \u201cLo estamos terminando de ver con Alpine\u201d"}]},{"@type":"WebSite","@id":"https:\/\/fmpatagoniamadryn.com.ar\/#website","url":"https:\/\/fmpatagoniamadryn.com.ar\/","name":"FM Patagonia Madryn","description":"Radio Patagonia 105.5","publisher":{"@id":"https:\/\/fmpatagoniamadryn.com.ar\/#organization"},"potentialAction":[{"@type":"SearchAction","target":{"@type":"EntryPoint","urlTemplate":"https:\/\/fmpatagoniamadryn.com.ar\/?s={search_term_string}"},"query-input":{"@type":"PropertyValueSpecification","valueRequired":true,"valueName":"search_term_string"}}],"inLanguage":"es"},{"@type":"Organization","@id":"https:\/\/fmpatagoniamadryn.com.ar\/#organization","name":"FM Patagonia Madryn","url":"https:\/\/fmpatagoniamadryn.com.ar\/","logo":{"@type":"ImageObject","inLanguage":"es","@id":"https:\/\/fmpatagoniamadryn.com.ar\/#\/schema\/logo\/image\/","url":"https:\/\/fmpatagoniamadryn.com.ar\/wp-content\/uploads\/2023\/01\/cropped-Diseno-sin-titulo.png","contentUrl":"https:\/\/fmpatagoniamadryn.com.ar\/wp-content\/uploads\/2023\/01\/cropped-Diseno-sin-titulo.png","width":6911,"height":2657,"caption":"FM Patagonia Madryn"},"image":{"@id":"https:\/\/fmpatagoniamadryn.com.ar\/#\/schema\/logo\/image\/"}},{"@type":"Person","@id":"https:\/\/fmpatagoniamadryn.com.ar\/#\/schema\/person\/d1eaeab8ab628617785f4d9ef0e8d5d8","name":"FM Patagonia","url":"https:\/\/fmpatagoniamadryn.com.ar\/?author=5"}]}},"jetpack_featured_media_url":"https:\/\/fmpatagoniamadryn.com.ar\/wp-content\/uploads\/2026\/03\/colapinto-en-bs-as.webp","_links":{"self":[{"href":"https:\/\/fmpatagoniamadryn.com.ar\/index.php?rest_route=\/wp\/v2\/posts\/21241","targetHints":{"allow":["GET"]}}],"collection":[{"href":"https:\/\/fmpatagoniamadryn.com.ar\/index.php?rest_route=\/wp\/v2\/posts"}],"about":[{"href":"https:\/\/fmpatagoniamadryn.com.ar\/index.php?rest_route=\/wp\/v2\/types\/post"}],"author":[{"embeddable":true,"href":"https:\/\/fmpatagoniamadryn.com.ar\/index.php?rest_route=\/wp\/v2\/users\/5"}],"replies":[{"embeddable":true,"href":"https:\/\/fmpatagoniamadryn.com.ar\/index.php?rest_route=%2Fwp%2Fv2%2Fcomments&post=21241"}],"version-history":[{"count":1,"href":"https:\/\/fmpatagoniamadryn.com.ar\/index.php?rest_route=\/wp\/v2\/posts\/21241\/revisions"}],"predecessor-version":[{"id":21243,"href":"https:\/\/fmpatagoniamadryn.com.ar\/index.php?rest_route=\/wp\/v2\/posts\/21241\/revisions\/21243"}],"wp:featuredmedia":[{"embeddable":true,"href":"https:\/\/fmpatagoniamadryn.com.ar\/index.php?rest_route=\/wp\/v2\/media\/21242"}],"wp:attachment":[{"href":"https:\/\/fmpatagoniamadryn.com.ar\/index.php?rest_route=%2Fwp%2Fv2%2Fmedia&parent=21241"}],"wp:term":[{"taxonomy":"category","embeddable":true,"href":"https:\/\/fmpatagoniamadryn.com.ar\/index.php?rest_route=%2Fwp%2Fv2%2Fcategories&post=21241"},{"taxonomy":"post_tag","embeddable":true,"href":"https:\/\/fmpatagoniamadryn.com.ar\/index.php?rest_route=%2Fwp%2Fv2%2Ftags&post=21241"}],"curies":[{"name":"wp","href":"https:\/\/api.w.org\/{rel}","templated":true}]}}