{"id":21320,"date":"2026-03-19T09:30:00","date_gmt":"2026-03-19T12:30:00","guid":{"rendered":"https:\/\/fmpatagoniamadryn.com.ar\/?p=21320"},"modified":"2026-03-19T00:52:02","modified_gmt":"2026-03-19T03:52:02","slug":"la-copa-libertadores-sortea-la-fase-de-grupos","status":"publish","type":"post","link":"https:\/\/fmpatagoniamadryn.com.ar\/?p=21320","title":{"rendered":"La Copa Libertadores sortea la fase de grupos"},"content":{"rendered":"\n<p>El\u00a0<strong>sorteo de la fase de grupos de la Copa Libertadores 2026<\/strong>\u00a0se llevar\u00e1 a cabo este jueves 19 de marzo en la sede de la Conmebol en Luque, Paraguay. La ceremonia comenzar\u00e1 a las 20:00 y contar\u00e1 con transmisi\u00f3n en vivo a trav\u00e9s de TNT Sports Premium, ESPN y la plataforma Disney+, adem\u00e1s de los canales oficiales de la Confederaci\u00f3n en YouTube y Facebook.<\/p>\n\n\n\n<p>La edici\u00f3n 2026 de la \u00ab<em>Gloria Eterna<\/em>\u00bb presenta un mapa de candidatos con matices hist\u00f3ricos y ausencias de peso. Tras dos a\u00f1os de ostracismo en el m\u00e1ximo certamen,&nbsp;<strong>Boca Juniors concreta su regreso por la puerta grande<\/strong>, amparado en su ranking para sostenerse como cabeza de serie en el Bombo 1. Es, quiz\u00e1s, el punto de apoyo m\u00e1s s\u00f3lido para un f\u00fatbol argentino que, por primera vez en m\u00e1s de una d\u00e9cada, no contar\u00e1 con River en la competencia.<\/p>\n\n\n\n<p>Sin embargo, la representaci\u00f3n nacional luce variada y con historias de resiliencia:&nbsp;<strong>Lan\u00fas llega con el envi\u00f3n de ser el \u00faltimo campe\u00f3n de la Sudamericana<\/strong>, mientras que&nbsp;<strong>Estudiantes de La Plata \u2014siempre un nombre de peso en estas competencias\u2014 y Rosario Central buscar\u00e1n imponer su m\u00edstica<\/strong>&nbsp;en grupos que podr\u00edan ser complejos.<\/p>\n\n\n\n<p><strong>La nota disruptiva la dan Platense e Independiente Rivadavia, debutantes absolutos<\/strong>&nbsp;que representan el federalismo y la renovaci\u00f3n del torneo local, aunque el sorteo les deparar\u00e1 un camino de complicado desde el Bombo 4.<\/p>\n\n\n\n<p>El f\u00fatbol brasile\u00f1o, con&nbsp;<strong>Flamengo&nbsp;<\/strong>(campe\u00f3n vigente) y&nbsp;<strong>Palmeiras&nbsp;<\/strong>a la cabeza, vuelve a erigirse como el gran rival a vencer, en una edici\u00f3n que deber\u00e1 gestionar su calendario con astucia ante el parate obligado por la Copa del Mundo 2026.<\/p>\n\n\n\n<h2 class=\"wp-block-heading\">Los bombos para el sorteo de la Copa Libertadores 2026<\/h2>\n\n\n\n<ul class=\"wp-block-list\">\n<li>Bombo\u00a01:\u00a0<strong>Flamengo\u00a0<\/strong>(BRA),\u00a0<strong>Palmeiras\u00a0<\/strong>(BRA),\u00a0<strong>Boca Juniors<\/strong>\u00a0(ARG),\u00a0<strong>Pe\u00f1arol\u00a0<\/strong>(URU),\u00a0<strong>Nacional\u00a0<\/strong>(URU),\u00a0<strong>Liga de Quito<\/strong>\u00a0(ECU),\u00a0<strong>Fluminense\u00a0<\/strong>(BRA) e\u00a0<strong>Independiente del Valle<\/strong>\u00a0(ECU).<\/li>\n\n\n\n<li>Bombo 2:\u00a0<strong>Lan\u00fas\u00a0<\/strong>(ARG),\u00a0<strong>Libertad\u00a0<\/strong>(PAR),\u00a0<strong>Estudiantes de La Plata<\/strong>\u00a0(ARG),\u00a0<strong>Cerro Porte\u00f1o<\/strong>\u00a0(PAR),\u00a0<strong>Corinthians\u00a0<\/strong>(BRA),\u00a0<strong>Bol\u00edvar\u00a0<\/strong>(BOL),\u00a0<strong>Cruzeiro\u00a0<\/strong>(BRA) y\u00a0<strong>Universitario\u00a0<\/strong>(PER).<\/li>\n\n\n\n<li>Bombo 3:\u00a0<strong>Junior\u00a0<\/strong>(COL),\u00a0<strong>Universidad Cat\u00f3lica<\/strong>\u00a0(CHI),\u00a0<strong>Rosario Central<\/strong>\u00a0(ARG),\u00a0<strong>Independiente Santa Fe<\/strong>\u00a0(COL),\u00a0<strong>Always Ready<\/strong>\u00a0(BOL),\u00a0<strong>Coquimbo Unido<\/strong>\u00a0(CHI),\u00a0<strong>Deportivo La Guaira<\/strong>\u00a0(VEN) y\u00a0<strong>Cusco FC<\/strong>\u00a0(PER).<\/li>\n\n\n\n<li>Bombo 4:\u00a0<strong>Universidad Central<\/strong>\u00a0(VEN),\u00a0<strong>Platense\u00a0<\/strong>(ARG),\u00a0<strong>Independiente Rivadavia<\/strong>\u00a0(ARG),\u00a0<strong>Mirassol\u00a0<\/strong>(BRA),\u00a0<strong>Barcelona SC<\/strong>\u00a0(ECU),\u00a0<strong>Sporting Cristal<\/strong>\u00a0(PER),\u00a0<strong>Deportes Tolima<\/strong>\u00a0(COL) e\u00a0<strong>Independiente Medell\u00edn<\/strong>\u00a0(COL).<\/li>\n<\/ul>\n","protected":false},"excerpt":{"rendered":"<p>El sue\u00f1o continental se pone en marcha con el destino de los 32 equipos sobre la mesa de Luque. Enterate de los detalles del sorteo de una nueva edici\u00f3n por La Gloria Eterna.<\/p>\n","protected":false},"author":5,"featured_media":21321,"comment_status":"closed","ping_status":"closed","sticky":false,"template":"","format":"standard","meta":{"footnotes":""},"categories":[4],"tags":[48],"class_list":["post-21320","post","type-post","status-publish","format-standard","has-post-thumbnail","hentry","category-deportes","tag-futbol"],"yoast_head":"<!-- This site is optimized with the Yoast SEO plugin v27.5 - https:\/\/yoast.com\/product\/yoast-seo-wordpress\/ -->\n<title>La Copa Libertadores sortea la fase de grupos - FM Patagonia Madryn<\/title>\n<meta name=\"robots\" content=\"index, follow, max-snippet:-1, max-image-preview:large, max-video-preview:-1\" \/>\n<link rel=\"canonical\" href=\"https:\/\/fmpatagoniamadryn.com.ar\/?p=21320\" \/>\n<meta property=\"og:locale\" content=\"es_ES\" \/>\n<meta property=\"og:type\" content=\"article\" \/>\n<meta property=\"og:title\" content=\"La Copa Libertadores sortea la fase de grupos - FM Patagonia Madryn\" \/>\n<meta property=\"og:description\" content=\"El sue\u00f1o continental se pone en marcha con el destino de los 32 equipos sobre la mesa de Luque. Enterate de los detalles del sorteo de una nueva edici\u00f3n por La Gloria Eterna.\" \/>\n<meta property=\"og:url\" content=\"https:\/\/fmpatagoniamadryn.com.ar\/?p=21320\" \/>\n<meta property=\"og:site_name\" content=\"FM Patagonia Madryn\" \/>\n<meta property=\"article:published_time\" content=\"2026-03-19T12:30:00+00:00\" \/>\n<meta property=\"og:image\" content=\"https:\/\/fmpatagoniamadryn.com.ar\/wp-content\/uploads\/2026\/03\/sorteo-libertadores.webp\" \/>\n\t<meta property=\"og:image:width\" content=\"862\" \/>\n\t<meta property=\"og:image:height\" content=\"485\" \/>\n\t<meta property=\"og:image:type\" content=\"image\/webp\" \/>\n<meta name=\"author\" content=\"FM Patagonia\" \/>\n<meta name=\"twitter:card\" content=\"summary_large_image\" \/>\n<meta name=\"twitter:label1\" content=\"Escrito por\" \/>\n\t<meta name=\"twitter:data1\" content=\"FM Patagonia\" \/>\n\t<meta name=\"twitter:label2\" content=\"Tiempo de lectura\" \/>\n\t<meta name=\"twitter:data2\" content=\"2 minutos\" \/>\n<script type=\"application\/ld+json\" class=\"yoast-schema-graph\">{\"@context\":\"https:\\\/\\\/schema.org\",\"@graph\":[{\"@type\":\"Article\",\"@id\":\"https:\\\/\\\/fmpatagoniamadryn.com.ar\\\/?p=21320#article\",\"isPartOf\":{\"@id\":\"https:\\\/\\\/fmpatagoniamadryn.com.ar\\\/?p=21320\"},\"author\":{\"name\":\"FM Patagonia\",\"@id\":\"https:\\\/\\\/fmpatagoniamadryn.com.ar\\\/#\\\/schema\\\/person\\\/d1eaeab8ab628617785f4d9ef0e8d5d8\"},\"headline\":\"La Copa Libertadores sortea la fase de grupos\",\"datePublished\":\"2026-03-19T12:30:00+00:00\",\"mainEntityOfPage\":{\"@id\":\"https:\\\/\\\/fmpatagoniamadryn.com.ar\\\/?p=21320\"},\"wordCount\":418,\"publisher\":{\"@id\":\"https:\\\/\\\/fmpatagoniamadryn.com.ar\\\/#organization\"},\"image\":{\"@id\":\"https:\\\/\\\/fmpatagoniamadryn.com.ar\\\/?p=21320#primaryimage\"},\"thumbnailUrl\":\"https:\\\/\\\/fmpatagoniamadryn.com.ar\\\/wp-content\\\/uploads\\\/2026\\\/03\\\/sorteo-libertadores.webp\",\"keywords\":[\"F\u00fatbol\"],\"articleSection\":[\"Deportes\"],\"inLanguage\":\"es\"},{\"@type\":\"WebPage\",\"@id\":\"https:\\\/\\\/fmpatagoniamadryn.com.ar\\\/?p=21320\",\"url\":\"https:\\\/\\\/fmpatagoniamadryn.com.ar\\\/?p=21320\",\"name\":\"La Copa Libertadores sortea la fase de grupos - FM Patagonia Madryn\",\"isPartOf\":{\"@id\":\"https:\\\/\\\/fmpatagoniamadryn.com.ar\\\/#website\"},\"primaryImageOfPage\":{\"@id\":\"https:\\\/\\\/fmpatagoniamadryn.com.ar\\\/?p=21320#primaryimage\"},\"image\":{\"@id\":\"https:\\\/\\\/fmpatagoniamadryn.com.ar\\\/?p=21320#primaryimage\"},\"thumbnailUrl\":\"https:\\\/\\\/fmpatagoniamadryn.com.ar\\\/wp-content\\\/uploads\\\/2026\\\/03\\\/sorteo-libertadores.webp\",\"datePublished\":\"2026-03-19T12:30:00+00:00\",\"breadcrumb\":{\"@id\":\"https:\\\/\\\/fmpatagoniamadryn.com.ar\\\/?p=21320#breadcrumb\"},\"inLanguage\":\"es\",\"potentialAction\":[{\"@type\":\"ReadAction\",\"target\":[\"https:\\\/\\\/fmpatagoniamadryn.com.ar\\\/?p=21320\"]}]},{\"@type\":\"ImageObject\",\"inLanguage\":\"es\",\"@id\":\"https:\\\/\\\/fmpatagoniamadryn.com.ar\\\/?p=21320#primaryimage\",\"url\":\"https:\\\/\\\/fmpatagoniamadryn.com.ar\\\/wp-content\\\/uploads\\\/2026\\\/03\\\/sorteo-libertadores.webp\",\"contentUrl\":\"https:\\\/\\\/fmpatagoniamadryn.com.ar\\\/wp-content\\\/uploads\\\/2026\\\/03\\\/sorteo-libertadores.webp\",\"width\":862,\"height\":485},{\"@type\":\"BreadcrumbList\",\"@id\":\"https:\\\/\\\/fmpatagoniamadryn.com.ar\\\/?p=21320#breadcrumb\",\"itemListElement\":[{\"@type\":\"ListItem\",\"position\":1,\"name\":\"Portada\",\"item\":\"https:\\\/\\\/fmpatagoniamadryn.com.ar\\\/\"},{\"@type\":\"ListItem\",\"position\":2,\"name\":\"La Copa Libertadores sortea la fase de grupos\"}]},{\"@type\":\"WebSite\",\"@id\":\"https:\\\/\\\/fmpatagoniamadryn.com.ar\\\/#website\",\"url\":\"https:\\\/\\\/fmpatagoniamadryn.com.ar\\\/\",\"name\":\"FM Patagonia Madryn\",\"description\":\"Radio Patagonia 105.5\",\"publisher\":{\"@id\":\"https:\\\/\\\/fmpatagoniamadryn.com.ar\\\/#organization\"},\"potentialAction\":[{\"@type\":\"SearchAction\",\"target\":{\"@type\":\"EntryPoint\",\"urlTemplate\":\"https:\\\/\\\/fmpatagoniamadryn.com.ar\\\/?s={search_term_string}\"},\"query-input\":{\"@type\":\"PropertyValueSpecification\",\"valueRequired\":true,\"valueName\":\"search_term_string\"}}],\"inLanguage\":\"es\"},{\"@type\":\"Organization\",\"@id\":\"https:\\\/\\\/fmpatagoniamadryn.com.ar\\\/#organization\",\"name\":\"FM Patagonia Madryn\",\"url\":\"https:\\\/\\\/fmpatagoniamadryn.com.ar\\\/\",\"logo\":{\"@type\":\"ImageObject\",\"inLanguage\":\"es\",\"@id\":\"https:\\\/\\\/fmpatagoniamadryn.com.ar\\\/#\\\/schema\\\/logo\\\/image\\\/\",\"url\":\"https:\\\/\\\/fmpatagoniamadryn.com.ar\\\/wp-content\\\/uploads\\\/2023\\\/01\\\/cropped-Diseno-sin-titulo.png\",\"contentUrl\":\"https:\\\/\\\/fmpatagoniamadryn.com.ar\\\/wp-content\\\/uploads\\\/2023\\\/01\\\/cropped-Diseno-sin-titulo.png\",\"width\":6911,\"height\":2657,\"caption\":\"FM Patagonia Madryn\"},\"image\":{\"@id\":\"https:\\\/\\\/fmpatagoniamadryn.com.ar\\\/#\\\/schema\\\/logo\\\/image\\\/\"}},{\"@type\":\"Person\",\"@id\":\"https:\\\/\\\/fmpatagoniamadryn.com.ar\\\/#\\\/schema\\\/person\\\/d1eaeab8ab628617785f4d9ef0e8d5d8\",\"name\":\"FM Patagonia\",\"url\":\"https:\\\/\\\/fmpatagoniamadryn.com.ar\\\/?author=5\"}]}<\/script>\n<!-- \/ Yoast SEO plugin. -->","yoast_head_json":{"title":"La Copa Libertadores sortea la fase de grupos - FM Patagonia Madryn","robots":{"index":"index","follow":"follow","max-snippet":"max-snippet:-1","max-image-preview":"max-image-preview:large","max-video-preview":"max-video-preview:-1"},"canonical":"https:\/\/fmpatagoniamadryn.com.ar\/?p=21320","og_locale":"es_ES","og_type":"article","og_title":"La Copa Libertadores sortea la fase de grupos - FM Patagonia Madryn","og_description":"El sue\u00f1o continental se pone en marcha con el destino de los 32 equipos sobre la mesa de Luque. Enterate de los detalles del sorteo de una nueva edici\u00f3n por La Gloria Eterna.","og_url":"https:\/\/fmpatagoniamadryn.com.ar\/?p=21320","og_site_name":"FM Patagonia Madryn","article_published_time":"2026-03-19T12:30:00+00:00","og_image":[{"width":862,"height":485,"url":"https:\/\/fmpatagoniamadryn.com.ar\/wp-content\/uploads\/2026\/03\/sorteo-libertadores.webp","type":"image\/webp"}],"author":"FM Patagonia","twitter_card":"summary_large_image","twitter_misc":{"Escrito por":"FM Patagonia","Tiempo de lectura":"2 minutos"},"schema":{"@context":"https:\/\/schema.org","@graph":[{"@type":"Article","@id":"https:\/\/fmpatagoniamadryn.com.ar\/?p=21320#article","isPartOf":{"@id":"https:\/\/fmpatagoniamadryn.com.ar\/?p=21320"},"author":{"name":"FM Patagonia","@id":"https:\/\/fmpatagoniamadryn.com.ar\/#\/schema\/person\/d1eaeab8ab628617785f4d9ef0e8d5d8"},"headline":"La Copa Libertadores sortea la fase de grupos","datePublished":"2026-03-19T12:30:00+00:00","mainEntityOfPage":{"@id":"https:\/\/fmpatagoniamadryn.com.ar\/?p=21320"},"wordCount":418,"publisher":{"@id":"https:\/\/fmpatagoniamadryn.com.ar\/#organization"},"image":{"@id":"https:\/\/fmpatagoniamadryn.com.ar\/?p=21320#primaryimage"},"thumbnailUrl":"https:\/\/fmpatagoniamadryn.com.ar\/wp-content\/uploads\/2026\/03\/sorteo-libertadores.webp","keywords":["F\u00fatbol"],"articleSection":["Deportes"],"inLanguage":"es"},{"@type":"WebPage","@id":"https:\/\/fmpatagoniamadryn.com.ar\/?p=21320","url":"https:\/\/fmpatagoniamadryn.com.ar\/?p=21320","name":"La Copa Libertadores sortea la fase de grupos - FM Patagonia Madryn","isPartOf":{"@id":"https:\/\/fmpatagoniamadryn.com.ar\/#website"},"primaryImageOfPage":{"@id":"https:\/\/fmpatagoniamadryn.com.ar\/?p=21320#primaryimage"},"image":{"@id":"https:\/\/fmpatagoniamadryn.com.ar\/?p=21320#primaryimage"},"thumbnailUrl":"https:\/\/fmpatagoniamadryn.com.ar\/wp-content\/uploads\/2026\/03\/sorteo-libertadores.webp","datePublished":"2026-03-19T12:30:00+00:00","breadcrumb":{"@id":"https:\/\/fmpatagoniamadryn.com.ar\/?p=21320#breadcrumb"},"inLanguage":"es","potentialAction":[{"@type":"ReadAction","target":["https:\/\/fmpatagoniamadryn.com.ar\/?p=21320"]}]},{"@type":"ImageObject","inLanguage":"es","@id":"https:\/\/fmpatagoniamadryn.com.ar\/?p=21320#primaryimage","url":"https:\/\/fmpatagoniamadryn.com.ar\/wp-content\/uploads\/2026\/03\/sorteo-libertadores.webp","contentUrl":"https:\/\/fmpatagoniamadryn.com.ar\/wp-content\/uploads\/2026\/03\/sorteo-libertadores.webp","width":862,"height":485},{"@type":"BreadcrumbList","@id":"https:\/\/fmpatagoniamadryn.com.ar\/?p=21320#breadcrumb","itemListElement":[{"@type":"ListItem","position":1,"name":"Portada","item":"https:\/\/fmpatagoniamadryn.com.ar\/"},{"@type":"ListItem","position":2,"name":"La Copa Libertadores sortea la fase de grupos"}]},{"@type":"WebSite","@id":"https:\/\/fmpatagoniamadryn.com.ar\/#website","url":"https:\/\/fmpatagoniamadryn.com.ar\/","name":"FM Patagonia Madryn","description":"Radio Patagonia 105.5","publisher":{"@id":"https:\/\/fmpatagoniamadryn.com.ar\/#organization"},"potentialAction":[{"@type":"SearchAction","target":{"@type":"EntryPoint","urlTemplate":"https:\/\/fmpatagoniamadryn.com.ar\/?s={search_term_string}"},"query-input":{"@type":"PropertyValueSpecification","valueRequired":true,"valueName":"search_term_string"}}],"inLanguage":"es"},{"@type":"Organization","@id":"https:\/\/fmpatagoniamadryn.com.ar\/#organization","name":"FM Patagonia Madryn","url":"https:\/\/fmpatagoniamadryn.com.ar\/","logo":{"@type":"ImageObject","inLanguage":"es","@id":"https:\/\/fmpatagoniamadryn.com.ar\/#\/schema\/logo\/image\/","url":"https:\/\/fmpatagoniamadryn.com.ar\/wp-content\/uploads\/2023\/01\/cropped-Diseno-sin-titulo.png","contentUrl":"https:\/\/fmpatagoniamadryn.com.ar\/wp-content\/uploads\/2023\/01\/cropped-Diseno-sin-titulo.png","width":6911,"height":2657,"caption":"FM Patagonia Madryn"},"image":{"@id":"https:\/\/fmpatagoniamadryn.com.ar\/#\/schema\/logo\/image\/"}},{"@type":"Person","@id":"https:\/\/fmpatagoniamadryn.com.ar\/#\/schema\/person\/d1eaeab8ab628617785f4d9ef0e8d5d8","name":"FM Patagonia","url":"https:\/\/fmpatagoniamadryn.com.ar\/?author=5"}]}},"jetpack_featured_media_url":"https:\/\/fmpatagoniamadryn.com.ar\/wp-content\/uploads\/2026\/03\/sorteo-libertadores.webp","_links":{"self":[{"href":"https:\/\/fmpatagoniamadryn.com.ar\/index.php?rest_route=\/wp\/v2\/posts\/21320","targetHints":{"allow":["GET"]}}],"collection":[{"href":"https:\/\/fmpatagoniamadryn.com.ar\/index.php?rest_route=\/wp\/v2\/posts"}],"about":[{"href":"https:\/\/fmpatagoniamadryn.com.ar\/index.php?rest_route=\/wp\/v2\/types\/post"}],"author":[{"embeddable":true,"href":"https:\/\/fmpatagoniamadryn.com.ar\/index.php?rest_route=\/wp\/v2\/users\/5"}],"replies":[{"embeddable":true,"href":"https:\/\/fmpatagoniamadryn.com.ar\/index.php?rest_route=%2Fwp%2Fv2%2Fcomments&post=21320"}],"version-history":[{"count":1,"href":"https:\/\/fmpatagoniamadryn.com.ar\/index.php?rest_route=\/wp\/v2\/posts\/21320\/revisions"}],"predecessor-version":[{"id":21322,"href":"https:\/\/fmpatagoniamadryn.com.ar\/index.php?rest_route=\/wp\/v2\/posts\/21320\/revisions\/21322"}],"wp:featuredmedia":[{"embeddable":true,"href":"https:\/\/fmpatagoniamadryn.com.ar\/index.php?rest_route=\/wp\/v2\/media\/21321"}],"wp:attachment":[{"href":"https:\/\/fmpatagoniamadryn.com.ar\/index.php?rest_route=%2Fwp%2Fv2%2Fmedia&parent=21320"}],"wp:term":[{"taxonomy":"category","embeddable":true,"href":"https:\/\/fmpatagoniamadryn.com.ar\/index.php?rest_route=%2Fwp%2Fv2%2Fcategories&post=21320"},{"taxonomy":"post_tag","embeddable":true,"href":"https:\/\/fmpatagoniamadryn.com.ar\/index.php?rest_route=%2Fwp%2Fv2%2Ftags&post=21320"}],"curies":[{"name":"wp","href":"https:\/\/api.w.org\/{rel}","templated":true}]}}