{"id":22244,"date":"2026-04-22T18:10:20","date_gmt":"2026-04-22T21:10:20","guid":{"rendered":"https:\/\/fmpatagoniamadryn.com.ar\/?p=22244"},"modified":"2026-04-22T18:10:21","modified_gmt":"2026-04-22T21:10:21","slug":"el-madrynense-savorani-sera-asistente-en-defensa-y-justicia-ante-boca","status":"publish","type":"post","link":"https:\/\/fmpatagoniamadryn.com.ar\/?p=22244","title":{"rendered":"El madrynense Savorani ser\u00e1 asistente en Defensa y Justicia ante Boca"},"content":{"rendered":"\n<p>Mientras en el Millonario siguen muy enojados con la actuaci\u00f3n de los jueces en el Supercl\u00e1sico, la Liga Profesional public\u00f3 los equipos arbitrales de la jornada y tanto el neuquino como el responsable del VAR en el Monumental ver\u00e1n acci\u00f3n en la semana.<\/p>\n\n\n\n<p>Mientras todo River todav\u00eda reclama el supuesto penal sobre Lucas Mart\u00ednez Quarta en la derrota por 1-0 ante Boca en el \u00faltimo Supercl\u00e1sico,&nbsp;<strong>la lupa qued\u00f3 puesta en el \u00e1rbitro Dar\u00edo Herrera y el VAR, H\u00e9ctor Paletta<\/strong>. Sin embargo, a pesar de las quejas del Millonario,&nbsp;<strong>ambos jueces no fueron parados y ver\u00e1n acci\u00f3n entre semana<\/strong>, en lo que ser\u00e1 la fecha 16 del Torneo Apertura.<\/p>\n\n\n\n<p>Por un lado,&nbsp;<strong>Herrera ser\u00e1 el encargado de impartir justicia en el duelo entre Estudiantes (RC) y Rosario Central<\/strong>, el viernes desde las 19.15. Para ese encuentro, el neuquino estar\u00e1 acompa\u00f1ado por Marcelo Bistocco y Marcos Horticolou como asistentes, mientras que el VAR estar\u00e1 a cargo de Fernando Espinoza.<\/p>\n\n\n\n<p>Por el otro lado,&nbsp;<strong>Paletta ser\u00e1 el encargado del VAR en el partido entre Atl\u00e9tico Tucum\u00e1n y Banfield<\/strong>, el pr\u00f3ximo domingo, desde las 20. All\u00ed, el juez principal ser\u00e1 \u00c1lvaro Carranza, acompa\u00f1ado de Gabriel Chade y Diego Mart\u00edn como asistentes.<\/p>\n\n\n\n<h2 class=\"wp-block-heading\">Uno por uno, los equipos arbitrales de la fecha 16 del Torneo Apertura<\/h2>\n\n\n\n<h3 class=\"wp-block-heading\">Jueves 23 de abril<\/h3>\n\n\n\n<p><strong><u>20.00 Defensa y Justicia \u2013 Boca \u2013 Zona A<\/u><\/strong><\/p>\n\n\n\n<ul class=\"wp-block-list\">\n<li>\u00c1rbitro: Andr\u00e9s Gariano<\/li>\n\n\n\n<li>\u00c1rbitro asistente 1: Miguel Savorani<\/li>\n\n\n\n<li>\u00c1rbitro asistente 2: Federico Cano<\/li>\n\n\n\n<li>Cuarto \u00e1rbitro: Lucas Comesa\u00f1a<\/li>\n\n\n\n<li>VAR: Silvio Trucco<\/li>\n\n\n\n<li>AVAR: Iv\u00e1n N\u00fa\u00f1ez<\/li>\n<\/ul>\n\n\n\n<h3 class=\"wp-block-heading\">Viernes 24 de abril<\/h3>\n\n\n\n<p><strong><u>17.00 Deportivo Riestra \u2013 Independiente \u2013 Zona A (ESPN Premium)<\/u><\/strong><\/p>\n\n\n\n<ul class=\"wp-block-list\">\n<li>\u00c1rbitro: Luis Lobo Medina<\/li>\n\n\n\n<li>\u00c1rbitro asistente 1: Walter Ferreyra<\/li>\n\n\n\n<li>\u00c1rbitro asistente 2: Mario Bardina<\/li>\n\n\n\n<li>Cuarto \u00e1rbitro: Nelson Bejas<\/li>\n\n\n\n<li>VAR: Jos\u00e9 Carreras<\/li>\n\n\n\n<li>AVAR: Sebasti\u00e1n Habib<\/li>\n<\/ul>\n\n\n\n<p><strong><u>19.15 Estudiantes (R\u00edo Cuarto) \u2013 Rosario Central \u2013 Zona B (TNT Sports)<\/u><\/strong><\/p>\n\n\n\n<ul class=\"wp-block-list\">\n<li>\u00c1rbitro: Dar\u00edo Herrera<\/li>\n\n\n\n<li>\u00c1rbitro asistente 1: Marcelo Bistocco<\/li>\n\n\n\n<li>\u00c1rbitro asistente 2: Marcos Horticolou<\/li>\n\n\n\n<li>Cuarto \u00e1rbitro: Jorge Etem<\/li>\n\n\n\n<li>VAR: Fernando Espinoza<\/li>\n\n\n\n<li>AVAR: Carlos C\u00f3rdoba<\/li>\n<\/ul>\n\n\n\n<p><strong><u>19.15 Lan\u00fas \u2013 Central C\u00f3rdoba \u2013 Zona A (ESPN Premium)<\/u><\/strong><\/p>\n\n\n\n<ul class=\"wp-block-list\">\n<li>\u00c1rbitro: Pablo D\u00f3valo<\/li>\n\n\n\n<li>\u00c1rbitro asistente 1: Pablo Gonz\u00e1lez<\/li>\n\n\n\n<li>\u00c1rbitro asistente 2: Juan Del Fueyo<\/li>\n\n\n\n<li>Cuarto \u00e1rbitro: Kevin Alegre<\/li>\n\n\n\n<li>VAR: Sebasti\u00e1n Bresba<\/li>\n\n\n\n<li>AVAR: Joaqu\u00edn Gil<\/li>\n<\/ul>\n\n\n\n<p><strong><u>21.30 Racing \u2013 Barracas Central \u2013 Zona B (TNT Sports)<\/u><\/strong><\/p>\n\n\n\n<ul class=\"wp-block-list\">\n<li>\u00c1rbitro: Pablo Echavarr\u00eda<\/li>\n\n\n\n<li>\u00c1rbitro asistente 1: Cristian Navarro<\/li>\n\n\n\n<li>\u00c1rbitro asistente 2: Andr\u00e9s Barbieri<\/li>\n\n\n\n<li>Cuarto \u00e1rbitro: Lucas Cavallero<\/li>\n\n\n\n<li>VAR: Germ\u00e1n Delfino<\/li>\n\n\n\n<li>AVAR: Mariano Ascenzi<\/li>\n<\/ul>\n\n\n\n<p><strong><u>21.30 Platense \u2013 San Lorenzo \u2013 Zona A (ESPN Premium)<\/u><\/strong><\/p>\n\n\n\n<ul class=\"wp-block-list\">\n<li>\u00c1rbitro: Hern\u00e1n Mastr\u00e1ngelo<\/li>\n\n\n\n<li>\u00c1rbitro asistente 1: Sebasti\u00e1n Raineri<\/li>\n\n\n\n<li>\u00c1rbitro asistente 2: Mariana De Almeida<\/li>\n\n\n\n<li>Cuarto \u00e1rbitro: Diego Ceballos<\/li>\n\n\n\n<li>VAR: Laura Fortunato<\/li>\n\n\n\n<li>AVAR: Gast\u00f3n Su\u00e1rez<\/li>\n<\/ul>\n\n\n\n<h3 class=\"wp-block-heading\">S\u00e1bado 25 de abril<\/h3>\n\n\n\n<p><strong><u>17.00 Estudiantes \u2013 Talleres \u2013 Zona A (TNT Sports)<\/u><\/strong><\/p>\n\n\n\n<ul class=\"wp-block-list\">\n<li>\u00c1rbitro: Leandro Rey Hilfer<\/li>\n\n\n\n<li>\u00c1rbitro asistente 1: Juan Mamani<\/li>\n\n\n\n<li>\u00c1rbitro asistente 2: Agust\u00edn M\u00e9ndez<\/li>\n\n\n\n<li>Cuarto \u00e1rbitro: Ramiro Maglio<\/li>\n\n\n\n<li>VAR: Juan Pablo Loustau<\/li>\n\n\n\n<li>AVAR: Diego Verlota<\/li>\n<\/ul>\n\n\n\n<p><strong><u>19.15 Sarmiento \u2013 Tigre \u2013 Zona B (ESPN Premium)<\/u><\/strong><\/p>\n\n\n\n<ul class=\"wp-block-list\">\n<li>\u00c1rbitro: Sebasti\u00e1n Zunino<\/li>\n\n\n\n<li>\u00c1rbitro asistente 1: Jos\u00e9 Castelli<\/li>\n\n\n\n<li>\u00c1rbitro asistente 2: Carlos Viglietti<\/li>\n\n\n\n<li>Cuarto \u00e1rbitro: Marcos Recalde<\/li>\n\n\n\n<li>VAR: Salom\u00e9 Di Iorio<\/li>\n\n\n\n<li>AVAR: Diego Romero<\/li>\n<\/ul>\n\n\n\n<p><strong><u>21.30 River \u2013 Aldosivi \u2013 Zona B (TNT Sports)<\/u><\/strong><\/p>\n\n\n\n<ul class=\"wp-block-list\">\n<li>\u00c1rbitro: Nicol\u00e1s Ram\u00edrez<\/li>\n\n\n\n<li>\u00c1rbitro asistente 1: Diego Bonfa<\/li>\n\n\n\n<li>\u00c1rbitro asistente 2: Adri\u00e1n Delbarba<\/li>\n\n\n\n<li>Cuarto \u00e1rbitro: Gonzalo Pereira<\/li>\n\n\n\n<li>VAR: Nicol\u00e1s Lamolina<\/li>\n\n\n\n<li>AVAR: Lucas Comesa\u00f1a<\/li>\n<\/ul>\n\n\n\n<h3 class=\"wp-block-heading\">Domingo 26 de abril<\/h3>\n\n\n\n<p><strong><u>15.00 Ind. Rivadavia Mza. \u2013 Gimnasia (Mza.) \u2013 Interzonal (TNT Sports)<\/u><\/strong><\/p>\n\n\n\n<ul class=\"wp-block-list\">\n<li>\u00c1rbitro: Yael Falc\u00f3n P\u00e9rez<\/li>\n\n\n\n<li>\u00c1rbitro asistente 1: Maximiliano Del Yesso<\/li>\n\n\n\n<li>\u00c1rbitro asistente 2: Facundo Rodr\u00edguez<\/li>\n\n\n\n<li>Cuarto \u00e1rbitro: Agust\u00edn Vegetti<\/li>\n\n\n\n<li>VAR: Lucas Novelli<\/li>\n\n\n\n<li>AVAR: Nelson Sosa<\/li>\n<\/ul>\n\n\n\n<p><strong><u>17.30 Newell\u2019s \u2013 Instituto \u2013 Zona A (TNT Sports)<\/u><\/strong><\/p>\n\n\n\n<ul class=\"wp-block-list\">\n<li>\u00c1rbitro: Bruno Amiconi<\/li>\n\n\n\n<li>\u00c1rbitro asistente 1: Hugo Paez<\/li>\n\n\n\n<li>\u00c1rbitro asistente 2: Juan Ricciardi<\/li>\n\n\n\n<li>Cuarto \u00e1rbitro: Franco Moron<\/li>\n\n\n\n<li>VAR: Fernando Echenique<\/li>\n\n\n\n<li>AVAR: Manuel S\u00e1nchez<\/li>\n<\/ul>\n\n\n\n<p><strong><u>17.30 Belgrano \u2013 Gimnasia \u2013 Zona B (ESPN Premium)<\/u><\/strong><\/p>\n\n\n\n<ul class=\"wp-block-list\">\n<li>\u00c1rbitro: Nazareno Arasa<\/li>\n\n\n\n<li>\u00c1rbitro asistente 1: Dami\u00e1n Espinoza<\/li>\n\n\n\n<li>\u00c1rbitro asistente 2: Mariana Dur\u00e9<\/li>\n\n\n\n<li>Cuarto \u00e1rbitro: Alejandro Scionti<\/li>\n\n\n\n<li>VAR: Facundo Tello<\/li>\n\n\n\n<li>AVAR: Mat\u00edas Bianchi<\/li>\n<\/ul>\n\n\n\n<p><strong><u>20.00 Atl\u00e9tico Tucum\u00e1n \u2013 Banfield \u2013 Zona B (ESPN Premium)<\/u><\/strong><\/p>\n\n\n\n<ul class=\"wp-block-list\">\n<li>\u00c1rbitro: \u00c1lvaro Carranza<\/li>\n\n\n\n<li>\u00c1rbitro asistente 1: Gabriel Chade<\/li>\n\n\n\n<li>\u00c1rbitro asistente 2: Diego Mart\u00edn<\/li>\n\n\n\n<li>Cuarto \u00e1rbitro: Maximiliano Silc\u00e1n Jerez<\/li>\n\n\n\n<li>VAR: H\u00e9ctor Paletta<\/li>\n\n\n\n<li>AVAR: Gonzalo Pereira<\/li>\n<\/ul>\n\n\n\n<h3 class=\"wp-block-heading\">Lunes 27 de abril<\/h3>\n\n\n\n<p><strong><u>18.45 V\u00e9lez \u2013 Uni\u00f3n \u2013 Zona A (TNT Sports)<\/u><\/strong><\/p>\n\n\n\n<ul class=\"wp-block-list\">\n<li>\u00c1rbitro: Sebasti\u00e1n Mart\u00ednez<\/li>\n\n\n\n<li>\u00c1rbitro asistente 1: Pablo Acevedo<\/li>\n\n\n\n<li>\u00c1rbitro asistente 2: Erik Grunmann<\/li>\n\n\n\n<li>Cuarto \u00e1rbitro: Adri\u00e1n N\u00fa\u00f1ez Rodr\u00edguez<\/li>\n\n\n\n<li>VAR: Andr\u00e9s Merlos<\/li>\n\n\n\n<li>AVAR: Gisella Bosso<\/li>\n<\/ul>\n\n\n\n<p><strong><u>21.00 Hurac\u00e1n \u2013 Argentinos \u2013 Zona B (ESPN Premium)<\/u><\/strong><\/p>\n\n\n\n<ul class=\"wp-block-list\">\n<li>\u00c1rbitro: Ariel Penel<\/li>\n\n\n\n<li>\u00c1rbitro asistente 1: Juan Pablo Belatti<\/li>\n\n\n\n<li>\u00c1rbitro asistente 2: Pablo Gualtieri<\/li>\n\n\n\n<li>Cuarto \u00e1rbitro: David Cornejo<\/li>\n\n\n\n<li>VAR: Lucas Cavallero<\/li>\n\n\n\n<li>AVAR: Julio Fern\u00e1ndez<\/li>\n<\/ul>\n","protected":false},"excerpt":{"rendered":"<p>El juez asistente de Madryn estar\u00e1 en el juego de este jueves en Defensa y Boca.<\/p>\n","protected":false},"author":5,"featured_media":22245,"comment_status":"closed","ping_status":"closed","sticky":false,"template":"","format":"standard","meta":{"footnotes":""},"categories":[4],"tags":[49,48],"class_list":["post-22244","post","type-post","status-publish","format-standard","has-post-thumbnail","hentry","category-deportes","tag-afa","tag-futbol"],"yoast_head":"<!-- This site is optimized with the Yoast SEO plugin v27.4 - https:\/\/yoast.com\/product\/yoast-seo-wordpress\/ -->\n<title>El madrynense Savorani ser\u00e1 asistente en Defensa y Justicia ante Boca - FM Patagonia Madryn<\/title>\n<meta name=\"robots\" content=\"index, follow, max-snippet:-1, max-image-preview:large, max-video-preview:-1\" \/>\n<link rel=\"canonical\" href=\"https:\/\/fmpatagoniamadryn.com.ar\/?p=22244\" \/>\n<meta property=\"og:locale\" content=\"es_ES\" \/>\n<meta property=\"og:type\" content=\"article\" \/>\n<meta property=\"og:title\" content=\"El madrynense Savorani ser\u00e1 asistente en Defensa y Justicia ante Boca - FM Patagonia Madryn\" \/>\n<meta property=\"og:description\" content=\"El juez asistente de Madryn estar\u00e1 en el juego de este jueves en Defensa y Boca.\" \/>\n<meta property=\"og:url\" content=\"https:\/\/fmpatagoniamadryn.com.ar\/?p=22244\" \/>\n<meta property=\"og:site_name\" content=\"FM Patagonia Madryn\" \/>\n<meta property=\"article:published_time\" content=\"2026-04-22T21:10:20+00:00\" \/>\n<meta property=\"article:modified_time\" content=\"2026-04-22T21:10:21+00:00\" \/>\n<meta property=\"og:image\" content=\"https:\/\/fmpatagoniamadryn.com.ar\/wp-content\/uploads\/2026\/04\/savorani.webp\" \/>\n\t<meta property=\"og:image:width\" content=\"780\" \/>\n\t<meta property=\"og:image:height\" content=\"568\" \/>\n\t<meta property=\"og:image:type\" content=\"image\/webp\" \/>\n<meta name=\"author\" content=\"FM Patagonia\" \/>\n<meta name=\"twitter:card\" content=\"summary_large_image\" \/>\n<meta name=\"twitter:label1\" content=\"Escrito por\" \/>\n\t<meta name=\"twitter:data1\" content=\"FM Patagonia\" \/>\n\t<meta name=\"twitter:label2\" content=\"Tiempo de lectura\" \/>\n\t<meta name=\"twitter:data2\" content=\"4 minutos\" \/>\n<script type=\"application\/ld+json\" class=\"yoast-schema-graph\">{\"@context\":\"https:\\\/\\\/schema.org\",\"@graph\":[{\"@type\":\"Article\",\"@id\":\"https:\\\/\\\/fmpatagoniamadryn.com.ar\\\/?p=22244#article\",\"isPartOf\":{\"@id\":\"https:\\\/\\\/fmpatagoniamadryn.com.ar\\\/?p=22244\"},\"author\":{\"name\":\"FM Patagonia\",\"@id\":\"https:\\\/\\\/fmpatagoniamadryn.com.ar\\\/#\\\/schema\\\/person\\\/d1eaeab8ab628617785f4d9ef0e8d5d8\"},\"headline\":\"El madrynense Savorani ser\u00e1 asistente en Defensa y Justicia ante Boca\",\"datePublished\":\"2026-04-22T21:10:20+00:00\",\"dateModified\":\"2026-04-22T21:10:21+00:00\",\"mainEntityOfPage\":{\"@id\":\"https:\\\/\\\/fmpatagoniamadryn.com.ar\\\/?p=22244\"},\"wordCount\":734,\"publisher\":{\"@id\":\"https:\\\/\\\/fmpatagoniamadryn.com.ar\\\/#organization\"},\"image\":{\"@id\":\"https:\\\/\\\/fmpatagoniamadryn.com.ar\\\/?p=22244#primaryimage\"},\"thumbnailUrl\":\"https:\\\/\\\/fmpatagoniamadryn.com.ar\\\/wp-content\\\/uploads\\\/2026\\\/04\\\/savorani.webp\",\"keywords\":[\"AFA\",\"F\u00fatbol\"],\"articleSection\":[\"Deportes\"],\"inLanguage\":\"es\"},{\"@type\":\"WebPage\",\"@id\":\"https:\\\/\\\/fmpatagoniamadryn.com.ar\\\/?p=22244\",\"url\":\"https:\\\/\\\/fmpatagoniamadryn.com.ar\\\/?p=22244\",\"name\":\"El madrynense Savorani ser\u00e1 asistente en Defensa y Justicia ante Boca - FM Patagonia Madryn\",\"isPartOf\":{\"@id\":\"https:\\\/\\\/fmpatagoniamadryn.com.ar\\\/#website\"},\"primaryImageOfPage\":{\"@id\":\"https:\\\/\\\/fmpatagoniamadryn.com.ar\\\/?p=22244#primaryimage\"},\"image\":{\"@id\":\"https:\\\/\\\/fmpatagoniamadryn.com.ar\\\/?p=22244#primaryimage\"},\"thumbnailUrl\":\"https:\\\/\\\/fmpatagoniamadryn.com.ar\\\/wp-content\\\/uploads\\\/2026\\\/04\\\/savorani.webp\",\"datePublished\":\"2026-04-22T21:10:20+00:00\",\"dateModified\":\"2026-04-22T21:10:21+00:00\",\"breadcrumb\":{\"@id\":\"https:\\\/\\\/fmpatagoniamadryn.com.ar\\\/?p=22244#breadcrumb\"},\"inLanguage\":\"es\",\"potentialAction\":[{\"@type\":\"ReadAction\",\"target\":[\"https:\\\/\\\/fmpatagoniamadryn.com.ar\\\/?p=22244\"]}]},{\"@type\":\"ImageObject\",\"inLanguage\":\"es\",\"@id\":\"https:\\\/\\\/fmpatagoniamadryn.com.ar\\\/?p=22244#primaryimage\",\"url\":\"https:\\\/\\\/fmpatagoniamadryn.com.ar\\\/wp-content\\\/uploads\\\/2026\\\/04\\\/savorani.webp\",\"contentUrl\":\"https:\\\/\\\/fmpatagoniamadryn.com.ar\\\/wp-content\\\/uploads\\\/2026\\\/04\\\/savorani.webp\",\"width\":780,\"height\":568},{\"@type\":\"BreadcrumbList\",\"@id\":\"https:\\\/\\\/fmpatagoniamadryn.com.ar\\\/?p=22244#breadcrumb\",\"itemListElement\":[{\"@type\":\"ListItem\",\"position\":1,\"name\":\"Portada\",\"item\":\"https:\\\/\\\/fmpatagoniamadryn.com.ar\\\/\"},{\"@type\":\"ListItem\",\"position\":2,\"name\":\"El madrynense Savorani ser\u00e1 asistente en Defensa y Justicia ante Boca\"}]},{\"@type\":\"WebSite\",\"@id\":\"https:\\\/\\\/fmpatagoniamadryn.com.ar\\\/#website\",\"url\":\"https:\\\/\\\/fmpatagoniamadryn.com.ar\\\/\",\"name\":\"FM Patagonia Madryn\",\"description\":\"Radio Patagonia 105.5\",\"publisher\":{\"@id\":\"https:\\\/\\\/fmpatagoniamadryn.com.ar\\\/#organization\"},\"potentialAction\":[{\"@type\":\"SearchAction\",\"target\":{\"@type\":\"EntryPoint\",\"urlTemplate\":\"https:\\\/\\\/fmpatagoniamadryn.com.ar\\\/?s={search_term_string}\"},\"query-input\":{\"@type\":\"PropertyValueSpecification\",\"valueRequired\":true,\"valueName\":\"search_term_string\"}}],\"inLanguage\":\"es\"},{\"@type\":\"Organization\",\"@id\":\"https:\\\/\\\/fmpatagoniamadryn.com.ar\\\/#organization\",\"name\":\"FM Patagonia Madryn\",\"url\":\"https:\\\/\\\/fmpatagoniamadryn.com.ar\\\/\",\"logo\":{\"@type\":\"ImageObject\",\"inLanguage\":\"es\",\"@id\":\"https:\\\/\\\/fmpatagoniamadryn.com.ar\\\/#\\\/schema\\\/logo\\\/image\\\/\",\"url\":\"https:\\\/\\\/fmpatagoniamadryn.com.ar\\\/wp-content\\\/uploads\\\/2023\\\/01\\\/cropped-Diseno-sin-titulo.png\",\"contentUrl\":\"https:\\\/\\\/fmpatagoniamadryn.com.ar\\\/wp-content\\\/uploads\\\/2023\\\/01\\\/cropped-Diseno-sin-titulo.png\",\"width\":6911,\"height\":2657,\"caption\":\"FM Patagonia Madryn\"},\"image\":{\"@id\":\"https:\\\/\\\/fmpatagoniamadryn.com.ar\\\/#\\\/schema\\\/logo\\\/image\\\/\"}},{\"@type\":\"Person\",\"@id\":\"https:\\\/\\\/fmpatagoniamadryn.com.ar\\\/#\\\/schema\\\/person\\\/d1eaeab8ab628617785f4d9ef0e8d5d8\",\"name\":\"FM Patagonia\",\"url\":\"https:\\\/\\\/fmpatagoniamadryn.com.ar\\\/?author=5\"}]}<\/script>\n<!-- \/ Yoast SEO plugin. -->","yoast_head_json":{"title":"El madrynense Savorani ser\u00e1 asistente en Defensa y Justicia ante Boca - FM Patagonia Madryn","robots":{"index":"index","follow":"follow","max-snippet":"max-snippet:-1","max-image-preview":"max-image-preview:large","max-video-preview":"max-video-preview:-1"},"canonical":"https:\/\/fmpatagoniamadryn.com.ar\/?p=22244","og_locale":"es_ES","og_type":"article","og_title":"El madrynense Savorani ser\u00e1 asistente en Defensa y Justicia ante Boca - FM Patagonia Madryn","og_description":"El juez asistente de Madryn estar\u00e1 en el juego de este jueves en Defensa y Boca.","og_url":"https:\/\/fmpatagoniamadryn.com.ar\/?p=22244","og_site_name":"FM Patagonia Madryn","article_published_time":"2026-04-22T21:10:20+00:00","article_modified_time":"2026-04-22T21:10:21+00:00","og_image":[{"width":780,"height":568,"url":"https:\/\/fmpatagoniamadryn.com.ar\/wp-content\/uploads\/2026\/04\/savorani.webp","type":"image\/webp"}],"author":"FM Patagonia","twitter_card":"summary_large_image","twitter_misc":{"Escrito por":"FM Patagonia","Tiempo de lectura":"4 minutos"},"schema":{"@context":"https:\/\/schema.org","@graph":[{"@type":"Article","@id":"https:\/\/fmpatagoniamadryn.com.ar\/?p=22244#article","isPartOf":{"@id":"https:\/\/fmpatagoniamadryn.com.ar\/?p=22244"},"author":{"name":"FM Patagonia","@id":"https:\/\/fmpatagoniamadryn.com.ar\/#\/schema\/person\/d1eaeab8ab628617785f4d9ef0e8d5d8"},"headline":"El madrynense Savorani ser\u00e1 asistente en Defensa y Justicia ante Boca","datePublished":"2026-04-22T21:10:20+00:00","dateModified":"2026-04-22T21:10:21+00:00","mainEntityOfPage":{"@id":"https:\/\/fmpatagoniamadryn.com.ar\/?p=22244"},"wordCount":734,"publisher":{"@id":"https:\/\/fmpatagoniamadryn.com.ar\/#organization"},"image":{"@id":"https:\/\/fmpatagoniamadryn.com.ar\/?p=22244#primaryimage"},"thumbnailUrl":"https:\/\/fmpatagoniamadryn.com.ar\/wp-content\/uploads\/2026\/04\/savorani.webp","keywords":["AFA","F\u00fatbol"],"articleSection":["Deportes"],"inLanguage":"es"},{"@type":"WebPage","@id":"https:\/\/fmpatagoniamadryn.com.ar\/?p=22244","url":"https:\/\/fmpatagoniamadryn.com.ar\/?p=22244","name":"El madrynense Savorani ser\u00e1 asistente en Defensa y Justicia ante Boca - FM Patagonia Madryn","isPartOf":{"@id":"https:\/\/fmpatagoniamadryn.com.ar\/#website"},"primaryImageOfPage":{"@id":"https:\/\/fmpatagoniamadryn.com.ar\/?p=22244#primaryimage"},"image":{"@id":"https:\/\/fmpatagoniamadryn.com.ar\/?p=22244#primaryimage"},"thumbnailUrl":"https:\/\/fmpatagoniamadryn.com.ar\/wp-content\/uploads\/2026\/04\/savorani.webp","datePublished":"2026-04-22T21:10:20+00:00","dateModified":"2026-04-22T21:10:21+00:00","breadcrumb":{"@id":"https:\/\/fmpatagoniamadryn.com.ar\/?p=22244#breadcrumb"},"inLanguage":"es","potentialAction":[{"@type":"ReadAction","target":["https:\/\/fmpatagoniamadryn.com.ar\/?p=22244"]}]},{"@type":"ImageObject","inLanguage":"es","@id":"https:\/\/fmpatagoniamadryn.com.ar\/?p=22244#primaryimage","url":"https:\/\/fmpatagoniamadryn.com.ar\/wp-content\/uploads\/2026\/04\/savorani.webp","contentUrl":"https:\/\/fmpatagoniamadryn.com.ar\/wp-content\/uploads\/2026\/04\/savorani.webp","width":780,"height":568},{"@type":"BreadcrumbList","@id":"https:\/\/fmpatagoniamadryn.com.ar\/?p=22244#breadcrumb","itemListElement":[{"@type":"ListItem","position":1,"name":"Portada","item":"https:\/\/fmpatagoniamadryn.com.ar\/"},{"@type":"ListItem","position":2,"name":"El madrynense Savorani ser\u00e1 asistente en Defensa y Justicia ante Boca"}]},{"@type":"WebSite","@id":"https:\/\/fmpatagoniamadryn.com.ar\/#website","url":"https:\/\/fmpatagoniamadryn.com.ar\/","name":"FM Patagonia Madryn","description":"Radio Patagonia 105.5","publisher":{"@id":"https:\/\/fmpatagoniamadryn.com.ar\/#organization"},"potentialAction":[{"@type":"SearchAction","target":{"@type":"EntryPoint","urlTemplate":"https:\/\/fmpatagoniamadryn.com.ar\/?s={search_term_string}"},"query-input":{"@type":"PropertyValueSpecification","valueRequired":true,"valueName":"search_term_string"}}],"inLanguage":"es"},{"@type":"Organization","@id":"https:\/\/fmpatagoniamadryn.com.ar\/#organization","name":"FM Patagonia Madryn","url":"https:\/\/fmpatagoniamadryn.com.ar\/","logo":{"@type":"ImageObject","inLanguage":"es","@id":"https:\/\/fmpatagoniamadryn.com.ar\/#\/schema\/logo\/image\/","url":"https:\/\/fmpatagoniamadryn.com.ar\/wp-content\/uploads\/2023\/01\/cropped-Diseno-sin-titulo.png","contentUrl":"https:\/\/fmpatagoniamadryn.com.ar\/wp-content\/uploads\/2023\/01\/cropped-Diseno-sin-titulo.png","width":6911,"height":2657,"caption":"FM Patagonia Madryn"},"image":{"@id":"https:\/\/fmpatagoniamadryn.com.ar\/#\/schema\/logo\/image\/"}},{"@type":"Person","@id":"https:\/\/fmpatagoniamadryn.com.ar\/#\/schema\/person\/d1eaeab8ab628617785f4d9ef0e8d5d8","name":"FM Patagonia","url":"https:\/\/fmpatagoniamadryn.com.ar\/?author=5"}]}},"jetpack_featured_media_url":"https:\/\/fmpatagoniamadryn.com.ar\/wp-content\/uploads\/2026\/04\/savorani.webp","_links":{"self":[{"href":"https:\/\/fmpatagoniamadryn.com.ar\/index.php?rest_route=\/wp\/v2\/posts\/22244","targetHints":{"allow":["GET"]}}],"collection":[{"href":"https:\/\/fmpatagoniamadryn.com.ar\/index.php?rest_route=\/wp\/v2\/posts"}],"about":[{"href":"https:\/\/fmpatagoniamadryn.com.ar\/index.php?rest_route=\/wp\/v2\/types\/post"}],"author":[{"embeddable":true,"href":"https:\/\/fmpatagoniamadryn.com.ar\/index.php?rest_route=\/wp\/v2\/users\/5"}],"replies":[{"embeddable":true,"href":"https:\/\/fmpatagoniamadryn.com.ar\/index.php?rest_route=%2Fwp%2Fv2%2Fcomments&post=22244"}],"version-history":[{"count":1,"href":"https:\/\/fmpatagoniamadryn.com.ar\/index.php?rest_route=\/wp\/v2\/posts\/22244\/revisions"}],"predecessor-version":[{"id":22246,"href":"https:\/\/fmpatagoniamadryn.com.ar\/index.php?rest_route=\/wp\/v2\/posts\/22244\/revisions\/22246"}],"wp:featuredmedia":[{"embeddable":true,"href":"https:\/\/fmpatagoniamadryn.com.ar\/index.php?rest_route=\/wp\/v2\/media\/22245"}],"wp:attachment":[{"href":"https:\/\/fmpatagoniamadryn.com.ar\/index.php?rest_route=%2Fwp%2Fv2%2Fmedia&parent=22244"}],"wp:term":[{"taxonomy":"category","embeddable":true,"href":"https:\/\/fmpatagoniamadryn.com.ar\/index.php?rest_route=%2Fwp%2Fv2%2Fcategories&post=22244"},{"taxonomy":"post_tag","embeddable":true,"href":"https:\/\/fmpatagoniamadryn.com.ar\/index.php?rest_route=%2Fwp%2Fv2%2Ftags&post=22244"}],"curies":[{"name":"wp","href":"https:\/\/api.w.org\/{rel}","templated":true}]}}