{"id":22313,"date":"2026-04-26T16:00:00","date_gmt":"2026-04-26T19:00:00","guid":{"rendered":"https:\/\/fmpatagoniamadryn.com.ar\/?p=22313"},"modified":"2026-04-26T13:58:03","modified_gmt":"2026-04-26T16:58:03","slug":"historico-sabastian-sawe-bajo-las-dos-horas-y-rompio-el-record-mundial-de-maraton","status":"publish","type":"post","link":"https:\/\/fmpatagoniamadryn.com.ar\/?p=22313","title":{"rendered":"Hist\u00f3rico: Sabastian Sawe baj\u00f3 las dos horas y rompi\u00f3 el r\u00e9cord mundial de marat\u00f3n"},"content":{"rendered":"\n<p>El keniano<strong>&nbsp;Sabastian Sawe<\/strong>&nbsp;ha batido<strong>&nbsp;el r\u00e9cord mundial en un marat\u00f3n oficial&nbsp;<\/strong>al vencer este domingo en Londres, con un tiempo de&nbsp;<strong>una hora, 59 minutos y 30 segundos.<\/strong><\/p>\n\n\n\n<p>Sawe, que precedi\u00f3 en la l\u00ednea de meta al et\u00edope Yomif Kejelcha (1h59:41) y al ugan\u00e9s Jacob Kiplimo (2h00:28),<strong>&nbsp;rebaja la marca que ten\u00eda su compatriota Kelvin Kiptum de 2:00.35 desde el 8 de octubre de 2023 en Chicago (Estados Unidos).<\/strong><\/p>\n\n\n\n<p><em><strong>\u00abEs un d\u00eda hist\u00f3rico para m\u00ed\u00bb<\/strong><\/em>, dijo Sawe a la cadena brit\u00e1nica BBC tras la victoria.&nbsp;<em><strong>\u00abLa verdad es que empezamos la carrera muy bien y cuando nos acerc\u00e1bamos al final me sent\u00eda muy fuerte.<\/strong>&nbsp;Creo que mis rivales me han ayudado mucho (a batir el r\u00e9cord). Cuando vi el tiempo me emocion\u00e9. Todo lo que he trabajado los \u00faltimos meses se ha transformado hoy en un gran resultado\u00bb<\/em>, agreg\u00f3 el keniano, que promedi\u00f3 un tiempo de dos minutos y 49 segundos por kil\u00f3metro.<\/p>\n\n\n\n<p>En&nbsp;<strong>tercera posici\u00f3n acab\u00f3 el et\u00edope Yomif Kejelcha, que con un tiempo de 1:59:41 (tambi\u00e9n por debajo de las dos horas) consigui\u00f3 el r\u00e9cord de su pa\u00eds&nbsp;<\/strong>y el mejor en un debut en una marat\u00f3n en la historia, mientras que Kiplimo, de Uganda, termin\u00f3 tercero con un tiempo de 2:00:28, siendo este el mejor registro de su pa\u00eds.<\/p>\n\n\n\n<p><strong>La carrera en s\u00ed transcurri\u00f3 con igualdad entre los tres del podio mas el campe\u00f3n ol\u00edmpico,<\/strong>&nbsp;Tamirat Tola, el ganador de la prueba en Londres en 2022 Amos Kipruto y Deresa Geleta, hasta el kil\u00f3metro 30, cuando empezaron a ampliarse las diferencias, que se hicieron, sobre todo, palpables a partir del kil\u00f3metro 30, cuando Sawe y Kejelcha se marcharon en solitario.<\/p>\n\n\n\n<p>Este domingo ha sido un d\u00eda hist\u00f3rico para el atletismo en Londres, ya que la et\u00edope Tigst Assefa se ha impuesto<strong>&nbsp;este domingo en el marat\u00f3n de Londres tras batir su propio r\u00e9cord del mundo con un tiempo de 2 horas, 15 minutos y 41 segundos.<\/strong><\/p>\n\n\n\n<p>El tiempo acompa\u00f1\u00f3 en Londres, donde este domingo se registraron m\u00e1ximas de 16 grados en el momento de la carrera,<strong>&nbsp;que estuvo seguida por miles de personas en las calles de la capital brit\u00e1nica.<\/strong><\/p>\n\n\n\n<p>Los ingleses se volcaron con una de las citas m\u00e1s emblem\u00e1ticas de la ciudad y no fallaron en la carrera popular mostrando todo tipo de disfraces, incluido un hombre que corri\u00f3 con un frigor\u00edfico de 25 kilos a sus espaldas.<\/p>\n","protected":false},"excerpt":{"rendered":"<p>El atleta keniano estableci\u00f3 una nueva marca hist\u00f3rica en Londres, con un tiempo de una hora, 59 minutos y 30 segundos.<\/p>\n","protected":false},"author":5,"featured_media":22314,"comment_status":"closed","ping_status":"closed","sticky":false,"template":"","format":"standard","meta":{"footnotes":""},"categories":[4],"tags":[144],"class_list":["post-22313","post","type-post","status-publish","format-standard","has-post-thumbnail","hentry","category-deportes","tag-maratpon"],"yoast_head":"<!-- This site is optimized with the Yoast SEO plugin v27.4 - https:\/\/yoast.com\/product\/yoast-seo-wordpress\/ -->\n<title>Hist\u00f3rico: Sabastian Sawe baj\u00f3 las dos horas y rompi\u00f3 el r\u00e9cord mundial de marat\u00f3n - FM Patagonia Madryn<\/title>\n<meta name=\"robots\" content=\"index, follow, max-snippet:-1, max-image-preview:large, max-video-preview:-1\" \/>\n<link rel=\"canonical\" href=\"https:\/\/fmpatagoniamadryn.com.ar\/?p=22313\" \/>\n<meta property=\"og:locale\" content=\"es_ES\" \/>\n<meta property=\"og:type\" content=\"article\" \/>\n<meta property=\"og:title\" content=\"Hist\u00f3rico: Sabastian Sawe baj\u00f3 las dos horas y rompi\u00f3 el r\u00e9cord mundial de marat\u00f3n - FM Patagonia Madryn\" \/>\n<meta property=\"og:description\" content=\"El atleta keniano estableci\u00f3 una nueva marca hist\u00f3rica en Londres, con un tiempo de una hora, 59 minutos y 30 segundos.\" \/>\n<meta property=\"og:url\" content=\"https:\/\/fmpatagoniamadryn.com.ar\/?p=22313\" \/>\n<meta property=\"og:site_name\" content=\"FM Patagonia Madryn\" \/>\n<meta property=\"article:published_time\" content=\"2026-04-26T19:00:00+00:00\" \/>\n<meta property=\"og:image\" content=\"https:\/\/fmpatagoniamadryn.com.ar\/wp-content\/uploads\/2026\/04\/sawe-maraton-record.webp\" \/>\n\t<meta property=\"og:image:width\" content=\"862\" \/>\n\t<meta property=\"og:image:height\" content=\"485\" \/>\n\t<meta property=\"og:image:type\" content=\"image\/webp\" \/>\n<meta name=\"author\" content=\"FM Patagonia\" \/>\n<meta name=\"twitter:card\" content=\"summary_large_image\" \/>\n<meta name=\"twitter:label1\" content=\"Escrito por\" \/>\n\t<meta name=\"twitter:data1\" content=\"FM Patagonia\" \/>\n\t<meta name=\"twitter:label2\" content=\"Tiempo de lectura\" \/>\n\t<meta name=\"twitter:data2\" content=\"3 minutos\" \/>\n<script type=\"application\/ld+json\" class=\"yoast-schema-graph\">{\"@context\":\"https:\\\/\\\/schema.org\",\"@graph\":[{\"@type\":\"Article\",\"@id\":\"https:\\\/\\\/fmpatagoniamadryn.com.ar\\\/?p=22313#article\",\"isPartOf\":{\"@id\":\"https:\\\/\\\/fmpatagoniamadryn.com.ar\\\/?p=22313\"},\"author\":{\"name\":\"FM Patagonia\",\"@id\":\"https:\\\/\\\/fmpatagoniamadryn.com.ar\\\/#\\\/schema\\\/person\\\/d1eaeab8ab628617785f4d9ef0e8d5d8\"},\"headline\":\"Hist\u00f3rico: Sabastian Sawe baj\u00f3 las dos horas y rompi\u00f3 el r\u00e9cord mundial de marat\u00f3n\",\"datePublished\":\"2026-04-26T19:00:00+00:00\",\"mainEntityOfPage\":{\"@id\":\"https:\\\/\\\/fmpatagoniamadryn.com.ar\\\/?p=22313\"},\"wordCount\":443,\"publisher\":{\"@id\":\"https:\\\/\\\/fmpatagoniamadryn.com.ar\\\/#organization\"},\"image\":{\"@id\":\"https:\\\/\\\/fmpatagoniamadryn.com.ar\\\/?p=22313#primaryimage\"},\"thumbnailUrl\":\"https:\\\/\\\/fmpatagoniamadryn.com.ar\\\/wp-content\\\/uploads\\\/2026\\\/04\\\/sawe-maraton-record.webp\",\"keywords\":[\"Maratpon\"],\"articleSection\":[\"Deportes\"],\"inLanguage\":\"es\"},{\"@type\":\"WebPage\",\"@id\":\"https:\\\/\\\/fmpatagoniamadryn.com.ar\\\/?p=22313\",\"url\":\"https:\\\/\\\/fmpatagoniamadryn.com.ar\\\/?p=22313\",\"name\":\"Hist\u00f3rico: Sabastian Sawe baj\u00f3 las dos horas y rompi\u00f3 el r\u00e9cord mundial de marat\u00f3n - FM Patagonia Madryn\",\"isPartOf\":{\"@id\":\"https:\\\/\\\/fmpatagoniamadryn.com.ar\\\/#website\"},\"primaryImageOfPage\":{\"@id\":\"https:\\\/\\\/fmpatagoniamadryn.com.ar\\\/?p=22313#primaryimage\"},\"image\":{\"@id\":\"https:\\\/\\\/fmpatagoniamadryn.com.ar\\\/?p=22313#primaryimage\"},\"thumbnailUrl\":\"https:\\\/\\\/fmpatagoniamadryn.com.ar\\\/wp-content\\\/uploads\\\/2026\\\/04\\\/sawe-maraton-record.webp\",\"datePublished\":\"2026-04-26T19:00:00+00:00\",\"breadcrumb\":{\"@id\":\"https:\\\/\\\/fmpatagoniamadryn.com.ar\\\/?p=22313#breadcrumb\"},\"inLanguage\":\"es\",\"potentialAction\":[{\"@type\":\"ReadAction\",\"target\":[\"https:\\\/\\\/fmpatagoniamadryn.com.ar\\\/?p=22313\"]}]},{\"@type\":\"ImageObject\",\"inLanguage\":\"es\",\"@id\":\"https:\\\/\\\/fmpatagoniamadryn.com.ar\\\/?p=22313#primaryimage\",\"url\":\"https:\\\/\\\/fmpatagoniamadryn.com.ar\\\/wp-content\\\/uploads\\\/2026\\\/04\\\/sawe-maraton-record.webp\",\"contentUrl\":\"https:\\\/\\\/fmpatagoniamadryn.com.ar\\\/wp-content\\\/uploads\\\/2026\\\/04\\\/sawe-maraton-record.webp\",\"width\":862,\"height\":485},{\"@type\":\"BreadcrumbList\",\"@id\":\"https:\\\/\\\/fmpatagoniamadryn.com.ar\\\/?p=22313#breadcrumb\",\"itemListElement\":[{\"@type\":\"ListItem\",\"position\":1,\"name\":\"Portada\",\"item\":\"https:\\\/\\\/fmpatagoniamadryn.com.ar\\\/\"},{\"@type\":\"ListItem\",\"position\":2,\"name\":\"Hist\u00f3rico: Sabastian Sawe baj\u00f3 las dos horas y rompi\u00f3 el r\u00e9cord mundial de marat\u00f3n\"}]},{\"@type\":\"WebSite\",\"@id\":\"https:\\\/\\\/fmpatagoniamadryn.com.ar\\\/#website\",\"url\":\"https:\\\/\\\/fmpatagoniamadryn.com.ar\\\/\",\"name\":\"FM Patagonia Madryn\",\"description\":\"Radio Patagonia 105.5\",\"publisher\":{\"@id\":\"https:\\\/\\\/fmpatagoniamadryn.com.ar\\\/#organization\"},\"potentialAction\":[{\"@type\":\"SearchAction\",\"target\":{\"@type\":\"EntryPoint\",\"urlTemplate\":\"https:\\\/\\\/fmpatagoniamadryn.com.ar\\\/?s={search_term_string}\"},\"query-input\":{\"@type\":\"PropertyValueSpecification\",\"valueRequired\":true,\"valueName\":\"search_term_string\"}}],\"inLanguage\":\"es\"},{\"@type\":\"Organization\",\"@id\":\"https:\\\/\\\/fmpatagoniamadryn.com.ar\\\/#organization\",\"name\":\"FM Patagonia Madryn\",\"url\":\"https:\\\/\\\/fmpatagoniamadryn.com.ar\\\/\",\"logo\":{\"@type\":\"ImageObject\",\"inLanguage\":\"es\",\"@id\":\"https:\\\/\\\/fmpatagoniamadryn.com.ar\\\/#\\\/schema\\\/logo\\\/image\\\/\",\"url\":\"https:\\\/\\\/fmpatagoniamadryn.com.ar\\\/wp-content\\\/uploads\\\/2023\\\/01\\\/cropped-Diseno-sin-titulo.png\",\"contentUrl\":\"https:\\\/\\\/fmpatagoniamadryn.com.ar\\\/wp-content\\\/uploads\\\/2023\\\/01\\\/cropped-Diseno-sin-titulo.png\",\"width\":6911,\"height\":2657,\"caption\":\"FM Patagonia Madryn\"},\"image\":{\"@id\":\"https:\\\/\\\/fmpatagoniamadryn.com.ar\\\/#\\\/schema\\\/logo\\\/image\\\/\"}},{\"@type\":\"Person\",\"@id\":\"https:\\\/\\\/fmpatagoniamadryn.com.ar\\\/#\\\/schema\\\/person\\\/d1eaeab8ab628617785f4d9ef0e8d5d8\",\"name\":\"FM Patagonia\",\"url\":\"https:\\\/\\\/fmpatagoniamadryn.com.ar\\\/?author=5\"}]}<\/script>\n<!-- \/ Yoast SEO plugin. -->","yoast_head_json":{"title":"Hist\u00f3rico: Sabastian Sawe baj\u00f3 las dos horas y rompi\u00f3 el r\u00e9cord mundial de marat\u00f3n - FM Patagonia Madryn","robots":{"index":"index","follow":"follow","max-snippet":"max-snippet:-1","max-image-preview":"max-image-preview:large","max-video-preview":"max-video-preview:-1"},"canonical":"https:\/\/fmpatagoniamadryn.com.ar\/?p=22313","og_locale":"es_ES","og_type":"article","og_title":"Hist\u00f3rico: Sabastian Sawe baj\u00f3 las dos horas y rompi\u00f3 el r\u00e9cord mundial de marat\u00f3n - FM Patagonia Madryn","og_description":"El atleta keniano estableci\u00f3 una nueva marca hist\u00f3rica en Londres, con un tiempo de una hora, 59 minutos y 30 segundos.","og_url":"https:\/\/fmpatagoniamadryn.com.ar\/?p=22313","og_site_name":"FM Patagonia Madryn","article_published_time":"2026-04-26T19:00:00+00:00","og_image":[{"width":862,"height":485,"url":"https:\/\/fmpatagoniamadryn.com.ar\/wp-content\/uploads\/2026\/04\/sawe-maraton-record.webp","type":"image\/webp"}],"author":"FM Patagonia","twitter_card":"summary_large_image","twitter_misc":{"Escrito por":"FM Patagonia","Tiempo de lectura":"3 minutos"},"schema":{"@context":"https:\/\/schema.org","@graph":[{"@type":"Article","@id":"https:\/\/fmpatagoniamadryn.com.ar\/?p=22313#article","isPartOf":{"@id":"https:\/\/fmpatagoniamadryn.com.ar\/?p=22313"},"author":{"name":"FM Patagonia","@id":"https:\/\/fmpatagoniamadryn.com.ar\/#\/schema\/person\/d1eaeab8ab628617785f4d9ef0e8d5d8"},"headline":"Hist\u00f3rico: Sabastian Sawe baj\u00f3 las dos horas y rompi\u00f3 el r\u00e9cord mundial de marat\u00f3n","datePublished":"2026-04-26T19:00:00+00:00","mainEntityOfPage":{"@id":"https:\/\/fmpatagoniamadryn.com.ar\/?p=22313"},"wordCount":443,"publisher":{"@id":"https:\/\/fmpatagoniamadryn.com.ar\/#organization"},"image":{"@id":"https:\/\/fmpatagoniamadryn.com.ar\/?p=22313#primaryimage"},"thumbnailUrl":"https:\/\/fmpatagoniamadryn.com.ar\/wp-content\/uploads\/2026\/04\/sawe-maraton-record.webp","keywords":["Maratpon"],"articleSection":["Deportes"],"inLanguage":"es"},{"@type":"WebPage","@id":"https:\/\/fmpatagoniamadryn.com.ar\/?p=22313","url":"https:\/\/fmpatagoniamadryn.com.ar\/?p=22313","name":"Hist\u00f3rico: Sabastian Sawe baj\u00f3 las dos horas y rompi\u00f3 el r\u00e9cord mundial de marat\u00f3n - FM Patagonia Madryn","isPartOf":{"@id":"https:\/\/fmpatagoniamadryn.com.ar\/#website"},"primaryImageOfPage":{"@id":"https:\/\/fmpatagoniamadryn.com.ar\/?p=22313#primaryimage"},"image":{"@id":"https:\/\/fmpatagoniamadryn.com.ar\/?p=22313#primaryimage"},"thumbnailUrl":"https:\/\/fmpatagoniamadryn.com.ar\/wp-content\/uploads\/2026\/04\/sawe-maraton-record.webp","datePublished":"2026-04-26T19:00:00+00:00","breadcrumb":{"@id":"https:\/\/fmpatagoniamadryn.com.ar\/?p=22313#breadcrumb"},"inLanguage":"es","potentialAction":[{"@type":"ReadAction","target":["https:\/\/fmpatagoniamadryn.com.ar\/?p=22313"]}]},{"@type":"ImageObject","inLanguage":"es","@id":"https:\/\/fmpatagoniamadryn.com.ar\/?p=22313#primaryimage","url":"https:\/\/fmpatagoniamadryn.com.ar\/wp-content\/uploads\/2026\/04\/sawe-maraton-record.webp","contentUrl":"https:\/\/fmpatagoniamadryn.com.ar\/wp-content\/uploads\/2026\/04\/sawe-maraton-record.webp","width":862,"height":485},{"@type":"BreadcrumbList","@id":"https:\/\/fmpatagoniamadryn.com.ar\/?p=22313#breadcrumb","itemListElement":[{"@type":"ListItem","position":1,"name":"Portada","item":"https:\/\/fmpatagoniamadryn.com.ar\/"},{"@type":"ListItem","position":2,"name":"Hist\u00f3rico: Sabastian Sawe baj\u00f3 las dos horas y rompi\u00f3 el r\u00e9cord mundial de marat\u00f3n"}]},{"@type":"WebSite","@id":"https:\/\/fmpatagoniamadryn.com.ar\/#website","url":"https:\/\/fmpatagoniamadryn.com.ar\/","name":"FM Patagonia Madryn","description":"Radio Patagonia 105.5","publisher":{"@id":"https:\/\/fmpatagoniamadryn.com.ar\/#organization"},"potentialAction":[{"@type":"SearchAction","target":{"@type":"EntryPoint","urlTemplate":"https:\/\/fmpatagoniamadryn.com.ar\/?s={search_term_string}"},"query-input":{"@type":"PropertyValueSpecification","valueRequired":true,"valueName":"search_term_string"}}],"inLanguage":"es"},{"@type":"Organization","@id":"https:\/\/fmpatagoniamadryn.com.ar\/#organization","name":"FM Patagonia Madryn","url":"https:\/\/fmpatagoniamadryn.com.ar\/","logo":{"@type":"ImageObject","inLanguage":"es","@id":"https:\/\/fmpatagoniamadryn.com.ar\/#\/schema\/logo\/image\/","url":"https:\/\/fmpatagoniamadryn.com.ar\/wp-content\/uploads\/2023\/01\/cropped-Diseno-sin-titulo.png","contentUrl":"https:\/\/fmpatagoniamadryn.com.ar\/wp-content\/uploads\/2023\/01\/cropped-Diseno-sin-titulo.png","width":6911,"height":2657,"caption":"FM Patagonia Madryn"},"image":{"@id":"https:\/\/fmpatagoniamadryn.com.ar\/#\/schema\/logo\/image\/"}},{"@type":"Person","@id":"https:\/\/fmpatagoniamadryn.com.ar\/#\/schema\/person\/d1eaeab8ab628617785f4d9ef0e8d5d8","name":"FM Patagonia","url":"https:\/\/fmpatagoniamadryn.com.ar\/?author=5"}]}},"jetpack_featured_media_url":"https:\/\/fmpatagoniamadryn.com.ar\/wp-content\/uploads\/2026\/04\/sawe-maraton-record.webp","_links":{"self":[{"href":"https:\/\/fmpatagoniamadryn.com.ar\/index.php?rest_route=\/wp\/v2\/posts\/22313","targetHints":{"allow":["GET"]}}],"collection":[{"href":"https:\/\/fmpatagoniamadryn.com.ar\/index.php?rest_route=\/wp\/v2\/posts"}],"about":[{"href":"https:\/\/fmpatagoniamadryn.com.ar\/index.php?rest_route=\/wp\/v2\/types\/post"}],"author":[{"embeddable":true,"href":"https:\/\/fmpatagoniamadryn.com.ar\/index.php?rest_route=\/wp\/v2\/users\/5"}],"replies":[{"embeddable":true,"href":"https:\/\/fmpatagoniamadryn.com.ar\/index.php?rest_route=%2Fwp%2Fv2%2Fcomments&post=22313"}],"version-history":[{"count":1,"href":"https:\/\/fmpatagoniamadryn.com.ar\/index.php?rest_route=\/wp\/v2\/posts\/22313\/revisions"}],"predecessor-version":[{"id":22315,"href":"https:\/\/fmpatagoniamadryn.com.ar\/index.php?rest_route=\/wp\/v2\/posts\/22313\/revisions\/22315"}],"wp:featuredmedia":[{"embeddable":true,"href":"https:\/\/fmpatagoniamadryn.com.ar\/index.php?rest_route=\/wp\/v2\/media\/22314"}],"wp:attachment":[{"href":"https:\/\/fmpatagoniamadryn.com.ar\/index.php?rest_route=%2Fwp%2Fv2%2Fmedia&parent=22313"}],"wp:term":[{"taxonomy":"category","embeddable":true,"href":"https:\/\/fmpatagoniamadryn.com.ar\/index.php?rest_route=%2Fwp%2Fv2%2Fcategories&post=22313"},{"taxonomy":"post_tag","embeddable":true,"href":"https:\/\/fmpatagoniamadryn.com.ar\/index.php?rest_route=%2Fwp%2Fv2%2Ftags&post=22313"}],"curies":[{"name":"wp","href":"https:\/\/api.w.org\/{rel}","templated":true}]}}