{"id":22345,"date":"2026-04-28T10:00:00","date_gmt":"2026-04-28T13:00:00","guid":{"rendered":"https:\/\/fmpatagoniamadryn.com.ar\/?p=22345"},"modified":"2026-04-28T08:31:44","modified_gmt":"2026-04-28T11:31:44","slug":"anses-confirmo-el-pago-de-la-prestacion-por-desempleo-en-mayo-con-montos-actualizados","status":"publish","type":"post","link":"https:\/\/fmpatagoniamadryn.com.ar\/?p=22345","title":{"rendered":"Anses confirm\u00f3 el pago de la prestaci\u00f3n por desempleo en mayo con montos actualizados"},"content":{"rendered":"\n<p><\/p>\n\n\n\n<p>La Administraci\u00f3n Nacional de la Seguridad Social (ANSES) inform\u00f3 que en mayo de 2026 continuar\u00e1 el pago de la Prestaci\u00f3n por Desempleo, una asistencia econ\u00f3mica destinada a trabajadores que hayan sido despedidos sin causa. A partir de la actualizaci\u00f3n del Salario M\u00ednimo, Vital y M\u00f3vil (SMVM), el beneficio tendr\u00e1 un monto m\u00e1ximo de $363.000 y un m\u00ednimo de $181.500.<\/p>\n\n\n\n<p>Se trata de una ayuda fundamental para quienes perdieron su empleo formal, ya que permite contar con un ingreso mientras buscan una nueva oportunidad laboral. La cantidad de meses en los que se percibe esta prestaci\u00f3n depender\u00e1 de la antig\u00fcedad laboral y de la edad del solicitante.<\/p>\n\n\n\n<p><strong>Qui\u00e9nes pueden acceder<\/strong><\/p>\n\n\n\n<p>El beneficio est\u00e1 dirigido a trabajadores en relaci\u00f3n de dependencia que hayan sido desvinculados sin causa justificada. Tambi\u00e9n incluye a empleados eventuales y de temporada que cumplan con ciertos requisitos de aportes.<\/p>\n\n\n\n<p>En el caso de trabajadores permanentes, deber\u00e1n contar con al menos seis meses de aportes en los \u00faltimos tres a\u00f1os previos al despido o finalizaci\u00f3n del contrato.<\/p>\n\n\n\n<p>Por su parte, los trabajadores eventuales o de temporada deber\u00e1n acreditar menos de 12 meses de trabajo en los \u00faltimos tres a\u00f1os y, a su vez, haber trabajado m\u00e1s de 90 d\u00edas en el \u00faltimo a\u00f1o antes del cese laboral.<\/p>\n\n\n\n<p><strong>Cu\u00e1nto se cobra en mayo<\/strong><\/p>\n\n\n\n<p>Con la actualizaci\u00f3n del salario m\u00ednimo, los valores de la prestaci\u00f3n ser\u00e1n:<\/p>\n\n\n\n<ul class=\"wp-block-list\">\n<li>Monto m\u00ednimo: $181.500<\/li>\n\n\n\n<li>Monto m\u00e1ximo: $363.000<\/li>\n<\/ul>\n\n\n\n<p>El importe que percibe cada beneficiario se calcula en base al 75% del mejor sueldo mensual recibido durante los \u00faltimos seis meses trabajados, por lo que no todos acceden al monto m\u00e1ximo.<\/p>\n\n\n\n<p><strong>Duraci\u00f3n del beneficio<\/strong><\/p>\n\n\n\n<p>El tiempo de cobro var\u00eda seg\u00fan los aportes realizados:<\/p>\n\n\n\n<ul class=\"wp-block-list\">\n<li>Entre 2 y 12 meses para la mayor\u00eda de los casos<\/li>\n\n\n\n<li>Hasta 18 meses para personas mayores de 45 a\u00f1os<\/li>\n<\/ul>\n\n\n\n<p><strong>C\u00f3mo iniciar el tr\u00e1mite<\/strong><\/p>\n\n\n\n<p>La gesti\u00f3n debe realizarse dentro de los 90 d\u00edas h\u00e1biles posteriores al despido. En caso de exceder ese plazo, pueden descontarse d\u00edas de la prestaci\u00f3n.<\/p>\n\n\n\n<p>El tr\u00e1mite puede realizarse de dos maneras:<\/p>\n\n\n\n<ul class=\"wp-block-list\">\n<li><strong>Online:<\/strong> a trav\u00e9s de Mi ANSES, ingresando con CUIL y Clave de la Seguridad Social, mediante la opci\u00f3n Atenci\u00f3n Virtual.<\/li>\n\n\n\n<li><strong>Presencial:<\/strong> solicitando turno previo en una oficina del organismo.<\/li>\n<\/ul>\n\n\n\n<p><strong>Documentaci\u00f3n requerida<\/strong><\/p>\n\n\n\n<p>Para completar el tr\u00e1mite, es necesario presentar DNI y la documentaci\u00f3n que acredite la desvinculaci\u00f3n laboral, que puede incluir:<\/p>\n\n\n\n<ul class=\"wp-block-list\">\n<li>Telegrama de despido<\/li>\n\n\n\n<li>Carta documento<\/li>\n\n\n\n<li>Contrato vencido<\/li>\n\n\n\n<li>Sentencia de quiebra de la empresa<\/li>\n\n\n\n<li>Telegramas enviados por el trabajador por justa causa<\/li>\n\n\n\n<li>Acta de defunci\u00f3n del empleador<\/li>\n\n\n\n<li>Certificado m\u00e9dico, seg\u00fan corresponda<\/li>\n<\/ul>\n\n\n\n<p><\/p>\n","protected":false},"excerpt":{"rendered":"<p>ANSES actualizar\u00e1 en mayo la Prestaci\u00f3n por Desempleo con montos que van de $181.500 a $363.000.<\/p>\n","protected":false},"author":2,"featured_media":22089,"comment_status":"closed","ping_status":"closed","sticky":false,"template":"","format":"standard","meta":{"footnotes":""},"categories":[13],"tags":[],"class_list":["post-22345","post","type-post","status-publish","format-standard","has-post-thumbnail","hentry","category-nacionales"],"yoast_head":"<!-- This site is optimized with the Yoast SEO plugin v27.4 - https:\/\/yoast.com\/product\/yoast-seo-wordpress\/ -->\n<title>Anses confirm\u00f3 el pago de la prestaci\u00f3n por desempleo en mayo con montos actualizados - FM Patagonia Madryn<\/title>\n<meta name=\"robots\" content=\"index, follow, max-snippet:-1, max-image-preview:large, max-video-preview:-1\" \/>\n<link rel=\"canonical\" href=\"https:\/\/fmpatagoniamadryn.com.ar\/?p=22345\" \/>\n<meta property=\"og:locale\" content=\"es_ES\" \/>\n<meta property=\"og:type\" content=\"article\" \/>\n<meta property=\"og:title\" content=\"Anses confirm\u00f3 el pago de la prestaci\u00f3n por desempleo en mayo con montos actualizados - FM Patagonia Madryn\" \/>\n<meta property=\"og:description\" content=\"ANSES actualizar\u00e1 en mayo la Prestaci\u00f3n por Desempleo con montos que van de $181.500 a $363.000.\" \/>\n<meta property=\"og:url\" content=\"https:\/\/fmpatagoniamadryn.com.ar\/?p=22345\" \/>\n<meta property=\"og:site_name\" content=\"FM Patagonia Madryn\" \/>\n<meta property=\"article:published_time\" content=\"2026-04-28T13:00:00+00:00\" \/>\n<meta property=\"og:image\" content=\"https:\/\/fmpatagoniamadryn.com.ar\/wp-content\/uploads\/2026\/04\/ansesjpg.webp\" \/>\n\t<meta property=\"og:image:width\" content=\"730\" \/>\n\t<meta property=\"og:image:height\" content=\"410\" \/>\n\t<meta property=\"og:image:type\" content=\"image\/webp\" \/>\n<meta name=\"author\" content=\"FM Patagonia\" \/>\n<meta name=\"twitter:card\" content=\"summary_large_image\" \/>\n<meta name=\"twitter:label1\" content=\"Escrito por\" \/>\n\t<meta name=\"twitter:data1\" content=\"FM Patagonia\" \/>\n\t<meta name=\"twitter:label2\" content=\"Tiempo de lectura\" \/>\n\t<meta name=\"twitter:data2\" content=\"3 minutos\" \/>\n<script type=\"application\/ld+json\" class=\"yoast-schema-graph\">{\"@context\":\"https:\\\/\\\/schema.org\",\"@graph\":[{\"@type\":\"Article\",\"@id\":\"https:\\\/\\\/fmpatagoniamadryn.com.ar\\\/?p=22345#article\",\"isPartOf\":{\"@id\":\"https:\\\/\\\/fmpatagoniamadryn.com.ar\\\/?p=22345\"},\"author\":{\"name\":\"FM Patagonia\",\"@id\":\"https:\\\/\\\/fmpatagoniamadryn.com.ar\\\/#\\\/schema\\\/person\\\/8a3de4ad7efceacab06c1641c50303b7\"},\"headline\":\"Anses confirm\u00f3 el pago de la prestaci\u00f3n por desempleo en mayo con montos actualizados\",\"datePublished\":\"2026-04-28T13:00:00+00:00\",\"mainEntityOfPage\":{\"@id\":\"https:\\\/\\\/fmpatagoniamadryn.com.ar\\\/?p=22345\"},\"wordCount\":465,\"publisher\":{\"@id\":\"https:\\\/\\\/fmpatagoniamadryn.com.ar\\\/#organization\"},\"image\":{\"@id\":\"https:\\\/\\\/fmpatagoniamadryn.com.ar\\\/?p=22345#primaryimage\"},\"thumbnailUrl\":\"https:\\\/\\\/fmpatagoniamadryn.com.ar\\\/wp-content\\\/uploads\\\/2026\\\/04\\\/ansesjpg.webp\",\"articleSection\":[\"Nacionales\"],\"inLanguage\":\"es\"},{\"@type\":\"WebPage\",\"@id\":\"https:\\\/\\\/fmpatagoniamadryn.com.ar\\\/?p=22345\",\"url\":\"https:\\\/\\\/fmpatagoniamadryn.com.ar\\\/?p=22345\",\"name\":\"Anses confirm\u00f3 el pago de la prestaci\u00f3n por desempleo en mayo con montos actualizados - FM Patagonia Madryn\",\"isPartOf\":{\"@id\":\"https:\\\/\\\/fmpatagoniamadryn.com.ar\\\/#website\"},\"primaryImageOfPage\":{\"@id\":\"https:\\\/\\\/fmpatagoniamadryn.com.ar\\\/?p=22345#primaryimage\"},\"image\":{\"@id\":\"https:\\\/\\\/fmpatagoniamadryn.com.ar\\\/?p=22345#primaryimage\"},\"thumbnailUrl\":\"https:\\\/\\\/fmpatagoniamadryn.com.ar\\\/wp-content\\\/uploads\\\/2026\\\/04\\\/ansesjpg.webp\",\"datePublished\":\"2026-04-28T13:00:00+00:00\",\"breadcrumb\":{\"@id\":\"https:\\\/\\\/fmpatagoniamadryn.com.ar\\\/?p=22345#breadcrumb\"},\"inLanguage\":\"es\",\"potentialAction\":[{\"@type\":\"ReadAction\",\"target\":[\"https:\\\/\\\/fmpatagoniamadryn.com.ar\\\/?p=22345\"]}]},{\"@type\":\"ImageObject\",\"inLanguage\":\"es\",\"@id\":\"https:\\\/\\\/fmpatagoniamadryn.com.ar\\\/?p=22345#primaryimage\",\"url\":\"https:\\\/\\\/fmpatagoniamadryn.com.ar\\\/wp-content\\\/uploads\\\/2026\\\/04\\\/ansesjpg.webp\",\"contentUrl\":\"https:\\\/\\\/fmpatagoniamadryn.com.ar\\\/wp-content\\\/uploads\\\/2026\\\/04\\\/ansesjpg.webp\",\"width\":730,\"height\":410,\"caption\":\"ANSES 28\\\/04\\\/26\"},{\"@type\":\"BreadcrumbList\",\"@id\":\"https:\\\/\\\/fmpatagoniamadryn.com.ar\\\/?p=22345#breadcrumb\",\"itemListElement\":[{\"@type\":\"ListItem\",\"position\":1,\"name\":\"Portada\",\"item\":\"https:\\\/\\\/fmpatagoniamadryn.com.ar\\\/\"},{\"@type\":\"ListItem\",\"position\":2,\"name\":\"Anses confirm\u00f3 el pago de la prestaci\u00f3n por desempleo en mayo con montos actualizados\"}]},{\"@type\":\"WebSite\",\"@id\":\"https:\\\/\\\/fmpatagoniamadryn.com.ar\\\/#website\",\"url\":\"https:\\\/\\\/fmpatagoniamadryn.com.ar\\\/\",\"name\":\"FM Patagonia Madryn\",\"description\":\"Radio Patagonia 105.5\",\"publisher\":{\"@id\":\"https:\\\/\\\/fmpatagoniamadryn.com.ar\\\/#organization\"},\"potentialAction\":[{\"@type\":\"SearchAction\",\"target\":{\"@type\":\"EntryPoint\",\"urlTemplate\":\"https:\\\/\\\/fmpatagoniamadryn.com.ar\\\/?s={search_term_string}\"},\"query-input\":{\"@type\":\"PropertyValueSpecification\",\"valueRequired\":true,\"valueName\":\"search_term_string\"}}],\"inLanguage\":\"es\"},{\"@type\":\"Organization\",\"@id\":\"https:\\\/\\\/fmpatagoniamadryn.com.ar\\\/#organization\",\"name\":\"FM Patagonia Madryn\",\"url\":\"https:\\\/\\\/fmpatagoniamadryn.com.ar\\\/\",\"logo\":{\"@type\":\"ImageObject\",\"inLanguage\":\"es\",\"@id\":\"https:\\\/\\\/fmpatagoniamadryn.com.ar\\\/#\\\/schema\\\/logo\\\/image\\\/\",\"url\":\"https:\\\/\\\/fmpatagoniamadryn.com.ar\\\/wp-content\\\/uploads\\\/2023\\\/01\\\/cropped-Diseno-sin-titulo.png\",\"contentUrl\":\"https:\\\/\\\/fmpatagoniamadryn.com.ar\\\/wp-content\\\/uploads\\\/2023\\\/01\\\/cropped-Diseno-sin-titulo.png\",\"width\":6911,\"height\":2657,\"caption\":\"FM Patagonia Madryn\"},\"image\":{\"@id\":\"https:\\\/\\\/fmpatagoniamadryn.com.ar\\\/#\\\/schema\\\/logo\\\/image\\\/\"}},{\"@type\":\"Person\",\"@id\":\"https:\\\/\\\/fmpatagoniamadryn.com.ar\\\/#\\\/schema\\\/person\\\/8a3de4ad7efceacab06c1641c50303b7\",\"name\":\"FM Patagonia\",\"url\":\"https:\\\/\\\/fmpatagoniamadryn.com.ar\\\/?author=2\"}]}<\/script>\n<!-- \/ Yoast SEO plugin. -->","yoast_head_json":{"title":"Anses confirm\u00f3 el pago de la prestaci\u00f3n por desempleo en mayo con montos actualizados - FM Patagonia Madryn","robots":{"index":"index","follow":"follow","max-snippet":"max-snippet:-1","max-image-preview":"max-image-preview:large","max-video-preview":"max-video-preview:-1"},"canonical":"https:\/\/fmpatagoniamadryn.com.ar\/?p=22345","og_locale":"es_ES","og_type":"article","og_title":"Anses confirm\u00f3 el pago de la prestaci\u00f3n por desempleo en mayo con montos actualizados - FM Patagonia Madryn","og_description":"ANSES actualizar\u00e1 en mayo la Prestaci\u00f3n por Desempleo con montos que van de $181.500 a $363.000.","og_url":"https:\/\/fmpatagoniamadryn.com.ar\/?p=22345","og_site_name":"FM Patagonia Madryn","article_published_time":"2026-04-28T13:00:00+00:00","og_image":[{"width":730,"height":410,"url":"https:\/\/fmpatagoniamadryn.com.ar\/wp-content\/uploads\/2026\/04\/ansesjpg.webp","type":"image\/webp"}],"author":"FM Patagonia","twitter_card":"summary_large_image","twitter_misc":{"Escrito por":"FM Patagonia","Tiempo de lectura":"3 minutos"},"schema":{"@context":"https:\/\/schema.org","@graph":[{"@type":"Article","@id":"https:\/\/fmpatagoniamadryn.com.ar\/?p=22345#article","isPartOf":{"@id":"https:\/\/fmpatagoniamadryn.com.ar\/?p=22345"},"author":{"name":"FM Patagonia","@id":"https:\/\/fmpatagoniamadryn.com.ar\/#\/schema\/person\/8a3de4ad7efceacab06c1641c50303b7"},"headline":"Anses confirm\u00f3 el pago de la prestaci\u00f3n por desempleo en mayo con montos actualizados","datePublished":"2026-04-28T13:00:00+00:00","mainEntityOfPage":{"@id":"https:\/\/fmpatagoniamadryn.com.ar\/?p=22345"},"wordCount":465,"publisher":{"@id":"https:\/\/fmpatagoniamadryn.com.ar\/#organization"},"image":{"@id":"https:\/\/fmpatagoniamadryn.com.ar\/?p=22345#primaryimage"},"thumbnailUrl":"https:\/\/fmpatagoniamadryn.com.ar\/wp-content\/uploads\/2026\/04\/ansesjpg.webp","articleSection":["Nacionales"],"inLanguage":"es"},{"@type":"WebPage","@id":"https:\/\/fmpatagoniamadryn.com.ar\/?p=22345","url":"https:\/\/fmpatagoniamadryn.com.ar\/?p=22345","name":"Anses confirm\u00f3 el pago de la prestaci\u00f3n por desempleo en mayo con montos actualizados - FM Patagonia Madryn","isPartOf":{"@id":"https:\/\/fmpatagoniamadryn.com.ar\/#website"},"primaryImageOfPage":{"@id":"https:\/\/fmpatagoniamadryn.com.ar\/?p=22345#primaryimage"},"image":{"@id":"https:\/\/fmpatagoniamadryn.com.ar\/?p=22345#primaryimage"},"thumbnailUrl":"https:\/\/fmpatagoniamadryn.com.ar\/wp-content\/uploads\/2026\/04\/ansesjpg.webp","datePublished":"2026-04-28T13:00:00+00:00","breadcrumb":{"@id":"https:\/\/fmpatagoniamadryn.com.ar\/?p=22345#breadcrumb"},"inLanguage":"es","potentialAction":[{"@type":"ReadAction","target":["https:\/\/fmpatagoniamadryn.com.ar\/?p=22345"]}]},{"@type":"ImageObject","inLanguage":"es","@id":"https:\/\/fmpatagoniamadryn.com.ar\/?p=22345#primaryimage","url":"https:\/\/fmpatagoniamadryn.com.ar\/wp-content\/uploads\/2026\/04\/ansesjpg.webp","contentUrl":"https:\/\/fmpatagoniamadryn.com.ar\/wp-content\/uploads\/2026\/04\/ansesjpg.webp","width":730,"height":410,"caption":"ANSES 28\/04\/26"},{"@type":"BreadcrumbList","@id":"https:\/\/fmpatagoniamadryn.com.ar\/?p=22345#breadcrumb","itemListElement":[{"@type":"ListItem","position":1,"name":"Portada","item":"https:\/\/fmpatagoniamadryn.com.ar\/"},{"@type":"ListItem","position":2,"name":"Anses confirm\u00f3 el pago de la prestaci\u00f3n por desempleo en mayo con montos actualizados"}]},{"@type":"WebSite","@id":"https:\/\/fmpatagoniamadryn.com.ar\/#website","url":"https:\/\/fmpatagoniamadryn.com.ar\/","name":"FM Patagonia Madryn","description":"Radio Patagonia 105.5","publisher":{"@id":"https:\/\/fmpatagoniamadryn.com.ar\/#organization"},"potentialAction":[{"@type":"SearchAction","target":{"@type":"EntryPoint","urlTemplate":"https:\/\/fmpatagoniamadryn.com.ar\/?s={search_term_string}"},"query-input":{"@type":"PropertyValueSpecification","valueRequired":true,"valueName":"search_term_string"}}],"inLanguage":"es"},{"@type":"Organization","@id":"https:\/\/fmpatagoniamadryn.com.ar\/#organization","name":"FM Patagonia Madryn","url":"https:\/\/fmpatagoniamadryn.com.ar\/","logo":{"@type":"ImageObject","inLanguage":"es","@id":"https:\/\/fmpatagoniamadryn.com.ar\/#\/schema\/logo\/image\/","url":"https:\/\/fmpatagoniamadryn.com.ar\/wp-content\/uploads\/2023\/01\/cropped-Diseno-sin-titulo.png","contentUrl":"https:\/\/fmpatagoniamadryn.com.ar\/wp-content\/uploads\/2023\/01\/cropped-Diseno-sin-titulo.png","width":6911,"height":2657,"caption":"FM Patagonia Madryn"},"image":{"@id":"https:\/\/fmpatagoniamadryn.com.ar\/#\/schema\/logo\/image\/"}},{"@type":"Person","@id":"https:\/\/fmpatagoniamadryn.com.ar\/#\/schema\/person\/8a3de4ad7efceacab06c1641c50303b7","name":"FM Patagonia","url":"https:\/\/fmpatagoniamadryn.com.ar\/?author=2"}]}},"jetpack_featured_media_url":"https:\/\/fmpatagoniamadryn.com.ar\/wp-content\/uploads\/2026\/04\/ansesjpg.webp","_links":{"self":[{"href":"https:\/\/fmpatagoniamadryn.com.ar\/index.php?rest_route=\/wp\/v2\/posts\/22345","targetHints":{"allow":["GET"]}}],"collection":[{"href":"https:\/\/fmpatagoniamadryn.com.ar\/index.php?rest_route=\/wp\/v2\/posts"}],"about":[{"href":"https:\/\/fmpatagoniamadryn.com.ar\/index.php?rest_route=\/wp\/v2\/types\/post"}],"author":[{"embeddable":true,"href":"https:\/\/fmpatagoniamadryn.com.ar\/index.php?rest_route=\/wp\/v2\/users\/2"}],"replies":[{"embeddable":true,"href":"https:\/\/fmpatagoniamadryn.com.ar\/index.php?rest_route=%2Fwp%2Fv2%2Fcomments&post=22345"}],"version-history":[{"count":1,"href":"https:\/\/fmpatagoniamadryn.com.ar\/index.php?rest_route=\/wp\/v2\/posts\/22345\/revisions"}],"predecessor-version":[{"id":22346,"href":"https:\/\/fmpatagoniamadryn.com.ar\/index.php?rest_route=\/wp\/v2\/posts\/22345\/revisions\/22346"}],"wp:featuredmedia":[{"embeddable":true,"href":"https:\/\/fmpatagoniamadryn.com.ar\/index.php?rest_route=\/wp\/v2\/media\/22089"}],"wp:attachment":[{"href":"https:\/\/fmpatagoniamadryn.com.ar\/index.php?rest_route=%2Fwp%2Fv2%2Fmedia&parent=22345"}],"wp:term":[{"taxonomy":"category","embeddable":true,"href":"https:\/\/fmpatagoniamadryn.com.ar\/index.php?rest_route=%2Fwp%2Fv2%2Fcategories&post=22345"},{"taxonomy":"post_tag","embeddable":true,"href":"https:\/\/fmpatagoniamadryn.com.ar\/index.php?rest_route=%2Fwp%2Fv2%2Ftags&post=22345"}],"curies":[{"name":"wp","href":"https:\/\/api.w.org\/{rel}","templated":true}]}}