{"id":22376,"date":"2026-04-29T10:23:09","date_gmt":"2026-04-29T13:23:09","guid":{"rendered":"https:\/\/fmpatagoniamadryn.com.ar\/?p=22376"},"modified":"2026-04-29T10:23:10","modified_gmt":"2026-04-29T13:23:10","slug":"acto-por-el-dia-del-trabajador-en-puerto-madryn-con-homenaje-a-quique-dastolfo","status":"publish","type":"post","link":"https:\/\/fmpatagoniamadryn.com.ar\/?p=22376","title":{"rendered":"Acto por el d\u00eda del trabajador en Puerto Madryn con homenaje a Quique D\u00b4astolfo"},"content":{"rendered":"\n<h2 class=\"wp-block-heading\"><\/h2>\n\n\n\n<p>En el marco del D\u00eda del Trabajador, la CGT convoc\u00f3 a un acto que se realizar\u00e1 el pr\u00f3ximo 1 de mayo a las 10 horas en el monumento a los trabajadores, ubicado en la intersecci\u00f3n de avenida Roca e Hip\u00f3lito Yrigoyen, en Puerto Madryn.<\/p>\n\n\n\n<p>Seg\u00fan explic\u00f3 el referente sindical Armando Moyano, durante la jornada se llevar\u00e1 a cabo el descubrimiento de una placa en homenaje a Quique D\u00b4astolfo, hist\u00f3rico dirigente recientemente fallecido, adem\u00e1s de la lectura de un documento elaborado por la central obrera.<\/p>\n\n\n\n<p>\u201cNos vamos a concentrar a las 10 horas (\u2026) vamos a hacer el descubrimiento de una placa en recordatorio del compa\u00f1ero Quique D`astolfo\u201d, indic\u00f3 Moyano, quien adem\u00e1s invit\u00f3 a participar a trabajadores y trabajadoras de la ciudad.<\/p>\n\n\n\n<p>En cuanto al contexto actual, el dirigente sostuvo que la fecha encuentra al sector en una situaci\u00f3n compleja y remarc\u00f3: \u201cLos trabajadores y las trabajadoras no tenemos nada para festejar\u201d, se\u00f1alando que el acto tendr\u00e1 un fuerte contenido de reclamo.<\/p>\n\n\n\n<p>Asimismo, adelant\u00f3 que el documento que se leer\u00e1 durante la actividad ser\u00e1 \u201ccontundente contra el gobierno nacional y provincial\u201d, y reflejar\u00e1 el posicionamiento de la CGT frente a la coyuntura econ\u00f3mica.<\/p>\n\n\n\n<p>Moyano describi\u00f3 un escenario marcado por la p\u00e9rdida del poder adquisitivo, el aumento de los costos de vida y el crecimiento del endeudamiento de las familias. \u201cLa gente se ha endeudado (\u2026) para pagar la comida\u201d, afirm\u00f3, al tiempo que advirti\u00f3 que muchos trabajadores recurren a plataformas de cr\u00e9dito con \u201cintereses usureros\u201d.<\/p>\n\n\n\n<p>En ese sentido, plante\u00f3 la necesidad de \u201cliberar las paritarias, congelar tarifas y subsidiar el combustible\u201d como medidas para mejorar la situaci\u00f3n econ\u00f3mica de los trabajadores.<\/p>\n\n\n\n<p>Tambi\u00e9n hizo referencia al incremento del trabajo informal y la ca\u00edda del consumo, lo que \u2014seg\u00fan explic\u00f3\u2014 impacta directamente en los comercios. \u201cEl trabajador no tiene poder adquisitivo, el salario no alcanza\u201d, expres\u00f3.<\/p>\n\n\n\n<p>El dirigente sindical consider\u00f3 adem\u00e1s que el actual modelo econ\u00f3mico \u201cse parece mucho al del a\u00f1o 76, a los 90 y al modelo Macri\u201d, aunque advirti\u00f3 que \u201ceste es m\u00e1s violento por la forma en que se est\u00e1 aplicando\u201d.<\/p>\n\n\n\n<p>Finalmente, convoc\u00f3 a la comunidad a participar del acto y del homenaje, destacando la figura de Gastolfo como \u201cun gran compa\u00f1ero\u201d que dej\u00f3 un legado dentro del movimiento obrero<\/p>\n","protected":false},"excerpt":{"rendered":"<p>En el marco del D\u00eda del Trabajador, la CGT convoc\u00f3 a un acto que se realizar\u00e1 el pr\u00f3ximo 1 de mayo a las 10 horas en el monumento a los&hellip; <\/p>\n","protected":false},"author":2,"featured_media":22377,"comment_status":"closed","ping_status":"closed","sticky":false,"template":"","format":"standard","meta":{"footnotes":""},"categories":[15],"tags":[],"class_list":["post-22376","post","type-post","status-publish","format-standard","has-post-thumbnail","hentry","category-locales"],"yoast_head":"<!-- This site is optimized with the Yoast SEO plugin v27.4 - https:\/\/yoast.com\/product\/yoast-seo-wordpress\/ -->\n<title>Acto por el d\u00eda del trabajador en Puerto Madryn con homenaje a Quique D\u00b4astolfo - FM Patagonia Madryn<\/title>\n<meta name=\"robots\" content=\"index, follow, max-snippet:-1, max-image-preview:large, max-video-preview:-1\" \/>\n<link rel=\"canonical\" href=\"https:\/\/fmpatagoniamadryn.com.ar\/?p=22376\" \/>\n<meta property=\"og:locale\" content=\"es_ES\" \/>\n<meta property=\"og:type\" content=\"article\" \/>\n<meta property=\"og:title\" content=\"Acto por el d\u00eda del trabajador en Puerto Madryn con homenaje a Quique D\u00b4astolfo - FM Patagonia Madryn\" \/>\n<meta property=\"og:description\" content=\"En el marco del D\u00eda del Trabajador, la CGT convoc\u00f3 a un acto que se realizar\u00e1 el pr\u00f3ximo 1 de mayo a las 10 horas en el monumento a los&hellip;\" \/>\n<meta property=\"og:url\" content=\"https:\/\/fmpatagoniamadryn.com.ar\/?p=22376\" \/>\n<meta property=\"og:site_name\" content=\"FM Patagonia Madryn\" \/>\n<meta property=\"article:published_time\" content=\"2026-04-29T13:23:09+00:00\" \/>\n<meta property=\"article:modified_time\" content=\"2026-04-29T13:23:10+00:00\" \/>\n<meta property=\"og:image\" content=\"https:\/\/fmpatagoniamadryn.com.ar\/wp-content\/uploads\/2026\/04\/R-1.jpg\" \/>\n\t<meta property=\"og:image:width\" content=\"432\" \/>\n\t<meta property=\"og:image:height\" content=\"288\" \/>\n\t<meta property=\"og:image:type\" content=\"image\/jpeg\" \/>\n<meta name=\"author\" content=\"FM Patagonia\" \/>\n<meta name=\"twitter:card\" content=\"summary_large_image\" \/>\n<meta name=\"twitter:label1\" content=\"Escrito por\" \/>\n\t<meta name=\"twitter:data1\" content=\"FM Patagonia\" \/>\n\t<meta name=\"twitter:label2\" content=\"Tiempo de lectura\" \/>\n\t<meta name=\"twitter:data2\" content=\"2 minutos\" \/>\n<script type=\"application\/ld+json\" class=\"yoast-schema-graph\">{\"@context\":\"https:\\\/\\\/schema.org\",\"@graph\":[{\"@type\":\"Article\",\"@id\":\"https:\\\/\\\/fmpatagoniamadryn.com.ar\\\/?p=22376#article\",\"isPartOf\":{\"@id\":\"https:\\\/\\\/fmpatagoniamadryn.com.ar\\\/?p=22376\"},\"author\":{\"name\":\"FM Patagonia\",\"@id\":\"https:\\\/\\\/fmpatagoniamadryn.com.ar\\\/#\\\/schema\\\/person\\\/8a3de4ad7efceacab06c1641c50303b7\"},\"headline\":\"Acto por el d\u00eda del trabajador en Puerto Madryn con homenaje a Quique D\u00b4astolfo\",\"datePublished\":\"2026-04-29T13:23:09+00:00\",\"dateModified\":\"2026-04-29T13:23:10+00:00\",\"mainEntityOfPage\":{\"@id\":\"https:\\\/\\\/fmpatagoniamadryn.com.ar\\\/?p=22376\"},\"wordCount\":406,\"publisher\":{\"@id\":\"https:\\\/\\\/fmpatagoniamadryn.com.ar\\\/#organization\"},\"image\":{\"@id\":\"https:\\\/\\\/fmpatagoniamadryn.com.ar\\\/?p=22376#primaryimage\"},\"thumbnailUrl\":\"https:\\\/\\\/fmpatagoniamadryn.com.ar\\\/wp-content\\\/uploads\\\/2026\\\/04\\\/R-1.jpg\",\"articleSection\":[\"Locales\"],\"inLanguage\":\"es\"},{\"@type\":\"WebPage\",\"@id\":\"https:\\\/\\\/fmpatagoniamadryn.com.ar\\\/?p=22376\",\"url\":\"https:\\\/\\\/fmpatagoniamadryn.com.ar\\\/?p=22376\",\"name\":\"Acto por el d\u00eda del trabajador en Puerto Madryn con homenaje a Quique D\u00b4astolfo - FM Patagonia Madryn\",\"isPartOf\":{\"@id\":\"https:\\\/\\\/fmpatagoniamadryn.com.ar\\\/#website\"},\"primaryImageOfPage\":{\"@id\":\"https:\\\/\\\/fmpatagoniamadryn.com.ar\\\/?p=22376#primaryimage\"},\"image\":{\"@id\":\"https:\\\/\\\/fmpatagoniamadryn.com.ar\\\/?p=22376#primaryimage\"},\"thumbnailUrl\":\"https:\\\/\\\/fmpatagoniamadryn.com.ar\\\/wp-content\\\/uploads\\\/2026\\\/04\\\/R-1.jpg\",\"datePublished\":\"2026-04-29T13:23:09+00:00\",\"dateModified\":\"2026-04-29T13:23:10+00:00\",\"breadcrumb\":{\"@id\":\"https:\\\/\\\/fmpatagoniamadryn.com.ar\\\/?p=22376#breadcrumb\"},\"inLanguage\":\"es\",\"potentialAction\":[{\"@type\":\"ReadAction\",\"target\":[\"https:\\\/\\\/fmpatagoniamadryn.com.ar\\\/?p=22376\"]}]},{\"@type\":\"ImageObject\",\"inLanguage\":\"es\",\"@id\":\"https:\\\/\\\/fmpatagoniamadryn.com.ar\\\/?p=22376#primaryimage\",\"url\":\"https:\\\/\\\/fmpatagoniamadryn.com.ar\\\/wp-content\\\/uploads\\\/2026\\\/04\\\/R-1.jpg\",\"contentUrl\":\"https:\\\/\\\/fmpatagoniamadryn.com.ar\\\/wp-content\\\/uploads\\\/2026\\\/04\\\/R-1.jpg\",\"width\":432,\"height\":288,\"caption\":\"*\"},{\"@type\":\"BreadcrumbList\",\"@id\":\"https:\\\/\\\/fmpatagoniamadryn.com.ar\\\/?p=22376#breadcrumb\",\"itemListElement\":[{\"@type\":\"ListItem\",\"position\":1,\"name\":\"Portada\",\"item\":\"https:\\\/\\\/fmpatagoniamadryn.com.ar\\\/\"},{\"@type\":\"ListItem\",\"position\":2,\"name\":\"Acto por el d\u00eda del trabajador en Puerto Madryn con homenaje a Quique D\u00b4astolfo\"}]},{\"@type\":\"WebSite\",\"@id\":\"https:\\\/\\\/fmpatagoniamadryn.com.ar\\\/#website\",\"url\":\"https:\\\/\\\/fmpatagoniamadryn.com.ar\\\/\",\"name\":\"FM Patagonia Madryn\",\"description\":\"Radio Patagonia 105.5\",\"publisher\":{\"@id\":\"https:\\\/\\\/fmpatagoniamadryn.com.ar\\\/#organization\"},\"potentialAction\":[{\"@type\":\"SearchAction\",\"target\":{\"@type\":\"EntryPoint\",\"urlTemplate\":\"https:\\\/\\\/fmpatagoniamadryn.com.ar\\\/?s={search_term_string}\"},\"query-input\":{\"@type\":\"PropertyValueSpecification\",\"valueRequired\":true,\"valueName\":\"search_term_string\"}}],\"inLanguage\":\"es\"},{\"@type\":\"Organization\",\"@id\":\"https:\\\/\\\/fmpatagoniamadryn.com.ar\\\/#organization\",\"name\":\"FM Patagonia Madryn\",\"url\":\"https:\\\/\\\/fmpatagoniamadryn.com.ar\\\/\",\"logo\":{\"@type\":\"ImageObject\",\"inLanguage\":\"es\",\"@id\":\"https:\\\/\\\/fmpatagoniamadryn.com.ar\\\/#\\\/schema\\\/logo\\\/image\\\/\",\"url\":\"https:\\\/\\\/fmpatagoniamadryn.com.ar\\\/wp-content\\\/uploads\\\/2023\\\/01\\\/cropped-Diseno-sin-titulo.png\",\"contentUrl\":\"https:\\\/\\\/fmpatagoniamadryn.com.ar\\\/wp-content\\\/uploads\\\/2023\\\/01\\\/cropped-Diseno-sin-titulo.png\",\"width\":6911,\"height\":2657,\"caption\":\"FM Patagonia Madryn\"},\"image\":{\"@id\":\"https:\\\/\\\/fmpatagoniamadryn.com.ar\\\/#\\\/schema\\\/logo\\\/image\\\/\"}},{\"@type\":\"Person\",\"@id\":\"https:\\\/\\\/fmpatagoniamadryn.com.ar\\\/#\\\/schema\\\/person\\\/8a3de4ad7efceacab06c1641c50303b7\",\"name\":\"FM Patagonia\",\"url\":\"https:\\\/\\\/fmpatagoniamadryn.com.ar\\\/?author=2\"}]}<\/script>\n<!-- \/ Yoast SEO plugin. -->","yoast_head_json":{"title":"Acto por el d\u00eda del trabajador en Puerto Madryn con homenaje a Quique D\u00b4astolfo - FM Patagonia Madryn","robots":{"index":"index","follow":"follow","max-snippet":"max-snippet:-1","max-image-preview":"max-image-preview:large","max-video-preview":"max-video-preview:-1"},"canonical":"https:\/\/fmpatagoniamadryn.com.ar\/?p=22376","og_locale":"es_ES","og_type":"article","og_title":"Acto por el d\u00eda del trabajador en Puerto Madryn con homenaje a Quique D\u00b4astolfo - FM Patagonia Madryn","og_description":"En el marco del D\u00eda del Trabajador, la CGT convoc\u00f3 a un acto que se realizar\u00e1 el pr\u00f3ximo 1 de mayo a las 10 horas en el monumento a los&hellip;","og_url":"https:\/\/fmpatagoniamadryn.com.ar\/?p=22376","og_site_name":"FM Patagonia Madryn","article_published_time":"2026-04-29T13:23:09+00:00","article_modified_time":"2026-04-29T13:23:10+00:00","og_image":[{"width":432,"height":288,"url":"https:\/\/fmpatagoniamadryn.com.ar\/wp-content\/uploads\/2026\/04\/R-1.jpg","type":"image\/jpeg"}],"author":"FM Patagonia","twitter_card":"summary_large_image","twitter_misc":{"Escrito por":"FM Patagonia","Tiempo de lectura":"2 minutos"},"schema":{"@context":"https:\/\/schema.org","@graph":[{"@type":"Article","@id":"https:\/\/fmpatagoniamadryn.com.ar\/?p=22376#article","isPartOf":{"@id":"https:\/\/fmpatagoniamadryn.com.ar\/?p=22376"},"author":{"name":"FM Patagonia","@id":"https:\/\/fmpatagoniamadryn.com.ar\/#\/schema\/person\/8a3de4ad7efceacab06c1641c50303b7"},"headline":"Acto por el d\u00eda del trabajador en Puerto Madryn con homenaje a Quique D\u00b4astolfo","datePublished":"2026-04-29T13:23:09+00:00","dateModified":"2026-04-29T13:23:10+00:00","mainEntityOfPage":{"@id":"https:\/\/fmpatagoniamadryn.com.ar\/?p=22376"},"wordCount":406,"publisher":{"@id":"https:\/\/fmpatagoniamadryn.com.ar\/#organization"},"image":{"@id":"https:\/\/fmpatagoniamadryn.com.ar\/?p=22376#primaryimage"},"thumbnailUrl":"https:\/\/fmpatagoniamadryn.com.ar\/wp-content\/uploads\/2026\/04\/R-1.jpg","articleSection":["Locales"],"inLanguage":"es"},{"@type":"WebPage","@id":"https:\/\/fmpatagoniamadryn.com.ar\/?p=22376","url":"https:\/\/fmpatagoniamadryn.com.ar\/?p=22376","name":"Acto por el d\u00eda del trabajador en Puerto Madryn con homenaje a Quique D\u00b4astolfo - FM Patagonia Madryn","isPartOf":{"@id":"https:\/\/fmpatagoniamadryn.com.ar\/#website"},"primaryImageOfPage":{"@id":"https:\/\/fmpatagoniamadryn.com.ar\/?p=22376#primaryimage"},"image":{"@id":"https:\/\/fmpatagoniamadryn.com.ar\/?p=22376#primaryimage"},"thumbnailUrl":"https:\/\/fmpatagoniamadryn.com.ar\/wp-content\/uploads\/2026\/04\/R-1.jpg","datePublished":"2026-04-29T13:23:09+00:00","dateModified":"2026-04-29T13:23:10+00:00","breadcrumb":{"@id":"https:\/\/fmpatagoniamadryn.com.ar\/?p=22376#breadcrumb"},"inLanguage":"es","potentialAction":[{"@type":"ReadAction","target":["https:\/\/fmpatagoniamadryn.com.ar\/?p=22376"]}]},{"@type":"ImageObject","inLanguage":"es","@id":"https:\/\/fmpatagoniamadryn.com.ar\/?p=22376#primaryimage","url":"https:\/\/fmpatagoniamadryn.com.ar\/wp-content\/uploads\/2026\/04\/R-1.jpg","contentUrl":"https:\/\/fmpatagoniamadryn.com.ar\/wp-content\/uploads\/2026\/04\/R-1.jpg","width":432,"height":288,"caption":"*"},{"@type":"BreadcrumbList","@id":"https:\/\/fmpatagoniamadryn.com.ar\/?p=22376#breadcrumb","itemListElement":[{"@type":"ListItem","position":1,"name":"Portada","item":"https:\/\/fmpatagoniamadryn.com.ar\/"},{"@type":"ListItem","position":2,"name":"Acto por el d\u00eda del trabajador en Puerto Madryn con homenaje a Quique D\u00b4astolfo"}]},{"@type":"WebSite","@id":"https:\/\/fmpatagoniamadryn.com.ar\/#website","url":"https:\/\/fmpatagoniamadryn.com.ar\/","name":"FM Patagonia Madryn","description":"Radio Patagonia 105.5","publisher":{"@id":"https:\/\/fmpatagoniamadryn.com.ar\/#organization"},"potentialAction":[{"@type":"SearchAction","target":{"@type":"EntryPoint","urlTemplate":"https:\/\/fmpatagoniamadryn.com.ar\/?s={search_term_string}"},"query-input":{"@type":"PropertyValueSpecification","valueRequired":true,"valueName":"search_term_string"}}],"inLanguage":"es"},{"@type":"Organization","@id":"https:\/\/fmpatagoniamadryn.com.ar\/#organization","name":"FM Patagonia Madryn","url":"https:\/\/fmpatagoniamadryn.com.ar\/","logo":{"@type":"ImageObject","inLanguage":"es","@id":"https:\/\/fmpatagoniamadryn.com.ar\/#\/schema\/logo\/image\/","url":"https:\/\/fmpatagoniamadryn.com.ar\/wp-content\/uploads\/2023\/01\/cropped-Diseno-sin-titulo.png","contentUrl":"https:\/\/fmpatagoniamadryn.com.ar\/wp-content\/uploads\/2023\/01\/cropped-Diseno-sin-titulo.png","width":6911,"height":2657,"caption":"FM Patagonia Madryn"},"image":{"@id":"https:\/\/fmpatagoniamadryn.com.ar\/#\/schema\/logo\/image\/"}},{"@type":"Person","@id":"https:\/\/fmpatagoniamadryn.com.ar\/#\/schema\/person\/8a3de4ad7efceacab06c1641c50303b7","name":"FM Patagonia","url":"https:\/\/fmpatagoniamadryn.com.ar\/?author=2"}]}},"jetpack_featured_media_url":"https:\/\/fmpatagoniamadryn.com.ar\/wp-content\/uploads\/2026\/04\/R-1.jpg","_links":{"self":[{"href":"https:\/\/fmpatagoniamadryn.com.ar\/index.php?rest_route=\/wp\/v2\/posts\/22376","targetHints":{"allow":["GET"]}}],"collection":[{"href":"https:\/\/fmpatagoniamadryn.com.ar\/index.php?rest_route=\/wp\/v2\/posts"}],"about":[{"href":"https:\/\/fmpatagoniamadryn.com.ar\/index.php?rest_route=\/wp\/v2\/types\/post"}],"author":[{"embeddable":true,"href":"https:\/\/fmpatagoniamadryn.com.ar\/index.php?rest_route=\/wp\/v2\/users\/2"}],"replies":[{"embeddable":true,"href":"https:\/\/fmpatagoniamadryn.com.ar\/index.php?rest_route=%2Fwp%2Fv2%2Fcomments&post=22376"}],"version-history":[{"count":1,"href":"https:\/\/fmpatagoniamadryn.com.ar\/index.php?rest_route=\/wp\/v2\/posts\/22376\/revisions"}],"predecessor-version":[{"id":22378,"href":"https:\/\/fmpatagoniamadryn.com.ar\/index.php?rest_route=\/wp\/v2\/posts\/22376\/revisions\/22378"}],"wp:featuredmedia":[{"embeddable":true,"href":"https:\/\/fmpatagoniamadryn.com.ar\/index.php?rest_route=\/wp\/v2\/media\/22377"}],"wp:attachment":[{"href":"https:\/\/fmpatagoniamadryn.com.ar\/index.php?rest_route=%2Fwp%2Fv2%2Fmedia&parent=22376"}],"wp:term":[{"taxonomy":"category","embeddable":true,"href":"https:\/\/fmpatagoniamadryn.com.ar\/index.php?rest_route=%2Fwp%2Fv2%2Fcategories&post=22376"},{"taxonomy":"post_tag","embeddable":true,"href":"https:\/\/fmpatagoniamadryn.com.ar\/index.php?rest_route=%2Fwp%2Fv2%2Ftags&post=22376"}],"curies":[{"name":"wp","href":"https:\/\/api.w.org\/{rel}","templated":true}]}}