{"id":22402,"date":"2026-04-30T19:27:47","date_gmt":"2026-04-30T22:27:47","guid":{"rendered":"https:\/\/fmpatagoniamadryn.com.ar\/?p=22402"},"modified":"2026-04-30T19:27:47","modified_gmt":"2026-04-30T22:27:47","slug":"con-eje-en-el-turismo-receptivo-provincia-avanza-junto-a-las-camaras-de-turismo-y-comercio-en-una-estrategia-integral-para-la-hoya","status":"publish","type":"post","link":"https:\/\/fmpatagoniamadryn.com.ar\/?p=22402","title":{"rendered":"Con eje en el turismo receptivo, Provincia avanza junto a las c\u00e1maras de Turismo y Comercio en una estrategia integral para La Hoya"},"content":{"rendered":"\n<p><\/p>\n\n\n\n<p><em>La iniciativa re\u00fane a actores del sector p\u00fablico y privado con el objetivo de coordinar decisiones estrat\u00e9gicas para fortalecer el complejo, mejorar la experiencia tur\u00edstica y potenciar el desarrollo econ\u00f3mico de la regi\u00f3n.<\/em><\/p>\n\n\n\n<p>El gobernador del Chubut, Ignacio \u201cNacho\u201d Torres, anunci\u00f3 la creaci\u00f3n de la Mesa de Trabajo Interinstitucional del Centro de Actividades de Monta\u00f1a La Hoya (CAM La Hoya), en el marco de las pol\u00edticas impulsadas por la Provincia para fortalecer la actividad tur\u00edstica en la regi\u00f3n cordillerana.<\/p>\n\n\n\n<p>La medida fue comunicada durante una reuni\u00f3n virtual encabezada por el mandatario, de la cual participaron el ministro de Turismo y \u00c1reas Protegidas, Diego Lapenna; el intendente de Esquel, Mat\u00edas Taccetta; la presidenta de la C\u00e1mara de Turismo del Chubut, Griselda Boyraz; el presidente de la C\u00e1mara de Turismo de Esquel, C\u00e9sar Carri; adem\u00e1s de representantes de la C\u00e1mara de Comercio del Oeste del Chubut (CAMOCH), entre ellos Claudio Selva, Claudio Miguens, Carlos Scaglioni y Dami\u00e1n Villanueva.<\/p>\n\n\n\n<p>La Mesa de Trabajo tendr\u00e1 como principales objetivos promover la articulaci\u00f3n p\u00fablico-privada en el desarrollo integral del CAM La Hoya; generar instancias de di\u00e1logo institucional permanente entre los distintos actores vinculados al complejo; y elaborar propuestas orientadas a mejorar la infraestructura, los servicios, la comercializaci\u00f3n, la operatividad, la accesibilidad y la calidad tur\u00edstica.<\/p>\n\n\n\n<p><em>Turismo receptivo y planificaci\u00f3n estrat\u00e9gica<\/em><\/p>\n\n\n\n<p>Al respecto, Torres asegur\u00f3 que el objetivo es \u201caunar esfuerzos entre todas las partes para garantizar una buena temporada\u201d, y se\u00f1al\u00f3 que, si bien la actual concesionaria \u201cmanifest\u00f3 voluntad de avanzar en la regularizaci\u00f3n de los incumplimientos, es importante tomar decisiones estrat\u00e9gicas que mejoren el funcionamiento de La Hoya y se traduzcan en una mejor experiencia para el turista y en m\u00e1s desarrollo para la regi\u00f3n\u201d.<\/p>\n\n\n\n<p>En ese sentido, el titular del Ejecutivo anticip\u00f3 que \u201ca partir del trabajo conjunto entre los actores que integran esta Mesa, vamos a definir una estrategia com\u00fan, tanto en lo fiscal como en lo vinculado al rol del Municipio, teniendo en claro que la autoridad de aplicaci\u00f3n es la Provincia\u201d.<\/p>\n\n\n\n<p>\u201cEl objetivo es que La Hoya est\u00e9 donde tiene que estar, consolidando un destino cada vez m\u00e1s atractivo para quienes eligen venir a esquiar, y fortaleciendo el turismo receptivo, que es uno de los ejes centrales de nuestra econom\u00eda\u201d, concluy\u00f3.<\/p>\n\n\n\n<p><em>\u00c1mbito de articulaci\u00f3n institucional<\/em><\/p>\n\n\n\n<p>El Decreto en cuesti\u00f3n, establece la creaci\u00f3n de este espacio \u201ccomo \u00e1mbito institucional de di\u00e1logo, articulaci\u00f3n, consulta, cooperaci\u00f3n y formulaci\u00f3n de propuestas vinculadas al desarrollo tur\u00edstico, comercial, deportivo e institucional del complejo\u201d.<\/p>\n\n\n\n<p>La Mesa funcionar\u00e1 bajo la \u00f3rbita del Ministerio de Turismo y \u00c1reas Protegidas de la Provincia, con sede en la Delegaci\u00f3n Regional Esquel, y estar\u00e1 integrada por representantes ad honorem.<\/p>\n\n\n\n<p>Participar\u00e1n el Ministerio de Turismo y \u00c1reas Protegidas; la Subsecretar\u00eda de Turismo; el Municipio de Esquel; la C\u00e1mara de Turismo del Chubut; la C\u00e1mara de Turismo de Esquel; la C\u00e1mara de Comercio del Oeste del Chubut (CAMOCH); la Asociaci\u00f3n Empresaria Hotelera Gastron\u00f3mica de la Comarca Los Alerces (FEHGRA); clubes de esqu\u00ed de la ciudad; y un representante del concesionario del CAM La Hoya.<\/p>\n\n\n\n<p>Los organismos deber\u00e1n designar un titular y un suplente mediante acto formal. La Mesa tendr\u00e1 car\u00e1cter consultivo y asesor, pudiendo formular propuestas, sin facultades ejecutivas ni incidencia sobre la relaci\u00f3n contractual vigente.<\/p>\n\n\n\n<p>Entre sus objetivos se destacan el fortalecimiento del destino tur\u00edstico cordillerano y su integraci\u00f3n con la oferta regional, as\u00ed como el acompa\u00f1amiento de procesos de planificaci\u00f3n estrat\u00e9gica vinculados al desarrollo sustentable del complejo.<\/p>\n","protected":false},"excerpt":{"rendered":"<p>La iniciativa re\u00fane a actores del sector p\u00fablico y privado con el objetivo de coordinar decisiones estrat\u00e9gicas para fortalecer el complejo, mejorar la experiencia tur\u00edstica y potenciar el desarrollo econ\u00f3mico&hellip; <\/p>\n","protected":false},"author":2,"featured_media":22401,"comment_status":"closed","ping_status":"closed","sticky":false,"template":"","format":"standard","meta":{"footnotes":""},"categories":[14],"tags":[],"class_list":["post-22402","post","type-post","status-publish","format-standard","has-post-thumbnail","hentry","category-provinciales"],"yoast_head":"<!-- This site is optimized with the Yoast SEO plugin v27.5 - https:\/\/yoast.com\/product\/yoast-seo-wordpress\/ -->\n<title>Con eje en el turismo receptivo, Provincia avanza junto a las c\u00e1maras de Turismo y Comercio en una estrategia integral para La Hoya - FM Patagonia Madryn<\/title>\n<meta name=\"robots\" content=\"index, follow, max-snippet:-1, max-image-preview:large, max-video-preview:-1\" \/>\n<link rel=\"canonical\" href=\"https:\/\/fmpatagoniamadryn.com.ar\/?p=22402\" \/>\n<meta property=\"og:locale\" content=\"es_ES\" \/>\n<meta property=\"og:type\" content=\"article\" \/>\n<meta property=\"og:title\" content=\"Con eje en el turismo receptivo, Provincia avanza junto a las c\u00e1maras de Turismo y Comercio en una estrategia integral para La Hoya - FM Patagonia Madryn\" \/>\n<meta property=\"og:description\" content=\"La iniciativa re\u00fane a actores del sector p\u00fablico y privado con el objetivo de coordinar decisiones estrat\u00e9gicas para fortalecer el complejo, mejorar la experiencia tur\u00edstica y potenciar el desarrollo econ\u00f3mico&hellip;\" \/>\n<meta property=\"og:url\" content=\"https:\/\/fmpatagoniamadryn.com.ar\/?p=22402\" \/>\n<meta property=\"og:site_name\" content=\"FM Patagonia Madryn\" \/>\n<meta property=\"article:published_time\" content=\"2026-04-30T22:27:47+00:00\" \/>\n<meta property=\"og:image\" content=\"https:\/\/fmpatagoniamadryn.com.ar\/wp-content\/uploads\/2026\/04\/df5cf744-9f6d-4bb5-a8fb-651a97d46494.jpg\" \/>\n\t<meta property=\"og:image:width\" content=\"1280\" \/>\n\t<meta property=\"og:image:height\" content=\"852\" \/>\n\t<meta property=\"og:image:type\" content=\"image\/jpeg\" \/>\n<meta name=\"author\" content=\"FM Patagonia\" \/>\n<meta name=\"twitter:card\" content=\"summary_large_image\" \/>\n<meta name=\"twitter:label1\" content=\"Escrito por\" \/>\n\t<meta name=\"twitter:data1\" content=\"FM Patagonia\" \/>\n\t<meta name=\"twitter:label2\" content=\"Tiempo de lectura\" \/>\n\t<meta name=\"twitter:data2\" content=\"3 minutos\" \/>\n<script type=\"application\/ld+json\" class=\"yoast-schema-graph\">{\"@context\":\"https:\\\/\\\/schema.org\",\"@graph\":[{\"@type\":\"Article\",\"@id\":\"https:\\\/\\\/fmpatagoniamadryn.com.ar\\\/?p=22402#article\",\"isPartOf\":{\"@id\":\"https:\\\/\\\/fmpatagoniamadryn.com.ar\\\/?p=22402\"},\"author\":{\"name\":\"FM Patagonia\",\"@id\":\"https:\\\/\\\/fmpatagoniamadryn.com.ar\\\/#\\\/schema\\\/person\\\/8a3de4ad7efceacab06c1641c50303b7\"},\"headline\":\"Con eje en el turismo receptivo, Provincia avanza junto a las c\u00e1maras de Turismo y Comercio en una estrategia integral para La Hoya\",\"datePublished\":\"2026-04-30T22:27:47+00:00\",\"mainEntityOfPage\":{\"@id\":\"https:\\\/\\\/fmpatagoniamadryn.com.ar\\\/?p=22402\"},\"wordCount\":647,\"publisher\":{\"@id\":\"https:\\\/\\\/fmpatagoniamadryn.com.ar\\\/#organization\"},\"image\":{\"@id\":\"https:\\\/\\\/fmpatagoniamadryn.com.ar\\\/?p=22402#primaryimage\"},\"thumbnailUrl\":\"https:\\\/\\\/fmpatagoniamadryn.com.ar\\\/wp-content\\\/uploads\\\/2026\\\/04\\\/df5cf744-9f6d-4bb5-a8fb-651a97d46494.jpg\",\"articleSection\":[\"Provinciales\"],\"inLanguage\":\"es\"},{\"@type\":\"WebPage\",\"@id\":\"https:\\\/\\\/fmpatagoniamadryn.com.ar\\\/?p=22402\",\"url\":\"https:\\\/\\\/fmpatagoniamadryn.com.ar\\\/?p=22402\",\"name\":\"Con eje en el turismo receptivo, Provincia avanza junto a las c\u00e1maras de Turismo y Comercio en una estrategia integral para La Hoya - FM Patagonia Madryn\",\"isPartOf\":{\"@id\":\"https:\\\/\\\/fmpatagoniamadryn.com.ar\\\/#website\"},\"primaryImageOfPage\":{\"@id\":\"https:\\\/\\\/fmpatagoniamadryn.com.ar\\\/?p=22402#primaryimage\"},\"image\":{\"@id\":\"https:\\\/\\\/fmpatagoniamadryn.com.ar\\\/?p=22402#primaryimage\"},\"thumbnailUrl\":\"https:\\\/\\\/fmpatagoniamadryn.com.ar\\\/wp-content\\\/uploads\\\/2026\\\/04\\\/df5cf744-9f6d-4bb5-a8fb-651a97d46494.jpg\",\"datePublished\":\"2026-04-30T22:27:47+00:00\",\"breadcrumb\":{\"@id\":\"https:\\\/\\\/fmpatagoniamadryn.com.ar\\\/?p=22402#breadcrumb\"},\"inLanguage\":\"es\",\"potentialAction\":[{\"@type\":\"ReadAction\",\"target\":[\"https:\\\/\\\/fmpatagoniamadryn.com.ar\\\/?p=22402\"]}]},{\"@type\":\"ImageObject\",\"inLanguage\":\"es\",\"@id\":\"https:\\\/\\\/fmpatagoniamadryn.com.ar\\\/?p=22402#primaryimage\",\"url\":\"https:\\\/\\\/fmpatagoniamadryn.com.ar\\\/wp-content\\\/uploads\\\/2026\\\/04\\\/df5cf744-9f6d-4bb5-a8fb-651a97d46494.jpg\",\"contentUrl\":\"https:\\\/\\\/fmpatagoniamadryn.com.ar\\\/wp-content\\\/uploads\\\/2026\\\/04\\\/df5cf744-9f6d-4bb5-a8fb-651a97d46494.jpg\",\"width\":1280,\"height\":852},{\"@type\":\"BreadcrumbList\",\"@id\":\"https:\\\/\\\/fmpatagoniamadryn.com.ar\\\/?p=22402#breadcrumb\",\"itemListElement\":[{\"@type\":\"ListItem\",\"position\":1,\"name\":\"Portada\",\"item\":\"https:\\\/\\\/fmpatagoniamadryn.com.ar\\\/\"},{\"@type\":\"ListItem\",\"position\":2,\"name\":\"Con eje en el turismo receptivo, Provincia avanza junto a las c\u00e1maras de Turismo y Comercio en una estrategia integral para La Hoya\"}]},{\"@type\":\"WebSite\",\"@id\":\"https:\\\/\\\/fmpatagoniamadryn.com.ar\\\/#website\",\"url\":\"https:\\\/\\\/fmpatagoniamadryn.com.ar\\\/\",\"name\":\"FM Patagonia Madryn\",\"description\":\"Radio Patagonia 105.5\",\"publisher\":{\"@id\":\"https:\\\/\\\/fmpatagoniamadryn.com.ar\\\/#organization\"},\"potentialAction\":[{\"@type\":\"SearchAction\",\"target\":{\"@type\":\"EntryPoint\",\"urlTemplate\":\"https:\\\/\\\/fmpatagoniamadryn.com.ar\\\/?s={search_term_string}\"},\"query-input\":{\"@type\":\"PropertyValueSpecification\",\"valueRequired\":true,\"valueName\":\"search_term_string\"}}],\"inLanguage\":\"es\"},{\"@type\":\"Organization\",\"@id\":\"https:\\\/\\\/fmpatagoniamadryn.com.ar\\\/#organization\",\"name\":\"FM Patagonia Madryn\",\"url\":\"https:\\\/\\\/fmpatagoniamadryn.com.ar\\\/\",\"logo\":{\"@type\":\"ImageObject\",\"inLanguage\":\"es\",\"@id\":\"https:\\\/\\\/fmpatagoniamadryn.com.ar\\\/#\\\/schema\\\/logo\\\/image\\\/\",\"url\":\"https:\\\/\\\/fmpatagoniamadryn.com.ar\\\/wp-content\\\/uploads\\\/2023\\\/01\\\/cropped-Diseno-sin-titulo.png\",\"contentUrl\":\"https:\\\/\\\/fmpatagoniamadryn.com.ar\\\/wp-content\\\/uploads\\\/2023\\\/01\\\/cropped-Diseno-sin-titulo.png\",\"width\":6911,\"height\":2657,\"caption\":\"FM Patagonia Madryn\"},\"image\":{\"@id\":\"https:\\\/\\\/fmpatagoniamadryn.com.ar\\\/#\\\/schema\\\/logo\\\/image\\\/\"}},{\"@type\":\"Person\",\"@id\":\"https:\\\/\\\/fmpatagoniamadryn.com.ar\\\/#\\\/schema\\\/person\\\/8a3de4ad7efceacab06c1641c50303b7\",\"name\":\"FM Patagonia\",\"url\":\"https:\\\/\\\/fmpatagoniamadryn.com.ar\\\/?author=2\"}]}<\/script>\n<!-- \/ Yoast SEO plugin. -->","yoast_head_json":{"title":"Con eje en el turismo receptivo, Provincia avanza junto a las c\u00e1maras de Turismo y Comercio en una estrategia integral para La Hoya - FM Patagonia Madryn","robots":{"index":"index","follow":"follow","max-snippet":"max-snippet:-1","max-image-preview":"max-image-preview:large","max-video-preview":"max-video-preview:-1"},"canonical":"https:\/\/fmpatagoniamadryn.com.ar\/?p=22402","og_locale":"es_ES","og_type":"article","og_title":"Con eje en el turismo receptivo, Provincia avanza junto a las c\u00e1maras de Turismo y Comercio en una estrategia integral para La Hoya - FM Patagonia Madryn","og_description":"La iniciativa re\u00fane a actores del sector p\u00fablico y privado con el objetivo de coordinar decisiones estrat\u00e9gicas para fortalecer el complejo, mejorar la experiencia tur\u00edstica y potenciar el desarrollo econ\u00f3mico&hellip;","og_url":"https:\/\/fmpatagoniamadryn.com.ar\/?p=22402","og_site_name":"FM Patagonia Madryn","article_published_time":"2026-04-30T22:27:47+00:00","og_image":[{"width":1280,"height":852,"url":"https:\/\/fmpatagoniamadryn.com.ar\/wp-content\/uploads\/2026\/04\/df5cf744-9f6d-4bb5-a8fb-651a97d46494.jpg","type":"image\/jpeg"}],"author":"FM Patagonia","twitter_card":"summary_large_image","twitter_misc":{"Escrito por":"FM Patagonia","Tiempo de lectura":"3 minutos"},"schema":{"@context":"https:\/\/schema.org","@graph":[{"@type":"Article","@id":"https:\/\/fmpatagoniamadryn.com.ar\/?p=22402#article","isPartOf":{"@id":"https:\/\/fmpatagoniamadryn.com.ar\/?p=22402"},"author":{"name":"FM Patagonia","@id":"https:\/\/fmpatagoniamadryn.com.ar\/#\/schema\/person\/8a3de4ad7efceacab06c1641c50303b7"},"headline":"Con eje en el turismo receptivo, Provincia avanza junto a las c\u00e1maras de Turismo y Comercio en una estrategia integral para La Hoya","datePublished":"2026-04-30T22:27:47+00:00","mainEntityOfPage":{"@id":"https:\/\/fmpatagoniamadryn.com.ar\/?p=22402"},"wordCount":647,"publisher":{"@id":"https:\/\/fmpatagoniamadryn.com.ar\/#organization"},"image":{"@id":"https:\/\/fmpatagoniamadryn.com.ar\/?p=22402#primaryimage"},"thumbnailUrl":"https:\/\/fmpatagoniamadryn.com.ar\/wp-content\/uploads\/2026\/04\/df5cf744-9f6d-4bb5-a8fb-651a97d46494.jpg","articleSection":["Provinciales"],"inLanguage":"es"},{"@type":"WebPage","@id":"https:\/\/fmpatagoniamadryn.com.ar\/?p=22402","url":"https:\/\/fmpatagoniamadryn.com.ar\/?p=22402","name":"Con eje en el turismo receptivo, Provincia avanza junto a las c\u00e1maras de Turismo y Comercio en una estrategia integral para La Hoya - FM Patagonia Madryn","isPartOf":{"@id":"https:\/\/fmpatagoniamadryn.com.ar\/#website"},"primaryImageOfPage":{"@id":"https:\/\/fmpatagoniamadryn.com.ar\/?p=22402#primaryimage"},"image":{"@id":"https:\/\/fmpatagoniamadryn.com.ar\/?p=22402#primaryimage"},"thumbnailUrl":"https:\/\/fmpatagoniamadryn.com.ar\/wp-content\/uploads\/2026\/04\/df5cf744-9f6d-4bb5-a8fb-651a97d46494.jpg","datePublished":"2026-04-30T22:27:47+00:00","breadcrumb":{"@id":"https:\/\/fmpatagoniamadryn.com.ar\/?p=22402#breadcrumb"},"inLanguage":"es","potentialAction":[{"@type":"ReadAction","target":["https:\/\/fmpatagoniamadryn.com.ar\/?p=22402"]}]},{"@type":"ImageObject","inLanguage":"es","@id":"https:\/\/fmpatagoniamadryn.com.ar\/?p=22402#primaryimage","url":"https:\/\/fmpatagoniamadryn.com.ar\/wp-content\/uploads\/2026\/04\/df5cf744-9f6d-4bb5-a8fb-651a97d46494.jpg","contentUrl":"https:\/\/fmpatagoniamadryn.com.ar\/wp-content\/uploads\/2026\/04\/df5cf744-9f6d-4bb5-a8fb-651a97d46494.jpg","width":1280,"height":852},{"@type":"BreadcrumbList","@id":"https:\/\/fmpatagoniamadryn.com.ar\/?p=22402#breadcrumb","itemListElement":[{"@type":"ListItem","position":1,"name":"Portada","item":"https:\/\/fmpatagoniamadryn.com.ar\/"},{"@type":"ListItem","position":2,"name":"Con eje en el turismo receptivo, Provincia avanza junto a las c\u00e1maras de Turismo y Comercio en una estrategia integral para La Hoya"}]},{"@type":"WebSite","@id":"https:\/\/fmpatagoniamadryn.com.ar\/#website","url":"https:\/\/fmpatagoniamadryn.com.ar\/","name":"FM Patagonia Madryn","description":"Radio Patagonia 105.5","publisher":{"@id":"https:\/\/fmpatagoniamadryn.com.ar\/#organization"},"potentialAction":[{"@type":"SearchAction","target":{"@type":"EntryPoint","urlTemplate":"https:\/\/fmpatagoniamadryn.com.ar\/?s={search_term_string}"},"query-input":{"@type":"PropertyValueSpecification","valueRequired":true,"valueName":"search_term_string"}}],"inLanguage":"es"},{"@type":"Organization","@id":"https:\/\/fmpatagoniamadryn.com.ar\/#organization","name":"FM Patagonia Madryn","url":"https:\/\/fmpatagoniamadryn.com.ar\/","logo":{"@type":"ImageObject","inLanguage":"es","@id":"https:\/\/fmpatagoniamadryn.com.ar\/#\/schema\/logo\/image\/","url":"https:\/\/fmpatagoniamadryn.com.ar\/wp-content\/uploads\/2023\/01\/cropped-Diseno-sin-titulo.png","contentUrl":"https:\/\/fmpatagoniamadryn.com.ar\/wp-content\/uploads\/2023\/01\/cropped-Diseno-sin-titulo.png","width":6911,"height":2657,"caption":"FM Patagonia Madryn"},"image":{"@id":"https:\/\/fmpatagoniamadryn.com.ar\/#\/schema\/logo\/image\/"}},{"@type":"Person","@id":"https:\/\/fmpatagoniamadryn.com.ar\/#\/schema\/person\/8a3de4ad7efceacab06c1641c50303b7","name":"FM Patagonia","url":"https:\/\/fmpatagoniamadryn.com.ar\/?author=2"}]}},"jetpack_featured_media_url":"https:\/\/fmpatagoniamadryn.com.ar\/wp-content\/uploads\/2026\/04\/df5cf744-9f6d-4bb5-a8fb-651a97d46494.jpg","_links":{"self":[{"href":"https:\/\/fmpatagoniamadryn.com.ar\/index.php?rest_route=\/wp\/v2\/posts\/22402","targetHints":{"allow":["GET"]}}],"collection":[{"href":"https:\/\/fmpatagoniamadryn.com.ar\/index.php?rest_route=\/wp\/v2\/posts"}],"about":[{"href":"https:\/\/fmpatagoniamadryn.com.ar\/index.php?rest_route=\/wp\/v2\/types\/post"}],"author":[{"embeddable":true,"href":"https:\/\/fmpatagoniamadryn.com.ar\/index.php?rest_route=\/wp\/v2\/users\/2"}],"replies":[{"embeddable":true,"href":"https:\/\/fmpatagoniamadryn.com.ar\/index.php?rest_route=%2Fwp%2Fv2%2Fcomments&post=22402"}],"version-history":[{"count":1,"href":"https:\/\/fmpatagoniamadryn.com.ar\/index.php?rest_route=\/wp\/v2\/posts\/22402\/revisions"}],"predecessor-version":[{"id":22403,"href":"https:\/\/fmpatagoniamadryn.com.ar\/index.php?rest_route=\/wp\/v2\/posts\/22402\/revisions\/22403"}],"wp:featuredmedia":[{"embeddable":true,"href":"https:\/\/fmpatagoniamadryn.com.ar\/index.php?rest_route=\/wp\/v2\/media\/22401"}],"wp:attachment":[{"href":"https:\/\/fmpatagoniamadryn.com.ar\/index.php?rest_route=%2Fwp%2Fv2%2Fmedia&parent=22402"}],"wp:term":[{"taxonomy":"category","embeddable":true,"href":"https:\/\/fmpatagoniamadryn.com.ar\/index.php?rest_route=%2Fwp%2Fv2%2Fcategories&post=22402"},{"taxonomy":"post_tag","embeddable":true,"href":"https:\/\/fmpatagoniamadryn.com.ar\/index.php?rest_route=%2Fwp%2Fv2%2Ftags&post=22402"}],"curies":[{"name":"wp","href":"https:\/\/api.w.org\/{rel}","templated":true}]}}