{"id":22417,"date":"2026-05-01T14:53:19","date_gmt":"2026-05-01T17:53:19","guid":{"rendered":"https:\/\/fmpatagoniamadryn.com.ar\/?p=22417"},"modified":"2026-05-01T14:54:51","modified_gmt":"2026-05-01T17:54:51","slug":"gustavo-sastre-saludo-a-los-trabajadores-y-trabajadoras-y-llamo-a-reflexionar-sobre-el-contexto-economico-actual","status":"publish","type":"post","link":"https:\/\/fmpatagoniamadryn.com.ar\/?p=22417","title":{"rendered":"Gustavo Sastre salud\u00f3 a los trabajadores  y llam\u00f3 a reflexionar sobre el contexto econ\u00f3mico actual"},"content":{"rendered":"\n<p class=\"p1\"><\/p>\n\n\n\n<p class=\"p2\">En el marco del D\u00eda del Trabajador, el intendente de Puerto Madryn, Gustavo Sastre, difundi\u00f3 un mensaje en el que expres\u00f3 su acompa\u00f1amiento a los trabajadores y plante\u00f3 una mirada cr\u00edtica sobre la situaci\u00f3n econ\u00f3mica que atraviesa el pa\u00eds.<\/p>\n\n\n\n<p class=\"p2\">Durante su intervenci\u00f3n, Sastre hizo hincapi\u00e9 en las dificultades que enfrentan hoy los trabajadores, se\u00f1alando que \u201clos sueldos no llegan a fin de mes\u201d y que muchos ingresos se encuentran por debajo de lo necesario para cubrir la canasta b\u00e1sica. &nbsp;<\/p>\n\n\n\n<p class=\"p2\">En ese sentido, el jefe comunal sostuvo que el actual escenario responde a un modelo econ\u00f3mico que afecta directamente a la clase trabajadora y a la industria nacional, y remarc\u00f3 la importancia de poner en valor el rol de quienes sostienen la actividad diaria en la ciudad.<\/p>\n\n\n\n<p class=\"p2\">Asimismo, convoc\u00f3 a la comunidad a reflexionar sobre las decisiones pol\u00edticas y su impacto en la vida cotidiana, destacando que es fundamental contar con informaci\u00f3n clara y responsable al momento de elegir. &nbsp;<\/p>\n\n\n\n<p class=\"p2\">Sastre tambi\u00e9n subray\u00f3 que, a pesar del complejo contexto, es necesario seguir fortaleciendo el trabajo local y acompa\u00f1ando a los sectores que generan empleo, reafirmando el compromiso del Municipio con pol\u00edticas que prioricen el bienestar de los vecinos de Puerto Madryn.<\/p>\n\n\n\n<p class=\"p3\">Finalmente, el intendente dej\u00f3 un mensaje a todos los trabajadores: \u201cM\u00e1s all\u00e1 de todas estas circunstancias, que tengan un feliz D\u00eda del Trabajador\u201d, expres\u00f3. &nbsp;<\/p>\n","protected":false},"excerpt":{"rendered":"<p>En el marco del D\u00eda del Trabajador, el intendente de Puerto Madryn, Gustavo Sastre, difundi\u00f3 un mensaje en el que expres\u00f3 su acompa\u00f1amiento a los trabajadores y plante\u00f3 una mirada&hellip; <\/p>\n","protected":false},"author":2,"featured_media":22416,"comment_status":"closed","ping_status":"closed","sticky":false,"template":"","format":"standard","meta":{"footnotes":""},"categories":[15],"tags":[],"class_list":["post-22417","post","type-post","status-publish","format-standard","has-post-thumbnail","hentry","category-locales"],"yoast_head":"<!-- This site is optimized with the Yoast SEO plugin v27.5 - https:\/\/yoast.com\/product\/yoast-seo-wordpress\/ -->\n<title>Gustavo Sastre salud\u00f3 a los trabajadores y llam\u00f3 a reflexionar sobre el contexto econ\u00f3mico actual - FM Patagonia Madryn<\/title>\n<meta name=\"robots\" content=\"index, follow, max-snippet:-1, max-image-preview:large, max-video-preview:-1\" \/>\n<link rel=\"canonical\" href=\"https:\/\/fmpatagoniamadryn.com.ar\/?p=22417\" \/>\n<meta property=\"og:locale\" content=\"es_ES\" \/>\n<meta property=\"og:type\" content=\"article\" \/>\n<meta property=\"og:title\" content=\"Gustavo Sastre salud\u00f3 a los trabajadores y llam\u00f3 a reflexionar sobre el contexto econ\u00f3mico actual - FM Patagonia Madryn\" \/>\n<meta property=\"og:description\" content=\"En el marco del D\u00eda del Trabajador, el intendente de Puerto Madryn, Gustavo Sastre, difundi\u00f3 un mensaje en el que expres\u00f3 su acompa\u00f1amiento a los trabajadores y plante\u00f3 una mirada&hellip;\" \/>\n<meta property=\"og:url\" content=\"https:\/\/fmpatagoniamadryn.com.ar\/?p=22417\" \/>\n<meta property=\"og:site_name\" content=\"FM Patagonia Madryn\" \/>\n<meta property=\"article:published_time\" content=\"2026-05-01T17:53:19+00:00\" \/>\n<meta property=\"article:modified_time\" content=\"2026-05-01T17:54:51+00:00\" \/>\n<meta property=\"og:image\" content=\"https:\/\/fmpatagoniamadryn.com.ar\/wp-content\/uploads\/2026\/05\/img_5826.jpg\" \/>\n\t<meta property=\"og:image:width\" content=\"2000\" \/>\n\t<meta property=\"og:image:height\" content=\"1334\" \/>\n\t<meta property=\"og:image:type\" content=\"image\/jpeg\" \/>\n<meta name=\"author\" content=\"FM Patagonia\" \/>\n<meta name=\"twitter:card\" content=\"summary_large_image\" \/>\n<meta name=\"twitter:label1\" content=\"Escrito por\" \/>\n\t<meta name=\"twitter:data1\" content=\"FM Patagonia\" \/>\n\t<meta name=\"twitter:label2\" content=\"Tiempo de lectura\" \/>\n\t<meta name=\"twitter:data2\" content=\"1 minuto\" \/>\n<script type=\"application\/ld+json\" class=\"yoast-schema-graph\">{\"@context\":\"https:\\\/\\\/schema.org\",\"@graph\":[{\"@type\":\"Article\",\"@id\":\"https:\\\/\\\/fmpatagoniamadryn.com.ar\\\/?p=22417#article\",\"isPartOf\":{\"@id\":\"https:\\\/\\\/fmpatagoniamadryn.com.ar\\\/?p=22417\"},\"author\":{\"name\":\"FM Patagonia\",\"@id\":\"https:\\\/\\\/fmpatagoniamadryn.com.ar\\\/#\\\/schema\\\/person\\\/8a3de4ad7efceacab06c1641c50303b7\"},\"headline\":\"Gustavo Sastre salud\u00f3 a los trabajadores y llam\u00f3 a reflexionar sobre el contexto econ\u00f3mico actual\",\"datePublished\":\"2026-05-01T17:53:19+00:00\",\"dateModified\":\"2026-05-01T17:54:51+00:00\",\"mainEntityOfPage\":{\"@id\":\"https:\\\/\\\/fmpatagoniamadryn.com.ar\\\/?p=22417\"},\"wordCount\":259,\"publisher\":{\"@id\":\"https:\\\/\\\/fmpatagoniamadryn.com.ar\\\/#organization\"},\"image\":{\"@id\":\"https:\\\/\\\/fmpatagoniamadryn.com.ar\\\/?p=22417#primaryimage\"},\"thumbnailUrl\":\"https:\\\/\\\/fmpatagoniamadryn.com.ar\\\/wp-content\\\/uploads\\\/2026\\\/05\\\/img_5826.jpg\",\"articleSection\":[\"Locales\"],\"inLanguage\":\"es\"},{\"@type\":\"WebPage\",\"@id\":\"https:\\\/\\\/fmpatagoniamadryn.com.ar\\\/?p=22417\",\"url\":\"https:\\\/\\\/fmpatagoniamadryn.com.ar\\\/?p=22417\",\"name\":\"Gustavo Sastre salud\u00f3 a los trabajadores y llam\u00f3 a reflexionar sobre el contexto econ\u00f3mico actual - FM Patagonia Madryn\",\"isPartOf\":{\"@id\":\"https:\\\/\\\/fmpatagoniamadryn.com.ar\\\/#website\"},\"primaryImageOfPage\":{\"@id\":\"https:\\\/\\\/fmpatagoniamadryn.com.ar\\\/?p=22417#primaryimage\"},\"image\":{\"@id\":\"https:\\\/\\\/fmpatagoniamadryn.com.ar\\\/?p=22417#primaryimage\"},\"thumbnailUrl\":\"https:\\\/\\\/fmpatagoniamadryn.com.ar\\\/wp-content\\\/uploads\\\/2026\\\/05\\\/img_5826.jpg\",\"datePublished\":\"2026-05-01T17:53:19+00:00\",\"dateModified\":\"2026-05-01T17:54:51+00:00\",\"breadcrumb\":{\"@id\":\"https:\\\/\\\/fmpatagoniamadryn.com.ar\\\/?p=22417#breadcrumb\"},\"inLanguage\":\"es\",\"potentialAction\":[{\"@type\":\"ReadAction\",\"target\":[\"https:\\\/\\\/fmpatagoniamadryn.com.ar\\\/?p=22417\"]}]},{\"@type\":\"ImageObject\",\"inLanguage\":\"es\",\"@id\":\"https:\\\/\\\/fmpatagoniamadryn.com.ar\\\/?p=22417#primaryimage\",\"url\":\"https:\\\/\\\/fmpatagoniamadryn.com.ar\\\/wp-content\\\/uploads\\\/2026\\\/05\\\/img_5826.jpg\",\"contentUrl\":\"https:\\\/\\\/fmpatagoniamadryn.com.ar\\\/wp-content\\\/uploads\\\/2026\\\/05\\\/img_5826.jpg\",\"width\":2000,\"height\":1334},{\"@type\":\"BreadcrumbList\",\"@id\":\"https:\\\/\\\/fmpatagoniamadryn.com.ar\\\/?p=22417#breadcrumb\",\"itemListElement\":[{\"@type\":\"ListItem\",\"position\":1,\"name\":\"Portada\",\"item\":\"https:\\\/\\\/fmpatagoniamadryn.com.ar\\\/\"},{\"@type\":\"ListItem\",\"position\":2,\"name\":\"Gustavo Sastre salud\u00f3 a los trabajadores y llam\u00f3 a reflexionar sobre el contexto econ\u00f3mico actual\"}]},{\"@type\":\"WebSite\",\"@id\":\"https:\\\/\\\/fmpatagoniamadryn.com.ar\\\/#website\",\"url\":\"https:\\\/\\\/fmpatagoniamadryn.com.ar\\\/\",\"name\":\"FM Patagonia Madryn\",\"description\":\"Radio Patagonia 105.5\",\"publisher\":{\"@id\":\"https:\\\/\\\/fmpatagoniamadryn.com.ar\\\/#organization\"},\"potentialAction\":[{\"@type\":\"SearchAction\",\"target\":{\"@type\":\"EntryPoint\",\"urlTemplate\":\"https:\\\/\\\/fmpatagoniamadryn.com.ar\\\/?s={search_term_string}\"},\"query-input\":{\"@type\":\"PropertyValueSpecification\",\"valueRequired\":true,\"valueName\":\"search_term_string\"}}],\"inLanguage\":\"es\"},{\"@type\":\"Organization\",\"@id\":\"https:\\\/\\\/fmpatagoniamadryn.com.ar\\\/#organization\",\"name\":\"FM Patagonia Madryn\",\"url\":\"https:\\\/\\\/fmpatagoniamadryn.com.ar\\\/\",\"logo\":{\"@type\":\"ImageObject\",\"inLanguage\":\"es\",\"@id\":\"https:\\\/\\\/fmpatagoniamadryn.com.ar\\\/#\\\/schema\\\/logo\\\/image\\\/\",\"url\":\"https:\\\/\\\/fmpatagoniamadryn.com.ar\\\/wp-content\\\/uploads\\\/2023\\\/01\\\/cropped-Diseno-sin-titulo.png\",\"contentUrl\":\"https:\\\/\\\/fmpatagoniamadryn.com.ar\\\/wp-content\\\/uploads\\\/2023\\\/01\\\/cropped-Diseno-sin-titulo.png\",\"width\":6911,\"height\":2657,\"caption\":\"FM Patagonia Madryn\"},\"image\":{\"@id\":\"https:\\\/\\\/fmpatagoniamadryn.com.ar\\\/#\\\/schema\\\/logo\\\/image\\\/\"}},{\"@type\":\"Person\",\"@id\":\"https:\\\/\\\/fmpatagoniamadryn.com.ar\\\/#\\\/schema\\\/person\\\/8a3de4ad7efceacab06c1641c50303b7\",\"name\":\"FM Patagonia\",\"url\":\"https:\\\/\\\/fmpatagoniamadryn.com.ar\\\/?author=2\"}]}<\/script>\n<!-- \/ Yoast SEO plugin. -->","yoast_head_json":{"title":"Gustavo Sastre salud\u00f3 a los trabajadores y llam\u00f3 a reflexionar sobre el contexto econ\u00f3mico actual - FM Patagonia Madryn","robots":{"index":"index","follow":"follow","max-snippet":"max-snippet:-1","max-image-preview":"max-image-preview:large","max-video-preview":"max-video-preview:-1"},"canonical":"https:\/\/fmpatagoniamadryn.com.ar\/?p=22417","og_locale":"es_ES","og_type":"article","og_title":"Gustavo Sastre salud\u00f3 a los trabajadores y llam\u00f3 a reflexionar sobre el contexto econ\u00f3mico actual - FM Patagonia Madryn","og_description":"En el marco del D\u00eda del Trabajador, el intendente de Puerto Madryn, Gustavo Sastre, difundi\u00f3 un mensaje en el que expres\u00f3 su acompa\u00f1amiento a los trabajadores y plante\u00f3 una mirada&hellip;","og_url":"https:\/\/fmpatagoniamadryn.com.ar\/?p=22417","og_site_name":"FM Patagonia Madryn","article_published_time":"2026-05-01T17:53:19+00:00","article_modified_time":"2026-05-01T17:54:51+00:00","og_image":[{"width":2000,"height":1334,"url":"https:\/\/fmpatagoniamadryn.com.ar\/wp-content\/uploads\/2026\/05\/img_5826.jpg","type":"image\/jpeg"}],"author":"FM Patagonia","twitter_card":"summary_large_image","twitter_misc":{"Escrito por":"FM Patagonia","Tiempo de lectura":"1 minuto"},"schema":{"@context":"https:\/\/schema.org","@graph":[{"@type":"Article","@id":"https:\/\/fmpatagoniamadryn.com.ar\/?p=22417#article","isPartOf":{"@id":"https:\/\/fmpatagoniamadryn.com.ar\/?p=22417"},"author":{"name":"FM Patagonia","@id":"https:\/\/fmpatagoniamadryn.com.ar\/#\/schema\/person\/8a3de4ad7efceacab06c1641c50303b7"},"headline":"Gustavo Sastre salud\u00f3 a los trabajadores y llam\u00f3 a reflexionar sobre el contexto econ\u00f3mico actual","datePublished":"2026-05-01T17:53:19+00:00","dateModified":"2026-05-01T17:54:51+00:00","mainEntityOfPage":{"@id":"https:\/\/fmpatagoniamadryn.com.ar\/?p=22417"},"wordCount":259,"publisher":{"@id":"https:\/\/fmpatagoniamadryn.com.ar\/#organization"},"image":{"@id":"https:\/\/fmpatagoniamadryn.com.ar\/?p=22417#primaryimage"},"thumbnailUrl":"https:\/\/fmpatagoniamadryn.com.ar\/wp-content\/uploads\/2026\/05\/img_5826.jpg","articleSection":["Locales"],"inLanguage":"es"},{"@type":"WebPage","@id":"https:\/\/fmpatagoniamadryn.com.ar\/?p=22417","url":"https:\/\/fmpatagoniamadryn.com.ar\/?p=22417","name":"Gustavo Sastre salud\u00f3 a los trabajadores y llam\u00f3 a reflexionar sobre el contexto econ\u00f3mico actual - FM Patagonia Madryn","isPartOf":{"@id":"https:\/\/fmpatagoniamadryn.com.ar\/#website"},"primaryImageOfPage":{"@id":"https:\/\/fmpatagoniamadryn.com.ar\/?p=22417#primaryimage"},"image":{"@id":"https:\/\/fmpatagoniamadryn.com.ar\/?p=22417#primaryimage"},"thumbnailUrl":"https:\/\/fmpatagoniamadryn.com.ar\/wp-content\/uploads\/2026\/05\/img_5826.jpg","datePublished":"2026-05-01T17:53:19+00:00","dateModified":"2026-05-01T17:54:51+00:00","breadcrumb":{"@id":"https:\/\/fmpatagoniamadryn.com.ar\/?p=22417#breadcrumb"},"inLanguage":"es","potentialAction":[{"@type":"ReadAction","target":["https:\/\/fmpatagoniamadryn.com.ar\/?p=22417"]}]},{"@type":"ImageObject","inLanguage":"es","@id":"https:\/\/fmpatagoniamadryn.com.ar\/?p=22417#primaryimage","url":"https:\/\/fmpatagoniamadryn.com.ar\/wp-content\/uploads\/2026\/05\/img_5826.jpg","contentUrl":"https:\/\/fmpatagoniamadryn.com.ar\/wp-content\/uploads\/2026\/05\/img_5826.jpg","width":2000,"height":1334},{"@type":"BreadcrumbList","@id":"https:\/\/fmpatagoniamadryn.com.ar\/?p=22417#breadcrumb","itemListElement":[{"@type":"ListItem","position":1,"name":"Portada","item":"https:\/\/fmpatagoniamadryn.com.ar\/"},{"@type":"ListItem","position":2,"name":"Gustavo Sastre salud\u00f3 a los trabajadores y llam\u00f3 a reflexionar sobre el contexto econ\u00f3mico actual"}]},{"@type":"WebSite","@id":"https:\/\/fmpatagoniamadryn.com.ar\/#website","url":"https:\/\/fmpatagoniamadryn.com.ar\/","name":"FM Patagonia Madryn","description":"Radio Patagonia 105.5","publisher":{"@id":"https:\/\/fmpatagoniamadryn.com.ar\/#organization"},"potentialAction":[{"@type":"SearchAction","target":{"@type":"EntryPoint","urlTemplate":"https:\/\/fmpatagoniamadryn.com.ar\/?s={search_term_string}"},"query-input":{"@type":"PropertyValueSpecification","valueRequired":true,"valueName":"search_term_string"}}],"inLanguage":"es"},{"@type":"Organization","@id":"https:\/\/fmpatagoniamadryn.com.ar\/#organization","name":"FM Patagonia Madryn","url":"https:\/\/fmpatagoniamadryn.com.ar\/","logo":{"@type":"ImageObject","inLanguage":"es","@id":"https:\/\/fmpatagoniamadryn.com.ar\/#\/schema\/logo\/image\/","url":"https:\/\/fmpatagoniamadryn.com.ar\/wp-content\/uploads\/2023\/01\/cropped-Diseno-sin-titulo.png","contentUrl":"https:\/\/fmpatagoniamadryn.com.ar\/wp-content\/uploads\/2023\/01\/cropped-Diseno-sin-titulo.png","width":6911,"height":2657,"caption":"FM Patagonia Madryn"},"image":{"@id":"https:\/\/fmpatagoniamadryn.com.ar\/#\/schema\/logo\/image\/"}},{"@type":"Person","@id":"https:\/\/fmpatagoniamadryn.com.ar\/#\/schema\/person\/8a3de4ad7efceacab06c1641c50303b7","name":"FM Patagonia","url":"https:\/\/fmpatagoniamadryn.com.ar\/?author=2"}]}},"jetpack_featured_media_url":"https:\/\/fmpatagoniamadryn.com.ar\/wp-content\/uploads\/2026\/05\/img_5826.jpg","_links":{"self":[{"href":"https:\/\/fmpatagoniamadryn.com.ar\/index.php?rest_route=\/wp\/v2\/posts\/22417","targetHints":{"allow":["GET"]}}],"collection":[{"href":"https:\/\/fmpatagoniamadryn.com.ar\/index.php?rest_route=\/wp\/v2\/posts"}],"about":[{"href":"https:\/\/fmpatagoniamadryn.com.ar\/index.php?rest_route=\/wp\/v2\/types\/post"}],"author":[{"embeddable":true,"href":"https:\/\/fmpatagoniamadryn.com.ar\/index.php?rest_route=\/wp\/v2\/users\/2"}],"replies":[{"embeddable":true,"href":"https:\/\/fmpatagoniamadryn.com.ar\/index.php?rest_route=%2Fwp%2Fv2%2Fcomments&post=22417"}],"version-history":[{"count":2,"href":"https:\/\/fmpatagoniamadryn.com.ar\/index.php?rest_route=\/wp\/v2\/posts\/22417\/revisions"}],"predecessor-version":[{"id":22419,"href":"https:\/\/fmpatagoniamadryn.com.ar\/index.php?rest_route=\/wp\/v2\/posts\/22417\/revisions\/22419"}],"wp:featuredmedia":[{"embeddable":true,"href":"https:\/\/fmpatagoniamadryn.com.ar\/index.php?rest_route=\/wp\/v2\/media\/22416"}],"wp:attachment":[{"href":"https:\/\/fmpatagoniamadryn.com.ar\/index.php?rest_route=%2Fwp%2Fv2%2Fmedia&parent=22417"}],"wp:term":[{"taxonomy":"category","embeddable":true,"href":"https:\/\/fmpatagoniamadryn.com.ar\/index.php?rest_route=%2Fwp%2Fv2%2Fcategories&post=22417"},{"taxonomy":"post_tag","embeddable":true,"href":"https:\/\/fmpatagoniamadryn.com.ar\/index.php?rest_route=%2Fwp%2Fv2%2Ftags&post=22417"}],"curies":[{"name":"wp","href":"https:\/\/api.w.org\/{rel}","templated":true}]}}