{"id":22425,"date":"2026-05-01T18:12:14","date_gmt":"2026-05-01T21:12:14","guid":{"rendered":"https:\/\/fmpatagoniamadryn.com.ar\/?p=22425"},"modified":"2026-05-01T18:16:36","modified_gmt":"2026-05-01T21:16:36","slug":"invitan-a-la-presentacion-del-libro-pura-vena-en-el-teatro-del-muelle","status":"publish","type":"post","link":"https:\/\/fmpatagoniamadryn.com.ar\/?p=22425","title":{"rendered":"INVITAN A LA PRESENTACI\u00d3N DEL LIBRO \u201cPURA VENA\u201d EN EL TEATRO DEL MUELLE"},"content":{"rendered":"\n<p><strong><em>Ser\u00e1 el s\u00e1bado 2 de mayo a las 19 en la sala de Av. Rawson 60<\/em><\/strong><\/p>\n\n\n\n<p>La Municipalidad de Puerto Madryn, a trav\u00e9s de la Subsecretar\u00eda de Cultura, invita a la comunidad a participar de la presentaci\u00f3n del libro Pura Vena, de la escritora Renata Hiller, que se realizar\u00e1 el s\u00e1bado 2 de mayo a las 19 horas en el Teatro del Muelle, ubicado en Avenida Rawson 60. La actividad ser\u00e1 con entrada libre y gratuita.<\/p>\n\n\n\n<p>Se trata del primer libro de poes\u00eda de la autora, quien reside en Comodoro Rivadavia y se desempe\u00f1a como docente e investigadora en el Instituto Multidisciplinario para la Investigaci\u00f3n y el Desarrollo Productivo y Social de la Cuenca Golfo San Jorge, dependiente de la Universidad Nacional de la Patagonia y el CONICET.<\/p>\n\n\n\n<p>Polit\u00f3loga de formaci\u00f3n, Renata Hiller articula una destacada trayectoria acad\u00e9mica con la gesti\u00f3n p\u00fablica y presenta en Pura Vena su primera obra po\u00e9tica. La publicaci\u00f3n cuenta adem\u00e1s con una portada basada en una imagen de Vicente Girardi Callafa, realizada en collage sobre papel en 2017<\/p>\n\n\n\n<p>En relaci\u00f3n con la obra, el poeta Jorge Sp\u00edndola destaca que se trata de una propuesta que recupera la potencia de la poes\u00eda social desde una voz singular, atravesada por los territorios, los cuerpos y las experiencias del sur.<\/p>\n\n\n\n<p>Ser\u00e1 una oportunidad para conocer una obra atravesada por la memoria, el territorio y las voces del sur, en un encuentro abierto a toda la comunidad<\/p>\n","protected":false},"excerpt":{"rendered":"<p>Ser\u00e1 el s\u00e1bado 2 de mayo a las 19 en la sala de Av. Rawson 60 La Municipalidad de Puerto Madryn, a trav\u00e9s de la Subsecretar\u00eda de Cultura, invita a&hellip; <\/p>\n","protected":false},"author":2,"featured_media":22426,"comment_status":"closed","ping_status":"closed","sticky":false,"template":"","format":"standard","meta":{"footnotes":""},"categories":[15],"tags":[],"class_list":["post-22425","post","type-post","status-publish","format-standard","has-post-thumbnail","hentry","category-locales"],"yoast_head":"<!-- This site is optimized with the Yoast SEO plugin v27.5 - https:\/\/yoast.com\/product\/yoast-seo-wordpress\/ -->\n<title>INVITAN A LA PRESENTACI\u00d3N DEL LIBRO \u201cPURA VENA\u201d EN EL TEATRO DEL MUELLE - FM Patagonia Madryn<\/title>\n<meta name=\"robots\" content=\"index, follow, max-snippet:-1, max-image-preview:large, max-video-preview:-1\" \/>\n<link rel=\"canonical\" href=\"https:\/\/fmpatagoniamadryn.com.ar\/?p=22425\" \/>\n<meta property=\"og:locale\" content=\"es_ES\" \/>\n<meta property=\"og:type\" content=\"article\" \/>\n<meta property=\"og:title\" content=\"INVITAN A LA PRESENTACI\u00d3N DEL LIBRO \u201cPURA VENA\u201d EN EL TEATRO DEL MUELLE - FM Patagonia Madryn\" \/>\n<meta property=\"og:description\" content=\"Ser\u00e1 el s\u00e1bado 2 de mayo a las 19 en la sala de Av. Rawson 60 La Municipalidad de Puerto Madryn, a trav\u00e9s de la Subsecretar\u00eda de Cultura, invita a&hellip;\" \/>\n<meta property=\"og:url\" content=\"https:\/\/fmpatagoniamadryn.com.ar\/?p=22425\" \/>\n<meta property=\"og:site_name\" content=\"FM Patagonia Madryn\" \/>\n<meta property=\"article:published_time\" content=\"2026-05-01T21:12:14+00:00\" \/>\n<meta property=\"article:modified_time\" content=\"2026-05-01T21:16:36+00:00\" \/>\n<meta property=\"og:image\" content=\"https:\/\/fmpatagoniamadryn.com.ar\/wp-content\/uploads\/2026\/05\/IMG_0034.png\" \/>\n\t<meta property=\"og:image:width\" content=\"1024\" \/>\n\t<meta property=\"og:image:height\" content=\"768\" \/>\n\t<meta property=\"og:image:type\" content=\"image\/png\" \/>\n<meta name=\"author\" content=\"FM Patagonia\" \/>\n<meta name=\"twitter:card\" content=\"summary_large_image\" \/>\n<meta name=\"twitter:label1\" content=\"Escrito por\" \/>\n\t<meta name=\"twitter:data1\" content=\"FM Patagonia\" \/>\n\t<meta name=\"twitter:label2\" content=\"Tiempo de lectura\" \/>\n\t<meta name=\"twitter:data2\" content=\"2 minutos\" \/>\n<script type=\"application\/ld+json\" class=\"yoast-schema-graph\">{\"@context\":\"https:\\\/\\\/schema.org\",\"@graph\":[{\"@type\":\"Article\",\"@id\":\"https:\\\/\\\/fmpatagoniamadryn.com.ar\\\/?p=22425#article\",\"isPartOf\":{\"@id\":\"https:\\\/\\\/fmpatagoniamadryn.com.ar\\\/?p=22425\"},\"author\":{\"name\":\"FM Patagonia\",\"@id\":\"https:\\\/\\\/fmpatagoniamadryn.com.ar\\\/#\\\/schema\\\/person\\\/8a3de4ad7efceacab06c1641c50303b7\"},\"headline\":\"INVITAN A LA PRESENTACI\u00d3N DEL LIBRO \u201cPURA VENA\u201d EN EL TEATRO DEL MUELLE\",\"datePublished\":\"2026-05-01T21:12:14+00:00\",\"dateModified\":\"2026-05-01T21:16:36+00:00\",\"mainEntityOfPage\":{\"@id\":\"https:\\\/\\\/fmpatagoniamadryn.com.ar\\\/?p=22425\"},\"wordCount\":264,\"publisher\":{\"@id\":\"https:\\\/\\\/fmpatagoniamadryn.com.ar\\\/#organization\"},\"image\":{\"@id\":\"https:\\\/\\\/fmpatagoniamadryn.com.ar\\\/?p=22425#primaryimage\"},\"thumbnailUrl\":\"https:\\\/\\\/fmpatagoniamadryn.com.ar\\\/wp-content\\\/uploads\\\/2026\\\/05\\\/IMG_0034.png\",\"articleSection\":[\"Locales\"],\"inLanguage\":\"es\"},{\"@type\":\"WebPage\",\"@id\":\"https:\\\/\\\/fmpatagoniamadryn.com.ar\\\/?p=22425\",\"url\":\"https:\\\/\\\/fmpatagoniamadryn.com.ar\\\/?p=22425\",\"name\":\"INVITAN A LA PRESENTACI\u00d3N DEL LIBRO \u201cPURA VENA\u201d EN EL TEATRO DEL MUELLE - FM Patagonia Madryn\",\"isPartOf\":{\"@id\":\"https:\\\/\\\/fmpatagoniamadryn.com.ar\\\/#website\"},\"primaryImageOfPage\":{\"@id\":\"https:\\\/\\\/fmpatagoniamadryn.com.ar\\\/?p=22425#primaryimage\"},\"image\":{\"@id\":\"https:\\\/\\\/fmpatagoniamadryn.com.ar\\\/?p=22425#primaryimage\"},\"thumbnailUrl\":\"https:\\\/\\\/fmpatagoniamadryn.com.ar\\\/wp-content\\\/uploads\\\/2026\\\/05\\\/IMG_0034.png\",\"datePublished\":\"2026-05-01T21:12:14+00:00\",\"dateModified\":\"2026-05-01T21:16:36+00:00\",\"breadcrumb\":{\"@id\":\"https:\\\/\\\/fmpatagoniamadryn.com.ar\\\/?p=22425#breadcrumb\"},\"inLanguage\":\"es\",\"potentialAction\":[{\"@type\":\"ReadAction\",\"target\":[\"https:\\\/\\\/fmpatagoniamadryn.com.ar\\\/?p=22425\"]}]},{\"@type\":\"ImageObject\",\"inLanguage\":\"es\",\"@id\":\"https:\\\/\\\/fmpatagoniamadryn.com.ar\\\/?p=22425#primaryimage\",\"url\":\"https:\\\/\\\/fmpatagoniamadryn.com.ar\\\/wp-content\\\/uploads\\\/2026\\\/05\\\/IMG_0034.png\",\"contentUrl\":\"https:\\\/\\\/fmpatagoniamadryn.com.ar\\\/wp-content\\\/uploads\\\/2026\\\/05\\\/IMG_0034.png\",\"width\":1024,\"height\":768,\"caption\":\"1,\"},{\"@type\":\"BreadcrumbList\",\"@id\":\"https:\\\/\\\/fmpatagoniamadryn.com.ar\\\/?p=22425#breadcrumb\",\"itemListElement\":[{\"@type\":\"ListItem\",\"position\":1,\"name\":\"Portada\",\"item\":\"https:\\\/\\\/fmpatagoniamadryn.com.ar\\\/\"},{\"@type\":\"ListItem\",\"position\":2,\"name\":\"INVITAN A LA PRESENTACI\u00d3N DEL LIBRO \u201cPURA VENA\u201d EN EL TEATRO DEL MUELLE\"}]},{\"@type\":\"WebSite\",\"@id\":\"https:\\\/\\\/fmpatagoniamadryn.com.ar\\\/#website\",\"url\":\"https:\\\/\\\/fmpatagoniamadryn.com.ar\\\/\",\"name\":\"FM Patagonia Madryn\",\"description\":\"Radio Patagonia 105.5\",\"publisher\":{\"@id\":\"https:\\\/\\\/fmpatagoniamadryn.com.ar\\\/#organization\"},\"potentialAction\":[{\"@type\":\"SearchAction\",\"target\":{\"@type\":\"EntryPoint\",\"urlTemplate\":\"https:\\\/\\\/fmpatagoniamadryn.com.ar\\\/?s={search_term_string}\"},\"query-input\":{\"@type\":\"PropertyValueSpecification\",\"valueRequired\":true,\"valueName\":\"search_term_string\"}}],\"inLanguage\":\"es\"},{\"@type\":\"Organization\",\"@id\":\"https:\\\/\\\/fmpatagoniamadryn.com.ar\\\/#organization\",\"name\":\"FM Patagonia Madryn\",\"url\":\"https:\\\/\\\/fmpatagoniamadryn.com.ar\\\/\",\"logo\":{\"@type\":\"ImageObject\",\"inLanguage\":\"es\",\"@id\":\"https:\\\/\\\/fmpatagoniamadryn.com.ar\\\/#\\\/schema\\\/logo\\\/image\\\/\",\"url\":\"https:\\\/\\\/fmpatagoniamadryn.com.ar\\\/wp-content\\\/uploads\\\/2023\\\/01\\\/cropped-Diseno-sin-titulo.png\",\"contentUrl\":\"https:\\\/\\\/fmpatagoniamadryn.com.ar\\\/wp-content\\\/uploads\\\/2023\\\/01\\\/cropped-Diseno-sin-titulo.png\",\"width\":6911,\"height\":2657,\"caption\":\"FM Patagonia Madryn\"},\"image\":{\"@id\":\"https:\\\/\\\/fmpatagoniamadryn.com.ar\\\/#\\\/schema\\\/logo\\\/image\\\/\"}},{\"@type\":\"Person\",\"@id\":\"https:\\\/\\\/fmpatagoniamadryn.com.ar\\\/#\\\/schema\\\/person\\\/8a3de4ad7efceacab06c1641c50303b7\",\"name\":\"FM Patagonia\",\"url\":\"https:\\\/\\\/fmpatagoniamadryn.com.ar\\\/?author=2\"}]}<\/script>\n<!-- \/ Yoast SEO plugin. -->","yoast_head_json":{"title":"INVITAN A LA PRESENTACI\u00d3N DEL LIBRO \u201cPURA VENA\u201d EN EL TEATRO DEL MUELLE - FM Patagonia Madryn","robots":{"index":"index","follow":"follow","max-snippet":"max-snippet:-1","max-image-preview":"max-image-preview:large","max-video-preview":"max-video-preview:-1"},"canonical":"https:\/\/fmpatagoniamadryn.com.ar\/?p=22425","og_locale":"es_ES","og_type":"article","og_title":"INVITAN A LA PRESENTACI\u00d3N DEL LIBRO \u201cPURA VENA\u201d EN EL TEATRO DEL MUELLE - FM Patagonia Madryn","og_description":"Ser\u00e1 el s\u00e1bado 2 de mayo a las 19 en la sala de Av. Rawson 60 La Municipalidad de Puerto Madryn, a trav\u00e9s de la Subsecretar\u00eda de Cultura, invita a&hellip;","og_url":"https:\/\/fmpatagoniamadryn.com.ar\/?p=22425","og_site_name":"FM Patagonia Madryn","article_published_time":"2026-05-01T21:12:14+00:00","article_modified_time":"2026-05-01T21:16:36+00:00","og_image":[{"width":1024,"height":768,"url":"https:\/\/fmpatagoniamadryn.com.ar\/wp-content\/uploads\/2026\/05\/IMG_0034.png","type":"image\/png"}],"author":"FM Patagonia","twitter_card":"summary_large_image","twitter_misc":{"Escrito por":"FM Patagonia","Tiempo de lectura":"2 minutos"},"schema":{"@context":"https:\/\/schema.org","@graph":[{"@type":"Article","@id":"https:\/\/fmpatagoniamadryn.com.ar\/?p=22425#article","isPartOf":{"@id":"https:\/\/fmpatagoniamadryn.com.ar\/?p=22425"},"author":{"name":"FM Patagonia","@id":"https:\/\/fmpatagoniamadryn.com.ar\/#\/schema\/person\/8a3de4ad7efceacab06c1641c50303b7"},"headline":"INVITAN A LA PRESENTACI\u00d3N DEL LIBRO \u201cPURA VENA\u201d EN EL TEATRO DEL MUELLE","datePublished":"2026-05-01T21:12:14+00:00","dateModified":"2026-05-01T21:16:36+00:00","mainEntityOfPage":{"@id":"https:\/\/fmpatagoniamadryn.com.ar\/?p=22425"},"wordCount":264,"publisher":{"@id":"https:\/\/fmpatagoniamadryn.com.ar\/#organization"},"image":{"@id":"https:\/\/fmpatagoniamadryn.com.ar\/?p=22425#primaryimage"},"thumbnailUrl":"https:\/\/fmpatagoniamadryn.com.ar\/wp-content\/uploads\/2026\/05\/IMG_0034.png","articleSection":["Locales"],"inLanguage":"es"},{"@type":"WebPage","@id":"https:\/\/fmpatagoniamadryn.com.ar\/?p=22425","url":"https:\/\/fmpatagoniamadryn.com.ar\/?p=22425","name":"INVITAN A LA PRESENTACI\u00d3N DEL LIBRO \u201cPURA VENA\u201d EN EL TEATRO DEL MUELLE - FM Patagonia Madryn","isPartOf":{"@id":"https:\/\/fmpatagoniamadryn.com.ar\/#website"},"primaryImageOfPage":{"@id":"https:\/\/fmpatagoniamadryn.com.ar\/?p=22425#primaryimage"},"image":{"@id":"https:\/\/fmpatagoniamadryn.com.ar\/?p=22425#primaryimage"},"thumbnailUrl":"https:\/\/fmpatagoniamadryn.com.ar\/wp-content\/uploads\/2026\/05\/IMG_0034.png","datePublished":"2026-05-01T21:12:14+00:00","dateModified":"2026-05-01T21:16:36+00:00","breadcrumb":{"@id":"https:\/\/fmpatagoniamadryn.com.ar\/?p=22425#breadcrumb"},"inLanguage":"es","potentialAction":[{"@type":"ReadAction","target":["https:\/\/fmpatagoniamadryn.com.ar\/?p=22425"]}]},{"@type":"ImageObject","inLanguage":"es","@id":"https:\/\/fmpatagoniamadryn.com.ar\/?p=22425#primaryimage","url":"https:\/\/fmpatagoniamadryn.com.ar\/wp-content\/uploads\/2026\/05\/IMG_0034.png","contentUrl":"https:\/\/fmpatagoniamadryn.com.ar\/wp-content\/uploads\/2026\/05\/IMG_0034.png","width":1024,"height":768,"caption":"1,"},{"@type":"BreadcrumbList","@id":"https:\/\/fmpatagoniamadryn.com.ar\/?p=22425#breadcrumb","itemListElement":[{"@type":"ListItem","position":1,"name":"Portada","item":"https:\/\/fmpatagoniamadryn.com.ar\/"},{"@type":"ListItem","position":2,"name":"INVITAN A LA PRESENTACI\u00d3N DEL LIBRO \u201cPURA VENA\u201d EN EL TEATRO DEL MUELLE"}]},{"@type":"WebSite","@id":"https:\/\/fmpatagoniamadryn.com.ar\/#website","url":"https:\/\/fmpatagoniamadryn.com.ar\/","name":"FM Patagonia Madryn","description":"Radio Patagonia 105.5","publisher":{"@id":"https:\/\/fmpatagoniamadryn.com.ar\/#organization"},"potentialAction":[{"@type":"SearchAction","target":{"@type":"EntryPoint","urlTemplate":"https:\/\/fmpatagoniamadryn.com.ar\/?s={search_term_string}"},"query-input":{"@type":"PropertyValueSpecification","valueRequired":true,"valueName":"search_term_string"}}],"inLanguage":"es"},{"@type":"Organization","@id":"https:\/\/fmpatagoniamadryn.com.ar\/#organization","name":"FM Patagonia Madryn","url":"https:\/\/fmpatagoniamadryn.com.ar\/","logo":{"@type":"ImageObject","inLanguage":"es","@id":"https:\/\/fmpatagoniamadryn.com.ar\/#\/schema\/logo\/image\/","url":"https:\/\/fmpatagoniamadryn.com.ar\/wp-content\/uploads\/2023\/01\/cropped-Diseno-sin-titulo.png","contentUrl":"https:\/\/fmpatagoniamadryn.com.ar\/wp-content\/uploads\/2023\/01\/cropped-Diseno-sin-titulo.png","width":6911,"height":2657,"caption":"FM Patagonia Madryn"},"image":{"@id":"https:\/\/fmpatagoniamadryn.com.ar\/#\/schema\/logo\/image\/"}},{"@type":"Person","@id":"https:\/\/fmpatagoniamadryn.com.ar\/#\/schema\/person\/8a3de4ad7efceacab06c1641c50303b7","name":"FM Patagonia","url":"https:\/\/fmpatagoniamadryn.com.ar\/?author=2"}]}},"jetpack_featured_media_url":"https:\/\/fmpatagoniamadryn.com.ar\/wp-content\/uploads\/2026\/05\/IMG_0034.png","_links":{"self":[{"href":"https:\/\/fmpatagoniamadryn.com.ar\/index.php?rest_route=\/wp\/v2\/posts\/22425","targetHints":{"allow":["GET"]}}],"collection":[{"href":"https:\/\/fmpatagoniamadryn.com.ar\/index.php?rest_route=\/wp\/v2\/posts"}],"about":[{"href":"https:\/\/fmpatagoniamadryn.com.ar\/index.php?rest_route=\/wp\/v2\/types\/post"}],"author":[{"embeddable":true,"href":"https:\/\/fmpatagoniamadryn.com.ar\/index.php?rest_route=\/wp\/v2\/users\/2"}],"replies":[{"embeddable":true,"href":"https:\/\/fmpatagoniamadryn.com.ar\/index.php?rest_route=%2Fwp%2Fv2%2Fcomments&post=22425"}],"version-history":[{"count":1,"href":"https:\/\/fmpatagoniamadryn.com.ar\/index.php?rest_route=\/wp\/v2\/posts\/22425\/revisions"}],"predecessor-version":[{"id":22427,"href":"https:\/\/fmpatagoniamadryn.com.ar\/index.php?rest_route=\/wp\/v2\/posts\/22425\/revisions\/22427"}],"wp:featuredmedia":[{"embeddable":true,"href":"https:\/\/fmpatagoniamadryn.com.ar\/index.php?rest_route=\/wp\/v2\/media\/22426"}],"wp:attachment":[{"href":"https:\/\/fmpatagoniamadryn.com.ar\/index.php?rest_route=%2Fwp%2Fv2%2Fmedia&parent=22425"}],"wp:term":[{"taxonomy":"category","embeddable":true,"href":"https:\/\/fmpatagoniamadryn.com.ar\/index.php?rest_route=%2Fwp%2Fv2%2Fcategories&post=22425"},{"taxonomy":"post_tag","embeddable":true,"href":"https:\/\/fmpatagoniamadryn.com.ar\/index.php?rest_route=%2Fwp%2Fv2%2Ftags&post=22425"}],"curies":[{"name":"wp","href":"https:\/\/api.w.org\/{rel}","templated":true}]}}