{"id":2299,"date":"2023-05-04T12:47:48","date_gmt":"2023-05-04T15:47:48","guid":{"rendered":"https:\/\/fmpatagoniamadryn.com.ar\/?p=2299"},"modified":"2023-05-04T12:48:00","modified_gmt":"2023-05-04T15:48:00","slug":"ganaderia-autoridades-provinciales-y-del-inta-participaron-de-una-demostracion-de-maquinaria-para-fertilizar-suelos-en-el-virch","status":"publish","type":"post","link":"https:\/\/fmpatagoniamadryn.com.ar\/?p=2299","title":{"rendered":"Ganader\u00eda: Autoridades provinciales y del INTA participaron de una demostraci\u00f3n de maquinaria para fertilizar suelos en el VIRCh"},"content":{"rendered":"\n<p>Fue gestionada por el Gobierno de la Provincia, junto al Cl\u00faster Bovino del Valle; y adquirida con fondos del Banco Interamericano de Desarrollo (BID). <br><br>El ministro de Agricultura, Ganader\u00eda, Industria y Comercio del Chubut, Leandro Cavaco, particip\u00f3 de una demostraci\u00f3n din\u00e1mica del equipo esparcidor de enmienda org\u00e1nica, desarrollada en la chacra 254 de Bethesda (Gaiman). Luego, se realiz\u00f3 una charla t\u00e9cnica a cargo del personal de INTA. <br><br>La maquinaria fue otorgado al Cl\u00faster Bovino del Valle Inferior del R\u00edo Chubut (VIRCh), por un proyecto que se trabaj\u00f3 a trav\u00e9s de la Direcci\u00f3n de Programas y Proyectos Sectoriales y Especiales (DIPROSE) de la Naci\u00f3n, con fondos del Banco Interamericano de Desarrollo (BID). <br><br>Sinergia p\u00fablico privada <br><br>\u201cEsto significa un logro enorme por una decisi\u00f3n pol\u00edtica que se toma desde el Gobierno de la Provincia, por la fuerza y la sinergia que se logra con el sector privado, con productores del VIRCh conformados en el Cl\u00faster Bovino, que se conform\u00f3 luego de un largo trabajo. Esto que estamos viendo es el fruto de un proyecto que comenz\u00f3 hace 5 a\u00f1os y que se termin\u00f3 de concretar con la compra de las maquinas, m\u00e1s un laboratorio para el sector forrajero, que ya estar\u00e1 en funcionamiento\u201d, explic\u00f3 Cavaco. <br><br>\u201cCon esta maquinaria se puede lograr la recomposici\u00f3n de los suelos a trav\u00e9s de la distribuci\u00f3n del fertilizante org\u00e1nico, como la \u2018bosta\u2019 que producen el \u2018feed lot\u2019, si se puede devolver 20% del material que se genera por a\u00f1o a los suelos\u201d, detall\u00f3 el funcionario provincial. <br><br>\u201cEs un cierre de un proyecto de mucho tiempo, rescato el trabajo en conjunto, que le va a servir a todos los productores del Valle, porque esto es estar en l\u00ednea con la producci\u00f3n mundial, reemplazando fertilizantes sint\u00e9ticos por naturales\u201d, agreg\u00f3 el ministro Cavaco. <br><br>Salto cualitativo <br><br>Por su parte, el presidente del Cl\u00faster Bovino, Fernando L\u00f3pez Olaciregui, se\u00f1al\u00f3 que \u201cesta maquinaria es producto de varios a\u00f1os de trabajo con todos los productores, instituciones intermedias, Estado provincial y nacional, INTA; significa haber logrado un objetivo que era obtener una financiaci\u00f3n del BID para adquirir un equipo de esparcimiento de enmienda org\u00e1nica, que consta de un tractor 110 y una pala cargadora y un tractor 130 con estercolera\u201d. <br><br>\u201cEsto es un salto de calidad y cuantitativo que permite hacer 20 mil toneladas de esti\u00e9rcol por a\u00f1o desparramadas. El beneficio es para los productores ganaderos que contraten la m\u00e1quina, tenemos 320 productores en el valle que pueden acceder a ella. La concesi\u00f3n para prestar el servicio la tiene la cooperadora de INTA\u201d, indic\u00f3 L\u00f3pez Olaciregui. <br><br>Por su parte Agust\u00edn Pazos, Coordinador Plataforma de Innovaci\u00f3n Territorial de INTA explic\u00f3 el proceso participativo para adquirir esta maquinaria. \u201cSe trabaj\u00f3 en manera conjunta, se hizo un buen diagn\u00f3stico del sector ganadero del valle, y uno de los proyectos estaba vinculado a saneamiento ambiental y devolver la fertilidad a los suelos\u201d, dijo. <br><br>\u201cEl sector ganadero invierte mucho, acompa\u00f1arlos desde las instituciones, esa comuni\u00f3n que pudimos hacer del sector p\u00fablico y privado, es parte de este fruto\u201d, resalt\u00f3 Pazos. <br><br>\u201cEs un sector que produce forraje y pasto, engordando animales. Ha crecido much\u00edsimo, hace 10 a\u00f1os abastec\u00eda s\u00f3lo el 30% de la demanda provincial de carne, y hoy abastece a m\u00e1s del %0% de la demanda provincial de carne. Es una gran noticia porque son productos locales, eso genera mano de obra local, hay m\u00e1s de 800 empleos directos, sin contar la industria frigor\u00edfica,  carnicer\u00edas, y todos los que mueven medias reces\u201d, cerr\u00f3. <br><br>Cl\u00faster bovino <br><br>Es un espacio de integraci\u00f3n de instituciones, empresas y actores locales, que tiene el objetivo principal de mejorar la competitividad del sector ganadero bovino del VIRCh, y actuar sobre la cadena de producci\u00f3n de la carne. <br><br>Se trata de una estructura organizada por un equipo t\u00e9cnico, un grupo impulsor y la formaci\u00f3n de foros con participaci\u00f3n activa de los productores para promover el desarrollo competitivo de la ganader\u00eda bovina de la zona. <br><br>Desde la organizaci\u00f3n proyectan un laboratorio de forrajes y existen 3 grupos de cambio rural en fase inicial.  <br><br>&#8212;<\/p>\n","protected":false},"excerpt":{"rendered":"<p>Fue gestionada por el Gobierno de la Provincia, junto al Cl\u00faster Bovino del Valle; y adquirida con fondos del Banco Interamericano de Desarrollo (BID). El ministro de Agricultura, Ganader\u00eda, Industria&hellip; <\/p>\n","protected":false},"author":3,"featured_media":2298,"comment_status":"closed","ping_status":"closed","sticky":false,"template":"","format":"standard","meta":{"footnotes":""},"categories":[14],"tags":[],"class_list":["post-2299","post","type-post","status-publish","format-standard","has-post-thumbnail","hentry","category-provinciales"],"yoast_head":"<!-- This site is optimized with the Yoast SEO plugin v27.4 - https:\/\/yoast.com\/product\/yoast-seo-wordpress\/ -->\n<title>Ganader\u00eda: Autoridades provinciales y del INTA participaron de una demostraci\u00f3n de maquinaria para fertilizar suelos en el VIRCh - FM Patagonia Madryn<\/title>\n<meta name=\"robots\" content=\"index, follow, max-snippet:-1, max-image-preview:large, max-video-preview:-1\" \/>\n<link rel=\"canonical\" href=\"https:\/\/fmpatagoniamadryn.com.ar\/?p=2299\" \/>\n<meta property=\"og:locale\" content=\"es_ES\" \/>\n<meta property=\"og:type\" content=\"article\" \/>\n<meta property=\"og:title\" content=\"Ganader\u00eda: Autoridades provinciales y del INTA participaron de una demostraci\u00f3n de maquinaria para fertilizar suelos en el VIRCh - FM Patagonia Madryn\" \/>\n<meta property=\"og:description\" content=\"Fue gestionada por el Gobierno de la Provincia, junto al Cl\u00faster Bovino del Valle; y adquirida con fondos del Banco Interamericano de Desarrollo (BID). El ministro de Agricultura, Ganader\u00eda, Industria&hellip;\" \/>\n<meta property=\"og:url\" content=\"https:\/\/fmpatagoniamadryn.com.ar\/?p=2299\" \/>\n<meta property=\"og:site_name\" content=\"FM Patagonia Madryn\" \/>\n<meta property=\"article:published_time\" content=\"2023-05-04T15:47:48+00:00\" \/>\n<meta property=\"article:modified_time\" content=\"2023-05-04T15:48:00+00:00\" \/>\n<meta property=\"og:image\" content=\"https:\/\/fmpatagoniamadryn.com.ar\/wp-content\/uploads\/2023\/05\/demostracion-de-maquinaria-para-fertilizar-suelos-en-el-VIRCh-2.jpeg\" \/>\n\t<meta property=\"og:image:width\" content=\"1600\" \/>\n\t<meta property=\"og:image:height\" content=\"1063\" \/>\n\t<meta property=\"og:image:type\" content=\"image\/jpeg\" \/>\n<meta name=\"author\" content=\"FM Patagonia\" \/>\n<meta name=\"twitter:card\" content=\"summary_large_image\" \/>\n<meta name=\"twitter:label1\" content=\"Escrito por\" \/>\n\t<meta name=\"twitter:data1\" content=\"FM Patagonia\" \/>\n\t<meta name=\"twitter:label2\" content=\"Tiempo de lectura\" \/>\n\t<meta name=\"twitter:data2\" content=\"4 minutos\" \/>\n<script type=\"application\/ld+json\" class=\"yoast-schema-graph\">{\"@context\":\"https:\\\/\\\/schema.org\",\"@graph\":[{\"@type\":\"Article\",\"@id\":\"https:\\\/\\\/fmpatagoniamadryn.com.ar\\\/?p=2299#article\",\"isPartOf\":{\"@id\":\"https:\\\/\\\/fmpatagoniamadryn.com.ar\\\/?p=2299\"},\"author\":{\"name\":\"FM Patagonia\",\"@id\":\"https:\\\/\\\/fmpatagoniamadryn.com.ar\\\/#\\\/schema\\\/person\\\/1d968ec613613768e14b4e6420a2b125\"},\"headline\":\"Ganader\u00eda: Autoridades provinciales y del INTA participaron de una demostraci\u00f3n de maquinaria para fertilizar suelos en el VIRCh\",\"datePublished\":\"2023-05-04T15:47:48+00:00\",\"dateModified\":\"2023-05-04T15:48:00+00:00\",\"mainEntityOfPage\":{\"@id\":\"https:\\\/\\\/fmpatagoniamadryn.com.ar\\\/?p=2299\"},\"wordCount\":732,\"publisher\":{\"@id\":\"https:\\\/\\\/fmpatagoniamadryn.com.ar\\\/#organization\"},\"image\":{\"@id\":\"https:\\\/\\\/fmpatagoniamadryn.com.ar\\\/?p=2299#primaryimage\"},\"thumbnailUrl\":\"https:\\\/\\\/fmpatagoniamadryn.com.ar\\\/wp-content\\\/uploads\\\/2023\\\/05\\\/demostracion-de-maquinaria-para-fertilizar-suelos-en-el-VIRCh-2.jpeg\",\"articleSection\":[\"Provinciales\"],\"inLanguage\":\"es\"},{\"@type\":\"WebPage\",\"@id\":\"https:\\\/\\\/fmpatagoniamadryn.com.ar\\\/?p=2299\",\"url\":\"https:\\\/\\\/fmpatagoniamadryn.com.ar\\\/?p=2299\",\"name\":\"Ganader\u00eda: Autoridades provinciales y del INTA participaron de una demostraci\u00f3n de maquinaria para fertilizar suelos en el VIRCh - FM Patagonia Madryn\",\"isPartOf\":{\"@id\":\"https:\\\/\\\/fmpatagoniamadryn.com.ar\\\/#website\"},\"primaryImageOfPage\":{\"@id\":\"https:\\\/\\\/fmpatagoniamadryn.com.ar\\\/?p=2299#primaryimage\"},\"image\":{\"@id\":\"https:\\\/\\\/fmpatagoniamadryn.com.ar\\\/?p=2299#primaryimage\"},\"thumbnailUrl\":\"https:\\\/\\\/fmpatagoniamadryn.com.ar\\\/wp-content\\\/uploads\\\/2023\\\/05\\\/demostracion-de-maquinaria-para-fertilizar-suelos-en-el-VIRCh-2.jpeg\",\"datePublished\":\"2023-05-04T15:47:48+00:00\",\"dateModified\":\"2023-05-04T15:48:00+00:00\",\"breadcrumb\":{\"@id\":\"https:\\\/\\\/fmpatagoniamadryn.com.ar\\\/?p=2299#breadcrumb\"},\"inLanguage\":\"es\",\"potentialAction\":[{\"@type\":\"ReadAction\",\"target\":[\"https:\\\/\\\/fmpatagoniamadryn.com.ar\\\/?p=2299\"]}]},{\"@type\":\"ImageObject\",\"inLanguage\":\"es\",\"@id\":\"https:\\\/\\\/fmpatagoniamadryn.com.ar\\\/?p=2299#primaryimage\",\"url\":\"https:\\\/\\\/fmpatagoniamadryn.com.ar\\\/wp-content\\\/uploads\\\/2023\\\/05\\\/demostracion-de-maquinaria-para-fertilizar-suelos-en-el-VIRCh-2.jpeg\",\"contentUrl\":\"https:\\\/\\\/fmpatagoniamadryn.com.ar\\\/wp-content\\\/uploads\\\/2023\\\/05\\\/demostracion-de-maquinaria-para-fertilizar-suelos-en-el-VIRCh-2.jpeg\",\"width\":1600,\"height\":1063},{\"@type\":\"BreadcrumbList\",\"@id\":\"https:\\\/\\\/fmpatagoniamadryn.com.ar\\\/?p=2299#breadcrumb\",\"itemListElement\":[{\"@type\":\"ListItem\",\"position\":1,\"name\":\"Portada\",\"item\":\"https:\\\/\\\/fmpatagoniamadryn.com.ar\\\/\"},{\"@type\":\"ListItem\",\"position\":2,\"name\":\"Ganader\u00eda: Autoridades provinciales y del INTA participaron de una demostraci\u00f3n de maquinaria para fertilizar suelos en el VIRCh\"}]},{\"@type\":\"WebSite\",\"@id\":\"https:\\\/\\\/fmpatagoniamadryn.com.ar\\\/#website\",\"url\":\"https:\\\/\\\/fmpatagoniamadryn.com.ar\\\/\",\"name\":\"FM Patagonia Madryn\",\"description\":\"Radio Patagonia 105.5\",\"publisher\":{\"@id\":\"https:\\\/\\\/fmpatagoniamadryn.com.ar\\\/#organization\"},\"potentialAction\":[{\"@type\":\"SearchAction\",\"target\":{\"@type\":\"EntryPoint\",\"urlTemplate\":\"https:\\\/\\\/fmpatagoniamadryn.com.ar\\\/?s={search_term_string}\"},\"query-input\":{\"@type\":\"PropertyValueSpecification\",\"valueRequired\":true,\"valueName\":\"search_term_string\"}}],\"inLanguage\":\"es\"},{\"@type\":\"Organization\",\"@id\":\"https:\\\/\\\/fmpatagoniamadryn.com.ar\\\/#organization\",\"name\":\"FM Patagonia Madryn\",\"url\":\"https:\\\/\\\/fmpatagoniamadryn.com.ar\\\/\",\"logo\":{\"@type\":\"ImageObject\",\"inLanguage\":\"es\",\"@id\":\"https:\\\/\\\/fmpatagoniamadryn.com.ar\\\/#\\\/schema\\\/logo\\\/image\\\/\",\"url\":\"https:\\\/\\\/fmpatagoniamadryn.com.ar\\\/wp-content\\\/uploads\\\/2023\\\/01\\\/cropped-Diseno-sin-titulo.png\",\"contentUrl\":\"https:\\\/\\\/fmpatagoniamadryn.com.ar\\\/wp-content\\\/uploads\\\/2023\\\/01\\\/cropped-Diseno-sin-titulo.png\",\"width\":6911,\"height\":2657,\"caption\":\"FM Patagonia Madryn\"},\"image\":{\"@id\":\"https:\\\/\\\/fmpatagoniamadryn.com.ar\\\/#\\\/schema\\\/logo\\\/image\\\/\"}},{\"@type\":\"Person\",\"@id\":\"https:\\\/\\\/fmpatagoniamadryn.com.ar\\\/#\\\/schema\\\/person\\\/1d968ec613613768e14b4e6420a2b125\",\"name\":\"FM Patagonia\",\"url\":\"https:\\\/\\\/fmpatagoniamadryn.com.ar\\\/?author=3\"}]}<\/script>\n<!-- \/ Yoast SEO plugin. -->","yoast_head_json":{"title":"Ganader\u00eda: Autoridades provinciales y del INTA participaron de una demostraci\u00f3n de maquinaria para fertilizar suelos en el VIRCh - FM Patagonia Madryn","robots":{"index":"index","follow":"follow","max-snippet":"max-snippet:-1","max-image-preview":"max-image-preview:large","max-video-preview":"max-video-preview:-1"},"canonical":"https:\/\/fmpatagoniamadryn.com.ar\/?p=2299","og_locale":"es_ES","og_type":"article","og_title":"Ganader\u00eda: Autoridades provinciales y del INTA participaron de una demostraci\u00f3n de maquinaria para fertilizar suelos en el VIRCh - FM Patagonia Madryn","og_description":"Fue gestionada por el Gobierno de la Provincia, junto al Cl\u00faster Bovino del Valle; y adquirida con fondos del Banco Interamericano de Desarrollo (BID). El ministro de Agricultura, Ganader\u00eda, Industria&hellip;","og_url":"https:\/\/fmpatagoniamadryn.com.ar\/?p=2299","og_site_name":"FM Patagonia Madryn","article_published_time":"2023-05-04T15:47:48+00:00","article_modified_time":"2023-05-04T15:48:00+00:00","og_image":[{"width":1600,"height":1063,"url":"https:\/\/fmpatagoniamadryn.com.ar\/wp-content\/uploads\/2023\/05\/demostracion-de-maquinaria-para-fertilizar-suelos-en-el-VIRCh-2.jpeg","type":"image\/jpeg"}],"author":"FM Patagonia","twitter_card":"summary_large_image","twitter_misc":{"Escrito por":"FM Patagonia","Tiempo de lectura":"4 minutos"},"schema":{"@context":"https:\/\/schema.org","@graph":[{"@type":"Article","@id":"https:\/\/fmpatagoniamadryn.com.ar\/?p=2299#article","isPartOf":{"@id":"https:\/\/fmpatagoniamadryn.com.ar\/?p=2299"},"author":{"name":"FM Patagonia","@id":"https:\/\/fmpatagoniamadryn.com.ar\/#\/schema\/person\/1d968ec613613768e14b4e6420a2b125"},"headline":"Ganader\u00eda: Autoridades provinciales y del INTA participaron de una demostraci\u00f3n de maquinaria para fertilizar suelos en el VIRCh","datePublished":"2023-05-04T15:47:48+00:00","dateModified":"2023-05-04T15:48:00+00:00","mainEntityOfPage":{"@id":"https:\/\/fmpatagoniamadryn.com.ar\/?p=2299"},"wordCount":732,"publisher":{"@id":"https:\/\/fmpatagoniamadryn.com.ar\/#organization"},"image":{"@id":"https:\/\/fmpatagoniamadryn.com.ar\/?p=2299#primaryimage"},"thumbnailUrl":"https:\/\/fmpatagoniamadryn.com.ar\/wp-content\/uploads\/2023\/05\/demostracion-de-maquinaria-para-fertilizar-suelos-en-el-VIRCh-2.jpeg","articleSection":["Provinciales"],"inLanguage":"es"},{"@type":"WebPage","@id":"https:\/\/fmpatagoniamadryn.com.ar\/?p=2299","url":"https:\/\/fmpatagoniamadryn.com.ar\/?p=2299","name":"Ganader\u00eda: Autoridades provinciales y del INTA participaron de una demostraci\u00f3n de maquinaria para fertilizar suelos en el VIRCh - FM Patagonia Madryn","isPartOf":{"@id":"https:\/\/fmpatagoniamadryn.com.ar\/#website"},"primaryImageOfPage":{"@id":"https:\/\/fmpatagoniamadryn.com.ar\/?p=2299#primaryimage"},"image":{"@id":"https:\/\/fmpatagoniamadryn.com.ar\/?p=2299#primaryimage"},"thumbnailUrl":"https:\/\/fmpatagoniamadryn.com.ar\/wp-content\/uploads\/2023\/05\/demostracion-de-maquinaria-para-fertilizar-suelos-en-el-VIRCh-2.jpeg","datePublished":"2023-05-04T15:47:48+00:00","dateModified":"2023-05-04T15:48:00+00:00","breadcrumb":{"@id":"https:\/\/fmpatagoniamadryn.com.ar\/?p=2299#breadcrumb"},"inLanguage":"es","potentialAction":[{"@type":"ReadAction","target":["https:\/\/fmpatagoniamadryn.com.ar\/?p=2299"]}]},{"@type":"ImageObject","inLanguage":"es","@id":"https:\/\/fmpatagoniamadryn.com.ar\/?p=2299#primaryimage","url":"https:\/\/fmpatagoniamadryn.com.ar\/wp-content\/uploads\/2023\/05\/demostracion-de-maquinaria-para-fertilizar-suelos-en-el-VIRCh-2.jpeg","contentUrl":"https:\/\/fmpatagoniamadryn.com.ar\/wp-content\/uploads\/2023\/05\/demostracion-de-maquinaria-para-fertilizar-suelos-en-el-VIRCh-2.jpeg","width":1600,"height":1063},{"@type":"BreadcrumbList","@id":"https:\/\/fmpatagoniamadryn.com.ar\/?p=2299#breadcrumb","itemListElement":[{"@type":"ListItem","position":1,"name":"Portada","item":"https:\/\/fmpatagoniamadryn.com.ar\/"},{"@type":"ListItem","position":2,"name":"Ganader\u00eda: Autoridades provinciales y del INTA participaron de una demostraci\u00f3n de maquinaria para fertilizar suelos en el VIRCh"}]},{"@type":"WebSite","@id":"https:\/\/fmpatagoniamadryn.com.ar\/#website","url":"https:\/\/fmpatagoniamadryn.com.ar\/","name":"FM Patagonia Madryn","description":"Radio Patagonia 105.5","publisher":{"@id":"https:\/\/fmpatagoniamadryn.com.ar\/#organization"},"potentialAction":[{"@type":"SearchAction","target":{"@type":"EntryPoint","urlTemplate":"https:\/\/fmpatagoniamadryn.com.ar\/?s={search_term_string}"},"query-input":{"@type":"PropertyValueSpecification","valueRequired":true,"valueName":"search_term_string"}}],"inLanguage":"es"},{"@type":"Organization","@id":"https:\/\/fmpatagoniamadryn.com.ar\/#organization","name":"FM Patagonia Madryn","url":"https:\/\/fmpatagoniamadryn.com.ar\/","logo":{"@type":"ImageObject","inLanguage":"es","@id":"https:\/\/fmpatagoniamadryn.com.ar\/#\/schema\/logo\/image\/","url":"https:\/\/fmpatagoniamadryn.com.ar\/wp-content\/uploads\/2023\/01\/cropped-Diseno-sin-titulo.png","contentUrl":"https:\/\/fmpatagoniamadryn.com.ar\/wp-content\/uploads\/2023\/01\/cropped-Diseno-sin-titulo.png","width":6911,"height":2657,"caption":"FM Patagonia Madryn"},"image":{"@id":"https:\/\/fmpatagoniamadryn.com.ar\/#\/schema\/logo\/image\/"}},{"@type":"Person","@id":"https:\/\/fmpatagoniamadryn.com.ar\/#\/schema\/person\/1d968ec613613768e14b4e6420a2b125","name":"FM Patagonia","url":"https:\/\/fmpatagoniamadryn.com.ar\/?author=3"}]}},"jetpack_featured_media_url":"https:\/\/fmpatagoniamadryn.com.ar\/wp-content\/uploads\/2023\/05\/demostracion-de-maquinaria-para-fertilizar-suelos-en-el-VIRCh-2.jpeg","_links":{"self":[{"href":"https:\/\/fmpatagoniamadryn.com.ar\/index.php?rest_route=\/wp\/v2\/posts\/2299","targetHints":{"allow":["GET"]}}],"collection":[{"href":"https:\/\/fmpatagoniamadryn.com.ar\/index.php?rest_route=\/wp\/v2\/posts"}],"about":[{"href":"https:\/\/fmpatagoniamadryn.com.ar\/index.php?rest_route=\/wp\/v2\/types\/post"}],"author":[{"embeddable":true,"href":"https:\/\/fmpatagoniamadryn.com.ar\/index.php?rest_route=\/wp\/v2\/users\/3"}],"replies":[{"embeddable":true,"href":"https:\/\/fmpatagoniamadryn.com.ar\/index.php?rest_route=%2Fwp%2Fv2%2Fcomments&post=2299"}],"version-history":[{"count":1,"href":"https:\/\/fmpatagoniamadryn.com.ar\/index.php?rest_route=\/wp\/v2\/posts\/2299\/revisions"}],"predecessor-version":[{"id":2300,"href":"https:\/\/fmpatagoniamadryn.com.ar\/index.php?rest_route=\/wp\/v2\/posts\/2299\/revisions\/2300"}],"wp:featuredmedia":[{"embeddable":true,"href":"https:\/\/fmpatagoniamadryn.com.ar\/index.php?rest_route=\/wp\/v2\/media\/2298"}],"wp:attachment":[{"href":"https:\/\/fmpatagoniamadryn.com.ar\/index.php?rest_route=%2Fwp%2Fv2%2Fmedia&parent=2299"}],"wp:term":[{"taxonomy":"category","embeddable":true,"href":"https:\/\/fmpatagoniamadryn.com.ar\/index.php?rest_route=%2Fwp%2Fv2%2Fcategories&post=2299"},{"taxonomy":"post_tag","embeddable":true,"href":"https:\/\/fmpatagoniamadryn.com.ar\/index.php?rest_route=%2Fwp%2Fv2%2Ftags&post=2299"}],"curies":[{"name":"wp","href":"https:\/\/api.w.org\/{rel}","templated":true}]}}