{"id":2302,"date":"2023-05-04T12:49:26","date_gmt":"2023-05-04T15:49:26","guid":{"rendered":"https:\/\/fmpatagoniamadryn.com.ar\/?p=2302"},"modified":"2023-05-04T12:49:35","modified_gmt":"2023-05-04T15:49:35","slug":"provincia-recuerda-que-se-encuentra-abierta-la-convocatoria-a-las-residencias-del-equipo-de-salud-2023","status":"publish","type":"post","link":"https:\/\/fmpatagoniamadryn.com.ar\/?p=2302","title":{"rendered":"Provincia recuerda que se encuentra abierta la convocatoria a las \u201cResidencias del Equipo de Salud 2023\u201d"},"content":{"rendered":"\n<p>El llamado est\u00e1 dirigido a m\u00e9dicos y profesionales de la salud de todo el pa\u00eds. Las preinscripciones abrieron el martes 2 de mayo, se extender\u00e1n hasta el mi\u00e9rcoles 24 pr\u00f3ximo, y podr\u00e1n efectuarse de manera online a trav\u00e9s de la web. <br><br>El Gobierno del Chubut, a trav\u00e9s del Ministerio de Salud provincial, recuerda que se encuentra abierta la convocatoria a m\u00e9dicos\/as y otros profesionales de la salud de todo el pa\u00eds, para que participen del Concurso para cubrir los 69 cargos disponibles en las \u201cResidencias del Equipo de Salud de Chubut 2023\u201d, cuyas preinscripciones abrieron este martes 2 de mayo y se extender\u00e1n hasta el mi\u00e9rcoles 24 pr\u00f3ximo. <br><br>Las especialidades, que se cursar\u00e1n en los Hospitales de Comodoro Rivadavia, Trelew, Puerto Madryn, Esquel, Rawson, Sarmiento y El Mait\u00e9n, son: Medicina General, Pediatr\u00eda, Cirug\u00eda General, Cl\u00ednica M\u00e9dica, Emergentolog\u00eda, Terapia Intensiva, Tocoginecolog\u00eda, Ortopedia y Traumatolog\u00eda, Neonatolog\u00eda, Neonatolog\u00eda Postb\u00e1sica, Neumonolog\u00eda, Salud Mental Comunitaria, Salud P\u00fablica, Enfermer\u00eda en Cuidados Cr\u00edticos y Epidemiolog\u00eda. <br><br>Inscripci\u00f3n, examen y entrevistas <br><br>El per\u00edodo de preinscripci\u00f3n al concurso se extender\u00e1 hasta el 24 de mayo pr\u00f3ximo, y se podr\u00e1 realizar de manera online a trav\u00e9s del siguiente sitio web del Ministerio de Salud de la Naci\u00f3n: https:\/\/sisa.msal.gov.ar\/sisa\/ <br><br>Durante ese tiempo tambi\u00e9n se efectuar\u00e1 la inscripci\u00f3n formal, luego de que los y las concursantes cumplan con la presentaci\u00f3n de la documentaci\u00f3n solicitada. <br><br>La documentaci\u00f3n que se solicita como as\u00ed tambi\u00e9n otra informaci\u00f3n importante (cronograma, especialidades y cargos disponibles, y bibliograf\u00eda), se encuentra disponible en la p\u00e1gina web del Ministerio de Salud provincial: http:\/\/ministeriodesalud.chubut.gov.ar\/residence <br><br>Es importante remarcar que el Examen \u00danico se tomar\u00e1 de manera presencial el d\u00eda mi\u00e9rcoles 28 de junio pr\u00f3ximo, a las 8:00 horas, en Rawson, la ciudad aut\u00f3noma de Buenos Aires y las sedes habilitadas para rendirlo en cada una de las provincias. <br><br>En el caso de la capital provincial, se desarrollar\u00e1 en las instalaciones del Tribunal de Cuentas, ubicado en calle Don Bosco N\u00b0 237. Luego de ello, las entrevistas personales a los postulantes se llevar\u00e1n a cabo tambi\u00e9n de manera online o presencial, en d\u00edas y horarios a confirmar. <br><br>Beneficios <br><br>A la hora de realizar este nuevo llamado, el Ministerio de Salud provincial destaca los beneficios que recibir\u00e1n los profesionales que se formen como especialistas en Chubut: espacios formativos con reconocimiento y acreditaci\u00f3n por parte del Ministerio de Salud de la Naci\u00f3n; condiciones de cursada y de trabajo acordes a las normativas actuales y adecuadas para la capacitaci\u00f3n en servicio; inserci\u00f3n laboral asegurada una vez finalizada la residencia (reserva del cargo); y, finalmente, reconocimiento de la antig\u00fcedad al momento del pase a planta, lo cual representa una mayor categor\u00eda en la carrera sanitaria.<br><br>Adem\u00e1s, ser\u00e1n garantizados tambi\u00e9n todos los beneficios sociales (obra social, jubilaci\u00f3n, ART y seguros de vida). <br><br>Salud Mental Comunitaria, Salud P\u00fablica, Enfermer\u00eda en Cuidados Cr\u00edticos y Epidemiolog\u00eda <br><br>Por otra parte, el Ministerio de Salud informa que la Residencia en Salud Mental Comunitaria est\u00e1 abierta exclusivamente a profesionales de grado de las disciplinas Trabajo Social, Psicolog\u00eda, Musicoterapia, Terapia Ocupacional y Enfermer\u00eda. <br><br>A su vez, las Residencias en Salud P\u00fablica y Enfermer\u00eda en Cuidados Cr\u00edticos se encuentran dirigidas \u00fanicamente a licenciados en Enfermer\u00eda, mientras que a la Residencia en Epidemiolog\u00eda podr\u00e1n acceder profesionales de grado de las disciplinas de Medicina, Psicolog\u00eda, Bioqu\u00edmica, Nutrici\u00f3n, Biolog\u00eda, Odontolog\u00eda, Trabajo Social, Sociolog\u00eda, Antropolog\u00eda, Veterinaria y Enfermer\u00eda. <br><br>M\u00e1s informaci\u00f3n <br><br>Para obtener m\u00e1s informaci\u00f3n, los interesados pueden comunicarse con el Departamento Provincial de Residencias del Equipo de Salud del Ministerio de Salud del Chubut, ubicado en calle Mariano Moreno N\u00b0 555 de Rawson, a los tel\u00e9fonos (0280) 4484125, interno 170, y (0280) 154728045; o el correo electr\u00f3nico info.residenciaschubut@gmail.com. <br><br>Tambi\u00e9n pueden consultar el sitio de Facebook \u201cResidencias Salud Chubut\u201d o la p\u00e1gina web del Ministerio de Salud provincial: http:\/\/ministeriodesalud.chubut.gov.ar\/residence<\/p>\n","protected":false},"excerpt":{"rendered":"<p>El llamado est\u00e1 dirigido a m\u00e9dicos y profesionales de la salud de todo el pa\u00eds. Las preinscripciones abrieron el martes 2 de mayo, se extender\u00e1n hasta el mi\u00e9rcoles 24 pr\u00f3ximo,&hellip; <\/p>\n","protected":false},"author":3,"featured_media":2301,"comment_status":"closed","ping_status":"closed","sticky":false,"template":"","format":"standard","meta":{"footnotes":""},"categories":[14],"tags":[],"class_list":["post-2302","post","type-post","status-publish","format-standard","has-post-thumbnail","hentry","category-provinciales"],"yoast_head":"<!-- This site is optimized with the Yoast SEO plugin v27.4 - https:\/\/yoast.com\/product\/yoast-seo-wordpress\/ -->\n<title>Provincia recuerda que se encuentra abierta la convocatoria a las \u201cResidencias del Equipo de Salud 2023\u201d - FM Patagonia Madryn<\/title>\n<meta name=\"robots\" content=\"index, follow, max-snippet:-1, max-image-preview:large, max-video-preview:-1\" \/>\n<link rel=\"canonical\" href=\"https:\/\/fmpatagoniamadryn.com.ar\/?p=2302\" \/>\n<meta property=\"og:locale\" content=\"es_ES\" \/>\n<meta property=\"og:type\" content=\"article\" \/>\n<meta property=\"og:title\" content=\"Provincia recuerda que se encuentra abierta la convocatoria a las \u201cResidencias del Equipo de Salud 2023\u201d - FM Patagonia Madryn\" \/>\n<meta property=\"og:description\" content=\"El llamado est\u00e1 dirigido a m\u00e9dicos y profesionales de la salud de todo el pa\u00eds. Las preinscripciones abrieron el martes 2 de mayo, se extender\u00e1n hasta el mi\u00e9rcoles 24 pr\u00f3ximo,&hellip;\" \/>\n<meta property=\"og:url\" content=\"https:\/\/fmpatagoniamadryn.com.ar\/?p=2302\" \/>\n<meta property=\"og:site_name\" content=\"FM Patagonia Madryn\" \/>\n<meta property=\"article:published_time\" content=\"2023-05-04T15:49:26+00:00\" \/>\n<meta property=\"article:modified_time\" content=\"2023-05-04T15:49:35+00:00\" \/>\n<meta property=\"og:image\" content=\"https:\/\/fmpatagoniamadryn.com.ar\/wp-content\/uploads\/2023\/05\/Provincia-recuerda-que-se-encuentra-abierta-la-convocatoria-a-las-Residencias-del-Equipo-de-Salud-2023.jpg\" \/>\n\t<meta property=\"og:image:width\" content=\"1270\" \/>\n\t<meta property=\"og:image:height\" content=\"715\" \/>\n\t<meta property=\"og:image:type\" content=\"image\/jpeg\" \/>\n<meta name=\"author\" content=\"FM Patagonia\" \/>\n<meta name=\"twitter:card\" content=\"summary_large_image\" \/>\n<meta name=\"twitter:label1\" content=\"Escrito por\" \/>\n\t<meta name=\"twitter:data1\" content=\"FM Patagonia\" \/>\n\t<meta name=\"twitter:label2\" content=\"Tiempo de lectura\" \/>\n\t<meta name=\"twitter:data2\" content=\"4 minutos\" \/>\n<script type=\"application\/ld+json\" class=\"yoast-schema-graph\">{\"@context\":\"https:\\\/\\\/schema.org\",\"@graph\":[{\"@type\":\"Article\",\"@id\":\"https:\\\/\\\/fmpatagoniamadryn.com.ar\\\/?p=2302#article\",\"isPartOf\":{\"@id\":\"https:\\\/\\\/fmpatagoniamadryn.com.ar\\\/?p=2302\"},\"author\":{\"name\":\"FM Patagonia\",\"@id\":\"https:\\\/\\\/fmpatagoniamadryn.com.ar\\\/#\\\/schema\\\/person\\\/1d968ec613613768e14b4e6420a2b125\"},\"headline\":\"Provincia recuerda que se encuentra abierta la convocatoria a las \u201cResidencias del Equipo de Salud 2023\u201d\",\"datePublished\":\"2023-05-04T15:49:26+00:00\",\"dateModified\":\"2023-05-04T15:49:35+00:00\",\"mainEntityOfPage\":{\"@id\":\"https:\\\/\\\/fmpatagoniamadryn.com.ar\\\/?p=2302\"},\"wordCount\":726,\"publisher\":{\"@id\":\"https:\\\/\\\/fmpatagoniamadryn.com.ar\\\/#organization\"},\"image\":{\"@id\":\"https:\\\/\\\/fmpatagoniamadryn.com.ar\\\/?p=2302#primaryimage\"},\"thumbnailUrl\":\"https:\\\/\\\/fmpatagoniamadryn.com.ar\\\/wp-content\\\/uploads\\\/2023\\\/05\\\/Provincia-recuerda-que-se-encuentra-abierta-la-convocatoria-a-las-Residencias-del-Equipo-de-Salud-2023.jpg\",\"articleSection\":[\"Provinciales\"],\"inLanguage\":\"es\"},{\"@type\":\"WebPage\",\"@id\":\"https:\\\/\\\/fmpatagoniamadryn.com.ar\\\/?p=2302\",\"url\":\"https:\\\/\\\/fmpatagoniamadryn.com.ar\\\/?p=2302\",\"name\":\"Provincia recuerda que se encuentra abierta la convocatoria a las \u201cResidencias del Equipo de Salud 2023\u201d - FM Patagonia Madryn\",\"isPartOf\":{\"@id\":\"https:\\\/\\\/fmpatagoniamadryn.com.ar\\\/#website\"},\"primaryImageOfPage\":{\"@id\":\"https:\\\/\\\/fmpatagoniamadryn.com.ar\\\/?p=2302#primaryimage\"},\"image\":{\"@id\":\"https:\\\/\\\/fmpatagoniamadryn.com.ar\\\/?p=2302#primaryimage\"},\"thumbnailUrl\":\"https:\\\/\\\/fmpatagoniamadryn.com.ar\\\/wp-content\\\/uploads\\\/2023\\\/05\\\/Provincia-recuerda-que-se-encuentra-abierta-la-convocatoria-a-las-Residencias-del-Equipo-de-Salud-2023.jpg\",\"datePublished\":\"2023-05-04T15:49:26+00:00\",\"dateModified\":\"2023-05-04T15:49:35+00:00\",\"breadcrumb\":{\"@id\":\"https:\\\/\\\/fmpatagoniamadryn.com.ar\\\/?p=2302#breadcrumb\"},\"inLanguage\":\"es\",\"potentialAction\":[{\"@type\":\"ReadAction\",\"target\":[\"https:\\\/\\\/fmpatagoniamadryn.com.ar\\\/?p=2302\"]}]},{\"@type\":\"ImageObject\",\"inLanguage\":\"es\",\"@id\":\"https:\\\/\\\/fmpatagoniamadryn.com.ar\\\/?p=2302#primaryimage\",\"url\":\"https:\\\/\\\/fmpatagoniamadryn.com.ar\\\/wp-content\\\/uploads\\\/2023\\\/05\\\/Provincia-recuerda-que-se-encuentra-abierta-la-convocatoria-a-las-Residencias-del-Equipo-de-Salud-2023.jpg\",\"contentUrl\":\"https:\\\/\\\/fmpatagoniamadryn.com.ar\\\/wp-content\\\/uploads\\\/2023\\\/05\\\/Provincia-recuerda-que-se-encuentra-abierta-la-convocatoria-a-las-Residencias-del-Equipo-de-Salud-2023.jpg\",\"width\":1270,\"height\":715},{\"@type\":\"BreadcrumbList\",\"@id\":\"https:\\\/\\\/fmpatagoniamadryn.com.ar\\\/?p=2302#breadcrumb\",\"itemListElement\":[{\"@type\":\"ListItem\",\"position\":1,\"name\":\"Portada\",\"item\":\"https:\\\/\\\/fmpatagoniamadryn.com.ar\\\/\"},{\"@type\":\"ListItem\",\"position\":2,\"name\":\"Provincia recuerda que se encuentra abierta la convocatoria a las \u201cResidencias del Equipo de Salud 2023\u201d\"}]},{\"@type\":\"WebSite\",\"@id\":\"https:\\\/\\\/fmpatagoniamadryn.com.ar\\\/#website\",\"url\":\"https:\\\/\\\/fmpatagoniamadryn.com.ar\\\/\",\"name\":\"FM Patagonia Madryn\",\"description\":\"Radio Patagonia 105.5\",\"publisher\":{\"@id\":\"https:\\\/\\\/fmpatagoniamadryn.com.ar\\\/#organization\"},\"potentialAction\":[{\"@type\":\"SearchAction\",\"target\":{\"@type\":\"EntryPoint\",\"urlTemplate\":\"https:\\\/\\\/fmpatagoniamadryn.com.ar\\\/?s={search_term_string}\"},\"query-input\":{\"@type\":\"PropertyValueSpecification\",\"valueRequired\":true,\"valueName\":\"search_term_string\"}}],\"inLanguage\":\"es\"},{\"@type\":\"Organization\",\"@id\":\"https:\\\/\\\/fmpatagoniamadryn.com.ar\\\/#organization\",\"name\":\"FM Patagonia Madryn\",\"url\":\"https:\\\/\\\/fmpatagoniamadryn.com.ar\\\/\",\"logo\":{\"@type\":\"ImageObject\",\"inLanguage\":\"es\",\"@id\":\"https:\\\/\\\/fmpatagoniamadryn.com.ar\\\/#\\\/schema\\\/logo\\\/image\\\/\",\"url\":\"https:\\\/\\\/fmpatagoniamadryn.com.ar\\\/wp-content\\\/uploads\\\/2023\\\/01\\\/cropped-Diseno-sin-titulo.png\",\"contentUrl\":\"https:\\\/\\\/fmpatagoniamadryn.com.ar\\\/wp-content\\\/uploads\\\/2023\\\/01\\\/cropped-Diseno-sin-titulo.png\",\"width\":6911,\"height\":2657,\"caption\":\"FM Patagonia Madryn\"},\"image\":{\"@id\":\"https:\\\/\\\/fmpatagoniamadryn.com.ar\\\/#\\\/schema\\\/logo\\\/image\\\/\"}},{\"@type\":\"Person\",\"@id\":\"https:\\\/\\\/fmpatagoniamadryn.com.ar\\\/#\\\/schema\\\/person\\\/1d968ec613613768e14b4e6420a2b125\",\"name\":\"FM Patagonia\",\"url\":\"https:\\\/\\\/fmpatagoniamadryn.com.ar\\\/?author=3\"}]}<\/script>\n<!-- \/ Yoast SEO plugin. -->","yoast_head_json":{"title":"Provincia recuerda que se encuentra abierta la convocatoria a las \u201cResidencias del Equipo de Salud 2023\u201d - FM Patagonia Madryn","robots":{"index":"index","follow":"follow","max-snippet":"max-snippet:-1","max-image-preview":"max-image-preview:large","max-video-preview":"max-video-preview:-1"},"canonical":"https:\/\/fmpatagoniamadryn.com.ar\/?p=2302","og_locale":"es_ES","og_type":"article","og_title":"Provincia recuerda que se encuentra abierta la convocatoria a las \u201cResidencias del Equipo de Salud 2023\u201d - FM Patagonia Madryn","og_description":"El llamado est\u00e1 dirigido a m\u00e9dicos y profesionales de la salud de todo el pa\u00eds. Las preinscripciones abrieron el martes 2 de mayo, se extender\u00e1n hasta el mi\u00e9rcoles 24 pr\u00f3ximo,&hellip;","og_url":"https:\/\/fmpatagoniamadryn.com.ar\/?p=2302","og_site_name":"FM Patagonia Madryn","article_published_time":"2023-05-04T15:49:26+00:00","article_modified_time":"2023-05-04T15:49:35+00:00","og_image":[{"width":1270,"height":715,"url":"https:\/\/fmpatagoniamadryn.com.ar\/wp-content\/uploads\/2023\/05\/Provincia-recuerda-que-se-encuentra-abierta-la-convocatoria-a-las-Residencias-del-Equipo-de-Salud-2023.jpg","type":"image\/jpeg"}],"author":"FM Patagonia","twitter_card":"summary_large_image","twitter_misc":{"Escrito por":"FM Patagonia","Tiempo de lectura":"4 minutos"},"schema":{"@context":"https:\/\/schema.org","@graph":[{"@type":"Article","@id":"https:\/\/fmpatagoniamadryn.com.ar\/?p=2302#article","isPartOf":{"@id":"https:\/\/fmpatagoniamadryn.com.ar\/?p=2302"},"author":{"name":"FM Patagonia","@id":"https:\/\/fmpatagoniamadryn.com.ar\/#\/schema\/person\/1d968ec613613768e14b4e6420a2b125"},"headline":"Provincia recuerda que se encuentra abierta la convocatoria a las \u201cResidencias del Equipo de Salud 2023\u201d","datePublished":"2023-05-04T15:49:26+00:00","dateModified":"2023-05-04T15:49:35+00:00","mainEntityOfPage":{"@id":"https:\/\/fmpatagoniamadryn.com.ar\/?p=2302"},"wordCount":726,"publisher":{"@id":"https:\/\/fmpatagoniamadryn.com.ar\/#organization"},"image":{"@id":"https:\/\/fmpatagoniamadryn.com.ar\/?p=2302#primaryimage"},"thumbnailUrl":"https:\/\/fmpatagoniamadryn.com.ar\/wp-content\/uploads\/2023\/05\/Provincia-recuerda-que-se-encuentra-abierta-la-convocatoria-a-las-Residencias-del-Equipo-de-Salud-2023.jpg","articleSection":["Provinciales"],"inLanguage":"es"},{"@type":"WebPage","@id":"https:\/\/fmpatagoniamadryn.com.ar\/?p=2302","url":"https:\/\/fmpatagoniamadryn.com.ar\/?p=2302","name":"Provincia recuerda que se encuentra abierta la convocatoria a las \u201cResidencias del Equipo de Salud 2023\u201d - FM Patagonia Madryn","isPartOf":{"@id":"https:\/\/fmpatagoniamadryn.com.ar\/#website"},"primaryImageOfPage":{"@id":"https:\/\/fmpatagoniamadryn.com.ar\/?p=2302#primaryimage"},"image":{"@id":"https:\/\/fmpatagoniamadryn.com.ar\/?p=2302#primaryimage"},"thumbnailUrl":"https:\/\/fmpatagoniamadryn.com.ar\/wp-content\/uploads\/2023\/05\/Provincia-recuerda-que-se-encuentra-abierta-la-convocatoria-a-las-Residencias-del-Equipo-de-Salud-2023.jpg","datePublished":"2023-05-04T15:49:26+00:00","dateModified":"2023-05-04T15:49:35+00:00","breadcrumb":{"@id":"https:\/\/fmpatagoniamadryn.com.ar\/?p=2302#breadcrumb"},"inLanguage":"es","potentialAction":[{"@type":"ReadAction","target":["https:\/\/fmpatagoniamadryn.com.ar\/?p=2302"]}]},{"@type":"ImageObject","inLanguage":"es","@id":"https:\/\/fmpatagoniamadryn.com.ar\/?p=2302#primaryimage","url":"https:\/\/fmpatagoniamadryn.com.ar\/wp-content\/uploads\/2023\/05\/Provincia-recuerda-que-se-encuentra-abierta-la-convocatoria-a-las-Residencias-del-Equipo-de-Salud-2023.jpg","contentUrl":"https:\/\/fmpatagoniamadryn.com.ar\/wp-content\/uploads\/2023\/05\/Provincia-recuerda-que-se-encuentra-abierta-la-convocatoria-a-las-Residencias-del-Equipo-de-Salud-2023.jpg","width":1270,"height":715},{"@type":"BreadcrumbList","@id":"https:\/\/fmpatagoniamadryn.com.ar\/?p=2302#breadcrumb","itemListElement":[{"@type":"ListItem","position":1,"name":"Portada","item":"https:\/\/fmpatagoniamadryn.com.ar\/"},{"@type":"ListItem","position":2,"name":"Provincia recuerda que se encuentra abierta la convocatoria a las \u201cResidencias del Equipo de Salud 2023\u201d"}]},{"@type":"WebSite","@id":"https:\/\/fmpatagoniamadryn.com.ar\/#website","url":"https:\/\/fmpatagoniamadryn.com.ar\/","name":"FM Patagonia Madryn","description":"Radio Patagonia 105.5","publisher":{"@id":"https:\/\/fmpatagoniamadryn.com.ar\/#organization"},"potentialAction":[{"@type":"SearchAction","target":{"@type":"EntryPoint","urlTemplate":"https:\/\/fmpatagoniamadryn.com.ar\/?s={search_term_string}"},"query-input":{"@type":"PropertyValueSpecification","valueRequired":true,"valueName":"search_term_string"}}],"inLanguage":"es"},{"@type":"Organization","@id":"https:\/\/fmpatagoniamadryn.com.ar\/#organization","name":"FM Patagonia Madryn","url":"https:\/\/fmpatagoniamadryn.com.ar\/","logo":{"@type":"ImageObject","inLanguage":"es","@id":"https:\/\/fmpatagoniamadryn.com.ar\/#\/schema\/logo\/image\/","url":"https:\/\/fmpatagoniamadryn.com.ar\/wp-content\/uploads\/2023\/01\/cropped-Diseno-sin-titulo.png","contentUrl":"https:\/\/fmpatagoniamadryn.com.ar\/wp-content\/uploads\/2023\/01\/cropped-Diseno-sin-titulo.png","width":6911,"height":2657,"caption":"FM Patagonia Madryn"},"image":{"@id":"https:\/\/fmpatagoniamadryn.com.ar\/#\/schema\/logo\/image\/"}},{"@type":"Person","@id":"https:\/\/fmpatagoniamadryn.com.ar\/#\/schema\/person\/1d968ec613613768e14b4e6420a2b125","name":"FM Patagonia","url":"https:\/\/fmpatagoniamadryn.com.ar\/?author=3"}]}},"jetpack_featured_media_url":"https:\/\/fmpatagoniamadryn.com.ar\/wp-content\/uploads\/2023\/05\/Provincia-recuerda-que-se-encuentra-abierta-la-convocatoria-a-las-Residencias-del-Equipo-de-Salud-2023.jpg","_links":{"self":[{"href":"https:\/\/fmpatagoniamadryn.com.ar\/index.php?rest_route=\/wp\/v2\/posts\/2302","targetHints":{"allow":["GET"]}}],"collection":[{"href":"https:\/\/fmpatagoniamadryn.com.ar\/index.php?rest_route=\/wp\/v2\/posts"}],"about":[{"href":"https:\/\/fmpatagoniamadryn.com.ar\/index.php?rest_route=\/wp\/v2\/types\/post"}],"author":[{"embeddable":true,"href":"https:\/\/fmpatagoniamadryn.com.ar\/index.php?rest_route=\/wp\/v2\/users\/3"}],"replies":[{"embeddable":true,"href":"https:\/\/fmpatagoniamadryn.com.ar\/index.php?rest_route=%2Fwp%2Fv2%2Fcomments&post=2302"}],"version-history":[{"count":1,"href":"https:\/\/fmpatagoniamadryn.com.ar\/index.php?rest_route=\/wp\/v2\/posts\/2302\/revisions"}],"predecessor-version":[{"id":2303,"href":"https:\/\/fmpatagoniamadryn.com.ar\/index.php?rest_route=\/wp\/v2\/posts\/2302\/revisions\/2303"}],"wp:featuredmedia":[{"embeddable":true,"href":"https:\/\/fmpatagoniamadryn.com.ar\/index.php?rest_route=\/wp\/v2\/media\/2301"}],"wp:attachment":[{"href":"https:\/\/fmpatagoniamadryn.com.ar\/index.php?rest_route=%2Fwp%2Fv2%2Fmedia&parent=2302"}],"wp:term":[{"taxonomy":"category","embeddable":true,"href":"https:\/\/fmpatagoniamadryn.com.ar\/index.php?rest_route=%2Fwp%2Fv2%2Fcategories&post=2302"},{"taxonomy":"post_tag","embeddable":true,"href":"https:\/\/fmpatagoniamadryn.com.ar\/index.php?rest_route=%2Fwp%2Fv2%2Ftags&post=2302"}],"curies":[{"name":"wp","href":"https:\/\/api.w.org\/{rel}","templated":true}]}}