{"id":2460,"date":"2023-05-11T13:05:53","date_gmt":"2023-05-11T16:05:53","guid":{"rendered":"https:\/\/fmpatagoniamadryn.com.ar\/?p=2460"},"modified":"2023-05-11T13:06:00","modified_gmt":"2023-05-11T16:06:00","slug":"salud-avanza-la-instalacion-del-moderno-tomografo-en-el-hospital-subzonal-de-rawson","status":"publish","type":"post","link":"https:\/\/fmpatagoniamadryn.com.ar\/?p=2460","title":{"rendered":"Salud: Avanza la instalaci\u00f3n del moderno tom\u00f3grafo en el Hospital Subzonal de Rawson"},"content":{"rendered":"\n<p>La cartera sanitaria \u201cconcret\u00f3 en el patio del Hospital de Rawson la instalaci\u00f3n de una malla\u201d espec\u00edfica \u201cque otorga la puesta a tierra necesaria para el funcionamiento del tom\u00f3grafo\u201d, se\u00f1al\u00f3 el integrante de la Direcci\u00f3n de Recursos F\u00edsicos en Salud del organismo, el maestro mayor de obras Carlos Casas, detallando que el trabajo fue posible gracias a la colaboraci\u00f3n de distintas \u00e1reas del Ministerio de Infraestructura, Energ\u00eda y Planificaci\u00f3n de la provincia y la Cooperativa de Servicios P\u00fablicos de Rawson. <br><br>El Ministerio de Salud del Chubut, a trav\u00e9s de la Direcci\u00f3n Provincial de Recursos F\u00edsicos en Salud, inform\u00f3 que se concretaron importantes tareas en el Hospital Subzonal \u201cSanta Teresita\u201d de Rawson dirigidas a la instalaci\u00f3n del moderno tom\u00f3grafo que se recibi\u00f3 recientemente, luego de que fuera gestionado ante el Ministerio de Salud de la Naci\u00f3n, para mejorar las prestaciones que se brindan en el establecimiento asistencial capitalino. <br><br>Los mencionados trabajos se llevaron adelante junto a distintas \u00e1reas del Ministerio de Infraestructura, Energ\u00eda y Planificaci\u00f3n de la provincia y la Cooperativa de Servicios P\u00fablicos de Rawson. <br><br>Instalaci\u00f3n de malla para puesta a tierra <br><br>Al respecto, el integrante de la Direcci\u00f3n de Recursos F\u00edsicos en Salud del Ministerio de Salud provincial, el maestro mayor de obras Carlos Casas, se\u00f1al\u00f3 que \u201ceste martes se concret\u00f3 en el patio del Hospital de Rawson la instalaci\u00f3n de una malla de 5 por 5 metros, a 1,10 metros de profundidad y con un cable de cobre desnudo de 50 mm\u00b2 de secci\u00f3n, que otorga la puesta a tierra necesaria para el funcionamiento del tom\u00f3grafo\u201d.<br><br>A su vez, explic\u00f3 que \u201cesta malla proteger\u00e1 al equipo de sobretensiones transitorias y tambi\u00e9n le brindar\u00e1 una protecci\u00f3n diferencial contra contactos directos\u201d. <br><br>Agradecimientos <br><br>Asimismo, Casas detall\u00f3 que \u201ceste trabajo fue llevado adelante por personal de las Direcciones de Energ\u00eda de Servicios P\u00fablicos y de Obras de Arquitectura por Administraci\u00f3n, del Ministerio de Infraestructura, Energ\u00eda y Planificaci\u00f3n de la provincia; el Servicio El\u00e9ctrico de la Cooperativa de Servicios P\u00fablicos de Rawson; la Direcci\u00f3n de Recursos F\u00edsicos en Salud del Ministerio de Salud provincial y personal del Hospital de Rawson\u201d, a quienes agradeci\u00f3 especialmente por la predisposici\u00f3n, la colaboraci\u00f3n y el compromiso.<\/p>\n","protected":false},"excerpt":{"rendered":"<p>La cartera sanitaria \u201cconcret\u00f3 en el patio del Hospital de Rawson la instalaci\u00f3n de una malla\u201d espec\u00edfica \u201cque otorga la puesta a tierra necesaria para el funcionamiento del tom\u00f3grafo\u201d, se\u00f1al\u00f3&hellip; <\/p>\n","protected":false},"author":3,"featured_media":2459,"comment_status":"closed","ping_status":"closed","sticky":false,"template":"","format":"standard","meta":{"footnotes":""},"categories":[14],"tags":[],"class_list":["post-2460","post","type-post","status-publish","format-standard","has-post-thumbnail","hentry","category-provinciales"],"yoast_head":"<!-- This site is optimized with the Yoast SEO plugin v27.4 - https:\/\/yoast.com\/product\/yoast-seo-wordpress\/ -->\n<title>Salud: Avanza la instalaci\u00f3n del moderno tom\u00f3grafo en el Hospital Subzonal de Rawson - FM Patagonia Madryn<\/title>\n<meta name=\"robots\" content=\"index, follow, max-snippet:-1, max-image-preview:large, max-video-preview:-1\" \/>\n<link rel=\"canonical\" href=\"https:\/\/fmpatagoniamadryn.com.ar\/?p=2460\" \/>\n<meta property=\"og:locale\" content=\"es_ES\" \/>\n<meta property=\"og:type\" content=\"article\" \/>\n<meta property=\"og:title\" content=\"Salud: Avanza la instalaci\u00f3n del moderno tom\u00f3grafo en el Hospital Subzonal de Rawson - FM Patagonia Madryn\" \/>\n<meta property=\"og:description\" content=\"La cartera sanitaria \u201cconcret\u00f3 en el patio del Hospital de Rawson la instalaci\u00f3n de una malla\u201d espec\u00edfica \u201cque otorga la puesta a tierra necesaria para el funcionamiento del tom\u00f3grafo\u201d, se\u00f1al\u00f3&hellip;\" \/>\n<meta property=\"og:url\" content=\"https:\/\/fmpatagoniamadryn.com.ar\/?p=2460\" \/>\n<meta property=\"og:site_name\" content=\"FM Patagonia Madryn\" \/>\n<meta property=\"article:published_time\" content=\"2023-05-11T16:05:53+00:00\" \/>\n<meta property=\"article:modified_time\" content=\"2023-05-11T16:06:00+00:00\" \/>\n<meta property=\"og:image\" content=\"https:\/\/fmpatagoniamadryn.com.ar\/wp-content\/uploads\/2023\/05\/tomografo-hospital-rawson.jpg\" \/>\n\t<meta property=\"og:image:width\" content=\"720\" \/>\n\t<meta property=\"og:image:height\" content=\"1280\" \/>\n\t<meta property=\"og:image:type\" content=\"image\/jpeg\" \/>\n<meta name=\"author\" content=\"FM Patagonia\" \/>\n<meta name=\"twitter:card\" content=\"summary_large_image\" \/>\n<meta name=\"twitter:label1\" content=\"Escrito por\" \/>\n\t<meta name=\"twitter:data1\" content=\"FM Patagonia\" \/>\n\t<meta name=\"twitter:label2\" content=\"Tiempo de lectura\" \/>\n\t<meta name=\"twitter:data2\" content=\"2 minutos\" \/>\n<script type=\"application\/ld+json\" class=\"yoast-schema-graph\">{\"@context\":\"https:\\\/\\\/schema.org\",\"@graph\":[{\"@type\":\"Article\",\"@id\":\"https:\\\/\\\/fmpatagoniamadryn.com.ar\\\/?p=2460#article\",\"isPartOf\":{\"@id\":\"https:\\\/\\\/fmpatagoniamadryn.com.ar\\\/?p=2460\"},\"author\":{\"name\":\"FM Patagonia\",\"@id\":\"https:\\\/\\\/fmpatagoniamadryn.com.ar\\\/#\\\/schema\\\/person\\\/1d968ec613613768e14b4e6420a2b125\"},\"headline\":\"Salud: Avanza la instalaci\u00f3n del moderno tom\u00f3grafo en el Hospital Subzonal de Rawson\",\"datePublished\":\"2023-05-11T16:05:53+00:00\",\"dateModified\":\"2023-05-11T16:06:00+00:00\",\"mainEntityOfPage\":{\"@id\":\"https:\\\/\\\/fmpatagoniamadryn.com.ar\\\/?p=2460\"},\"wordCount\":409,\"publisher\":{\"@id\":\"https:\\\/\\\/fmpatagoniamadryn.com.ar\\\/#organization\"},\"image\":{\"@id\":\"https:\\\/\\\/fmpatagoniamadryn.com.ar\\\/?p=2460#primaryimage\"},\"thumbnailUrl\":\"https:\\\/\\\/fmpatagoniamadryn.com.ar\\\/wp-content\\\/uploads\\\/2023\\\/05\\\/tomografo-hospital-rawson.jpg\",\"articleSection\":[\"Provinciales\"],\"inLanguage\":\"es\"},{\"@type\":\"WebPage\",\"@id\":\"https:\\\/\\\/fmpatagoniamadryn.com.ar\\\/?p=2460\",\"url\":\"https:\\\/\\\/fmpatagoniamadryn.com.ar\\\/?p=2460\",\"name\":\"Salud: Avanza la instalaci\u00f3n del moderno tom\u00f3grafo en el Hospital Subzonal de Rawson - FM Patagonia Madryn\",\"isPartOf\":{\"@id\":\"https:\\\/\\\/fmpatagoniamadryn.com.ar\\\/#website\"},\"primaryImageOfPage\":{\"@id\":\"https:\\\/\\\/fmpatagoniamadryn.com.ar\\\/?p=2460#primaryimage\"},\"image\":{\"@id\":\"https:\\\/\\\/fmpatagoniamadryn.com.ar\\\/?p=2460#primaryimage\"},\"thumbnailUrl\":\"https:\\\/\\\/fmpatagoniamadryn.com.ar\\\/wp-content\\\/uploads\\\/2023\\\/05\\\/tomografo-hospital-rawson.jpg\",\"datePublished\":\"2023-05-11T16:05:53+00:00\",\"dateModified\":\"2023-05-11T16:06:00+00:00\",\"breadcrumb\":{\"@id\":\"https:\\\/\\\/fmpatagoniamadryn.com.ar\\\/?p=2460#breadcrumb\"},\"inLanguage\":\"es\",\"potentialAction\":[{\"@type\":\"ReadAction\",\"target\":[\"https:\\\/\\\/fmpatagoniamadryn.com.ar\\\/?p=2460\"]}]},{\"@type\":\"ImageObject\",\"inLanguage\":\"es\",\"@id\":\"https:\\\/\\\/fmpatagoniamadryn.com.ar\\\/?p=2460#primaryimage\",\"url\":\"https:\\\/\\\/fmpatagoniamadryn.com.ar\\\/wp-content\\\/uploads\\\/2023\\\/05\\\/tomografo-hospital-rawson.jpg\",\"contentUrl\":\"https:\\\/\\\/fmpatagoniamadryn.com.ar\\\/wp-content\\\/uploads\\\/2023\\\/05\\\/tomografo-hospital-rawson.jpg\",\"width\":720,\"height\":1280},{\"@type\":\"BreadcrumbList\",\"@id\":\"https:\\\/\\\/fmpatagoniamadryn.com.ar\\\/?p=2460#breadcrumb\",\"itemListElement\":[{\"@type\":\"ListItem\",\"position\":1,\"name\":\"Portada\",\"item\":\"https:\\\/\\\/fmpatagoniamadryn.com.ar\\\/\"},{\"@type\":\"ListItem\",\"position\":2,\"name\":\"Salud: Avanza la instalaci\u00f3n del moderno tom\u00f3grafo en el Hospital Subzonal de Rawson\"}]},{\"@type\":\"WebSite\",\"@id\":\"https:\\\/\\\/fmpatagoniamadryn.com.ar\\\/#website\",\"url\":\"https:\\\/\\\/fmpatagoniamadryn.com.ar\\\/\",\"name\":\"FM Patagonia Madryn\",\"description\":\"Radio Patagonia 105.5\",\"publisher\":{\"@id\":\"https:\\\/\\\/fmpatagoniamadryn.com.ar\\\/#organization\"},\"potentialAction\":[{\"@type\":\"SearchAction\",\"target\":{\"@type\":\"EntryPoint\",\"urlTemplate\":\"https:\\\/\\\/fmpatagoniamadryn.com.ar\\\/?s={search_term_string}\"},\"query-input\":{\"@type\":\"PropertyValueSpecification\",\"valueRequired\":true,\"valueName\":\"search_term_string\"}}],\"inLanguage\":\"es\"},{\"@type\":\"Organization\",\"@id\":\"https:\\\/\\\/fmpatagoniamadryn.com.ar\\\/#organization\",\"name\":\"FM Patagonia Madryn\",\"url\":\"https:\\\/\\\/fmpatagoniamadryn.com.ar\\\/\",\"logo\":{\"@type\":\"ImageObject\",\"inLanguage\":\"es\",\"@id\":\"https:\\\/\\\/fmpatagoniamadryn.com.ar\\\/#\\\/schema\\\/logo\\\/image\\\/\",\"url\":\"https:\\\/\\\/fmpatagoniamadryn.com.ar\\\/wp-content\\\/uploads\\\/2023\\\/01\\\/cropped-Diseno-sin-titulo.png\",\"contentUrl\":\"https:\\\/\\\/fmpatagoniamadryn.com.ar\\\/wp-content\\\/uploads\\\/2023\\\/01\\\/cropped-Diseno-sin-titulo.png\",\"width\":6911,\"height\":2657,\"caption\":\"FM Patagonia Madryn\"},\"image\":{\"@id\":\"https:\\\/\\\/fmpatagoniamadryn.com.ar\\\/#\\\/schema\\\/logo\\\/image\\\/\"}},{\"@type\":\"Person\",\"@id\":\"https:\\\/\\\/fmpatagoniamadryn.com.ar\\\/#\\\/schema\\\/person\\\/1d968ec613613768e14b4e6420a2b125\",\"name\":\"FM Patagonia\",\"url\":\"https:\\\/\\\/fmpatagoniamadryn.com.ar\\\/?author=3\"}]}<\/script>\n<!-- \/ Yoast SEO plugin. -->","yoast_head_json":{"title":"Salud: Avanza la instalaci\u00f3n del moderno tom\u00f3grafo en el Hospital Subzonal de Rawson - FM Patagonia Madryn","robots":{"index":"index","follow":"follow","max-snippet":"max-snippet:-1","max-image-preview":"max-image-preview:large","max-video-preview":"max-video-preview:-1"},"canonical":"https:\/\/fmpatagoniamadryn.com.ar\/?p=2460","og_locale":"es_ES","og_type":"article","og_title":"Salud: Avanza la instalaci\u00f3n del moderno tom\u00f3grafo en el Hospital Subzonal de Rawson - FM Patagonia Madryn","og_description":"La cartera sanitaria \u201cconcret\u00f3 en el patio del Hospital de Rawson la instalaci\u00f3n de una malla\u201d espec\u00edfica \u201cque otorga la puesta a tierra necesaria para el funcionamiento del tom\u00f3grafo\u201d, se\u00f1al\u00f3&hellip;","og_url":"https:\/\/fmpatagoniamadryn.com.ar\/?p=2460","og_site_name":"FM Patagonia Madryn","article_published_time":"2023-05-11T16:05:53+00:00","article_modified_time":"2023-05-11T16:06:00+00:00","og_image":[{"width":720,"height":1280,"url":"https:\/\/fmpatagoniamadryn.com.ar\/wp-content\/uploads\/2023\/05\/tomografo-hospital-rawson.jpg","type":"image\/jpeg"}],"author":"FM Patagonia","twitter_card":"summary_large_image","twitter_misc":{"Escrito por":"FM Patagonia","Tiempo de lectura":"2 minutos"},"schema":{"@context":"https:\/\/schema.org","@graph":[{"@type":"Article","@id":"https:\/\/fmpatagoniamadryn.com.ar\/?p=2460#article","isPartOf":{"@id":"https:\/\/fmpatagoniamadryn.com.ar\/?p=2460"},"author":{"name":"FM Patagonia","@id":"https:\/\/fmpatagoniamadryn.com.ar\/#\/schema\/person\/1d968ec613613768e14b4e6420a2b125"},"headline":"Salud: Avanza la instalaci\u00f3n del moderno tom\u00f3grafo en el Hospital Subzonal de Rawson","datePublished":"2023-05-11T16:05:53+00:00","dateModified":"2023-05-11T16:06:00+00:00","mainEntityOfPage":{"@id":"https:\/\/fmpatagoniamadryn.com.ar\/?p=2460"},"wordCount":409,"publisher":{"@id":"https:\/\/fmpatagoniamadryn.com.ar\/#organization"},"image":{"@id":"https:\/\/fmpatagoniamadryn.com.ar\/?p=2460#primaryimage"},"thumbnailUrl":"https:\/\/fmpatagoniamadryn.com.ar\/wp-content\/uploads\/2023\/05\/tomografo-hospital-rawson.jpg","articleSection":["Provinciales"],"inLanguage":"es"},{"@type":"WebPage","@id":"https:\/\/fmpatagoniamadryn.com.ar\/?p=2460","url":"https:\/\/fmpatagoniamadryn.com.ar\/?p=2460","name":"Salud: Avanza la instalaci\u00f3n del moderno tom\u00f3grafo en el Hospital Subzonal de Rawson - FM Patagonia Madryn","isPartOf":{"@id":"https:\/\/fmpatagoniamadryn.com.ar\/#website"},"primaryImageOfPage":{"@id":"https:\/\/fmpatagoniamadryn.com.ar\/?p=2460#primaryimage"},"image":{"@id":"https:\/\/fmpatagoniamadryn.com.ar\/?p=2460#primaryimage"},"thumbnailUrl":"https:\/\/fmpatagoniamadryn.com.ar\/wp-content\/uploads\/2023\/05\/tomografo-hospital-rawson.jpg","datePublished":"2023-05-11T16:05:53+00:00","dateModified":"2023-05-11T16:06:00+00:00","breadcrumb":{"@id":"https:\/\/fmpatagoniamadryn.com.ar\/?p=2460#breadcrumb"},"inLanguage":"es","potentialAction":[{"@type":"ReadAction","target":["https:\/\/fmpatagoniamadryn.com.ar\/?p=2460"]}]},{"@type":"ImageObject","inLanguage":"es","@id":"https:\/\/fmpatagoniamadryn.com.ar\/?p=2460#primaryimage","url":"https:\/\/fmpatagoniamadryn.com.ar\/wp-content\/uploads\/2023\/05\/tomografo-hospital-rawson.jpg","contentUrl":"https:\/\/fmpatagoniamadryn.com.ar\/wp-content\/uploads\/2023\/05\/tomografo-hospital-rawson.jpg","width":720,"height":1280},{"@type":"BreadcrumbList","@id":"https:\/\/fmpatagoniamadryn.com.ar\/?p=2460#breadcrumb","itemListElement":[{"@type":"ListItem","position":1,"name":"Portada","item":"https:\/\/fmpatagoniamadryn.com.ar\/"},{"@type":"ListItem","position":2,"name":"Salud: Avanza la instalaci\u00f3n del moderno tom\u00f3grafo en el Hospital Subzonal de Rawson"}]},{"@type":"WebSite","@id":"https:\/\/fmpatagoniamadryn.com.ar\/#website","url":"https:\/\/fmpatagoniamadryn.com.ar\/","name":"FM Patagonia Madryn","description":"Radio Patagonia 105.5","publisher":{"@id":"https:\/\/fmpatagoniamadryn.com.ar\/#organization"},"potentialAction":[{"@type":"SearchAction","target":{"@type":"EntryPoint","urlTemplate":"https:\/\/fmpatagoniamadryn.com.ar\/?s={search_term_string}"},"query-input":{"@type":"PropertyValueSpecification","valueRequired":true,"valueName":"search_term_string"}}],"inLanguage":"es"},{"@type":"Organization","@id":"https:\/\/fmpatagoniamadryn.com.ar\/#organization","name":"FM Patagonia Madryn","url":"https:\/\/fmpatagoniamadryn.com.ar\/","logo":{"@type":"ImageObject","inLanguage":"es","@id":"https:\/\/fmpatagoniamadryn.com.ar\/#\/schema\/logo\/image\/","url":"https:\/\/fmpatagoniamadryn.com.ar\/wp-content\/uploads\/2023\/01\/cropped-Diseno-sin-titulo.png","contentUrl":"https:\/\/fmpatagoniamadryn.com.ar\/wp-content\/uploads\/2023\/01\/cropped-Diseno-sin-titulo.png","width":6911,"height":2657,"caption":"FM Patagonia Madryn"},"image":{"@id":"https:\/\/fmpatagoniamadryn.com.ar\/#\/schema\/logo\/image\/"}},{"@type":"Person","@id":"https:\/\/fmpatagoniamadryn.com.ar\/#\/schema\/person\/1d968ec613613768e14b4e6420a2b125","name":"FM Patagonia","url":"https:\/\/fmpatagoniamadryn.com.ar\/?author=3"}]}},"jetpack_featured_media_url":"https:\/\/fmpatagoniamadryn.com.ar\/wp-content\/uploads\/2023\/05\/tomografo-hospital-rawson.jpg","_links":{"self":[{"href":"https:\/\/fmpatagoniamadryn.com.ar\/index.php?rest_route=\/wp\/v2\/posts\/2460","targetHints":{"allow":["GET"]}}],"collection":[{"href":"https:\/\/fmpatagoniamadryn.com.ar\/index.php?rest_route=\/wp\/v2\/posts"}],"about":[{"href":"https:\/\/fmpatagoniamadryn.com.ar\/index.php?rest_route=\/wp\/v2\/types\/post"}],"author":[{"embeddable":true,"href":"https:\/\/fmpatagoniamadryn.com.ar\/index.php?rest_route=\/wp\/v2\/users\/3"}],"replies":[{"embeddable":true,"href":"https:\/\/fmpatagoniamadryn.com.ar\/index.php?rest_route=%2Fwp%2Fv2%2Fcomments&post=2460"}],"version-history":[{"count":1,"href":"https:\/\/fmpatagoniamadryn.com.ar\/index.php?rest_route=\/wp\/v2\/posts\/2460\/revisions"}],"predecessor-version":[{"id":2461,"href":"https:\/\/fmpatagoniamadryn.com.ar\/index.php?rest_route=\/wp\/v2\/posts\/2460\/revisions\/2461"}],"wp:featuredmedia":[{"embeddable":true,"href":"https:\/\/fmpatagoniamadryn.com.ar\/index.php?rest_route=\/wp\/v2\/media\/2459"}],"wp:attachment":[{"href":"https:\/\/fmpatagoniamadryn.com.ar\/index.php?rest_route=%2Fwp%2Fv2%2Fmedia&parent=2460"}],"wp:term":[{"taxonomy":"category","embeddable":true,"href":"https:\/\/fmpatagoniamadryn.com.ar\/index.php?rest_route=%2Fwp%2Fv2%2Fcategories&post=2460"},{"taxonomy":"post_tag","embeddable":true,"href":"https:\/\/fmpatagoniamadryn.com.ar\/index.php?rest_route=%2Fwp%2Fv2%2Ftags&post=2460"}],"curies":[{"name":"wp","href":"https:\/\/api.w.org\/{rel}","templated":true}]}}