{"id":2522,"date":"2023-05-14T19:49:13","date_gmt":"2023-05-14T22:49:13","guid":{"rendered":"https:\/\/fmpatagoniamadryn.com.ar\/?p=2522"},"modified":"2023-05-14T19:50:15","modified_gmt":"2023-05-14T22:50:15","slug":"el-consejo-provincial-de-mujeres-generos-y-diversidad-realizo-en-esquel-su-segunda-sesion-del-ano","status":"publish","type":"post","link":"https:\/\/fmpatagoniamadryn.com.ar\/?p=2522","title":{"rendered":"El Consejo Provincial de Mujeres, G\u00e9neros y Diversidad realiz\u00f3 en Esquel su segunda sesi\u00f3n del a\u00f1o"},"content":{"rendered":"\n<p>Con una muy buena convocatoria de representantes de municipios y comunas rurales. <br><br>El Consejo Provincial de Mujeres, G\u00e9neros y Diversidad realiz\u00f3 en Esquel su segunda sesi\u00f3n del a\u00f1o. La actividad se desarroll\u00f3 entre el jueves y viernes \u00faltimo en el sal\u00f3n de la Cooperativa 16 de Octubre de la ciudad cordillerana, con la presencia de la subsecretaria de Pol\u00edticas de G\u00e9nero y Diversidad de Chubut, Elba Willhuber. <br><br>Adem\u00e1s, asistieron responsables de las \u00e1reas de Genero de los municipios y comunas rurales que integran el Consejo,  adem\u00e1s de representantes de instituciones vinculadas con la tem\u00e1tica. <br><br>El encuentro tuvo como objetivo analizar demandas y definir pol\u00edticas p\u00fablicas, enfocados en situaciones de violencia, trazando un abordaje integral de la problem\u00e1tica. <br><br>En ese marco, la subsecretaria de Pol\u00edticas de G\u00e9nero y Diversidad, Elba Willhuber destac\u00f3 que el Consejo Provincial est\u00e1 compuesto por referentes de todo el territorio provincial. \u201cSon 20 comunas rurales y 27 municipios que lo integran\u201d, resalt\u00f3, agregando que \u201cmediante el trabajo realizado hasta el momento ya se han conseguido importantes logros, como ejemplos est\u00e1 la participaci\u00f3n de mujeres en el Superior Tribunal de Justicia, donde una mujer por primera vez ocupa la presidencia del organismo\u201d. <br><br>Willhuber tambi\u00e9n indic\u00f3 que en la Legislatura provincial \u201cse est\u00e1 consiguiendo la paridad, pero a\u00fan falta para alcanzar este logro en el Poder Ejecutivo. Se responde a una campa\u00f1a mundial de la ONU Mujeres, donde se tiende hacia una democracia paritaria, que las mujeres vayan participando m\u00e1s en pol\u00edtica\u201d, resalt\u00f3. <br><br>Por su parte, Nancy Lacoste, Subsecretaria de Pol\u00edticas Sociales, tambi\u00e9n estuvo presente en la reuni\u00f3n, valorando la convocatoria alcanzada en esta sesi\u00f3n en Esquel y lo significativo de este espacio \u201cdonde se pueden tratar estas tem\u00e1ticas vinculadas a los derechos de la mujer, y la posibilidad de repensar pol\u00edticas de Estado\u201d. <\/p>\n","protected":false},"excerpt":{"rendered":"<p>Con una muy buena convocatoria de representantes de municipios y comunas rurales. El Consejo Provincial de Mujeres, G\u00e9neros y Diversidad realiz\u00f3 en Esquel su segunda sesi\u00f3n del a\u00f1o. La actividad&hellip; <\/p>\n","protected":false},"author":3,"featured_media":2521,"comment_status":"closed","ping_status":"closed","sticky":false,"template":"","format":"standard","meta":{"footnotes":""},"categories":[14],"tags":[],"class_list":["post-2522","post","type-post","status-publish","format-standard","has-post-thumbnail","hentry","category-provinciales"],"yoast_head":"<!-- This site is optimized with the Yoast SEO plugin v27.4 - https:\/\/yoast.com\/product\/yoast-seo-wordpress\/ -->\n<title>El Consejo Provincial de Mujeres, G\u00e9neros y Diversidad realiz\u00f3 en Esquel su segunda sesi\u00f3n del a\u00f1o - FM Patagonia Madryn<\/title>\n<meta name=\"robots\" content=\"index, follow, max-snippet:-1, max-image-preview:large, max-video-preview:-1\" \/>\n<link rel=\"canonical\" href=\"https:\/\/fmpatagoniamadryn.com.ar\/?p=2522\" \/>\n<meta property=\"og:locale\" content=\"es_ES\" \/>\n<meta property=\"og:type\" content=\"article\" \/>\n<meta property=\"og:title\" content=\"El Consejo Provincial de Mujeres, G\u00e9neros y Diversidad realiz\u00f3 en Esquel su segunda sesi\u00f3n del a\u00f1o - FM Patagonia Madryn\" \/>\n<meta property=\"og:description\" content=\"Con una muy buena convocatoria de representantes de municipios y comunas rurales. El Consejo Provincial de Mujeres, G\u00e9neros y Diversidad realiz\u00f3 en Esquel su segunda sesi\u00f3n del a\u00f1o. La actividad&hellip;\" \/>\n<meta property=\"og:url\" content=\"https:\/\/fmpatagoniamadryn.com.ar\/?p=2522\" \/>\n<meta property=\"og:site_name\" content=\"FM Patagonia Madryn\" \/>\n<meta property=\"article:published_time\" content=\"2023-05-14T22:49:13+00:00\" \/>\n<meta property=\"article:modified_time\" content=\"2023-05-14T22:50:15+00:00\" \/>\n<meta property=\"og:image\" content=\"https:\/\/fmpatagoniamadryn.com.ar\/wp-content\/uploads\/2023\/05\/reunion-consejo-genero-esq-1-1-scaled.jpg\" \/>\n\t<meta property=\"og:image:width\" content=\"2560\" \/>\n\t<meta property=\"og:image:height\" content=\"1920\" \/>\n\t<meta property=\"og:image:type\" content=\"image\/jpeg\" \/>\n<meta name=\"author\" content=\"FM Patagonia\" \/>\n<meta name=\"twitter:card\" content=\"summary_large_image\" \/>\n<meta name=\"twitter:label1\" content=\"Escrito por\" \/>\n\t<meta name=\"twitter:data1\" content=\"FM Patagonia\" \/>\n\t<meta name=\"twitter:label2\" content=\"Tiempo de lectura\" \/>\n\t<meta name=\"twitter:data2\" content=\"2 minutos\" \/>\n<script type=\"application\/ld+json\" class=\"yoast-schema-graph\">{\"@context\":\"https:\\\/\\\/schema.org\",\"@graph\":[{\"@type\":\"Article\",\"@id\":\"https:\\\/\\\/fmpatagoniamadryn.com.ar\\\/?p=2522#article\",\"isPartOf\":{\"@id\":\"https:\\\/\\\/fmpatagoniamadryn.com.ar\\\/?p=2522\"},\"author\":{\"name\":\"FM Patagonia\",\"@id\":\"https:\\\/\\\/fmpatagoniamadryn.com.ar\\\/#\\\/schema\\\/person\\\/1d968ec613613768e14b4e6420a2b125\"},\"headline\":\"El Consejo Provincial de Mujeres, G\u00e9neros y Diversidad realiz\u00f3 en Esquel su segunda sesi\u00f3n del a\u00f1o\",\"datePublished\":\"2023-05-14T22:49:13+00:00\",\"dateModified\":\"2023-05-14T22:50:15+00:00\",\"mainEntityOfPage\":{\"@id\":\"https:\\\/\\\/fmpatagoniamadryn.com.ar\\\/?p=2522\"},\"wordCount\":337,\"publisher\":{\"@id\":\"https:\\\/\\\/fmpatagoniamadryn.com.ar\\\/#organization\"},\"image\":{\"@id\":\"https:\\\/\\\/fmpatagoniamadryn.com.ar\\\/?p=2522#primaryimage\"},\"thumbnailUrl\":\"https:\\\/\\\/fmpatagoniamadryn.com.ar\\\/wp-content\\\/uploads\\\/2023\\\/05\\\/reunion-consejo-genero-esq-1-1-scaled.jpg\",\"articleSection\":[\"Provinciales\"],\"inLanguage\":\"es\"},{\"@type\":\"WebPage\",\"@id\":\"https:\\\/\\\/fmpatagoniamadryn.com.ar\\\/?p=2522\",\"url\":\"https:\\\/\\\/fmpatagoniamadryn.com.ar\\\/?p=2522\",\"name\":\"El Consejo Provincial de Mujeres, G\u00e9neros y Diversidad realiz\u00f3 en Esquel su segunda sesi\u00f3n del a\u00f1o - FM Patagonia Madryn\",\"isPartOf\":{\"@id\":\"https:\\\/\\\/fmpatagoniamadryn.com.ar\\\/#website\"},\"primaryImageOfPage\":{\"@id\":\"https:\\\/\\\/fmpatagoniamadryn.com.ar\\\/?p=2522#primaryimage\"},\"image\":{\"@id\":\"https:\\\/\\\/fmpatagoniamadryn.com.ar\\\/?p=2522#primaryimage\"},\"thumbnailUrl\":\"https:\\\/\\\/fmpatagoniamadryn.com.ar\\\/wp-content\\\/uploads\\\/2023\\\/05\\\/reunion-consejo-genero-esq-1-1-scaled.jpg\",\"datePublished\":\"2023-05-14T22:49:13+00:00\",\"dateModified\":\"2023-05-14T22:50:15+00:00\",\"breadcrumb\":{\"@id\":\"https:\\\/\\\/fmpatagoniamadryn.com.ar\\\/?p=2522#breadcrumb\"},\"inLanguage\":\"es\",\"potentialAction\":[{\"@type\":\"ReadAction\",\"target\":[\"https:\\\/\\\/fmpatagoniamadryn.com.ar\\\/?p=2522\"]}]},{\"@type\":\"ImageObject\",\"inLanguage\":\"es\",\"@id\":\"https:\\\/\\\/fmpatagoniamadryn.com.ar\\\/?p=2522#primaryimage\",\"url\":\"https:\\\/\\\/fmpatagoniamadryn.com.ar\\\/wp-content\\\/uploads\\\/2023\\\/05\\\/reunion-consejo-genero-esq-1-1-scaled.jpg\",\"contentUrl\":\"https:\\\/\\\/fmpatagoniamadryn.com.ar\\\/wp-content\\\/uploads\\\/2023\\\/05\\\/reunion-consejo-genero-esq-1-1-scaled.jpg\",\"width\":2560,\"height\":1920},{\"@type\":\"BreadcrumbList\",\"@id\":\"https:\\\/\\\/fmpatagoniamadryn.com.ar\\\/?p=2522#breadcrumb\",\"itemListElement\":[{\"@type\":\"ListItem\",\"position\":1,\"name\":\"Portada\",\"item\":\"https:\\\/\\\/fmpatagoniamadryn.com.ar\\\/\"},{\"@type\":\"ListItem\",\"position\":2,\"name\":\"El Consejo Provincial de Mujeres, G\u00e9neros y Diversidad realiz\u00f3 en Esquel su segunda sesi\u00f3n del a\u00f1o\"}]},{\"@type\":\"WebSite\",\"@id\":\"https:\\\/\\\/fmpatagoniamadryn.com.ar\\\/#website\",\"url\":\"https:\\\/\\\/fmpatagoniamadryn.com.ar\\\/\",\"name\":\"FM Patagonia Madryn\",\"description\":\"Radio Patagonia 105.5\",\"publisher\":{\"@id\":\"https:\\\/\\\/fmpatagoniamadryn.com.ar\\\/#organization\"},\"potentialAction\":[{\"@type\":\"SearchAction\",\"target\":{\"@type\":\"EntryPoint\",\"urlTemplate\":\"https:\\\/\\\/fmpatagoniamadryn.com.ar\\\/?s={search_term_string}\"},\"query-input\":{\"@type\":\"PropertyValueSpecification\",\"valueRequired\":true,\"valueName\":\"search_term_string\"}}],\"inLanguage\":\"es\"},{\"@type\":\"Organization\",\"@id\":\"https:\\\/\\\/fmpatagoniamadryn.com.ar\\\/#organization\",\"name\":\"FM Patagonia Madryn\",\"url\":\"https:\\\/\\\/fmpatagoniamadryn.com.ar\\\/\",\"logo\":{\"@type\":\"ImageObject\",\"inLanguage\":\"es\",\"@id\":\"https:\\\/\\\/fmpatagoniamadryn.com.ar\\\/#\\\/schema\\\/logo\\\/image\\\/\",\"url\":\"https:\\\/\\\/fmpatagoniamadryn.com.ar\\\/wp-content\\\/uploads\\\/2023\\\/01\\\/cropped-Diseno-sin-titulo.png\",\"contentUrl\":\"https:\\\/\\\/fmpatagoniamadryn.com.ar\\\/wp-content\\\/uploads\\\/2023\\\/01\\\/cropped-Diseno-sin-titulo.png\",\"width\":6911,\"height\":2657,\"caption\":\"FM Patagonia Madryn\"},\"image\":{\"@id\":\"https:\\\/\\\/fmpatagoniamadryn.com.ar\\\/#\\\/schema\\\/logo\\\/image\\\/\"}},{\"@type\":\"Person\",\"@id\":\"https:\\\/\\\/fmpatagoniamadryn.com.ar\\\/#\\\/schema\\\/person\\\/1d968ec613613768e14b4e6420a2b125\",\"name\":\"FM Patagonia\",\"url\":\"https:\\\/\\\/fmpatagoniamadryn.com.ar\\\/?author=3\"}]}<\/script>\n<!-- \/ Yoast SEO plugin. -->","yoast_head_json":{"title":"El Consejo Provincial de Mujeres, G\u00e9neros y Diversidad realiz\u00f3 en Esquel su segunda sesi\u00f3n del a\u00f1o - FM Patagonia Madryn","robots":{"index":"index","follow":"follow","max-snippet":"max-snippet:-1","max-image-preview":"max-image-preview:large","max-video-preview":"max-video-preview:-1"},"canonical":"https:\/\/fmpatagoniamadryn.com.ar\/?p=2522","og_locale":"es_ES","og_type":"article","og_title":"El Consejo Provincial de Mujeres, G\u00e9neros y Diversidad realiz\u00f3 en Esquel su segunda sesi\u00f3n del a\u00f1o - FM Patagonia Madryn","og_description":"Con una muy buena convocatoria de representantes de municipios y comunas rurales. El Consejo Provincial de Mujeres, G\u00e9neros y Diversidad realiz\u00f3 en Esquel su segunda sesi\u00f3n del a\u00f1o. La actividad&hellip;","og_url":"https:\/\/fmpatagoniamadryn.com.ar\/?p=2522","og_site_name":"FM Patagonia Madryn","article_published_time":"2023-05-14T22:49:13+00:00","article_modified_time":"2023-05-14T22:50:15+00:00","og_image":[{"width":2560,"height":1920,"url":"https:\/\/fmpatagoniamadryn.com.ar\/wp-content\/uploads\/2023\/05\/reunion-consejo-genero-esq-1-1-scaled.jpg","type":"image\/jpeg"}],"author":"FM Patagonia","twitter_card":"summary_large_image","twitter_misc":{"Escrito por":"FM Patagonia","Tiempo de lectura":"2 minutos"},"schema":{"@context":"https:\/\/schema.org","@graph":[{"@type":"Article","@id":"https:\/\/fmpatagoniamadryn.com.ar\/?p=2522#article","isPartOf":{"@id":"https:\/\/fmpatagoniamadryn.com.ar\/?p=2522"},"author":{"name":"FM Patagonia","@id":"https:\/\/fmpatagoniamadryn.com.ar\/#\/schema\/person\/1d968ec613613768e14b4e6420a2b125"},"headline":"El Consejo Provincial de Mujeres, G\u00e9neros y Diversidad realiz\u00f3 en Esquel su segunda sesi\u00f3n del a\u00f1o","datePublished":"2023-05-14T22:49:13+00:00","dateModified":"2023-05-14T22:50:15+00:00","mainEntityOfPage":{"@id":"https:\/\/fmpatagoniamadryn.com.ar\/?p=2522"},"wordCount":337,"publisher":{"@id":"https:\/\/fmpatagoniamadryn.com.ar\/#organization"},"image":{"@id":"https:\/\/fmpatagoniamadryn.com.ar\/?p=2522#primaryimage"},"thumbnailUrl":"https:\/\/fmpatagoniamadryn.com.ar\/wp-content\/uploads\/2023\/05\/reunion-consejo-genero-esq-1-1-scaled.jpg","articleSection":["Provinciales"],"inLanguage":"es"},{"@type":"WebPage","@id":"https:\/\/fmpatagoniamadryn.com.ar\/?p=2522","url":"https:\/\/fmpatagoniamadryn.com.ar\/?p=2522","name":"El Consejo Provincial de Mujeres, G\u00e9neros y Diversidad realiz\u00f3 en Esquel su segunda sesi\u00f3n del a\u00f1o - FM Patagonia Madryn","isPartOf":{"@id":"https:\/\/fmpatagoniamadryn.com.ar\/#website"},"primaryImageOfPage":{"@id":"https:\/\/fmpatagoniamadryn.com.ar\/?p=2522#primaryimage"},"image":{"@id":"https:\/\/fmpatagoniamadryn.com.ar\/?p=2522#primaryimage"},"thumbnailUrl":"https:\/\/fmpatagoniamadryn.com.ar\/wp-content\/uploads\/2023\/05\/reunion-consejo-genero-esq-1-1-scaled.jpg","datePublished":"2023-05-14T22:49:13+00:00","dateModified":"2023-05-14T22:50:15+00:00","breadcrumb":{"@id":"https:\/\/fmpatagoniamadryn.com.ar\/?p=2522#breadcrumb"},"inLanguage":"es","potentialAction":[{"@type":"ReadAction","target":["https:\/\/fmpatagoniamadryn.com.ar\/?p=2522"]}]},{"@type":"ImageObject","inLanguage":"es","@id":"https:\/\/fmpatagoniamadryn.com.ar\/?p=2522#primaryimage","url":"https:\/\/fmpatagoniamadryn.com.ar\/wp-content\/uploads\/2023\/05\/reunion-consejo-genero-esq-1-1-scaled.jpg","contentUrl":"https:\/\/fmpatagoniamadryn.com.ar\/wp-content\/uploads\/2023\/05\/reunion-consejo-genero-esq-1-1-scaled.jpg","width":2560,"height":1920},{"@type":"BreadcrumbList","@id":"https:\/\/fmpatagoniamadryn.com.ar\/?p=2522#breadcrumb","itemListElement":[{"@type":"ListItem","position":1,"name":"Portada","item":"https:\/\/fmpatagoniamadryn.com.ar\/"},{"@type":"ListItem","position":2,"name":"El Consejo Provincial de Mujeres, G\u00e9neros y Diversidad realiz\u00f3 en Esquel su segunda sesi\u00f3n del a\u00f1o"}]},{"@type":"WebSite","@id":"https:\/\/fmpatagoniamadryn.com.ar\/#website","url":"https:\/\/fmpatagoniamadryn.com.ar\/","name":"FM Patagonia Madryn","description":"Radio Patagonia 105.5","publisher":{"@id":"https:\/\/fmpatagoniamadryn.com.ar\/#organization"},"potentialAction":[{"@type":"SearchAction","target":{"@type":"EntryPoint","urlTemplate":"https:\/\/fmpatagoniamadryn.com.ar\/?s={search_term_string}"},"query-input":{"@type":"PropertyValueSpecification","valueRequired":true,"valueName":"search_term_string"}}],"inLanguage":"es"},{"@type":"Organization","@id":"https:\/\/fmpatagoniamadryn.com.ar\/#organization","name":"FM Patagonia Madryn","url":"https:\/\/fmpatagoniamadryn.com.ar\/","logo":{"@type":"ImageObject","inLanguage":"es","@id":"https:\/\/fmpatagoniamadryn.com.ar\/#\/schema\/logo\/image\/","url":"https:\/\/fmpatagoniamadryn.com.ar\/wp-content\/uploads\/2023\/01\/cropped-Diseno-sin-titulo.png","contentUrl":"https:\/\/fmpatagoniamadryn.com.ar\/wp-content\/uploads\/2023\/01\/cropped-Diseno-sin-titulo.png","width":6911,"height":2657,"caption":"FM Patagonia Madryn"},"image":{"@id":"https:\/\/fmpatagoniamadryn.com.ar\/#\/schema\/logo\/image\/"}},{"@type":"Person","@id":"https:\/\/fmpatagoniamadryn.com.ar\/#\/schema\/person\/1d968ec613613768e14b4e6420a2b125","name":"FM Patagonia","url":"https:\/\/fmpatagoniamadryn.com.ar\/?author=3"}]}},"jetpack_featured_media_url":"https:\/\/fmpatagoniamadryn.com.ar\/wp-content\/uploads\/2023\/05\/reunion-consejo-genero-esq-1-1-scaled.jpg","_links":{"self":[{"href":"https:\/\/fmpatagoniamadryn.com.ar\/index.php?rest_route=\/wp\/v2\/posts\/2522","targetHints":{"allow":["GET"]}}],"collection":[{"href":"https:\/\/fmpatagoniamadryn.com.ar\/index.php?rest_route=\/wp\/v2\/posts"}],"about":[{"href":"https:\/\/fmpatagoniamadryn.com.ar\/index.php?rest_route=\/wp\/v2\/types\/post"}],"author":[{"embeddable":true,"href":"https:\/\/fmpatagoniamadryn.com.ar\/index.php?rest_route=\/wp\/v2\/users\/3"}],"replies":[{"embeddable":true,"href":"https:\/\/fmpatagoniamadryn.com.ar\/index.php?rest_route=%2Fwp%2Fv2%2Fcomments&post=2522"}],"version-history":[{"count":1,"href":"https:\/\/fmpatagoniamadryn.com.ar\/index.php?rest_route=\/wp\/v2\/posts\/2522\/revisions"}],"predecessor-version":[{"id":2523,"href":"https:\/\/fmpatagoniamadryn.com.ar\/index.php?rest_route=\/wp\/v2\/posts\/2522\/revisions\/2523"}],"wp:featuredmedia":[{"embeddable":true,"href":"https:\/\/fmpatagoniamadryn.com.ar\/index.php?rest_route=\/wp\/v2\/media\/2521"}],"wp:attachment":[{"href":"https:\/\/fmpatagoniamadryn.com.ar\/index.php?rest_route=%2Fwp%2Fv2%2Fmedia&parent=2522"}],"wp:term":[{"taxonomy":"category","embeddable":true,"href":"https:\/\/fmpatagoniamadryn.com.ar\/index.php?rest_route=%2Fwp%2Fv2%2Fcategories&post=2522"},{"taxonomy":"post_tag","embeddable":true,"href":"https:\/\/fmpatagoniamadryn.com.ar\/index.php?rest_route=%2Fwp%2Fv2%2Ftags&post=2522"}],"curies":[{"name":"wp","href":"https:\/\/api.w.org\/{rel}","templated":true}]}}