{"id":2528,"date":"2023-05-14T19:52:36","date_gmt":"2023-05-14T22:52:36","guid":{"rendered":"https:\/\/fmpatagoniamadryn.com.ar\/?p=2528"},"modified":"2023-05-14T19:52:45","modified_gmt":"2023-05-14T22:52:45","slug":"el-gobierno-del-chubut-realizo-una-capacitacion-sobre-boyeros-solares-para-su-posterior-instalacion-en-territorio","status":"publish","type":"post","link":"https:\/\/fmpatagoniamadryn.com.ar\/?p=2528","title":{"rendered":"El Gobierno del Chubut realiz\u00f3 una capacitaci\u00f3n sobre boyeros solares para su posterior instalaci\u00f3n en territorio"},"content":{"rendered":"\n<p>Los mismos forman parte del PERMER, que en esta nueva etapa comprende la instalaci\u00f3n de 143 equipos a lo largo de toda la Provincia. <br><br>El Gobierno del Chubut realiz\u00f3 una capacitaci\u00f3n sobre la adquisici\u00f3n de boyeros solares para el Proyecto de Energ\u00edas Renovables en Mercados Rurales (PERMER), los cuales ser\u00e1n instalados a lo largo de distintos puntos del territorio provincial. <br><br>El encuentro cont\u00f3 con la participaci\u00f3n de representantes de la Secretar\u00eda de Energ\u00eda de Naci\u00f3n y t\u00e9cnicos de INTA, del Ministerio de Agricultura, Ganader\u00eda, Industria y Comercio; y de la Secretar\u00eda de Ciencia, Tecnolog\u00eda, Innovaci\u00f3n Productiva y Cultura del Chubut. <br><br>En la taller de capacitaci\u00f3n realizado el jueves 11 de mayo, se firm\u00f3 un convenio entre la Secretar\u00eda de Energ\u00eda de Naci\u00f3n y el INTA, qui\u00e9n ser\u00e1 el organismo que instalar\u00e1 los boyeros solares. Se trabaj\u00f3 tambi\u00e9n sobre los mecanismos de implementaci\u00f3n, los plazos, la entrega de kits, la declaraci\u00f3n jurada de recepci\u00f3n y compromiso de los usuarios, y la capacitaci\u00f3n a usuarios. <br><br>Adem\u00e1s, se capacit\u00f3 en la manipulaci\u00f3n, el armado de equipo, la instalaci\u00f3n, monitoreo y uso eficiente de los alambrados el\u00e9ctricos (boyeros solares). <br><br>La capacitaci\u00f3n estuvo a cargo del coordinador del PERMER, Gonzalo Yurkevich; de la integrante de la Secretar\u00eda de Energ\u00eda de la Naci\u00f3n, Mar\u00eda Monteros; del miembro del \u00c1rea de Ganader\u00eda de la Estaci\u00f3n Experimental Agropecuaria (EEA) Chubut, Andr\u00e9s La Torraca; el integrante del \u00c1rea de Recursos Naturales de la EEA Chubut, Gustavo Buono; y los t\u00e9cnicos agr\u00f3nomos del EEA Chubut, Jos\u00e9 Larrosa, y Ramiro Castro. <br><br>Bajo la \u00f3rbita de este Programa Nacional, en la Etapa de PERMER domiciliario, se instalaron en nuestra provincia 1100 equipos de energ\u00eda fotovoltaica, los cuales contaron con dos m\u00f3dulos de energ\u00eda fotovoltatica, un tubo y cuatro l\u00e1mparas tecnolog\u00eda LED, una radio Am\/Fm, una bater\u00eda y una linterna con su panel fotovoltatico.   <br><br>Asimismo, se sigue avanzando en la instalaci\u00f3n de 65 equipos fotovoltaicos en viviendas y reparticiones en las \u00c1reas Naturales Protegidas (ANP) de la Provincia. <br><br>PERMER <br><br>El Proyecto de Energ\u00edas Renovables en Mercados Rurales (PERMER) es un proyecto de inversi\u00f3n y asistencia t\u00e9cnica que apunta a asegurar el abastecimiento del servicio el\u00e9ctrico a una parte de la poblaci\u00f3n del pa\u00eds que no dispone de energ\u00eda el\u00e9ctrica de red y no dispondr\u00e1 de ella en el corto y mediano plazo. Ese abastecimiento debe realizarse en forma sostenible y mediante la utilizaci\u00f3n de fuentes de generaci\u00f3n de energ\u00edas renovables, (sistemas fotovoltaicos, e\u00f3licos, micro turbinas hidr\u00e1ulicas, etc.), contribuyendo de ese modo a la reducci\u00f3n de emisiones de gases de efecto invernadero. <br><br>El PERMER es un programa con alto contenido social cuyo objetivo es mejorar la calidad de vida de las comunidades rurales dispersas, promoviendo el arraigo de los pobladores al medio, a trav\u00e9s de: proveer servicio el\u00e9ctrico, confiable y sostenible, que satisfaga sus necesidades b\u00e1sicas de iluminaci\u00f3n y comunicaci\u00f3n; facilitar la participaci\u00f3n del sector privado en la provisi\u00f3n de suministro; reforzar la capacidad institucional de los entes reguladores y mejorar la informaci\u00f3n sobre fuentes de energ\u00eda renovables existentes en el pa\u00eds.<br><br>&#8212;<\/p>\n","protected":false},"excerpt":{"rendered":"<p>Los mismos forman parte del PERMER, que en esta nueva etapa comprende la instalaci\u00f3n de 143 equipos a lo largo de toda la Provincia. El Gobierno del Chubut realiz\u00f3 una&hellip; <\/p>\n","protected":false},"author":3,"featured_media":2527,"comment_status":"closed","ping_status":"closed","sticky":false,"template":"","format":"standard","meta":{"footnotes":""},"categories":[14],"tags":[],"class_list":["post-2528","post","type-post","status-publish","format-standard","has-post-thumbnail","hentry","category-provinciales"],"yoast_head":"<!-- This site is optimized with the Yoast SEO plugin v27.4 - https:\/\/yoast.com\/product\/yoast-seo-wordpress\/ -->\n<title>El Gobierno del Chubut realiz\u00f3 una capacitaci\u00f3n sobre boyeros solares para su posterior instalaci\u00f3n en territorio - FM Patagonia Madryn<\/title>\n<meta name=\"robots\" content=\"index, follow, max-snippet:-1, max-image-preview:large, max-video-preview:-1\" \/>\n<link rel=\"canonical\" href=\"https:\/\/fmpatagoniamadryn.com.ar\/?p=2528\" \/>\n<meta property=\"og:locale\" content=\"es_ES\" \/>\n<meta property=\"og:type\" content=\"article\" \/>\n<meta property=\"og:title\" content=\"El Gobierno del Chubut realiz\u00f3 una capacitaci\u00f3n sobre boyeros solares para su posterior instalaci\u00f3n en territorio - FM Patagonia Madryn\" \/>\n<meta property=\"og:description\" content=\"Los mismos forman parte del PERMER, que en esta nueva etapa comprende la instalaci\u00f3n de 143 equipos a lo largo de toda la Provincia. El Gobierno del Chubut realiz\u00f3 una&hellip;\" \/>\n<meta property=\"og:url\" content=\"https:\/\/fmpatagoniamadryn.com.ar\/?p=2528\" \/>\n<meta property=\"og:site_name\" content=\"FM Patagonia Madryn\" \/>\n<meta property=\"article:published_time\" content=\"2023-05-14T22:52:36+00:00\" \/>\n<meta property=\"article:modified_time\" content=\"2023-05-14T22:52:45+00:00\" \/>\n<meta property=\"og:image\" content=\"https:\/\/fmpatagoniamadryn.com.ar\/wp-content\/uploads\/2023\/05\/Foto-2-Boyeros-solares-PERMER.jpg\" \/>\n\t<meta property=\"og:image:width\" content=\"1600\" \/>\n\t<meta property=\"og:image:height\" content=\"1070\" \/>\n\t<meta property=\"og:image:type\" content=\"image\/jpeg\" \/>\n<meta name=\"author\" content=\"FM Patagonia\" \/>\n<meta name=\"twitter:card\" content=\"summary_large_image\" \/>\n<meta name=\"twitter:label1\" content=\"Escrito por\" \/>\n\t<meta name=\"twitter:data1\" content=\"FM Patagonia\" \/>\n\t<meta name=\"twitter:label2\" content=\"Tiempo de lectura\" \/>\n\t<meta name=\"twitter:data2\" content=\"3 minutos\" \/>\n<script type=\"application\/ld+json\" class=\"yoast-schema-graph\">{\"@context\":\"https:\\\/\\\/schema.org\",\"@graph\":[{\"@type\":\"Article\",\"@id\":\"https:\\\/\\\/fmpatagoniamadryn.com.ar\\\/?p=2528#article\",\"isPartOf\":{\"@id\":\"https:\\\/\\\/fmpatagoniamadryn.com.ar\\\/?p=2528\"},\"author\":{\"name\":\"FM Patagonia\",\"@id\":\"https:\\\/\\\/fmpatagoniamadryn.com.ar\\\/#\\\/schema\\\/person\\\/1d968ec613613768e14b4e6420a2b125\"},\"headline\":\"El Gobierno del Chubut realiz\u00f3 una capacitaci\u00f3n sobre boyeros solares para su posterior instalaci\u00f3n en territorio\",\"datePublished\":\"2023-05-14T22:52:36+00:00\",\"dateModified\":\"2023-05-14T22:52:45+00:00\",\"mainEntityOfPage\":{\"@id\":\"https:\\\/\\\/fmpatagoniamadryn.com.ar\\\/?p=2528\"},\"wordCount\":583,\"publisher\":{\"@id\":\"https:\\\/\\\/fmpatagoniamadryn.com.ar\\\/#organization\"},\"image\":{\"@id\":\"https:\\\/\\\/fmpatagoniamadryn.com.ar\\\/?p=2528#primaryimage\"},\"thumbnailUrl\":\"https:\\\/\\\/fmpatagoniamadryn.com.ar\\\/wp-content\\\/uploads\\\/2023\\\/05\\\/Foto-2-Boyeros-solares-PERMER.jpg\",\"articleSection\":[\"Provinciales\"],\"inLanguage\":\"es\"},{\"@type\":\"WebPage\",\"@id\":\"https:\\\/\\\/fmpatagoniamadryn.com.ar\\\/?p=2528\",\"url\":\"https:\\\/\\\/fmpatagoniamadryn.com.ar\\\/?p=2528\",\"name\":\"El Gobierno del Chubut realiz\u00f3 una capacitaci\u00f3n sobre boyeros solares para su posterior instalaci\u00f3n en territorio - FM Patagonia Madryn\",\"isPartOf\":{\"@id\":\"https:\\\/\\\/fmpatagoniamadryn.com.ar\\\/#website\"},\"primaryImageOfPage\":{\"@id\":\"https:\\\/\\\/fmpatagoniamadryn.com.ar\\\/?p=2528#primaryimage\"},\"image\":{\"@id\":\"https:\\\/\\\/fmpatagoniamadryn.com.ar\\\/?p=2528#primaryimage\"},\"thumbnailUrl\":\"https:\\\/\\\/fmpatagoniamadryn.com.ar\\\/wp-content\\\/uploads\\\/2023\\\/05\\\/Foto-2-Boyeros-solares-PERMER.jpg\",\"datePublished\":\"2023-05-14T22:52:36+00:00\",\"dateModified\":\"2023-05-14T22:52:45+00:00\",\"breadcrumb\":{\"@id\":\"https:\\\/\\\/fmpatagoniamadryn.com.ar\\\/?p=2528#breadcrumb\"},\"inLanguage\":\"es\",\"potentialAction\":[{\"@type\":\"ReadAction\",\"target\":[\"https:\\\/\\\/fmpatagoniamadryn.com.ar\\\/?p=2528\"]}]},{\"@type\":\"ImageObject\",\"inLanguage\":\"es\",\"@id\":\"https:\\\/\\\/fmpatagoniamadryn.com.ar\\\/?p=2528#primaryimage\",\"url\":\"https:\\\/\\\/fmpatagoniamadryn.com.ar\\\/wp-content\\\/uploads\\\/2023\\\/05\\\/Foto-2-Boyeros-solares-PERMER.jpg\",\"contentUrl\":\"https:\\\/\\\/fmpatagoniamadryn.com.ar\\\/wp-content\\\/uploads\\\/2023\\\/05\\\/Foto-2-Boyeros-solares-PERMER.jpg\",\"width\":1600,\"height\":1070},{\"@type\":\"BreadcrumbList\",\"@id\":\"https:\\\/\\\/fmpatagoniamadryn.com.ar\\\/?p=2528#breadcrumb\",\"itemListElement\":[{\"@type\":\"ListItem\",\"position\":1,\"name\":\"Portada\",\"item\":\"https:\\\/\\\/fmpatagoniamadryn.com.ar\\\/\"},{\"@type\":\"ListItem\",\"position\":2,\"name\":\"El Gobierno del Chubut realiz\u00f3 una capacitaci\u00f3n sobre boyeros solares para su posterior instalaci\u00f3n en territorio\"}]},{\"@type\":\"WebSite\",\"@id\":\"https:\\\/\\\/fmpatagoniamadryn.com.ar\\\/#website\",\"url\":\"https:\\\/\\\/fmpatagoniamadryn.com.ar\\\/\",\"name\":\"FM Patagonia Madryn\",\"description\":\"Radio Patagonia 105.5\",\"publisher\":{\"@id\":\"https:\\\/\\\/fmpatagoniamadryn.com.ar\\\/#organization\"},\"potentialAction\":[{\"@type\":\"SearchAction\",\"target\":{\"@type\":\"EntryPoint\",\"urlTemplate\":\"https:\\\/\\\/fmpatagoniamadryn.com.ar\\\/?s={search_term_string}\"},\"query-input\":{\"@type\":\"PropertyValueSpecification\",\"valueRequired\":true,\"valueName\":\"search_term_string\"}}],\"inLanguage\":\"es\"},{\"@type\":\"Organization\",\"@id\":\"https:\\\/\\\/fmpatagoniamadryn.com.ar\\\/#organization\",\"name\":\"FM Patagonia Madryn\",\"url\":\"https:\\\/\\\/fmpatagoniamadryn.com.ar\\\/\",\"logo\":{\"@type\":\"ImageObject\",\"inLanguage\":\"es\",\"@id\":\"https:\\\/\\\/fmpatagoniamadryn.com.ar\\\/#\\\/schema\\\/logo\\\/image\\\/\",\"url\":\"https:\\\/\\\/fmpatagoniamadryn.com.ar\\\/wp-content\\\/uploads\\\/2023\\\/01\\\/cropped-Diseno-sin-titulo.png\",\"contentUrl\":\"https:\\\/\\\/fmpatagoniamadryn.com.ar\\\/wp-content\\\/uploads\\\/2023\\\/01\\\/cropped-Diseno-sin-titulo.png\",\"width\":6911,\"height\":2657,\"caption\":\"FM Patagonia Madryn\"},\"image\":{\"@id\":\"https:\\\/\\\/fmpatagoniamadryn.com.ar\\\/#\\\/schema\\\/logo\\\/image\\\/\"}},{\"@type\":\"Person\",\"@id\":\"https:\\\/\\\/fmpatagoniamadryn.com.ar\\\/#\\\/schema\\\/person\\\/1d968ec613613768e14b4e6420a2b125\",\"name\":\"FM Patagonia\",\"url\":\"https:\\\/\\\/fmpatagoniamadryn.com.ar\\\/?author=3\"}]}<\/script>\n<!-- \/ Yoast SEO plugin. -->","yoast_head_json":{"title":"El Gobierno del Chubut realiz\u00f3 una capacitaci\u00f3n sobre boyeros solares para su posterior instalaci\u00f3n en territorio - FM Patagonia Madryn","robots":{"index":"index","follow":"follow","max-snippet":"max-snippet:-1","max-image-preview":"max-image-preview:large","max-video-preview":"max-video-preview:-1"},"canonical":"https:\/\/fmpatagoniamadryn.com.ar\/?p=2528","og_locale":"es_ES","og_type":"article","og_title":"El Gobierno del Chubut realiz\u00f3 una capacitaci\u00f3n sobre boyeros solares para su posterior instalaci\u00f3n en territorio - FM Patagonia Madryn","og_description":"Los mismos forman parte del PERMER, que en esta nueva etapa comprende la instalaci\u00f3n de 143 equipos a lo largo de toda la Provincia. El Gobierno del Chubut realiz\u00f3 una&hellip;","og_url":"https:\/\/fmpatagoniamadryn.com.ar\/?p=2528","og_site_name":"FM Patagonia Madryn","article_published_time":"2023-05-14T22:52:36+00:00","article_modified_time":"2023-05-14T22:52:45+00:00","og_image":[{"width":1600,"height":1070,"url":"https:\/\/fmpatagoniamadryn.com.ar\/wp-content\/uploads\/2023\/05\/Foto-2-Boyeros-solares-PERMER.jpg","type":"image\/jpeg"}],"author":"FM Patagonia","twitter_card":"summary_large_image","twitter_misc":{"Escrito por":"FM Patagonia","Tiempo de lectura":"3 minutos"},"schema":{"@context":"https:\/\/schema.org","@graph":[{"@type":"Article","@id":"https:\/\/fmpatagoniamadryn.com.ar\/?p=2528#article","isPartOf":{"@id":"https:\/\/fmpatagoniamadryn.com.ar\/?p=2528"},"author":{"name":"FM Patagonia","@id":"https:\/\/fmpatagoniamadryn.com.ar\/#\/schema\/person\/1d968ec613613768e14b4e6420a2b125"},"headline":"El Gobierno del Chubut realiz\u00f3 una capacitaci\u00f3n sobre boyeros solares para su posterior instalaci\u00f3n en territorio","datePublished":"2023-05-14T22:52:36+00:00","dateModified":"2023-05-14T22:52:45+00:00","mainEntityOfPage":{"@id":"https:\/\/fmpatagoniamadryn.com.ar\/?p=2528"},"wordCount":583,"publisher":{"@id":"https:\/\/fmpatagoniamadryn.com.ar\/#organization"},"image":{"@id":"https:\/\/fmpatagoniamadryn.com.ar\/?p=2528#primaryimage"},"thumbnailUrl":"https:\/\/fmpatagoniamadryn.com.ar\/wp-content\/uploads\/2023\/05\/Foto-2-Boyeros-solares-PERMER.jpg","articleSection":["Provinciales"],"inLanguage":"es"},{"@type":"WebPage","@id":"https:\/\/fmpatagoniamadryn.com.ar\/?p=2528","url":"https:\/\/fmpatagoniamadryn.com.ar\/?p=2528","name":"El Gobierno del Chubut realiz\u00f3 una capacitaci\u00f3n sobre boyeros solares para su posterior instalaci\u00f3n en territorio - FM Patagonia Madryn","isPartOf":{"@id":"https:\/\/fmpatagoniamadryn.com.ar\/#website"},"primaryImageOfPage":{"@id":"https:\/\/fmpatagoniamadryn.com.ar\/?p=2528#primaryimage"},"image":{"@id":"https:\/\/fmpatagoniamadryn.com.ar\/?p=2528#primaryimage"},"thumbnailUrl":"https:\/\/fmpatagoniamadryn.com.ar\/wp-content\/uploads\/2023\/05\/Foto-2-Boyeros-solares-PERMER.jpg","datePublished":"2023-05-14T22:52:36+00:00","dateModified":"2023-05-14T22:52:45+00:00","breadcrumb":{"@id":"https:\/\/fmpatagoniamadryn.com.ar\/?p=2528#breadcrumb"},"inLanguage":"es","potentialAction":[{"@type":"ReadAction","target":["https:\/\/fmpatagoniamadryn.com.ar\/?p=2528"]}]},{"@type":"ImageObject","inLanguage":"es","@id":"https:\/\/fmpatagoniamadryn.com.ar\/?p=2528#primaryimage","url":"https:\/\/fmpatagoniamadryn.com.ar\/wp-content\/uploads\/2023\/05\/Foto-2-Boyeros-solares-PERMER.jpg","contentUrl":"https:\/\/fmpatagoniamadryn.com.ar\/wp-content\/uploads\/2023\/05\/Foto-2-Boyeros-solares-PERMER.jpg","width":1600,"height":1070},{"@type":"BreadcrumbList","@id":"https:\/\/fmpatagoniamadryn.com.ar\/?p=2528#breadcrumb","itemListElement":[{"@type":"ListItem","position":1,"name":"Portada","item":"https:\/\/fmpatagoniamadryn.com.ar\/"},{"@type":"ListItem","position":2,"name":"El Gobierno del Chubut realiz\u00f3 una capacitaci\u00f3n sobre boyeros solares para su posterior instalaci\u00f3n en territorio"}]},{"@type":"WebSite","@id":"https:\/\/fmpatagoniamadryn.com.ar\/#website","url":"https:\/\/fmpatagoniamadryn.com.ar\/","name":"FM Patagonia Madryn","description":"Radio Patagonia 105.5","publisher":{"@id":"https:\/\/fmpatagoniamadryn.com.ar\/#organization"},"potentialAction":[{"@type":"SearchAction","target":{"@type":"EntryPoint","urlTemplate":"https:\/\/fmpatagoniamadryn.com.ar\/?s={search_term_string}"},"query-input":{"@type":"PropertyValueSpecification","valueRequired":true,"valueName":"search_term_string"}}],"inLanguage":"es"},{"@type":"Organization","@id":"https:\/\/fmpatagoniamadryn.com.ar\/#organization","name":"FM Patagonia Madryn","url":"https:\/\/fmpatagoniamadryn.com.ar\/","logo":{"@type":"ImageObject","inLanguage":"es","@id":"https:\/\/fmpatagoniamadryn.com.ar\/#\/schema\/logo\/image\/","url":"https:\/\/fmpatagoniamadryn.com.ar\/wp-content\/uploads\/2023\/01\/cropped-Diseno-sin-titulo.png","contentUrl":"https:\/\/fmpatagoniamadryn.com.ar\/wp-content\/uploads\/2023\/01\/cropped-Diseno-sin-titulo.png","width":6911,"height":2657,"caption":"FM Patagonia Madryn"},"image":{"@id":"https:\/\/fmpatagoniamadryn.com.ar\/#\/schema\/logo\/image\/"}},{"@type":"Person","@id":"https:\/\/fmpatagoniamadryn.com.ar\/#\/schema\/person\/1d968ec613613768e14b4e6420a2b125","name":"FM Patagonia","url":"https:\/\/fmpatagoniamadryn.com.ar\/?author=3"}]}},"jetpack_featured_media_url":"https:\/\/fmpatagoniamadryn.com.ar\/wp-content\/uploads\/2023\/05\/Foto-2-Boyeros-solares-PERMER.jpg","_links":{"self":[{"href":"https:\/\/fmpatagoniamadryn.com.ar\/index.php?rest_route=\/wp\/v2\/posts\/2528","targetHints":{"allow":["GET"]}}],"collection":[{"href":"https:\/\/fmpatagoniamadryn.com.ar\/index.php?rest_route=\/wp\/v2\/posts"}],"about":[{"href":"https:\/\/fmpatagoniamadryn.com.ar\/index.php?rest_route=\/wp\/v2\/types\/post"}],"author":[{"embeddable":true,"href":"https:\/\/fmpatagoniamadryn.com.ar\/index.php?rest_route=\/wp\/v2\/users\/3"}],"replies":[{"embeddable":true,"href":"https:\/\/fmpatagoniamadryn.com.ar\/index.php?rest_route=%2Fwp%2Fv2%2Fcomments&post=2528"}],"version-history":[{"count":1,"href":"https:\/\/fmpatagoniamadryn.com.ar\/index.php?rest_route=\/wp\/v2\/posts\/2528\/revisions"}],"predecessor-version":[{"id":2529,"href":"https:\/\/fmpatagoniamadryn.com.ar\/index.php?rest_route=\/wp\/v2\/posts\/2528\/revisions\/2529"}],"wp:featuredmedia":[{"embeddable":true,"href":"https:\/\/fmpatagoniamadryn.com.ar\/index.php?rest_route=\/wp\/v2\/media\/2527"}],"wp:attachment":[{"href":"https:\/\/fmpatagoniamadryn.com.ar\/index.php?rest_route=%2Fwp%2Fv2%2Fmedia&parent=2528"}],"wp:term":[{"taxonomy":"category","embeddable":true,"href":"https:\/\/fmpatagoniamadryn.com.ar\/index.php?rest_route=%2Fwp%2Fv2%2Fcategories&post=2528"},{"taxonomy":"post_tag","embeddable":true,"href":"https:\/\/fmpatagoniamadryn.com.ar\/index.php?rest_route=%2Fwp%2Fv2%2Ftags&post=2528"}],"curies":[{"name":"wp","href":"https:\/\/api.w.org\/{rel}","templated":true}]}}