{"id":2534,"date":"2023-05-14T19:54:36","date_gmt":"2023-05-14T22:54:36","guid":{"rendered":"https:\/\/fmpatagoniamadryn.com.ar\/?p=2534"},"modified":"2023-05-14T19:54:46","modified_gmt":"2023-05-14T22:54:46","slug":"el-gobierno-provincial-participo-del-cierre-de-capacitacion-del-colegio-de-escribanos-y-el-colegio-de-agrimensores","status":"publish","type":"post","link":"https:\/\/fmpatagoniamadryn.com.ar\/?p=2534","title":{"rendered":"El Gobierno Provincial particip\u00f3 del cierre de capacitaci\u00f3n del Colegio de Escribanos y el Colegio de Agrimensores"},"content":{"rendered":"\n<p>La capacitaci\u00f3n \u201cFunci\u00f3n Registral, Funci\u00f3n Notarial y Funci\u00f3n Catastral: Una mirada interdisciplinaria\u201d se desarroll\u00f3 en tres encuentros y culmin\u00f3 con la participaci\u00f3n del Gobierno del Chubut. <br><br>En representaci\u00f3n del Gobierno Provincial, el ministro de Gobierno y Justicia, Cristian Ayala, particip\u00f3 del cierre de la capacitaci\u00f3n \u201cFunci\u00f3n Registral, Funci\u00f3n Notarial y Funci\u00f3n Catastral: Una mirada interdisciplinaria\u201d, que fue desarrollada a lo largo de tres encuentros, dos de ellos con modalidad virtual y el \u00faltimo de forma presencial en el Audit\u00f3rium de la Legislatura Provincial de Rawson. <br><br>Se trata de una iniciativa sin precedentes en nuestra Provincia, el Colegio de Escribanos y el Colegio Profesional de Agrimensura invitaron a notarios, agrimensores, funcionarios y empleados del Registro de la Propiedad Inmueble (RPI) y de la Direcci\u00f3n General de Catastro de Informaci\u00f3n Territorial (DGCeIT) a participar de un proceso de capacitaci\u00f3n interdisciplinar. De la misma estuvo a cargo el Magistrado Sebasti\u00e1n Sabene, personalidad destacada en la formaci\u00f3n de Notarios, Abogados y Agrimensores en toda Latinoam\u00e9rica. <br><br>Para finalizar del evento, se llev\u00f3 a cabo una mesa de cierre con la participaci\u00f3n del ministro de Gobierno y Justicia, Cristian Ayala; el presidente del Colegio Profesional de Agrimensura del Chubut, Magister Jorge Guillermo O\u2019Connor; su par del Colegio de Escribanos de la provincia, Mar\u00eda Laura Szymanski; el capacitador Magister Sebasti\u00e1n Sabene; el director de la DGCeIT, Roberto Pallucchini; la directora del RPI, Adriana Ferlan; la subsecretaria de Bosques de la Provincia, Karina Arequ\u00e9; y representantes del Ministerio de Econom\u00eda y Cr\u00e9dito P\u00fablico del Chubut. <br><br>El objetivo central de dicha mesa fue poner en com\u00fan las diferentes miradas, perspectivas y abordajes sobre el ejercicio profesional de agrimensores y notarios, acerca el trabajo t\u00e9cnico de los organismos p\u00fablicos implicados y sobre la conservaci\u00f3n de nuestros bosques y recursos naturales. Brindar m\u00e1s y mejores herramientas conceptuales y pr\u00e1cticas. <br><br>\u201cContinuar generando pol\u00edticas que trasciendan gestiones\u201d <br><br>El ministro Ayala se\u00f1al\u00f3 que se trat\u00f3 de un cierre m\u00e1s que fruct\u00edfero donde \u201cse pudo intercambiar diferentes puntos y miradas sobre un mismo tema. Tambi\u00e9n, se pudieron plantear cuestiones necesarias para continuar generando pol\u00edticas que realmente trasciendan gestiones y se trabajen a lo largo del tiempo. El objetivo final de todas las entidades que se presentaron all\u00ed fue acordar y obtener m\u00e1s herramientas, tanto pr\u00e1cticas como te\u00f3ricas, para mejorar la calidad de atenci\u00f3n y servicio para los receptores\u201d. <br><br>En esta l\u00ednea, la presidenta del Colegio de Escribanos, Mar\u00eda Laura Szymanski, dio su palabra y destac\u00f3 como excelente la capacitaci\u00f3n \u201cdonde participaron diferentes sectores relacionados al negocio inmobiliario. Esta fue una capacitaci\u00f3n en conjunto con el Colegio de Agrimensores y el Colegio de Escribanos, donde estuvimos dos presentaciones virtuales y un encuentro presencial con esta mesa de cierre, todo de la mano del Magister Sabene\u201d. <br><br>Asimismo, detall\u00f3 que \u201cfue sumamente enriquecedora porque pudimos empezar a intercambiar cuestiones en donde muchas veces, nosotros c\u00f3mo organismos y los profesionales, funcionamos como c\u00e9lulas separas. Es por ello que tuvimos una jornada donde intercambiamos, discutimos ideas y nos pusimos de acuerdo. El objetivo final fue empezar a trabajar en conjunto para generar una normativa donde podamos ver la necesidad del otro, mejorar el sistema registral e informatizar parte de nuestro trabajo para que sea mejor el servicio\u201d, finaliz\u00f3.<\/p>\n","protected":false},"excerpt":{"rendered":"<p>La capacitaci\u00f3n \u201cFunci\u00f3n Registral, Funci\u00f3n Notarial y Funci\u00f3n Catastral: Una mirada interdisciplinaria\u201d se desarroll\u00f3 en tres encuentros y culmin\u00f3 con la participaci\u00f3n del Gobierno del Chubut. En representaci\u00f3n del Gobierno&hellip; <\/p>\n","protected":false},"author":3,"featured_media":2533,"comment_status":"closed","ping_status":"closed","sticky":false,"template":"","format":"standard","meta":{"footnotes":""},"categories":[1],"tags":[],"class_list":["post-2534","post","type-post","status-publish","format-standard","has-post-thumbnail","hentry","category-uncategorized"],"yoast_head":"<!-- This site is optimized with the Yoast SEO plugin v27.4 - https:\/\/yoast.com\/product\/yoast-seo-wordpress\/ -->\n<title>El Gobierno Provincial particip\u00f3 del cierre de capacitaci\u00f3n del Colegio de Escribanos y el Colegio de Agrimensores - FM Patagonia Madryn<\/title>\n<meta name=\"robots\" content=\"index, follow, max-snippet:-1, max-image-preview:large, max-video-preview:-1\" \/>\n<link rel=\"canonical\" href=\"https:\/\/fmpatagoniamadryn.com.ar\/?p=2534\" \/>\n<meta property=\"og:locale\" content=\"es_ES\" \/>\n<meta property=\"og:type\" content=\"article\" \/>\n<meta property=\"og:title\" content=\"El Gobierno Provincial particip\u00f3 del cierre de capacitaci\u00f3n del Colegio de Escribanos y el Colegio de Agrimensores - FM Patagonia Madryn\" \/>\n<meta property=\"og:description\" content=\"La capacitaci\u00f3n \u201cFunci\u00f3n Registral, Funci\u00f3n Notarial y Funci\u00f3n Catastral: Una mirada interdisciplinaria\u201d se desarroll\u00f3 en tres encuentros y culmin\u00f3 con la participaci\u00f3n del Gobierno del Chubut. En representaci\u00f3n del Gobierno&hellip;\" \/>\n<meta property=\"og:url\" content=\"https:\/\/fmpatagoniamadryn.com.ar\/?p=2534\" \/>\n<meta property=\"og:site_name\" content=\"FM Patagonia Madryn\" \/>\n<meta property=\"article:published_time\" content=\"2023-05-14T22:54:36+00:00\" \/>\n<meta property=\"article:modified_time\" content=\"2023-05-14T22:54:46+00:00\" \/>\n<meta property=\"og:image\" content=\"https:\/\/fmpatagoniamadryn.com.ar\/wp-content\/uploads\/2023\/05\/capacitacion-del-Colegio-de-Escribanos-y-el-Colegio-de-Agrimensores-3.jpeg\" \/>\n\t<meta property=\"og:image:width\" content=\"1451\" \/>\n\t<meta property=\"og:image:height\" content=\"968\" \/>\n\t<meta property=\"og:image:type\" content=\"image\/jpeg\" \/>\n<meta name=\"author\" content=\"FM Patagonia\" \/>\n<meta name=\"twitter:card\" content=\"summary_large_image\" \/>\n<meta name=\"twitter:label1\" content=\"Escrito por\" \/>\n\t<meta name=\"twitter:data1\" content=\"FM Patagonia\" \/>\n\t<meta name=\"twitter:label2\" content=\"Tiempo de lectura\" \/>\n\t<meta name=\"twitter:data2\" content=\"3 minutos\" \/>\n<script type=\"application\/ld+json\" class=\"yoast-schema-graph\">{\"@context\":\"https:\\\/\\\/schema.org\",\"@graph\":[{\"@type\":\"Article\",\"@id\":\"https:\\\/\\\/fmpatagoniamadryn.com.ar\\\/?p=2534#article\",\"isPartOf\":{\"@id\":\"https:\\\/\\\/fmpatagoniamadryn.com.ar\\\/?p=2534\"},\"author\":{\"name\":\"FM Patagonia\",\"@id\":\"https:\\\/\\\/fmpatagoniamadryn.com.ar\\\/#\\\/schema\\\/person\\\/1d968ec613613768e14b4e6420a2b125\"},\"headline\":\"El Gobierno Provincial particip\u00f3 del cierre de capacitaci\u00f3n del Colegio de Escribanos y el Colegio de Agrimensores\",\"datePublished\":\"2023-05-14T22:54:36+00:00\",\"dateModified\":\"2023-05-14T22:54:46+00:00\",\"mainEntityOfPage\":{\"@id\":\"https:\\\/\\\/fmpatagoniamadryn.com.ar\\\/?p=2534\"},\"wordCount\":592,\"publisher\":{\"@id\":\"https:\\\/\\\/fmpatagoniamadryn.com.ar\\\/#organization\"},\"image\":{\"@id\":\"https:\\\/\\\/fmpatagoniamadryn.com.ar\\\/?p=2534#primaryimage\"},\"thumbnailUrl\":\"https:\\\/\\\/fmpatagoniamadryn.com.ar\\\/wp-content\\\/uploads\\\/2023\\\/05\\\/capacitacion-del-Colegio-de-Escribanos-y-el-Colegio-de-Agrimensores-3.jpeg\",\"articleSection\":[\"Uncategorized\"],\"inLanguage\":\"es\"},{\"@type\":\"WebPage\",\"@id\":\"https:\\\/\\\/fmpatagoniamadryn.com.ar\\\/?p=2534\",\"url\":\"https:\\\/\\\/fmpatagoniamadryn.com.ar\\\/?p=2534\",\"name\":\"El Gobierno Provincial particip\u00f3 del cierre de capacitaci\u00f3n del Colegio de Escribanos y el Colegio de Agrimensores - FM Patagonia Madryn\",\"isPartOf\":{\"@id\":\"https:\\\/\\\/fmpatagoniamadryn.com.ar\\\/#website\"},\"primaryImageOfPage\":{\"@id\":\"https:\\\/\\\/fmpatagoniamadryn.com.ar\\\/?p=2534#primaryimage\"},\"image\":{\"@id\":\"https:\\\/\\\/fmpatagoniamadryn.com.ar\\\/?p=2534#primaryimage\"},\"thumbnailUrl\":\"https:\\\/\\\/fmpatagoniamadryn.com.ar\\\/wp-content\\\/uploads\\\/2023\\\/05\\\/capacitacion-del-Colegio-de-Escribanos-y-el-Colegio-de-Agrimensores-3.jpeg\",\"datePublished\":\"2023-05-14T22:54:36+00:00\",\"dateModified\":\"2023-05-14T22:54:46+00:00\",\"breadcrumb\":{\"@id\":\"https:\\\/\\\/fmpatagoniamadryn.com.ar\\\/?p=2534#breadcrumb\"},\"inLanguage\":\"es\",\"potentialAction\":[{\"@type\":\"ReadAction\",\"target\":[\"https:\\\/\\\/fmpatagoniamadryn.com.ar\\\/?p=2534\"]}]},{\"@type\":\"ImageObject\",\"inLanguage\":\"es\",\"@id\":\"https:\\\/\\\/fmpatagoniamadryn.com.ar\\\/?p=2534#primaryimage\",\"url\":\"https:\\\/\\\/fmpatagoniamadryn.com.ar\\\/wp-content\\\/uploads\\\/2023\\\/05\\\/capacitacion-del-Colegio-de-Escribanos-y-el-Colegio-de-Agrimensores-3.jpeg\",\"contentUrl\":\"https:\\\/\\\/fmpatagoniamadryn.com.ar\\\/wp-content\\\/uploads\\\/2023\\\/05\\\/capacitacion-del-Colegio-de-Escribanos-y-el-Colegio-de-Agrimensores-3.jpeg\",\"width\":1451,\"height\":968},{\"@type\":\"BreadcrumbList\",\"@id\":\"https:\\\/\\\/fmpatagoniamadryn.com.ar\\\/?p=2534#breadcrumb\",\"itemListElement\":[{\"@type\":\"ListItem\",\"position\":1,\"name\":\"Portada\",\"item\":\"https:\\\/\\\/fmpatagoniamadryn.com.ar\\\/\"},{\"@type\":\"ListItem\",\"position\":2,\"name\":\"El Gobierno Provincial particip\u00f3 del cierre de capacitaci\u00f3n del Colegio de Escribanos y el Colegio de Agrimensores\"}]},{\"@type\":\"WebSite\",\"@id\":\"https:\\\/\\\/fmpatagoniamadryn.com.ar\\\/#website\",\"url\":\"https:\\\/\\\/fmpatagoniamadryn.com.ar\\\/\",\"name\":\"FM Patagonia Madryn\",\"description\":\"Radio Patagonia 105.5\",\"publisher\":{\"@id\":\"https:\\\/\\\/fmpatagoniamadryn.com.ar\\\/#organization\"},\"potentialAction\":[{\"@type\":\"SearchAction\",\"target\":{\"@type\":\"EntryPoint\",\"urlTemplate\":\"https:\\\/\\\/fmpatagoniamadryn.com.ar\\\/?s={search_term_string}\"},\"query-input\":{\"@type\":\"PropertyValueSpecification\",\"valueRequired\":true,\"valueName\":\"search_term_string\"}}],\"inLanguage\":\"es\"},{\"@type\":\"Organization\",\"@id\":\"https:\\\/\\\/fmpatagoniamadryn.com.ar\\\/#organization\",\"name\":\"FM Patagonia Madryn\",\"url\":\"https:\\\/\\\/fmpatagoniamadryn.com.ar\\\/\",\"logo\":{\"@type\":\"ImageObject\",\"inLanguage\":\"es\",\"@id\":\"https:\\\/\\\/fmpatagoniamadryn.com.ar\\\/#\\\/schema\\\/logo\\\/image\\\/\",\"url\":\"https:\\\/\\\/fmpatagoniamadryn.com.ar\\\/wp-content\\\/uploads\\\/2023\\\/01\\\/cropped-Diseno-sin-titulo.png\",\"contentUrl\":\"https:\\\/\\\/fmpatagoniamadryn.com.ar\\\/wp-content\\\/uploads\\\/2023\\\/01\\\/cropped-Diseno-sin-titulo.png\",\"width\":6911,\"height\":2657,\"caption\":\"FM Patagonia Madryn\"},\"image\":{\"@id\":\"https:\\\/\\\/fmpatagoniamadryn.com.ar\\\/#\\\/schema\\\/logo\\\/image\\\/\"}},{\"@type\":\"Person\",\"@id\":\"https:\\\/\\\/fmpatagoniamadryn.com.ar\\\/#\\\/schema\\\/person\\\/1d968ec613613768e14b4e6420a2b125\",\"name\":\"FM Patagonia\",\"url\":\"https:\\\/\\\/fmpatagoniamadryn.com.ar\\\/?author=3\"}]}<\/script>\n<!-- \/ Yoast SEO plugin. -->","yoast_head_json":{"title":"El Gobierno Provincial particip\u00f3 del cierre de capacitaci\u00f3n del Colegio de Escribanos y el Colegio de Agrimensores - FM Patagonia Madryn","robots":{"index":"index","follow":"follow","max-snippet":"max-snippet:-1","max-image-preview":"max-image-preview:large","max-video-preview":"max-video-preview:-1"},"canonical":"https:\/\/fmpatagoniamadryn.com.ar\/?p=2534","og_locale":"es_ES","og_type":"article","og_title":"El Gobierno Provincial particip\u00f3 del cierre de capacitaci\u00f3n del Colegio de Escribanos y el Colegio de Agrimensores - FM Patagonia Madryn","og_description":"La capacitaci\u00f3n \u201cFunci\u00f3n Registral, Funci\u00f3n Notarial y Funci\u00f3n Catastral: Una mirada interdisciplinaria\u201d se desarroll\u00f3 en tres encuentros y culmin\u00f3 con la participaci\u00f3n del Gobierno del Chubut. En representaci\u00f3n del Gobierno&hellip;","og_url":"https:\/\/fmpatagoniamadryn.com.ar\/?p=2534","og_site_name":"FM Patagonia Madryn","article_published_time":"2023-05-14T22:54:36+00:00","article_modified_time":"2023-05-14T22:54:46+00:00","og_image":[{"width":1451,"height":968,"url":"https:\/\/fmpatagoniamadryn.com.ar\/wp-content\/uploads\/2023\/05\/capacitacion-del-Colegio-de-Escribanos-y-el-Colegio-de-Agrimensores-3.jpeg","type":"image\/jpeg"}],"author":"FM Patagonia","twitter_card":"summary_large_image","twitter_misc":{"Escrito por":"FM Patagonia","Tiempo de lectura":"3 minutos"},"schema":{"@context":"https:\/\/schema.org","@graph":[{"@type":"Article","@id":"https:\/\/fmpatagoniamadryn.com.ar\/?p=2534#article","isPartOf":{"@id":"https:\/\/fmpatagoniamadryn.com.ar\/?p=2534"},"author":{"name":"FM Patagonia","@id":"https:\/\/fmpatagoniamadryn.com.ar\/#\/schema\/person\/1d968ec613613768e14b4e6420a2b125"},"headline":"El Gobierno Provincial particip\u00f3 del cierre de capacitaci\u00f3n del Colegio de Escribanos y el Colegio de Agrimensores","datePublished":"2023-05-14T22:54:36+00:00","dateModified":"2023-05-14T22:54:46+00:00","mainEntityOfPage":{"@id":"https:\/\/fmpatagoniamadryn.com.ar\/?p=2534"},"wordCount":592,"publisher":{"@id":"https:\/\/fmpatagoniamadryn.com.ar\/#organization"},"image":{"@id":"https:\/\/fmpatagoniamadryn.com.ar\/?p=2534#primaryimage"},"thumbnailUrl":"https:\/\/fmpatagoniamadryn.com.ar\/wp-content\/uploads\/2023\/05\/capacitacion-del-Colegio-de-Escribanos-y-el-Colegio-de-Agrimensores-3.jpeg","articleSection":["Uncategorized"],"inLanguage":"es"},{"@type":"WebPage","@id":"https:\/\/fmpatagoniamadryn.com.ar\/?p=2534","url":"https:\/\/fmpatagoniamadryn.com.ar\/?p=2534","name":"El Gobierno Provincial particip\u00f3 del cierre de capacitaci\u00f3n del Colegio de Escribanos y el Colegio de Agrimensores - FM Patagonia Madryn","isPartOf":{"@id":"https:\/\/fmpatagoniamadryn.com.ar\/#website"},"primaryImageOfPage":{"@id":"https:\/\/fmpatagoniamadryn.com.ar\/?p=2534#primaryimage"},"image":{"@id":"https:\/\/fmpatagoniamadryn.com.ar\/?p=2534#primaryimage"},"thumbnailUrl":"https:\/\/fmpatagoniamadryn.com.ar\/wp-content\/uploads\/2023\/05\/capacitacion-del-Colegio-de-Escribanos-y-el-Colegio-de-Agrimensores-3.jpeg","datePublished":"2023-05-14T22:54:36+00:00","dateModified":"2023-05-14T22:54:46+00:00","breadcrumb":{"@id":"https:\/\/fmpatagoniamadryn.com.ar\/?p=2534#breadcrumb"},"inLanguage":"es","potentialAction":[{"@type":"ReadAction","target":["https:\/\/fmpatagoniamadryn.com.ar\/?p=2534"]}]},{"@type":"ImageObject","inLanguage":"es","@id":"https:\/\/fmpatagoniamadryn.com.ar\/?p=2534#primaryimage","url":"https:\/\/fmpatagoniamadryn.com.ar\/wp-content\/uploads\/2023\/05\/capacitacion-del-Colegio-de-Escribanos-y-el-Colegio-de-Agrimensores-3.jpeg","contentUrl":"https:\/\/fmpatagoniamadryn.com.ar\/wp-content\/uploads\/2023\/05\/capacitacion-del-Colegio-de-Escribanos-y-el-Colegio-de-Agrimensores-3.jpeg","width":1451,"height":968},{"@type":"BreadcrumbList","@id":"https:\/\/fmpatagoniamadryn.com.ar\/?p=2534#breadcrumb","itemListElement":[{"@type":"ListItem","position":1,"name":"Portada","item":"https:\/\/fmpatagoniamadryn.com.ar\/"},{"@type":"ListItem","position":2,"name":"El Gobierno Provincial particip\u00f3 del cierre de capacitaci\u00f3n del Colegio de Escribanos y el Colegio de Agrimensores"}]},{"@type":"WebSite","@id":"https:\/\/fmpatagoniamadryn.com.ar\/#website","url":"https:\/\/fmpatagoniamadryn.com.ar\/","name":"FM Patagonia Madryn","description":"Radio Patagonia 105.5","publisher":{"@id":"https:\/\/fmpatagoniamadryn.com.ar\/#organization"},"potentialAction":[{"@type":"SearchAction","target":{"@type":"EntryPoint","urlTemplate":"https:\/\/fmpatagoniamadryn.com.ar\/?s={search_term_string}"},"query-input":{"@type":"PropertyValueSpecification","valueRequired":true,"valueName":"search_term_string"}}],"inLanguage":"es"},{"@type":"Organization","@id":"https:\/\/fmpatagoniamadryn.com.ar\/#organization","name":"FM Patagonia Madryn","url":"https:\/\/fmpatagoniamadryn.com.ar\/","logo":{"@type":"ImageObject","inLanguage":"es","@id":"https:\/\/fmpatagoniamadryn.com.ar\/#\/schema\/logo\/image\/","url":"https:\/\/fmpatagoniamadryn.com.ar\/wp-content\/uploads\/2023\/01\/cropped-Diseno-sin-titulo.png","contentUrl":"https:\/\/fmpatagoniamadryn.com.ar\/wp-content\/uploads\/2023\/01\/cropped-Diseno-sin-titulo.png","width":6911,"height":2657,"caption":"FM Patagonia Madryn"},"image":{"@id":"https:\/\/fmpatagoniamadryn.com.ar\/#\/schema\/logo\/image\/"}},{"@type":"Person","@id":"https:\/\/fmpatagoniamadryn.com.ar\/#\/schema\/person\/1d968ec613613768e14b4e6420a2b125","name":"FM Patagonia","url":"https:\/\/fmpatagoniamadryn.com.ar\/?author=3"}]}},"jetpack_featured_media_url":"https:\/\/fmpatagoniamadryn.com.ar\/wp-content\/uploads\/2023\/05\/capacitacion-del-Colegio-de-Escribanos-y-el-Colegio-de-Agrimensores-3.jpeg","_links":{"self":[{"href":"https:\/\/fmpatagoniamadryn.com.ar\/index.php?rest_route=\/wp\/v2\/posts\/2534","targetHints":{"allow":["GET"]}}],"collection":[{"href":"https:\/\/fmpatagoniamadryn.com.ar\/index.php?rest_route=\/wp\/v2\/posts"}],"about":[{"href":"https:\/\/fmpatagoniamadryn.com.ar\/index.php?rest_route=\/wp\/v2\/types\/post"}],"author":[{"embeddable":true,"href":"https:\/\/fmpatagoniamadryn.com.ar\/index.php?rest_route=\/wp\/v2\/users\/3"}],"replies":[{"embeddable":true,"href":"https:\/\/fmpatagoniamadryn.com.ar\/index.php?rest_route=%2Fwp%2Fv2%2Fcomments&post=2534"}],"version-history":[{"count":1,"href":"https:\/\/fmpatagoniamadryn.com.ar\/index.php?rest_route=\/wp\/v2\/posts\/2534\/revisions"}],"predecessor-version":[{"id":2535,"href":"https:\/\/fmpatagoniamadryn.com.ar\/index.php?rest_route=\/wp\/v2\/posts\/2534\/revisions\/2535"}],"wp:featuredmedia":[{"embeddable":true,"href":"https:\/\/fmpatagoniamadryn.com.ar\/index.php?rest_route=\/wp\/v2\/media\/2533"}],"wp:attachment":[{"href":"https:\/\/fmpatagoniamadryn.com.ar\/index.php?rest_route=%2Fwp%2Fv2%2Fmedia&parent=2534"}],"wp:term":[{"taxonomy":"category","embeddable":true,"href":"https:\/\/fmpatagoniamadryn.com.ar\/index.php?rest_route=%2Fwp%2Fv2%2Fcategories&post=2534"},{"taxonomy":"post_tag","embeddable":true,"href":"https:\/\/fmpatagoniamadryn.com.ar\/index.php?rest_route=%2Fwp%2Fv2%2Ftags&post=2534"}],"curies":[{"name":"wp","href":"https:\/\/api.w.org\/{rel}","templated":true}]}}