{"id":2543,"date":"2023-05-15T11:40:05","date_gmt":"2023-05-15T14:40:05","guid":{"rendered":"https:\/\/fmpatagoniamadryn.com.ar\/?p=2543"},"modified":"2023-05-15T11:40:16","modified_gmt":"2023-05-15T14:40:16","slug":"ultimos-dias-de-inscripcion-para-el-desfile-del-25-de-mayo","status":"publish","type":"post","link":"https:\/\/fmpatagoniamadryn.com.ar\/?p=2543","title":{"rendered":"\u00daLTIMOS D\u00cdAS DE INSCRIPCI\u00d3N PARA EL DESFILE DEL 25 DE MAYO"},"content":{"rendered":"\n<p>Las instituciones de la ciudad podr\u00e1n sumarse hasta el 20 de mayo en madryn.gob.ar. Tambi\u00e9n habr\u00e1 una feria de platos para que estudiantes del \u00faltimo a\u00f1o del secundario recauden fondos para su fiesta o viaje de egresados<br><br><br>Puerto Madryn se prepara para celebrar el 213\u00b0 aniversario de la Revoluci\u00f3n de Mayo y es por eso que el Municipio invita a todas las escuelas e instituciones de la ciudad al desfile c\u00edvico militar que se realiza cada 25 de mayo. La jornada tambi\u00e9n contar\u00e1 con una feria de platos t\u00edpicos en la que podr\u00e1n participar estudiantes del \u00faltimo a\u00f1o del secundario con el objetivo de recaudar fondos para la fiesta y\/o el viaje de egresados. Las inscripciones estar\u00e1n abiertas hasta el 20 de mayo en la web madryn.gob.ar.<br><br>Con un palco central ubicado en las inmediaciones del Monumento a la Gesta Galesa, el acto oficial iniciar\u00e1 a las 11 horas y estar\u00e1 encabezado por el intendente Gustavo Sastre. El tradicional desfile se llevar\u00e1 a cabo sobre la avenida Roca al igual que el a\u00f1o pasado.<br><br>Desde la Direcci\u00f3n de Ceremonial y Protocolo detallaron que podr\u00e1n sumarse instituciones educativas, entidades sociales, culturales o recreativas, agrupaciones gauchas, ballets y todos aquellos grupos que quieran mostrar sus actividades a la comunidad. Podr\u00e1n portar banderines, banderolas, carteles alusivos, t\u00edteres, ropas t\u00edpicas, uniformes y elementos deportivos.<br><br>Para desfilar, es imprescindible haber presentado previamente la planilla de inscripci\u00f3n, que podr\u00e1 completarse de manera online en madryn.gob.ar hasta el 20 de mayo. Tambi\u00e9n es posible descargarla y luego enviarla a ceremonialmunimadryn@gmail.com, v\u00eda WhatsApp al 2804588540 o presentarla impresa personalmente en la oficina del \u00e1rea municipal, ubicada en Belgrano 250 \u2013 primer piso. En la web oficial tambi\u00e9n estar\u00e1 publicado el instructivo con los detalles del evento.<br><br>Asimismo, una colorida feria de platos se montar\u00e1 en el frente costero, entre el Monumento a la Gesta Galesa y la fuente. Podr\u00e1n presentar sus propuestas estudiantes (con sus respectivos establecimientos) que se encuentren cursando el \u00faltimo a\u00f1o del secundario a los fines de recaudar fondos para la fiesta y\/o viaje de egresados.<br><br>En cuanto al formulario de inscripci\u00f3n, se puede descargar desde la web municipal, completar y entregar en la Secretar\u00eda de Gobierno (Belgrano 250) de lunes a viernes de 8 a 12 horas hasta el 20 de mayo. En esta oportunidad, se dispondr\u00e1n 40 stands que se adjudicar\u00e1n en forma cronol\u00f3gica a la presentaci\u00f3n de tal documento.<\/p>\n","protected":false},"excerpt":{"rendered":"<p>Las instituciones de la ciudad podr\u00e1n sumarse hasta el 20 de mayo en madryn.gob.ar. Tambi\u00e9n habr\u00e1 una feria de platos para que estudiantes del \u00faltimo a\u00f1o del secundario recauden fondos&hellip; <\/p>\n","protected":false},"author":3,"featured_media":2542,"comment_status":"closed","ping_status":"closed","sticky":false,"template":"","format":"standard","meta":{"footnotes":""},"categories":[15],"tags":[],"class_list":["post-2543","post","type-post","status-publish","format-standard","has-post-thumbnail","hentry","category-locales"],"yoast_head":"<!-- This site is optimized with the Yoast SEO plugin v27.4 - https:\/\/yoast.com\/product\/yoast-seo-wordpress\/ -->\n<title>\u00daLTIMOS D\u00cdAS DE INSCRIPCI\u00d3N PARA EL DESFILE DEL 25 DE MAYO - FM Patagonia Madryn<\/title>\n<meta name=\"robots\" content=\"index, follow, max-snippet:-1, max-image-preview:large, max-video-preview:-1\" \/>\n<link rel=\"canonical\" href=\"https:\/\/fmpatagoniamadryn.com.ar\/?p=2543\" \/>\n<meta property=\"og:locale\" content=\"es_ES\" \/>\n<meta property=\"og:type\" content=\"article\" \/>\n<meta property=\"og:title\" content=\"\u00daLTIMOS D\u00cdAS DE INSCRIPCI\u00d3N PARA EL DESFILE DEL 25 DE MAYO - FM Patagonia Madryn\" \/>\n<meta property=\"og:description\" content=\"Las instituciones de la ciudad podr\u00e1n sumarse hasta el 20 de mayo en madryn.gob.ar. Tambi\u00e9n habr\u00e1 una feria de platos para que estudiantes del \u00faltimo a\u00f1o del secundario recauden fondos&hellip;\" \/>\n<meta property=\"og:url\" content=\"https:\/\/fmpatagoniamadryn.com.ar\/?p=2543\" \/>\n<meta property=\"og:site_name\" content=\"FM Patagonia Madryn\" \/>\n<meta property=\"article:published_time\" content=\"2023-05-15T14:40:05+00:00\" \/>\n<meta property=\"article:modified_time\" content=\"2023-05-15T14:40:16+00:00\" \/>\n<meta property=\"og:image\" content=\"https:\/\/fmpatagoniamadryn.com.ar\/wp-content\/uploads\/2023\/05\/59826136_2210596842365238_2147659002924761088_n.jpg\" \/>\n\t<meta property=\"og:image:width\" content=\"2048\" \/>\n\t<meta property=\"og:image:height\" content=\"1365\" \/>\n\t<meta property=\"og:image:type\" content=\"image\/jpeg\" \/>\n<meta name=\"author\" content=\"FM Patagonia\" \/>\n<meta name=\"twitter:card\" content=\"summary_large_image\" \/>\n<meta name=\"twitter:label1\" content=\"Escrito por\" \/>\n\t<meta name=\"twitter:data1\" content=\"FM Patagonia\" \/>\n\t<meta name=\"twitter:label2\" content=\"Tiempo de lectura\" \/>\n\t<meta name=\"twitter:data2\" content=\"2 minutos\" \/>\n<script type=\"application\/ld+json\" class=\"yoast-schema-graph\">{\"@context\":\"https:\\\/\\\/schema.org\",\"@graph\":[{\"@type\":\"Article\",\"@id\":\"https:\\\/\\\/fmpatagoniamadryn.com.ar\\\/?p=2543#article\",\"isPartOf\":{\"@id\":\"https:\\\/\\\/fmpatagoniamadryn.com.ar\\\/?p=2543\"},\"author\":{\"name\":\"FM Patagonia\",\"@id\":\"https:\\\/\\\/fmpatagoniamadryn.com.ar\\\/#\\\/schema\\\/person\\\/1d968ec613613768e14b4e6420a2b125\"},\"headline\":\"\u00daLTIMOS D\u00cdAS DE INSCRIPCI\u00d3N PARA EL DESFILE DEL 25 DE MAYO\",\"datePublished\":\"2023-05-15T14:40:05+00:00\",\"dateModified\":\"2023-05-15T14:40:16+00:00\",\"mainEntityOfPage\":{\"@id\":\"https:\\\/\\\/fmpatagoniamadryn.com.ar\\\/?p=2543\"},\"wordCount\":433,\"publisher\":{\"@id\":\"https:\\\/\\\/fmpatagoniamadryn.com.ar\\\/#organization\"},\"image\":{\"@id\":\"https:\\\/\\\/fmpatagoniamadryn.com.ar\\\/?p=2543#primaryimage\"},\"thumbnailUrl\":\"https:\\\/\\\/fmpatagoniamadryn.com.ar\\\/wp-content\\\/uploads\\\/2023\\\/05\\\/59826136_2210596842365238_2147659002924761088_n.jpg\",\"articleSection\":[\"Locales\"],\"inLanguage\":\"es\"},{\"@type\":\"WebPage\",\"@id\":\"https:\\\/\\\/fmpatagoniamadryn.com.ar\\\/?p=2543\",\"url\":\"https:\\\/\\\/fmpatagoniamadryn.com.ar\\\/?p=2543\",\"name\":\"\u00daLTIMOS D\u00cdAS DE INSCRIPCI\u00d3N PARA EL DESFILE DEL 25 DE MAYO - FM Patagonia Madryn\",\"isPartOf\":{\"@id\":\"https:\\\/\\\/fmpatagoniamadryn.com.ar\\\/#website\"},\"primaryImageOfPage\":{\"@id\":\"https:\\\/\\\/fmpatagoniamadryn.com.ar\\\/?p=2543#primaryimage\"},\"image\":{\"@id\":\"https:\\\/\\\/fmpatagoniamadryn.com.ar\\\/?p=2543#primaryimage\"},\"thumbnailUrl\":\"https:\\\/\\\/fmpatagoniamadryn.com.ar\\\/wp-content\\\/uploads\\\/2023\\\/05\\\/59826136_2210596842365238_2147659002924761088_n.jpg\",\"datePublished\":\"2023-05-15T14:40:05+00:00\",\"dateModified\":\"2023-05-15T14:40:16+00:00\",\"breadcrumb\":{\"@id\":\"https:\\\/\\\/fmpatagoniamadryn.com.ar\\\/?p=2543#breadcrumb\"},\"inLanguage\":\"es\",\"potentialAction\":[{\"@type\":\"ReadAction\",\"target\":[\"https:\\\/\\\/fmpatagoniamadryn.com.ar\\\/?p=2543\"]}]},{\"@type\":\"ImageObject\",\"inLanguage\":\"es\",\"@id\":\"https:\\\/\\\/fmpatagoniamadryn.com.ar\\\/?p=2543#primaryimage\",\"url\":\"https:\\\/\\\/fmpatagoniamadryn.com.ar\\\/wp-content\\\/uploads\\\/2023\\\/05\\\/59826136_2210596842365238_2147659002924761088_n.jpg\",\"contentUrl\":\"https:\\\/\\\/fmpatagoniamadryn.com.ar\\\/wp-content\\\/uploads\\\/2023\\\/05\\\/59826136_2210596842365238_2147659002924761088_n.jpg\",\"width\":2048,\"height\":1365},{\"@type\":\"BreadcrumbList\",\"@id\":\"https:\\\/\\\/fmpatagoniamadryn.com.ar\\\/?p=2543#breadcrumb\",\"itemListElement\":[{\"@type\":\"ListItem\",\"position\":1,\"name\":\"Portada\",\"item\":\"https:\\\/\\\/fmpatagoniamadryn.com.ar\\\/\"},{\"@type\":\"ListItem\",\"position\":2,\"name\":\"\u00daLTIMOS D\u00cdAS DE INSCRIPCI\u00d3N PARA EL DESFILE DEL 25 DE MAYO\"}]},{\"@type\":\"WebSite\",\"@id\":\"https:\\\/\\\/fmpatagoniamadryn.com.ar\\\/#website\",\"url\":\"https:\\\/\\\/fmpatagoniamadryn.com.ar\\\/\",\"name\":\"FM Patagonia Madryn\",\"description\":\"Radio Patagonia 105.5\",\"publisher\":{\"@id\":\"https:\\\/\\\/fmpatagoniamadryn.com.ar\\\/#organization\"},\"potentialAction\":[{\"@type\":\"SearchAction\",\"target\":{\"@type\":\"EntryPoint\",\"urlTemplate\":\"https:\\\/\\\/fmpatagoniamadryn.com.ar\\\/?s={search_term_string}\"},\"query-input\":{\"@type\":\"PropertyValueSpecification\",\"valueRequired\":true,\"valueName\":\"search_term_string\"}}],\"inLanguage\":\"es\"},{\"@type\":\"Organization\",\"@id\":\"https:\\\/\\\/fmpatagoniamadryn.com.ar\\\/#organization\",\"name\":\"FM Patagonia Madryn\",\"url\":\"https:\\\/\\\/fmpatagoniamadryn.com.ar\\\/\",\"logo\":{\"@type\":\"ImageObject\",\"inLanguage\":\"es\",\"@id\":\"https:\\\/\\\/fmpatagoniamadryn.com.ar\\\/#\\\/schema\\\/logo\\\/image\\\/\",\"url\":\"https:\\\/\\\/fmpatagoniamadryn.com.ar\\\/wp-content\\\/uploads\\\/2023\\\/01\\\/cropped-Diseno-sin-titulo.png\",\"contentUrl\":\"https:\\\/\\\/fmpatagoniamadryn.com.ar\\\/wp-content\\\/uploads\\\/2023\\\/01\\\/cropped-Diseno-sin-titulo.png\",\"width\":6911,\"height\":2657,\"caption\":\"FM Patagonia Madryn\"},\"image\":{\"@id\":\"https:\\\/\\\/fmpatagoniamadryn.com.ar\\\/#\\\/schema\\\/logo\\\/image\\\/\"}},{\"@type\":\"Person\",\"@id\":\"https:\\\/\\\/fmpatagoniamadryn.com.ar\\\/#\\\/schema\\\/person\\\/1d968ec613613768e14b4e6420a2b125\",\"name\":\"FM Patagonia\",\"url\":\"https:\\\/\\\/fmpatagoniamadryn.com.ar\\\/?author=3\"}]}<\/script>\n<!-- \/ Yoast SEO plugin. -->","yoast_head_json":{"title":"\u00daLTIMOS D\u00cdAS DE INSCRIPCI\u00d3N PARA EL DESFILE DEL 25 DE MAYO - FM Patagonia Madryn","robots":{"index":"index","follow":"follow","max-snippet":"max-snippet:-1","max-image-preview":"max-image-preview:large","max-video-preview":"max-video-preview:-1"},"canonical":"https:\/\/fmpatagoniamadryn.com.ar\/?p=2543","og_locale":"es_ES","og_type":"article","og_title":"\u00daLTIMOS D\u00cdAS DE INSCRIPCI\u00d3N PARA EL DESFILE DEL 25 DE MAYO - FM Patagonia Madryn","og_description":"Las instituciones de la ciudad podr\u00e1n sumarse hasta el 20 de mayo en madryn.gob.ar. Tambi\u00e9n habr\u00e1 una feria de platos para que estudiantes del \u00faltimo a\u00f1o del secundario recauden fondos&hellip;","og_url":"https:\/\/fmpatagoniamadryn.com.ar\/?p=2543","og_site_name":"FM Patagonia Madryn","article_published_time":"2023-05-15T14:40:05+00:00","article_modified_time":"2023-05-15T14:40:16+00:00","og_image":[{"width":2048,"height":1365,"url":"https:\/\/fmpatagoniamadryn.com.ar\/wp-content\/uploads\/2023\/05\/59826136_2210596842365238_2147659002924761088_n.jpg","type":"image\/jpeg"}],"author":"FM Patagonia","twitter_card":"summary_large_image","twitter_misc":{"Escrito por":"FM Patagonia","Tiempo de lectura":"2 minutos"},"schema":{"@context":"https:\/\/schema.org","@graph":[{"@type":"Article","@id":"https:\/\/fmpatagoniamadryn.com.ar\/?p=2543#article","isPartOf":{"@id":"https:\/\/fmpatagoniamadryn.com.ar\/?p=2543"},"author":{"name":"FM Patagonia","@id":"https:\/\/fmpatagoniamadryn.com.ar\/#\/schema\/person\/1d968ec613613768e14b4e6420a2b125"},"headline":"\u00daLTIMOS D\u00cdAS DE INSCRIPCI\u00d3N PARA EL DESFILE DEL 25 DE MAYO","datePublished":"2023-05-15T14:40:05+00:00","dateModified":"2023-05-15T14:40:16+00:00","mainEntityOfPage":{"@id":"https:\/\/fmpatagoniamadryn.com.ar\/?p=2543"},"wordCount":433,"publisher":{"@id":"https:\/\/fmpatagoniamadryn.com.ar\/#organization"},"image":{"@id":"https:\/\/fmpatagoniamadryn.com.ar\/?p=2543#primaryimage"},"thumbnailUrl":"https:\/\/fmpatagoniamadryn.com.ar\/wp-content\/uploads\/2023\/05\/59826136_2210596842365238_2147659002924761088_n.jpg","articleSection":["Locales"],"inLanguage":"es"},{"@type":"WebPage","@id":"https:\/\/fmpatagoniamadryn.com.ar\/?p=2543","url":"https:\/\/fmpatagoniamadryn.com.ar\/?p=2543","name":"\u00daLTIMOS D\u00cdAS DE INSCRIPCI\u00d3N PARA EL DESFILE DEL 25 DE MAYO - FM Patagonia Madryn","isPartOf":{"@id":"https:\/\/fmpatagoniamadryn.com.ar\/#website"},"primaryImageOfPage":{"@id":"https:\/\/fmpatagoniamadryn.com.ar\/?p=2543#primaryimage"},"image":{"@id":"https:\/\/fmpatagoniamadryn.com.ar\/?p=2543#primaryimage"},"thumbnailUrl":"https:\/\/fmpatagoniamadryn.com.ar\/wp-content\/uploads\/2023\/05\/59826136_2210596842365238_2147659002924761088_n.jpg","datePublished":"2023-05-15T14:40:05+00:00","dateModified":"2023-05-15T14:40:16+00:00","breadcrumb":{"@id":"https:\/\/fmpatagoniamadryn.com.ar\/?p=2543#breadcrumb"},"inLanguage":"es","potentialAction":[{"@type":"ReadAction","target":["https:\/\/fmpatagoniamadryn.com.ar\/?p=2543"]}]},{"@type":"ImageObject","inLanguage":"es","@id":"https:\/\/fmpatagoniamadryn.com.ar\/?p=2543#primaryimage","url":"https:\/\/fmpatagoniamadryn.com.ar\/wp-content\/uploads\/2023\/05\/59826136_2210596842365238_2147659002924761088_n.jpg","contentUrl":"https:\/\/fmpatagoniamadryn.com.ar\/wp-content\/uploads\/2023\/05\/59826136_2210596842365238_2147659002924761088_n.jpg","width":2048,"height":1365},{"@type":"BreadcrumbList","@id":"https:\/\/fmpatagoniamadryn.com.ar\/?p=2543#breadcrumb","itemListElement":[{"@type":"ListItem","position":1,"name":"Portada","item":"https:\/\/fmpatagoniamadryn.com.ar\/"},{"@type":"ListItem","position":2,"name":"\u00daLTIMOS D\u00cdAS DE INSCRIPCI\u00d3N PARA EL DESFILE DEL 25 DE MAYO"}]},{"@type":"WebSite","@id":"https:\/\/fmpatagoniamadryn.com.ar\/#website","url":"https:\/\/fmpatagoniamadryn.com.ar\/","name":"FM Patagonia Madryn","description":"Radio Patagonia 105.5","publisher":{"@id":"https:\/\/fmpatagoniamadryn.com.ar\/#organization"},"potentialAction":[{"@type":"SearchAction","target":{"@type":"EntryPoint","urlTemplate":"https:\/\/fmpatagoniamadryn.com.ar\/?s={search_term_string}"},"query-input":{"@type":"PropertyValueSpecification","valueRequired":true,"valueName":"search_term_string"}}],"inLanguage":"es"},{"@type":"Organization","@id":"https:\/\/fmpatagoniamadryn.com.ar\/#organization","name":"FM Patagonia Madryn","url":"https:\/\/fmpatagoniamadryn.com.ar\/","logo":{"@type":"ImageObject","inLanguage":"es","@id":"https:\/\/fmpatagoniamadryn.com.ar\/#\/schema\/logo\/image\/","url":"https:\/\/fmpatagoniamadryn.com.ar\/wp-content\/uploads\/2023\/01\/cropped-Diseno-sin-titulo.png","contentUrl":"https:\/\/fmpatagoniamadryn.com.ar\/wp-content\/uploads\/2023\/01\/cropped-Diseno-sin-titulo.png","width":6911,"height":2657,"caption":"FM Patagonia Madryn"},"image":{"@id":"https:\/\/fmpatagoniamadryn.com.ar\/#\/schema\/logo\/image\/"}},{"@type":"Person","@id":"https:\/\/fmpatagoniamadryn.com.ar\/#\/schema\/person\/1d968ec613613768e14b4e6420a2b125","name":"FM Patagonia","url":"https:\/\/fmpatagoniamadryn.com.ar\/?author=3"}]}},"jetpack_featured_media_url":"https:\/\/fmpatagoniamadryn.com.ar\/wp-content\/uploads\/2023\/05\/59826136_2210596842365238_2147659002924761088_n.jpg","_links":{"self":[{"href":"https:\/\/fmpatagoniamadryn.com.ar\/index.php?rest_route=\/wp\/v2\/posts\/2543","targetHints":{"allow":["GET"]}}],"collection":[{"href":"https:\/\/fmpatagoniamadryn.com.ar\/index.php?rest_route=\/wp\/v2\/posts"}],"about":[{"href":"https:\/\/fmpatagoniamadryn.com.ar\/index.php?rest_route=\/wp\/v2\/types\/post"}],"author":[{"embeddable":true,"href":"https:\/\/fmpatagoniamadryn.com.ar\/index.php?rest_route=\/wp\/v2\/users\/3"}],"replies":[{"embeddable":true,"href":"https:\/\/fmpatagoniamadryn.com.ar\/index.php?rest_route=%2Fwp%2Fv2%2Fcomments&post=2543"}],"version-history":[{"count":1,"href":"https:\/\/fmpatagoniamadryn.com.ar\/index.php?rest_route=\/wp\/v2\/posts\/2543\/revisions"}],"predecessor-version":[{"id":2544,"href":"https:\/\/fmpatagoniamadryn.com.ar\/index.php?rest_route=\/wp\/v2\/posts\/2543\/revisions\/2544"}],"wp:featuredmedia":[{"embeddable":true,"href":"https:\/\/fmpatagoniamadryn.com.ar\/index.php?rest_route=\/wp\/v2\/media\/2542"}],"wp:attachment":[{"href":"https:\/\/fmpatagoniamadryn.com.ar\/index.php?rest_route=%2Fwp%2Fv2%2Fmedia&parent=2543"}],"wp:term":[{"taxonomy":"category","embeddable":true,"href":"https:\/\/fmpatagoniamadryn.com.ar\/index.php?rest_route=%2Fwp%2Fv2%2Fcategories&post=2543"},{"taxonomy":"post_tag","embeddable":true,"href":"https:\/\/fmpatagoniamadryn.com.ar\/index.php?rest_route=%2Fwp%2Fv2%2Ftags&post=2543"}],"curies":[{"name":"wp","href":"https:\/\/api.w.org\/{rel}","templated":true}]}}