{"id":255,"date":"2023-02-24T07:39:31","date_gmt":"2023-02-24T10:39:31","guid":{"rendered":"https:\/\/fmpatagoniamadryn.com.ar\/?p=255"},"modified":"2023-02-24T07:41:13","modified_gmt":"2023-02-24T10:41:13","slug":"el-festival-torrejon-tendra-800-deportistas-en-puerto-madryn","status":"publish","type":"post","link":"https:\/\/fmpatagoniamadryn.com.ar\/?p=255","title":{"rendered":"El Festival Torrej\u00f3n tendr\u00e1 800 deportistas en Puerto Madryn"},"content":{"rendered":"\n<p>Ser\u00e1 del 24 al 26 de febrero en la costa madrynense y tendr\u00e1 instancia clasificatoria a los Juegos Argentinos Evita de Playa. Habr\u00e1 un homenaje a la familia Nicoletti.<\/p>\n\n\n\n<p>Comienza el Festival de Playa<\/p>\n\n\n\n<p>Desde el viernes y hasta el domingo la costa madrynense recibir\u00e1 la 4ta edici\u00f3n del Festival de Playa \u201cAntonio Torrej\u00f3n\u201d, que cuenta con la organizaci\u00f3n de la subsecretar\u00eda de Deportes de la Municipalidad de Puerto Madryn y el acompa\u00f1amiento de Chubut Deportes, Loter\u00eda del Chubut, ALUAR y RUS. El evento tendr\u00e1 lugar en el Punto de Deportes de Playa en la costa de la ciudad y&nbsp;<strong>se har\u00e1 entre el 24 al 26 de febrero de 2023<\/strong>. Esta nueva edici\u00f3n tendr\u00e1 una instancia clasificatoria a los Juegos Nacionales Evita de Playa, en varias disciplinas, que comenzar\u00e1n el jueves 23.<\/p>\n\n\n\n<p><strong>En el Torrej\u00f3n competir\u00e1n este a\u00f1o: V\u00f3ley 4\u00d74 y Dupla; Beach Handball, Futvoley, F\u00fatbol Playa, Beach Tennis, Atletismo, Beach B\u00e1squet, Windsurf Ilca, Stand Up Paddle, Nataci\u00f3n Aguas Abiertas (Convencional y Adaptada), Beach Newcom, Hockey, Canotaje, Karate, Lucha, Acuatl\u00f3n y Construcciones de Arena.<\/strong><\/p>\n\n\n\n<p>OBJETIVOS DE DESARROLLO SOSTENIBLE<\/p>\n\n\n\n<p>Esta tercera edici\u00f3n del Festival de Playa, est\u00e1 enmarcada en los Objetivos de Desarrollo Sostenible, en la que, con diferentes acciones y propuestas, se promueve en la comunidad un trabajo mancomunado entre distintas entidades e individuos, en pos de mejorar la calidad de vida de sus ciudadanos.<br \/>Salud y Bienestar, Educaci\u00f3n de Calidad, Igualdad de G\u00e9nero, Agua Limpia y Saneamiento, Energ\u00eda Asequible y No Contaminante, Reducci\u00f3n de las Desigualdades, Ciudades y Comunidades Sostenibles, Vida de Ecosistemas Terrestres, Alianzas para lograr los Objetivos, entre otros, ser\u00e1n los que se implementar\u00e1n en esta edici\u00f3n de los juegos.<\/p>\n\n\n\n<p>HORARIOS Y SEDES<\/p>\n\n\n\n<p>El viernes, tras la apertura en el Punto de Deportes de Playa, ubicado entre las bajadas 5 y 6 del Boulevard Brown de la ciudad, comenzar\u00e1 la competencia hasta pasado el mediod\u00eda con las finales de los Juegos Escolares de Playa y la instancia final Provincial de Evita; retomar\u00e1 la actividad a partir de las 16 hasta las 20 aproximadamente con el desarrollo del Festival \u201cAntonio Torrej\u00f3n\u201d.<br \/>El s\u00e1bado se jugar\u00e1 desde las 9 a 13 y luego de 16 a 20; el domingo la \u00faltima jornada comenzar\u00e1 a las 9 y finalizar\u00e1 pasado el mediod\u00eda.<br \/>Este a\u00f1o habr\u00e1 presencia de una delegaci\u00f3n de Tierra del Fuego, presente en la edici\u00f3n anterior, se suma tambi\u00e9n una con 47 deportistas de La Pampa. De nuestra provincia nos visitan de distintas localidades: Trelew, Rawson, Comodoro, Rada Tilly, Sarmiento, Esquel.<br \/>Se esperan m\u00e1s de 800 deportistas para este fin de semana, lo que demuestra el gran crecimiento de los deportes de playa.<\/p>\n\n\n\n<p>CLASIFICATORIO A JUEGOS NACIONALES EVITA DE PLAYA<\/p>\n\n\n\n<p>Varias de las disciplinas deportivas (Aguas Abiertas \u2013convencional y adaptada-; F\u00fatbol Playa \u2013masculino y femenino- y V\u00f3ley Dupla; Beach Handball, Lucha, Acuatl\u00f3n) que se desarrollar\u00e1n durante el Festival de Playa \u201cAntonio Torrej\u00f3n\u201d ser\u00e1n clasificatorias a los Juegos Nacionales Evita, a desarrollarse en Chapadmalal entre el 7 al 12 de marzo del a\u00f1o en curso, lo que representa un incentivo para todos aquellos que dir\u00e1n presente en esta nueva edici\u00f3n de la costa de Puerto Madryn.<br \/>El jueves 23 comienza la etapa local clasificatoria, mientras que el viernes 24 se jugar\u00e1 la etapa provincial.<\/p>\n\n\n\n<p>Esa competencia nacional es organizada por la secretar\u00eda de Deportes de la Naci\u00f3n en conjunto con las autoridades deportivas de la provincia y del municipio donde se lleva a cabo.<\/p>\n\n\n\n<p>HOMENAJE<\/p>\n\n\n\n<p>La familia Nicoletti tendr\u00e1 su homenaje en esta edici\u00f3n del festival, por su aporte a la actividad n\u00e1utica, deportiva y comercial, vinculada desde hace d\u00e9cadas a la ciudad. Han sido pioneros de la Capital Nacional del Buceo y las Actividades Subacu\u00e1ticas.<\/p>\n","protected":false},"excerpt":{"rendered":"<p>Ser\u00e1 del 24 al 26 de febrero en la costa madrynense y tendr\u00e1 instancia clasificatoria a los Juegos Argentinos Evita de Playa. Habr\u00e1 un homenaje a la familia Nicoletti. Comienza&hellip; <\/p>\n","protected":false},"author":2,"featured_media":254,"comment_status":"closed","ping_status":"closed","sticky":false,"template":"","format":"standard","meta":{"footnotes":""},"categories":[4],"tags":[39],"class_list":["post-255","post","type-post","status-publish","format-standard","has-post-thumbnail","hentry","category-deportes","tag-deporte-salud-puertomadryn"],"yoast_head":"<!-- This site is optimized with the Yoast SEO plugin v27.4 - https:\/\/yoast.com\/product\/yoast-seo-wordpress\/ -->\n<title>El Festival Torrej\u00f3n tendr\u00e1 800 deportistas en Puerto Madryn - FM Patagonia Madryn<\/title>\n<meta name=\"robots\" content=\"index, follow, max-snippet:-1, max-image-preview:large, max-video-preview:-1\" \/>\n<link rel=\"canonical\" href=\"https:\/\/fmpatagoniamadryn.com.ar\/?p=255\" \/>\n<meta property=\"og:locale\" content=\"es_ES\" \/>\n<meta property=\"og:type\" content=\"article\" \/>\n<meta property=\"og:title\" content=\"El Festival Torrej\u00f3n tendr\u00e1 800 deportistas en Puerto Madryn - FM Patagonia Madryn\" \/>\n<meta property=\"og:description\" content=\"Ser\u00e1 del 24 al 26 de febrero en la costa madrynense y tendr\u00e1 instancia clasificatoria a los Juegos Argentinos Evita de Playa. Habr\u00e1 un homenaje a la familia Nicoletti. Comienza&hellip;\" \/>\n<meta property=\"og:url\" content=\"https:\/\/fmpatagoniamadryn.com.ar\/?p=255\" \/>\n<meta property=\"og:site_name\" content=\"FM Patagonia Madryn\" \/>\n<meta property=\"article:published_time\" content=\"2023-02-24T10:39:31+00:00\" \/>\n<meta property=\"article:modified_time\" content=\"2023-02-24T10:41:13+00:00\" \/>\n<meta property=\"og:image\" content=\"https:\/\/fmpatagoniamadryn.com.ar\/wp-content\/uploads\/2023\/02\/20230224_073506.jpg\" \/>\n\t<meta property=\"og:image:width\" content=\"708\" \/>\n\t<meta property=\"og:image:height\" content=\"580\" \/>\n\t<meta property=\"og:image:type\" content=\"image\/jpeg\" \/>\n<meta name=\"author\" content=\"FM Patagonia\" \/>\n<meta name=\"twitter:card\" content=\"summary_large_image\" \/>\n<meta name=\"twitter:label1\" content=\"Escrito por\" \/>\n\t<meta name=\"twitter:data1\" content=\"FM Patagonia\" \/>\n\t<meta name=\"twitter:label2\" content=\"Tiempo de lectura\" \/>\n\t<meta name=\"twitter:data2\" content=\"3 minutos\" \/>\n<script type=\"application\/ld+json\" class=\"yoast-schema-graph\">{\"@context\":\"https:\\\/\\\/schema.org\",\"@graph\":[{\"@type\":\"Article\",\"@id\":\"https:\\\/\\\/fmpatagoniamadryn.com.ar\\\/?p=255#article\",\"isPartOf\":{\"@id\":\"https:\\\/\\\/fmpatagoniamadryn.com.ar\\\/?p=255\"},\"author\":{\"name\":\"FM Patagonia\",\"@id\":\"https:\\\/\\\/fmpatagoniamadryn.com.ar\\\/#\\\/schema\\\/person\\\/8a3de4ad7efceacab06c1641c50303b7\"},\"headline\":\"El Festival Torrej\u00f3n tendr\u00e1 800 deportistas en Puerto Madryn\",\"datePublished\":\"2023-02-24T10:39:31+00:00\",\"dateModified\":\"2023-02-24T10:41:13+00:00\",\"mainEntityOfPage\":{\"@id\":\"https:\\\/\\\/fmpatagoniamadryn.com.ar\\\/?p=255\"},\"wordCount\":644,\"publisher\":{\"@id\":\"https:\\\/\\\/fmpatagoniamadryn.com.ar\\\/#organization\"},\"image\":{\"@id\":\"https:\\\/\\\/fmpatagoniamadryn.com.ar\\\/?p=255#primaryimage\"},\"thumbnailUrl\":\"https:\\\/\\\/fmpatagoniamadryn.com.ar\\\/wp-content\\\/uploads\\\/2023\\\/02\\\/20230224_073506.jpg\",\"keywords\":[\"#deporte #salud #puertomadryn\"],\"articleSection\":[\"Deportes\"],\"inLanguage\":\"es\"},{\"@type\":\"WebPage\",\"@id\":\"https:\\\/\\\/fmpatagoniamadryn.com.ar\\\/?p=255\",\"url\":\"https:\\\/\\\/fmpatagoniamadryn.com.ar\\\/?p=255\",\"name\":\"El Festival Torrej\u00f3n tendr\u00e1 800 deportistas en Puerto Madryn - FM Patagonia Madryn\",\"isPartOf\":{\"@id\":\"https:\\\/\\\/fmpatagoniamadryn.com.ar\\\/#website\"},\"primaryImageOfPage\":{\"@id\":\"https:\\\/\\\/fmpatagoniamadryn.com.ar\\\/?p=255#primaryimage\"},\"image\":{\"@id\":\"https:\\\/\\\/fmpatagoniamadryn.com.ar\\\/?p=255#primaryimage\"},\"thumbnailUrl\":\"https:\\\/\\\/fmpatagoniamadryn.com.ar\\\/wp-content\\\/uploads\\\/2023\\\/02\\\/20230224_073506.jpg\",\"datePublished\":\"2023-02-24T10:39:31+00:00\",\"dateModified\":\"2023-02-24T10:41:13+00:00\",\"breadcrumb\":{\"@id\":\"https:\\\/\\\/fmpatagoniamadryn.com.ar\\\/?p=255#breadcrumb\"},\"inLanguage\":\"es\",\"potentialAction\":[{\"@type\":\"ReadAction\",\"target\":[\"https:\\\/\\\/fmpatagoniamadryn.com.ar\\\/?p=255\"]}]},{\"@type\":\"ImageObject\",\"inLanguage\":\"es\",\"@id\":\"https:\\\/\\\/fmpatagoniamadryn.com.ar\\\/?p=255#primaryimage\",\"url\":\"https:\\\/\\\/fmpatagoniamadryn.com.ar\\\/wp-content\\\/uploads\\\/2023\\\/02\\\/20230224_073506.jpg\",\"contentUrl\":\"https:\\\/\\\/fmpatagoniamadryn.com.ar\\\/wp-content\\\/uploads\\\/2023\\\/02\\\/20230224_073506.jpg\",\"width\":708,\"height\":580},{\"@type\":\"BreadcrumbList\",\"@id\":\"https:\\\/\\\/fmpatagoniamadryn.com.ar\\\/?p=255#breadcrumb\",\"itemListElement\":[{\"@type\":\"ListItem\",\"position\":1,\"name\":\"Portada\",\"item\":\"https:\\\/\\\/fmpatagoniamadryn.com.ar\\\/\"},{\"@type\":\"ListItem\",\"position\":2,\"name\":\"El Festival Torrej\u00f3n tendr\u00e1 800 deportistas en Puerto Madryn\"}]},{\"@type\":\"WebSite\",\"@id\":\"https:\\\/\\\/fmpatagoniamadryn.com.ar\\\/#website\",\"url\":\"https:\\\/\\\/fmpatagoniamadryn.com.ar\\\/\",\"name\":\"FM Patagonia Madryn\",\"description\":\"Radio Patagonia 105.5\",\"publisher\":{\"@id\":\"https:\\\/\\\/fmpatagoniamadryn.com.ar\\\/#organization\"},\"potentialAction\":[{\"@type\":\"SearchAction\",\"target\":{\"@type\":\"EntryPoint\",\"urlTemplate\":\"https:\\\/\\\/fmpatagoniamadryn.com.ar\\\/?s={search_term_string}\"},\"query-input\":{\"@type\":\"PropertyValueSpecification\",\"valueRequired\":true,\"valueName\":\"search_term_string\"}}],\"inLanguage\":\"es\"},{\"@type\":\"Organization\",\"@id\":\"https:\\\/\\\/fmpatagoniamadryn.com.ar\\\/#organization\",\"name\":\"FM Patagonia Madryn\",\"url\":\"https:\\\/\\\/fmpatagoniamadryn.com.ar\\\/\",\"logo\":{\"@type\":\"ImageObject\",\"inLanguage\":\"es\",\"@id\":\"https:\\\/\\\/fmpatagoniamadryn.com.ar\\\/#\\\/schema\\\/logo\\\/image\\\/\",\"url\":\"https:\\\/\\\/fmpatagoniamadryn.com.ar\\\/wp-content\\\/uploads\\\/2023\\\/01\\\/cropped-Diseno-sin-titulo.png\",\"contentUrl\":\"https:\\\/\\\/fmpatagoniamadryn.com.ar\\\/wp-content\\\/uploads\\\/2023\\\/01\\\/cropped-Diseno-sin-titulo.png\",\"width\":6911,\"height\":2657,\"caption\":\"FM Patagonia Madryn\"},\"image\":{\"@id\":\"https:\\\/\\\/fmpatagoniamadryn.com.ar\\\/#\\\/schema\\\/logo\\\/image\\\/\"}},{\"@type\":\"Person\",\"@id\":\"https:\\\/\\\/fmpatagoniamadryn.com.ar\\\/#\\\/schema\\\/person\\\/8a3de4ad7efceacab06c1641c50303b7\",\"name\":\"FM Patagonia\",\"url\":\"https:\\\/\\\/fmpatagoniamadryn.com.ar\\\/?author=2\"}]}<\/script>\n<!-- \/ Yoast SEO plugin. -->","yoast_head_json":{"title":"El Festival Torrej\u00f3n tendr\u00e1 800 deportistas en Puerto Madryn - FM Patagonia Madryn","robots":{"index":"index","follow":"follow","max-snippet":"max-snippet:-1","max-image-preview":"max-image-preview:large","max-video-preview":"max-video-preview:-1"},"canonical":"https:\/\/fmpatagoniamadryn.com.ar\/?p=255","og_locale":"es_ES","og_type":"article","og_title":"El Festival Torrej\u00f3n tendr\u00e1 800 deportistas en Puerto Madryn - FM Patagonia Madryn","og_description":"Ser\u00e1 del 24 al 26 de febrero en la costa madrynense y tendr\u00e1 instancia clasificatoria a los Juegos Argentinos Evita de Playa. Habr\u00e1 un homenaje a la familia Nicoletti. Comienza&hellip;","og_url":"https:\/\/fmpatagoniamadryn.com.ar\/?p=255","og_site_name":"FM Patagonia Madryn","article_published_time":"2023-02-24T10:39:31+00:00","article_modified_time":"2023-02-24T10:41:13+00:00","og_image":[{"width":708,"height":580,"url":"https:\/\/fmpatagoniamadryn.com.ar\/wp-content\/uploads\/2023\/02\/20230224_073506.jpg","type":"image\/jpeg"}],"author":"FM Patagonia","twitter_card":"summary_large_image","twitter_misc":{"Escrito por":"FM Patagonia","Tiempo de lectura":"3 minutos"},"schema":{"@context":"https:\/\/schema.org","@graph":[{"@type":"Article","@id":"https:\/\/fmpatagoniamadryn.com.ar\/?p=255#article","isPartOf":{"@id":"https:\/\/fmpatagoniamadryn.com.ar\/?p=255"},"author":{"name":"FM Patagonia","@id":"https:\/\/fmpatagoniamadryn.com.ar\/#\/schema\/person\/8a3de4ad7efceacab06c1641c50303b7"},"headline":"El Festival Torrej\u00f3n tendr\u00e1 800 deportistas en Puerto Madryn","datePublished":"2023-02-24T10:39:31+00:00","dateModified":"2023-02-24T10:41:13+00:00","mainEntityOfPage":{"@id":"https:\/\/fmpatagoniamadryn.com.ar\/?p=255"},"wordCount":644,"publisher":{"@id":"https:\/\/fmpatagoniamadryn.com.ar\/#organization"},"image":{"@id":"https:\/\/fmpatagoniamadryn.com.ar\/?p=255#primaryimage"},"thumbnailUrl":"https:\/\/fmpatagoniamadryn.com.ar\/wp-content\/uploads\/2023\/02\/20230224_073506.jpg","keywords":["#deporte #salud #puertomadryn"],"articleSection":["Deportes"],"inLanguage":"es"},{"@type":"WebPage","@id":"https:\/\/fmpatagoniamadryn.com.ar\/?p=255","url":"https:\/\/fmpatagoniamadryn.com.ar\/?p=255","name":"El Festival Torrej\u00f3n tendr\u00e1 800 deportistas en Puerto Madryn - FM Patagonia Madryn","isPartOf":{"@id":"https:\/\/fmpatagoniamadryn.com.ar\/#website"},"primaryImageOfPage":{"@id":"https:\/\/fmpatagoniamadryn.com.ar\/?p=255#primaryimage"},"image":{"@id":"https:\/\/fmpatagoniamadryn.com.ar\/?p=255#primaryimage"},"thumbnailUrl":"https:\/\/fmpatagoniamadryn.com.ar\/wp-content\/uploads\/2023\/02\/20230224_073506.jpg","datePublished":"2023-02-24T10:39:31+00:00","dateModified":"2023-02-24T10:41:13+00:00","breadcrumb":{"@id":"https:\/\/fmpatagoniamadryn.com.ar\/?p=255#breadcrumb"},"inLanguage":"es","potentialAction":[{"@type":"ReadAction","target":["https:\/\/fmpatagoniamadryn.com.ar\/?p=255"]}]},{"@type":"ImageObject","inLanguage":"es","@id":"https:\/\/fmpatagoniamadryn.com.ar\/?p=255#primaryimage","url":"https:\/\/fmpatagoniamadryn.com.ar\/wp-content\/uploads\/2023\/02\/20230224_073506.jpg","contentUrl":"https:\/\/fmpatagoniamadryn.com.ar\/wp-content\/uploads\/2023\/02\/20230224_073506.jpg","width":708,"height":580},{"@type":"BreadcrumbList","@id":"https:\/\/fmpatagoniamadryn.com.ar\/?p=255#breadcrumb","itemListElement":[{"@type":"ListItem","position":1,"name":"Portada","item":"https:\/\/fmpatagoniamadryn.com.ar\/"},{"@type":"ListItem","position":2,"name":"El Festival Torrej\u00f3n tendr\u00e1 800 deportistas en Puerto Madryn"}]},{"@type":"WebSite","@id":"https:\/\/fmpatagoniamadryn.com.ar\/#website","url":"https:\/\/fmpatagoniamadryn.com.ar\/","name":"FM Patagonia Madryn","description":"Radio Patagonia 105.5","publisher":{"@id":"https:\/\/fmpatagoniamadryn.com.ar\/#organization"},"potentialAction":[{"@type":"SearchAction","target":{"@type":"EntryPoint","urlTemplate":"https:\/\/fmpatagoniamadryn.com.ar\/?s={search_term_string}"},"query-input":{"@type":"PropertyValueSpecification","valueRequired":true,"valueName":"search_term_string"}}],"inLanguage":"es"},{"@type":"Organization","@id":"https:\/\/fmpatagoniamadryn.com.ar\/#organization","name":"FM Patagonia Madryn","url":"https:\/\/fmpatagoniamadryn.com.ar\/","logo":{"@type":"ImageObject","inLanguage":"es","@id":"https:\/\/fmpatagoniamadryn.com.ar\/#\/schema\/logo\/image\/","url":"https:\/\/fmpatagoniamadryn.com.ar\/wp-content\/uploads\/2023\/01\/cropped-Diseno-sin-titulo.png","contentUrl":"https:\/\/fmpatagoniamadryn.com.ar\/wp-content\/uploads\/2023\/01\/cropped-Diseno-sin-titulo.png","width":6911,"height":2657,"caption":"FM Patagonia Madryn"},"image":{"@id":"https:\/\/fmpatagoniamadryn.com.ar\/#\/schema\/logo\/image\/"}},{"@type":"Person","@id":"https:\/\/fmpatagoniamadryn.com.ar\/#\/schema\/person\/8a3de4ad7efceacab06c1641c50303b7","name":"FM Patagonia","url":"https:\/\/fmpatagoniamadryn.com.ar\/?author=2"}]}},"jetpack_featured_media_url":"https:\/\/fmpatagoniamadryn.com.ar\/wp-content\/uploads\/2023\/02\/20230224_073506.jpg","_links":{"self":[{"href":"https:\/\/fmpatagoniamadryn.com.ar\/index.php?rest_route=\/wp\/v2\/posts\/255","targetHints":{"allow":["GET"]}}],"collection":[{"href":"https:\/\/fmpatagoniamadryn.com.ar\/index.php?rest_route=\/wp\/v2\/posts"}],"about":[{"href":"https:\/\/fmpatagoniamadryn.com.ar\/index.php?rest_route=\/wp\/v2\/types\/post"}],"author":[{"embeddable":true,"href":"https:\/\/fmpatagoniamadryn.com.ar\/index.php?rest_route=\/wp\/v2\/users\/2"}],"replies":[{"embeddable":true,"href":"https:\/\/fmpatagoniamadryn.com.ar\/index.php?rest_route=%2Fwp%2Fv2%2Fcomments&post=255"}],"version-history":[{"count":1,"href":"https:\/\/fmpatagoniamadryn.com.ar\/index.php?rest_route=\/wp\/v2\/posts\/255\/revisions"}],"predecessor-version":[{"id":256,"href":"https:\/\/fmpatagoniamadryn.com.ar\/index.php?rest_route=\/wp\/v2\/posts\/255\/revisions\/256"}],"wp:featuredmedia":[{"embeddable":true,"href":"https:\/\/fmpatagoniamadryn.com.ar\/index.php?rest_route=\/wp\/v2\/media\/254"}],"wp:attachment":[{"href":"https:\/\/fmpatagoniamadryn.com.ar\/index.php?rest_route=%2Fwp%2Fv2%2Fmedia&parent=255"}],"wp:term":[{"taxonomy":"category","embeddable":true,"href":"https:\/\/fmpatagoniamadryn.com.ar\/index.php?rest_route=%2Fwp%2Fv2%2Fcategories&post=255"},{"taxonomy":"post_tag","embeddable":true,"href":"https:\/\/fmpatagoniamadryn.com.ar\/index.php?rest_route=%2Fwp%2Fv2%2Ftags&post=255"}],"curies":[{"name":"wp","href":"https:\/\/api.w.org\/{rel}","templated":true}]}}