{"id":2558,"date":"2023-05-15T14:06:06","date_gmt":"2023-05-15T17:06:06","guid":{"rendered":"https:\/\/fmpatagoniamadryn.com.ar\/?p=2558"},"modified":"2023-05-15T14:06:16","modified_gmt":"2023-05-15T17:06:16","slug":"exitosa-participacion-de-autoras-y-autores-chubutenses-en-la-feria-internacional-del-libro-en-buenos-aires","status":"publish","type":"post","link":"https:\/\/fmpatagoniamadryn.com.ar\/?p=2558","title":{"rendered":"Exitosa participaci\u00f3n de autoras y autores chubutenses en la Feria Internacional del Libro en Buenos Aires"},"content":{"rendered":"\n<p>Este domingo fue el turno de Leonardo De Bella, quien present\u00f3 su obra \u201cGalesas, g\u00e9nero y clase en una colonia de Chubut. Las exposiciones se desarrollaron dentro del espacio del Ente Cultural Patagonia, junto a las otras provincias que tambi\u00e9n integran la regi\u00f3n sur de la Argentina. <br><br>Entre el 27 de abril y el 15 de mayo, escritores y escritoras provenientes de distintas localidades de la Provincia del Chubut participaron exitosamente en la 47\u00b0 edici\u00f3n de la Feria Internacional del Libro en Buenos Aires desarrollada en el predio de La Rural del barrio porte\u00f1o de Palermo. <br><br>All\u00ed, Chubut particip\u00f3 de un espacio conjunto con el Ente Cultural Patagonia en el Pabell\u00f3n Ocre, bajo el lema \u201cTerritorio Literario\u201d. A su vez, comparti\u00f3 este \u00e1mbito con las otras provincias que tambi\u00e9n integran la regi\u00f3n sur de la Argentina: La Pampa, R\u00edo Negro, Neuqu\u00e9n, Santa Cruz y Tierra del Fuego. <br><br>Cabe mencionar que en total fueron once autores y autoras chubutenses que participaron de la Feria presentando sus libros y que, adem\u00e1s, dialogaron con la gente tanto en el stand como en algunas mesas tem\u00e1ticas compartidas con el p\u00fablico presente en este multitudinario evento. <br><br>Destacadas presentaciones <br><br>Los autores y autoras chubutenses que se presentaron en esta en la 47\u00b0 edici\u00f3n de la Feria Internacional del Libro en Buenos Aires fueron los siguientes: Marco Vilches (Rada Tilly), con \u201cVereditas po\u00e9ticas\u201d, \u201cBoletos de colectivos po\u00e9ticos\u201d y \u201cBibliocleta\u201d; Patricia Guijarrubia (Esquel), con \u201cPonchos y mariposas\u201d; Magdalena Llorens (Puerto Madryn), con \u201cCuando las primaveras comenzaron a tener flores\u201d; Gonzalo Hidalgo (Trelew), con \u201cAntolog\u00eda 40 a\u00f1os Malvinas\u201d; Mart\u00edn P\u00e9rez (Puerto Madryn), con \u201cWekufu\u201d; Angelina Coicaud (Rada Tilly), con \u201cHija robada\u201d; Jorge Maldonado (Comodoro Rivadavia), con \u201cLa frontera es una soga\u201d; Natalia Silva (Esquel), con \u201cEntre las piedras\u201d y \u201cEn la escuela\u201d; Nadia Pissano (Trelew), con \u201cNovela gr\u00e1fica infanto juvenil. Propuesta did\u00e1ctica desde las artes sobre la Masacre de Trelew\u201d; Leticia Hengel (Puerto Madryn), con \u201cNina Gonzi\u201d; y Leonardo De Bella (Rawson), con \u201cGalesas, g\u00e9nero y clase en una colonia de Chubut\u201d. <br><br>\u201cUna experiencia cargada de emociones\u201d<br><br>Este \u00faltimo present\u00f3 su obra en la jornada de ayer y estuvo acompa\u00f1ado por el director general de la Casa del Chubut en Buenos Aires, Germ\u00e1n Sahagun; la historiadora M\u00f3nica Gatica, de la UNPSJB (Universidad Nacional de la Patagonia San Juan Bosco); y el soci\u00f3logo y editor de Ediciones Imago Mundi, Alejandro Falco, entre otras autoridades provinciales e investigadores del \u00e1mbito de las ciencias sociales. <br><br>Una vez finalizada su exposici\u00f3n, y en di\u00e1logo con la prensa, De Bella manifest\u00f3 que \u201cpresentar la obra en el marco de la Feria Internacional del Libro en Buenos Aires ha sido una experiencia cargada de emociones, porque llegar a estos \u00e1mbitos reconocidos mundialmente no es algo de todos los d\u00edas\u201d. <br><br>De Bella a\u00f1adi\u00f3 que \u201cla posibilidad de hacer conocer el inconmensurable trabajo de las mujeres galesas de la colonia en el siglo XIX que hasta la edici\u00f3n del libro \u2018Galesas, g\u00e9nero y clase en una colonia de Chubut\u2019, estaba cuasi invisibilizado\u201d. <br><br>Para finalizar, el historiador rawsense se\u00f1al\u00f3 que \u201cadem\u00e1s, aprovechando la ocasi\u00f3n, realizamos el lanzamiento de la segunda edici\u00f3n del libro, el primero de la Colecci\u00f3n &#8216;Desde Patagonia&#8217; que alcanza esta circunstancia en particular\u201d, concluy\u00f3. <br><br>Sobre el libro \u201cGalesas, g\u00e9nero y clase en una colonia de Chubut\u201d <br><br>Las circunstancias y caracter\u00edsticas de la construcci\u00f3n hist\u00f3rica de la noci\u00f3n de feminidad en la Colonia Galesa del Chubut son desmenuzadas en este libro, hasta el punto que permiten entender c\u00f3mo las relaciones de g\u00e9nero han hecho mella en la subjetividad de las personas, manteniendo su perseverancia hasta nuestros d\u00edas. <br><br>Esta investigaci\u00f3n describe c\u00f3mo la clase dominante busc\u00f3, a trav\u00e9s de la extracci\u00f3n de plustrabajo de las mujeres, hacer frente a la p\u00e9rdida econ\u00f3mica que sufr\u00edan debido a la tendencia a la ca\u00edda de la tasa de beneficio, en el marco hist\u00f3rico de la crisis de 1890 y sus repercusiones en la colonia agr\u00edcola de la Patagonia. <br><br>Demostrar los resultados del trabajo de las mujeres en la unidad productiva\/reproductiva \u2013com\u00fanmente denominada \u201cchacra\u201d\u2013 no ha sido sencillo. Sin embargo, los documentos hist\u00f3ricos, los vestigios materiales, las im\u00e1genes fotogr\u00e1ficas, los registros administrativos, la prensa, la correspondencia, los estatutos de las cooperativas comerciales, etc\u00e9tera, pero fundamentalmente los Tratados de orden familiar e influencia de la madre en la familia, responden a muchos interrogantes. <br><br>Luego de leer esta obra dif\u00edcilmente se pueda volver a hablar de \u201cla historia de la Colonia Galesa\u201d a secas, como hasta el presente, porque son las relaciones de g\u00e9nero y clase las que mejor explican el \u00e9xito de la Colonia Galesa del Valle Inferior del r\u00edo Chubut a fines del siglo XIX<\/p>\n","protected":false},"excerpt":{"rendered":"<p>Este domingo fue el turno de Leonardo De Bella, quien present\u00f3 su obra \u201cGalesas, g\u00e9nero y clase en una colonia de Chubut. Las exposiciones se desarrollaron dentro del espacio del&hellip; <\/p>\n","protected":false},"author":3,"featured_media":2557,"comment_status":"closed","ping_status":"closed","sticky":false,"template":"","format":"standard","meta":{"footnotes":""},"categories":[14],"tags":[],"class_list":["post-2558","post","type-post","status-publish","format-standard","has-post-thumbnail","hentry","category-provinciales"],"yoast_head":"<!-- This site is optimized with the Yoast SEO plugin v27.4 - https:\/\/yoast.com\/product\/yoast-seo-wordpress\/ -->\n<title>Exitosa participaci\u00f3n de autoras y autores chubutenses en la Feria Internacional del Libro en Buenos Aires - FM Patagonia Madryn<\/title>\n<meta name=\"robots\" content=\"index, follow, max-snippet:-1, max-image-preview:large, max-video-preview:-1\" \/>\n<link rel=\"canonical\" href=\"https:\/\/fmpatagoniamadryn.com.ar\/?p=2558\" \/>\n<meta property=\"og:locale\" content=\"es_ES\" \/>\n<meta property=\"og:type\" content=\"article\" \/>\n<meta property=\"og:title\" content=\"Exitosa participaci\u00f3n de autoras y autores chubutenses en la Feria Internacional del Libro en Buenos Aires - FM Patagonia Madryn\" \/>\n<meta property=\"og:description\" content=\"Este domingo fue el turno de Leonardo De Bella, quien present\u00f3 su obra \u201cGalesas, g\u00e9nero y clase en una colonia de Chubut. Las exposiciones se desarrollaron dentro del espacio del&hellip;\" \/>\n<meta property=\"og:url\" content=\"https:\/\/fmpatagoniamadryn.com.ar\/?p=2558\" \/>\n<meta property=\"og:site_name\" content=\"FM Patagonia Madryn\" \/>\n<meta property=\"article:published_time\" content=\"2023-05-15T17:06:06+00:00\" \/>\n<meta property=\"article:modified_time\" content=\"2023-05-15T17:06:16+00:00\" \/>\n<meta property=\"og:image\" content=\"https:\/\/fmpatagoniamadryn.com.ar\/wp-content\/uploads\/2023\/05\/Exitosa-participacion-de-autoras-y-autores-chubutenses-en-la-Feria-Internacional-del-Libro-en-Buenos-Aires-2.jpg\" \/>\n\t<meta property=\"og:image:width\" content=\"720\" \/>\n\t<meta property=\"og:image:height\" content=\"1291\" \/>\n\t<meta property=\"og:image:type\" content=\"image\/jpeg\" \/>\n<meta name=\"author\" content=\"FM Patagonia\" \/>\n<meta name=\"twitter:card\" content=\"summary_large_image\" \/>\n<meta name=\"twitter:label1\" content=\"Escrito por\" \/>\n\t<meta name=\"twitter:data1\" content=\"FM Patagonia\" \/>\n\t<meta name=\"twitter:label2\" content=\"Tiempo de lectura\" \/>\n\t<meta name=\"twitter:data2\" content=\"4 minutos\" \/>\n<script type=\"application\/ld+json\" class=\"yoast-schema-graph\">{\"@context\":\"https:\\\/\\\/schema.org\",\"@graph\":[{\"@type\":\"Article\",\"@id\":\"https:\\\/\\\/fmpatagoniamadryn.com.ar\\\/?p=2558#article\",\"isPartOf\":{\"@id\":\"https:\\\/\\\/fmpatagoniamadryn.com.ar\\\/?p=2558\"},\"author\":{\"name\":\"FM Patagonia\",\"@id\":\"https:\\\/\\\/fmpatagoniamadryn.com.ar\\\/#\\\/schema\\\/person\\\/1d968ec613613768e14b4e6420a2b125\"},\"headline\":\"Exitosa participaci\u00f3n de autoras y autores chubutenses en la Feria Internacional del Libro en Buenos Aires\",\"datePublished\":\"2023-05-15T17:06:06+00:00\",\"dateModified\":\"2023-05-15T17:06:16+00:00\",\"mainEntityOfPage\":{\"@id\":\"https:\\\/\\\/fmpatagoniamadryn.com.ar\\\/?p=2558\"},\"wordCount\":840,\"publisher\":{\"@id\":\"https:\\\/\\\/fmpatagoniamadryn.com.ar\\\/#organization\"},\"image\":{\"@id\":\"https:\\\/\\\/fmpatagoniamadryn.com.ar\\\/?p=2558#primaryimage\"},\"thumbnailUrl\":\"https:\\\/\\\/fmpatagoniamadryn.com.ar\\\/wp-content\\\/uploads\\\/2023\\\/05\\\/Exitosa-participacion-de-autoras-y-autores-chubutenses-en-la-Feria-Internacional-del-Libro-en-Buenos-Aires-2.jpg\",\"articleSection\":[\"Provinciales\"],\"inLanguage\":\"es\"},{\"@type\":\"WebPage\",\"@id\":\"https:\\\/\\\/fmpatagoniamadryn.com.ar\\\/?p=2558\",\"url\":\"https:\\\/\\\/fmpatagoniamadryn.com.ar\\\/?p=2558\",\"name\":\"Exitosa participaci\u00f3n de autoras y autores chubutenses en la Feria Internacional del Libro en Buenos Aires - FM Patagonia Madryn\",\"isPartOf\":{\"@id\":\"https:\\\/\\\/fmpatagoniamadryn.com.ar\\\/#website\"},\"primaryImageOfPage\":{\"@id\":\"https:\\\/\\\/fmpatagoniamadryn.com.ar\\\/?p=2558#primaryimage\"},\"image\":{\"@id\":\"https:\\\/\\\/fmpatagoniamadryn.com.ar\\\/?p=2558#primaryimage\"},\"thumbnailUrl\":\"https:\\\/\\\/fmpatagoniamadryn.com.ar\\\/wp-content\\\/uploads\\\/2023\\\/05\\\/Exitosa-participacion-de-autoras-y-autores-chubutenses-en-la-Feria-Internacional-del-Libro-en-Buenos-Aires-2.jpg\",\"datePublished\":\"2023-05-15T17:06:06+00:00\",\"dateModified\":\"2023-05-15T17:06:16+00:00\",\"breadcrumb\":{\"@id\":\"https:\\\/\\\/fmpatagoniamadryn.com.ar\\\/?p=2558#breadcrumb\"},\"inLanguage\":\"es\",\"potentialAction\":[{\"@type\":\"ReadAction\",\"target\":[\"https:\\\/\\\/fmpatagoniamadryn.com.ar\\\/?p=2558\"]}]},{\"@type\":\"ImageObject\",\"inLanguage\":\"es\",\"@id\":\"https:\\\/\\\/fmpatagoniamadryn.com.ar\\\/?p=2558#primaryimage\",\"url\":\"https:\\\/\\\/fmpatagoniamadryn.com.ar\\\/wp-content\\\/uploads\\\/2023\\\/05\\\/Exitosa-participacion-de-autoras-y-autores-chubutenses-en-la-Feria-Internacional-del-Libro-en-Buenos-Aires-2.jpg\",\"contentUrl\":\"https:\\\/\\\/fmpatagoniamadryn.com.ar\\\/wp-content\\\/uploads\\\/2023\\\/05\\\/Exitosa-participacion-de-autoras-y-autores-chubutenses-en-la-Feria-Internacional-del-Libro-en-Buenos-Aires-2.jpg\",\"width\":720,\"height\":1291},{\"@type\":\"BreadcrumbList\",\"@id\":\"https:\\\/\\\/fmpatagoniamadryn.com.ar\\\/?p=2558#breadcrumb\",\"itemListElement\":[{\"@type\":\"ListItem\",\"position\":1,\"name\":\"Portada\",\"item\":\"https:\\\/\\\/fmpatagoniamadryn.com.ar\\\/\"},{\"@type\":\"ListItem\",\"position\":2,\"name\":\"Exitosa participaci\u00f3n de autoras y autores chubutenses en la Feria Internacional del Libro en Buenos Aires\"}]},{\"@type\":\"WebSite\",\"@id\":\"https:\\\/\\\/fmpatagoniamadryn.com.ar\\\/#website\",\"url\":\"https:\\\/\\\/fmpatagoniamadryn.com.ar\\\/\",\"name\":\"FM Patagonia Madryn\",\"description\":\"Radio Patagonia 105.5\",\"publisher\":{\"@id\":\"https:\\\/\\\/fmpatagoniamadryn.com.ar\\\/#organization\"},\"potentialAction\":[{\"@type\":\"SearchAction\",\"target\":{\"@type\":\"EntryPoint\",\"urlTemplate\":\"https:\\\/\\\/fmpatagoniamadryn.com.ar\\\/?s={search_term_string}\"},\"query-input\":{\"@type\":\"PropertyValueSpecification\",\"valueRequired\":true,\"valueName\":\"search_term_string\"}}],\"inLanguage\":\"es\"},{\"@type\":\"Organization\",\"@id\":\"https:\\\/\\\/fmpatagoniamadryn.com.ar\\\/#organization\",\"name\":\"FM Patagonia Madryn\",\"url\":\"https:\\\/\\\/fmpatagoniamadryn.com.ar\\\/\",\"logo\":{\"@type\":\"ImageObject\",\"inLanguage\":\"es\",\"@id\":\"https:\\\/\\\/fmpatagoniamadryn.com.ar\\\/#\\\/schema\\\/logo\\\/image\\\/\",\"url\":\"https:\\\/\\\/fmpatagoniamadryn.com.ar\\\/wp-content\\\/uploads\\\/2023\\\/01\\\/cropped-Diseno-sin-titulo.png\",\"contentUrl\":\"https:\\\/\\\/fmpatagoniamadryn.com.ar\\\/wp-content\\\/uploads\\\/2023\\\/01\\\/cropped-Diseno-sin-titulo.png\",\"width\":6911,\"height\":2657,\"caption\":\"FM Patagonia Madryn\"},\"image\":{\"@id\":\"https:\\\/\\\/fmpatagoniamadryn.com.ar\\\/#\\\/schema\\\/logo\\\/image\\\/\"}},{\"@type\":\"Person\",\"@id\":\"https:\\\/\\\/fmpatagoniamadryn.com.ar\\\/#\\\/schema\\\/person\\\/1d968ec613613768e14b4e6420a2b125\",\"name\":\"FM Patagonia\",\"url\":\"https:\\\/\\\/fmpatagoniamadryn.com.ar\\\/?author=3\"}]}<\/script>\n<!-- \/ Yoast SEO plugin. -->","yoast_head_json":{"title":"Exitosa participaci\u00f3n de autoras y autores chubutenses en la Feria Internacional del Libro en Buenos Aires - FM Patagonia Madryn","robots":{"index":"index","follow":"follow","max-snippet":"max-snippet:-1","max-image-preview":"max-image-preview:large","max-video-preview":"max-video-preview:-1"},"canonical":"https:\/\/fmpatagoniamadryn.com.ar\/?p=2558","og_locale":"es_ES","og_type":"article","og_title":"Exitosa participaci\u00f3n de autoras y autores chubutenses en la Feria Internacional del Libro en Buenos Aires - FM Patagonia Madryn","og_description":"Este domingo fue el turno de Leonardo De Bella, quien present\u00f3 su obra \u201cGalesas, g\u00e9nero y clase en una colonia de Chubut. Las exposiciones se desarrollaron dentro del espacio del&hellip;","og_url":"https:\/\/fmpatagoniamadryn.com.ar\/?p=2558","og_site_name":"FM Patagonia Madryn","article_published_time":"2023-05-15T17:06:06+00:00","article_modified_time":"2023-05-15T17:06:16+00:00","og_image":[{"width":720,"height":1291,"url":"https:\/\/fmpatagoniamadryn.com.ar\/wp-content\/uploads\/2023\/05\/Exitosa-participacion-de-autoras-y-autores-chubutenses-en-la-Feria-Internacional-del-Libro-en-Buenos-Aires-2.jpg","type":"image\/jpeg"}],"author":"FM Patagonia","twitter_card":"summary_large_image","twitter_misc":{"Escrito por":"FM Patagonia","Tiempo de lectura":"4 minutos"},"schema":{"@context":"https:\/\/schema.org","@graph":[{"@type":"Article","@id":"https:\/\/fmpatagoniamadryn.com.ar\/?p=2558#article","isPartOf":{"@id":"https:\/\/fmpatagoniamadryn.com.ar\/?p=2558"},"author":{"name":"FM Patagonia","@id":"https:\/\/fmpatagoniamadryn.com.ar\/#\/schema\/person\/1d968ec613613768e14b4e6420a2b125"},"headline":"Exitosa participaci\u00f3n de autoras y autores chubutenses en la Feria Internacional del Libro en Buenos Aires","datePublished":"2023-05-15T17:06:06+00:00","dateModified":"2023-05-15T17:06:16+00:00","mainEntityOfPage":{"@id":"https:\/\/fmpatagoniamadryn.com.ar\/?p=2558"},"wordCount":840,"publisher":{"@id":"https:\/\/fmpatagoniamadryn.com.ar\/#organization"},"image":{"@id":"https:\/\/fmpatagoniamadryn.com.ar\/?p=2558#primaryimage"},"thumbnailUrl":"https:\/\/fmpatagoniamadryn.com.ar\/wp-content\/uploads\/2023\/05\/Exitosa-participacion-de-autoras-y-autores-chubutenses-en-la-Feria-Internacional-del-Libro-en-Buenos-Aires-2.jpg","articleSection":["Provinciales"],"inLanguage":"es"},{"@type":"WebPage","@id":"https:\/\/fmpatagoniamadryn.com.ar\/?p=2558","url":"https:\/\/fmpatagoniamadryn.com.ar\/?p=2558","name":"Exitosa participaci\u00f3n de autoras y autores chubutenses en la Feria Internacional del Libro en Buenos Aires - FM Patagonia Madryn","isPartOf":{"@id":"https:\/\/fmpatagoniamadryn.com.ar\/#website"},"primaryImageOfPage":{"@id":"https:\/\/fmpatagoniamadryn.com.ar\/?p=2558#primaryimage"},"image":{"@id":"https:\/\/fmpatagoniamadryn.com.ar\/?p=2558#primaryimage"},"thumbnailUrl":"https:\/\/fmpatagoniamadryn.com.ar\/wp-content\/uploads\/2023\/05\/Exitosa-participacion-de-autoras-y-autores-chubutenses-en-la-Feria-Internacional-del-Libro-en-Buenos-Aires-2.jpg","datePublished":"2023-05-15T17:06:06+00:00","dateModified":"2023-05-15T17:06:16+00:00","breadcrumb":{"@id":"https:\/\/fmpatagoniamadryn.com.ar\/?p=2558#breadcrumb"},"inLanguage":"es","potentialAction":[{"@type":"ReadAction","target":["https:\/\/fmpatagoniamadryn.com.ar\/?p=2558"]}]},{"@type":"ImageObject","inLanguage":"es","@id":"https:\/\/fmpatagoniamadryn.com.ar\/?p=2558#primaryimage","url":"https:\/\/fmpatagoniamadryn.com.ar\/wp-content\/uploads\/2023\/05\/Exitosa-participacion-de-autoras-y-autores-chubutenses-en-la-Feria-Internacional-del-Libro-en-Buenos-Aires-2.jpg","contentUrl":"https:\/\/fmpatagoniamadryn.com.ar\/wp-content\/uploads\/2023\/05\/Exitosa-participacion-de-autoras-y-autores-chubutenses-en-la-Feria-Internacional-del-Libro-en-Buenos-Aires-2.jpg","width":720,"height":1291},{"@type":"BreadcrumbList","@id":"https:\/\/fmpatagoniamadryn.com.ar\/?p=2558#breadcrumb","itemListElement":[{"@type":"ListItem","position":1,"name":"Portada","item":"https:\/\/fmpatagoniamadryn.com.ar\/"},{"@type":"ListItem","position":2,"name":"Exitosa participaci\u00f3n de autoras y autores chubutenses en la Feria Internacional del Libro en Buenos Aires"}]},{"@type":"WebSite","@id":"https:\/\/fmpatagoniamadryn.com.ar\/#website","url":"https:\/\/fmpatagoniamadryn.com.ar\/","name":"FM Patagonia Madryn","description":"Radio Patagonia 105.5","publisher":{"@id":"https:\/\/fmpatagoniamadryn.com.ar\/#organization"},"potentialAction":[{"@type":"SearchAction","target":{"@type":"EntryPoint","urlTemplate":"https:\/\/fmpatagoniamadryn.com.ar\/?s={search_term_string}"},"query-input":{"@type":"PropertyValueSpecification","valueRequired":true,"valueName":"search_term_string"}}],"inLanguage":"es"},{"@type":"Organization","@id":"https:\/\/fmpatagoniamadryn.com.ar\/#organization","name":"FM Patagonia Madryn","url":"https:\/\/fmpatagoniamadryn.com.ar\/","logo":{"@type":"ImageObject","inLanguage":"es","@id":"https:\/\/fmpatagoniamadryn.com.ar\/#\/schema\/logo\/image\/","url":"https:\/\/fmpatagoniamadryn.com.ar\/wp-content\/uploads\/2023\/01\/cropped-Diseno-sin-titulo.png","contentUrl":"https:\/\/fmpatagoniamadryn.com.ar\/wp-content\/uploads\/2023\/01\/cropped-Diseno-sin-titulo.png","width":6911,"height":2657,"caption":"FM Patagonia Madryn"},"image":{"@id":"https:\/\/fmpatagoniamadryn.com.ar\/#\/schema\/logo\/image\/"}},{"@type":"Person","@id":"https:\/\/fmpatagoniamadryn.com.ar\/#\/schema\/person\/1d968ec613613768e14b4e6420a2b125","name":"FM Patagonia","url":"https:\/\/fmpatagoniamadryn.com.ar\/?author=3"}]}},"jetpack_featured_media_url":"https:\/\/fmpatagoniamadryn.com.ar\/wp-content\/uploads\/2023\/05\/Exitosa-participacion-de-autoras-y-autores-chubutenses-en-la-Feria-Internacional-del-Libro-en-Buenos-Aires-2.jpg","_links":{"self":[{"href":"https:\/\/fmpatagoniamadryn.com.ar\/index.php?rest_route=\/wp\/v2\/posts\/2558","targetHints":{"allow":["GET"]}}],"collection":[{"href":"https:\/\/fmpatagoniamadryn.com.ar\/index.php?rest_route=\/wp\/v2\/posts"}],"about":[{"href":"https:\/\/fmpatagoniamadryn.com.ar\/index.php?rest_route=\/wp\/v2\/types\/post"}],"author":[{"embeddable":true,"href":"https:\/\/fmpatagoniamadryn.com.ar\/index.php?rest_route=\/wp\/v2\/users\/3"}],"replies":[{"embeddable":true,"href":"https:\/\/fmpatagoniamadryn.com.ar\/index.php?rest_route=%2Fwp%2Fv2%2Fcomments&post=2558"}],"version-history":[{"count":1,"href":"https:\/\/fmpatagoniamadryn.com.ar\/index.php?rest_route=\/wp\/v2\/posts\/2558\/revisions"}],"predecessor-version":[{"id":2559,"href":"https:\/\/fmpatagoniamadryn.com.ar\/index.php?rest_route=\/wp\/v2\/posts\/2558\/revisions\/2559"}],"wp:featuredmedia":[{"embeddable":true,"href":"https:\/\/fmpatagoniamadryn.com.ar\/index.php?rest_route=\/wp\/v2\/media\/2557"}],"wp:attachment":[{"href":"https:\/\/fmpatagoniamadryn.com.ar\/index.php?rest_route=%2Fwp%2Fv2%2Fmedia&parent=2558"}],"wp:term":[{"taxonomy":"category","embeddable":true,"href":"https:\/\/fmpatagoniamadryn.com.ar\/index.php?rest_route=%2Fwp%2Fv2%2Fcategories&post=2558"},{"taxonomy":"post_tag","embeddable":true,"href":"https:\/\/fmpatagoniamadryn.com.ar\/index.php?rest_route=%2Fwp%2Fv2%2Ftags&post=2558"}],"curies":[{"name":"wp","href":"https:\/\/api.w.org\/{rel}","templated":true}]}}